{"id":10438,"date":"2005-01-05T00:00:00","date_gmt":"2005-01-05T04:00:00","guid":{"rendered":"http:\/\/192.81.217.108\/interamerica\/2005\/01\/la-division-interamericana-honra-a-lideres-especiales-de-la-iglesia\/"},"modified":"2017-06-02T09:18:08","modified_gmt":"2017-06-02T13:18:08","slug":"la-division-interamericana-honra-a-lideres-especiales-de-la-iglesia","status":"publish","type":"post","link":"https:\/\/interamerica.org\/es\/2005\/01\/la-division-interamericana-honra-a-lideres-especiales-de-la-iglesia\/","title":{"rendered":"La Divisi\u00f3n Interamericana Honra a L\u00edderes Especiales de la Iglesia"},"content":{"rendered":"<p>Miami, Florida, Estados Unidos&#8230;[Libna Stevens\/IAD] <\/p>\n<p>El 4 de enero, la Divisi\u00f3n Interamericana llev\u00f3 a cabo un servicio para comisionar a l\u00edderes no ordenados al miniserio tradicional quienes, en el presente, llevan responsabilidades importantes en su desempe\u00f1o en la iglesia. El servicio se realiz\u00f3 en la sede de la Divisi\u00f3n en Miami, Florida. <\/p>\n<p>El servicio llega como resultado de la decisi\u00f3n de la Asociaci\u00f3n General de extender una credencial especial a cierta categor\u00eda de trabajadores que realizan ciertas actividades y pueden recibir ciertos privilegios que, hasta el momento, han sido reservados solamente para ministros ordenados al ministerio tradicional, de acuerdo a Israel Leito, presidente de la iglesia para \u00cdnter Am\u00e9rica.<\/p>\n<p>\u00abEsta no es una ordenaci\u00f3n al ministerio, porque la iglesia ha decidido que solamente aquellos que est\u00e1n en la l\u00ednea ministerial son elegibles para la ordenaci\u00f3n\u00bb, dice Leito. \u00abNo obstante, hay algunos l\u00edderes de la iglesia que, aunque no podr\u00edan calificar para ordenaci\u00f3n al ministerio, llevan responsabilidades importantes de liderato en la iglesia\u00bb.<\/p>\n<p>Tales l\u00edderes recibir\u00e1n estatus con sus deberes y credenciales como ministros comisionados. \u00abEsto es lo m\u00e1s cerca a la ordenaci\u00f3n tradicional que cualquier empleado puede obtener\u00bb, dice Leito. <\/p>\n<p>Aunque los ministros comisionados recibir\u00e1n privilegios similares a los ministros ordenados, hay restricciones en cuanto a qui\u00e9n puede extenderse tal credencial. Un comisionado al ministerio no podr\u00eda realizar cietas tareas propias de un ministro ordenado, tales como bautizar, oficiar en matrimonios, conducir servicios de comuni\u00f3n, organizar iglesias y as\u00ed por el estilo. Sin embargo, si un ministro comisionado es tambi\u00e9n un anciano de iglesia ordenado, \u00e9l\/ella podr\u00edan realizar los deberes propios de un anciano de iglesia en su iglesia local. <\/p>\n<p>Los candidatos a quienes se les extendi\u00f3 credencial como Ministros Comisionados fueron: Dr. Carlos Archbold, Director de Educaci\u00f3n; Guillermo Gonz\u00e1lez, Tesorero Asociado; Waveney Martingorough, Directora de Ministerios de la Mujer;Evelyn Oma\u00f1a, Directora de Ministerio Infantil y Revista SIEMA; Beulah A. Peterson, Sub-tesorero; Faye Reid, Secretaria Asociada; Sonja Thomas, Tesorara Asociada; y Joel Zukovski,Director General de la Compa\u00f1\u00eda de Alimentos Saludables.<\/p>\n<p>Despu\u00e9s de la introducci\u00f3n de los candidatos, se ofreci\u00f3 una oraci\u00f3n especial, seguido por el otorgamiento de certificados y credenciales por el pastor Juan O. Perla, Secretario Ejecutivo de la DIA y el Pastor Israel Leito, Presidente. <\/p>\n","protected":false},"excerpt":{"rendered":"<p>El 4 de enero, la Divisi\u00f3n Interamericana llev\u00f3 a cabo un servicio para comisionar a l\u00edderes no ordenados al miniserio tradicional quienes, en el presente, llevan responsabilidades importantes en su desempe\u00f1o en la iglesia.<\/p>\n","protected":false},"author":1,"featured_media":0,"comment_status":"closed","ping_status":"closed","sticky":false,"template":"","format":"standard","meta":{"_acf_changed":false,"footnotes":""},"categories":[8],"tags":[],"class_list":["post-10438","post","type-post","status-publish","format-standard","hentry","category-archivo"],"acf":[],"yoast_head":"<!-- This site is optimized with the Yoast SEO plugin v27.3 - https:\/\/yoast.com\/product\/yoast-seo-wordpress\/ -->\n<title>La Divisi\u00f3n Interamericana Honra a L\u00edderes Especiales de la Iglesia - Iglesia Adventista del S\u00e9ptimo D\u00eda - Divisi\u00f3n Interamericana<\/title>\n<meta name=\"robots\" content=\"index, follow, max-snippet:-1, max-image-preview:large, max-video-preview:-1\" \/>\n<link rel=\"canonical\" href=\"https:\/\/interamerica.org\/es\/2005\/01\/la-division-interamericana-honra-a-lideres-especiales-de-la-iglesia\/\" \/>\n<meta property=\"og:locale\" content=\"es_ES\" \/>\n<meta property=\"og:type\" content=\"article\" \/>\n<meta property=\"og:title\" content=\"La Divisi\u00f3n Interamericana Honra a L\u00edderes Especiales de la Iglesia - Iglesia Adventista del S\u00e9ptimo D\u00eda - Divisi\u00f3n Interamericana\" \/>\n<meta property=\"og:description\" content=\"El 4 de enero, la Divisi\u00f3n Interamericana llev\u00f3 a cabo un servicio para comisionar a l\u00edderes no ordenados al miniserio tradicional quienes, en el presente, llevan responsabilidades importantes en su desempe\u00f1o en la iglesia.\" \/>\n<meta property=\"og:url\" content=\"https:\/\/interamerica.org\/es\/2005\/01\/la-division-interamericana-honra-a-lideres-especiales-de-la-iglesia\/\" \/>\n<meta property=\"og:site_name\" content=\"Iglesia Adventista del S\u00e9ptimo D\u00eda - Divisi\u00f3n Interamericana\" \/>\n<meta property=\"article:published_time\" content=\"2005-01-05T04:00:00+00:00\" \/>\n<meta property=\"article:modified_time\" content=\"2017-06-02T13:18:08+00:00\" \/>\n<meta name=\"author\" content=\"Lorenzo Verduzco\" \/>\n<meta name=\"twitter:card\" content=\"summary_large_image\" \/>\n<meta name=\"twitter:label1\" content=\"Escrito por\" \/>\n\t<meta name=\"twitter:data1\" content=\"Lorenzo Verduzco\" \/>\n\t<meta name=\"twitter:label2\" content=\"Tiempo de lectura\" \/>\n\t<meta name=\"twitter:data2\" content=\"2 minutos\" \/>\n<script type=\"application\/ld+json\" class=\"yoast-schema-graph\">{\"@context\":\"https:\\\/\\\/schema.org\",\"@graph\":[{\"@type\":\"Article\",\"@id\":\"https:\\\/\\\/interamerica.org\\\/es\\\/2005\\\/01\\\/la-division-interamericana-honra-a-lideres-especiales-de-la-iglesia\\\/#article\",\"isPartOf\":{\"@id\":\"https:\\\/\\\/interamerica.org\\\/es\\\/2005\\\/01\\\/la-division-interamericana-honra-a-lideres-especiales-de-la-iglesia\\\/\"},\"author\":{\"name\":\"Lorenzo Verduzco\",\"@id\":\"https:\\\/\\\/interamerica.org\\\/es\\\/#\\\/schema\\\/person\\\/68ede8bdc292885bb76c1e3810e73c39\"},\"headline\":\"La Divisi\u00f3n Interamericana Honra a L\u00edderes Especiales de la Iglesia\",\"datePublished\":\"2005-01-05T04:00:00+00:00\",\"dateModified\":\"2017-06-02T13:18:08+00:00\",\"mainEntityOfPage\":{\"@id\":\"https:\\\/\\\/interamerica.org\\\/es\\\/2005\\\/01\\\/la-division-interamericana-honra-a-lideres-especiales-de-la-iglesia\\\/\"},\"wordCount\":415,\"articleSection\":[\"Archivo\"],\"inLanguage\":\"es\"},{\"@type\":\"WebPage\",\"@id\":\"https:\\\/\\\/interamerica.org\\\/es\\\/2005\\\/01\\\/la-division-interamericana-honra-a-lideres-especiales-de-la-iglesia\\\/\",\"url\":\"https:\\\/\\\/interamerica.org\\\/es\\\/2005\\\/01\\\/la-division-interamericana-honra-a-lideres-especiales-de-la-iglesia\\\/\",\"name\":\"La Divisi\u00f3n Interamericana Honra a L\u00edderes Especiales de la Iglesia - Iglesia Adventista del S\u00e9ptimo D\u00eda - Divisi\u00f3n Interamericana\",\"isPartOf\":{\"@id\":\"https:\\\/\\\/interamerica.org\\\/es\\\/#website\"},\"datePublished\":\"2005-01-05T04:00:00+00:00\",\"dateModified\":\"2017-06-02T13:18:08+00:00\",\"author\":{\"@id\":\"https:\\\/\\\/interamerica.org\\\/es\\\/#\\\/schema\\\/person\\\/68ede8bdc292885bb76c1e3810e73c39\"},\"breadcrumb\":{\"@id\":\"https:\\\/\\\/interamerica.org\\\/es\\\/2005\\\/01\\\/la-division-interamericana-honra-a-lideres-especiales-de-la-iglesia\\\/#breadcrumb\"},\"inLanguage\":\"es\",\"potentialAction\":[{\"@type\":\"ReadAction\",\"target\":[\"https:\\\/\\\/interamerica.org\\\/es\\\/2005\\\/01\\\/la-division-interamericana-honra-a-lideres-especiales-de-la-iglesia\\\/\"]}]},{\"@type\":\"BreadcrumbList\",\"@id\":\"https:\\\/\\\/interamerica.org\\\/es\\\/2005\\\/01\\\/la-division-interamericana-honra-a-lideres-especiales-de-la-iglesia\\\/#breadcrumb\",\"itemListElement\":[{\"@type\":\"ListItem\",\"position\":1,\"name\":\"Home\",\"item\":\"https:\\\/\\\/interamerica.org\\\/es\\\/\"},{\"@type\":\"ListItem\",\"position\":2,\"name\":\"La Divisi\u00f3n Interamericana Honra a L\u00edderes Especiales de la Iglesia\"}]},{\"@type\":\"WebSite\",\"@id\":\"https:\\\/\\\/interamerica.org\\\/es\\\/#website\",\"url\":\"https:\\\/\\\/interamerica.org\\\/es\\\/\",\"name\":\"Iglesia Adventista del S\u00e9ptimo D\u00eda - Divisi\u00f3n Interamericana\",\"description\":\"\",\"potentialAction\":[{\"@type\":\"SearchAction\",\"target\":{\"@type\":\"EntryPoint\",\"urlTemplate\":\"https:\\\/\\\/interamerica.org\\\/es\\\/?s={search_term_string}\"},\"query-input\":{\"@type\":\"PropertyValueSpecification\",\"valueRequired\":true,\"valueName\":\"search_term_string\"}}],\"inLanguage\":\"es\"},{\"@type\":\"Person\",\"@id\":\"https:\\\/\\\/interamerica.org\\\/es\\\/#\\\/schema\\\/person\\\/68ede8bdc292885bb76c1e3810e73c39\",\"name\":\"Lorenzo Verduzco\",\"image\":{\"@type\":\"ImageObject\",\"inLanguage\":\"es\",\"@id\":\"https:\\\/\\\/secure.gravatar.com\\\/avatar\\\/fb81a55b6218459490a9c1dc841a34909185b81904c5337b4b27f7a6fd60c49e?s=96&d=mm&r=g\",\"url\":\"https:\\\/\\\/secure.gravatar.com\\\/avatar\\\/fb81a55b6218459490a9c1dc841a34909185b81904c5337b4b27f7a6fd60c49e?s=96&d=mm&r=g\",\"contentUrl\":\"https:\\\/\\\/secure.gravatar.com\\\/avatar\\\/fb81a55b6218459490a9c1dc841a34909185b81904c5337b4b27f7a6fd60c49e?s=96&d=mm&r=g\",\"caption\":\"Lorenzo Verduzco\"}}]}<\/script>\n<!-- \/ Yoast SEO plugin. -->","yoast_head_json":{"title":"La Divisi\u00f3n Interamericana Honra a L\u00edderes Especiales de la Iglesia - Iglesia Adventista del S\u00e9ptimo D\u00eda - Divisi\u00f3n Interamericana","robots":{"index":"index","follow":"follow","max-snippet":"max-snippet:-1","max-image-preview":"max-image-preview:large","max-video-preview":"max-video-preview:-1"},"canonical":"https:\/\/interamerica.org\/es\/2005\/01\/la-division-interamericana-honra-a-lideres-especiales-de-la-iglesia\/","og_locale":"es_ES","og_type":"article","og_title":"La Divisi\u00f3n Interamericana Honra a L\u00edderes Especiales de la Iglesia - Iglesia Adventista del S\u00e9ptimo D\u00eda - Divisi\u00f3n Interamericana","og_description":"El 4 de enero, la Divisi\u00f3n Interamericana llev\u00f3 a cabo un servicio para comisionar a l\u00edderes no ordenados al miniserio tradicional quienes, en el presente, llevan responsabilidades importantes en su desempe\u00f1o en la iglesia.","og_url":"https:\/\/interamerica.org\/es\/2005\/01\/la-division-interamericana-honra-a-lideres-especiales-de-la-iglesia\/","og_site_name":"Iglesia Adventista del S\u00e9ptimo D\u00eda - Divisi\u00f3n Interamericana","article_published_time":"2005-01-05T04:00:00+00:00","article_modified_time":"2017-06-02T13:18:08+00:00","author":"Lorenzo Verduzco","twitter_card":"summary_large_image","twitter_misc":{"Escrito por":"Lorenzo Verduzco","Tiempo de lectura":"2 minutos"},"schema":{"@context":"https:\/\/schema.org","@graph":[{"@type":"Article","@id":"https:\/\/interamerica.org\/es\/2005\/01\/la-division-interamericana-honra-a-lideres-especiales-de-la-iglesia\/#article","isPartOf":{"@id":"https:\/\/interamerica.org\/es\/2005\/01\/la-division-interamericana-honra-a-lideres-especiales-de-la-iglesia\/"},"author":{"name":"Lorenzo Verduzco","@id":"https:\/\/interamerica.org\/es\/#\/schema\/person\/68ede8bdc292885bb76c1e3810e73c39"},"headline":"La Divisi\u00f3n Interamericana Honra a L\u00edderes Especiales de la Iglesia","datePublished":"2005-01-05T04:00:00+00:00","dateModified":"2017-06-02T13:18:08+00:00","mainEntityOfPage":{"@id":"https:\/\/interamerica.org\/es\/2005\/01\/la-division-interamericana-honra-a-lideres-especiales-de-la-iglesia\/"},"wordCount":415,"articleSection":["Archivo"],"inLanguage":"es"},{"@type":"WebPage","@id":"https:\/\/interamerica.org\/es\/2005\/01\/la-division-interamericana-honra-a-lideres-especiales-de-la-iglesia\/","url":"https:\/\/interamerica.org\/es\/2005\/01\/la-division-interamericana-honra-a-lideres-especiales-de-la-iglesia\/","name":"La Divisi\u00f3n Interamericana Honra a L\u00edderes Especiales de la Iglesia - Iglesia Adventista del S\u00e9ptimo D\u00eda - Divisi\u00f3n Interamericana","isPartOf":{"@id":"https:\/\/interamerica.org\/es\/#website"},"datePublished":"2005-01-05T04:00:00+00:00","dateModified":"2017-06-02T13:18:08+00:00","author":{"@id":"https:\/\/interamerica.org\/es\/#\/schema\/person\/68ede8bdc292885bb76c1e3810e73c39"},"breadcrumb":{"@id":"https:\/\/interamerica.org\/es\/2005\/01\/la-division-interamericana-honra-a-lideres-especiales-de-la-iglesia\/#breadcrumb"},"inLanguage":"es","potentialAction":[{"@type":"ReadAction","target":["https:\/\/interamerica.org\/es\/2005\/01\/la-division-interamericana-honra-a-lideres-especiales-de-la-iglesia\/"]}]},{"@type":"BreadcrumbList","@id":"https:\/\/interamerica.org\/es\/2005\/01\/la-division-interamericana-honra-a-lideres-especiales-de-la-iglesia\/#breadcrumb","itemListElement":[{"@type":"ListItem","position":1,"name":"Home","item":"https:\/\/interamerica.org\/es\/"},{"@type":"ListItem","position":2,"name":"La Divisi\u00f3n Interamericana Honra a L\u00edderes Especiales de la Iglesia"}]},{"@type":"WebSite","@id":"https:\/\/interamerica.org\/es\/#website","url":"https:\/\/interamerica.org\/es\/","name":"Iglesia Adventista del S\u00e9ptimo D\u00eda - Divisi\u00f3n Interamericana","description":"","potentialAction":[{"@type":"SearchAction","target":{"@type":"EntryPoint","urlTemplate":"https:\/\/interamerica.org\/es\/?s={search_term_string}"},"query-input":{"@type":"PropertyValueSpecification","valueRequired":true,"valueName":"search_term_string"}}],"inLanguage":"es"},{"@type":"Person","@id":"https:\/\/interamerica.org\/es\/#\/schema\/person\/68ede8bdc292885bb76c1e3810e73c39","name":"Lorenzo Verduzco","image":{"@type":"ImageObject","inLanguage":"es","@id":"https:\/\/secure.gravatar.com\/avatar\/fb81a55b6218459490a9c1dc841a34909185b81904c5337b4b27f7a6fd60c49e?s=96&d=mm&r=g","url":"https:\/\/secure.gravatar.com\/avatar\/fb81a55b6218459490a9c1dc841a34909185b81904c5337b4b27f7a6fd60c49e?s=96&d=mm&r=g","contentUrl":"https:\/\/secure.gravatar.com\/avatar\/fb81a55b6218459490a9c1dc841a34909185b81904c5337b4b27f7a6fd60c49e?s=96&d=mm&r=g","caption":"Lorenzo Verduzco"}}]}},"_links":{"self":[{"href":"https:\/\/interamerica.org\/es\/wp-json\/wp\/v2\/posts\/10438","targetHints":{"allow":["GET"]}}],"collection":[{"href":"https:\/\/interamerica.org\/es\/wp-json\/wp\/v2\/posts"}],"about":[{"href":"https:\/\/interamerica.org\/es\/wp-json\/wp\/v2\/types\/post"}],"author":[{"embeddable":true,"href":"https:\/\/interamerica.org\/es\/wp-json\/wp\/v2\/users\/1"}],"replies":[{"embeddable":true,"href":"https:\/\/interamerica.org\/es\/wp-json\/wp\/v2\/comments?post=10438"}],"version-history":[{"count":0,"href":"https:\/\/interamerica.org\/es\/wp-json\/wp\/v2\/posts\/10438\/revisions"}],"wp:attachment":[{"href":"https:\/\/interamerica.org\/es\/wp-json\/wp\/v2\/media?parent=10438"}],"wp:term":[{"taxonomy":"category","embeddable":true,"href":"https:\/\/interamerica.org\/es\/wp-json\/wp\/v2\/categories?post=10438"},{"taxonomy":"post_tag","embeddable":true,"href":"https:\/\/interamerica.org\/es\/wp-json\/wp\/v2\/tags?post=10438"}],"curies":[{"name":"wp","href":"https:\/\/api.w.org\/{rel}","templated":true}]}}