{"id":104386,"date":"2023-10-08T10:58:05","date_gmt":"2023-10-08T14:58:05","guid":{"rendered":"https:\/\/interamerica.org\/?p=104386"},"modified":"2023-10-09T10:02:18","modified_gmt":"2023-10-09T14:02:18","slug":"la-mujer-pendenciera-el-manual-de-la-iglesia-y-un-mapa-al-reves","status":"publish","type":"post","link":"https:\/\/interamerica.org\/es\/2023\/10\/la-mujer-pendenciera-el-manual-de-la-iglesia-y-un-mapa-al-reves\/","title":{"rendered":"La mujer pendenciera, el Manual de la Iglesia, y un mapa al rev\u00e9s"},"content":{"rendered":"<h4>Mensaje devocional en la Conferencia LEAD destaca las bendiciones divinas en la misi\u00f3n cuando hacemos nuestra parte.<\/h4>\n<p>8 de octubre de 2023 | Silver Spring, Maryland, Estados Unidos | Marcos Paseggi, Adventist Review<\/p>\n<p>\u201cLos tres \u00e1ngeles, lo ya probado, y algo nuevo\u201d.<\/p>\n<p>Esa es la receta dada por Dios para que los adventistas del s\u00e9ptimo d\u00eda que est\u00e1n interesados en la misi\u00f3n y en hacer disc\u00edpulos, dijo Shane Anderson, pastor principal de la iglesia Pioneer Memorial en su devocional el 5 de octubre. El mensaje de Anderson en la sede de la Asociaci\u00f3n General en Silver Spring, Maryland, Estados Unidos, abri\u00f3 la Conferencia de Experiencia y Desarrollo del Liderazgo (LEAD) para los miembros de la Junta Directiva de la Asociaci\u00f3n General, un d\u00eda antes del comienzo oficial del Concilio Anual 2023.<\/p>\n<p>En los siguientes minutos, Anderson explic\u00f3 de qu\u00e9 manera esos tres elementos se conectan con la tarea de hacer disc\u00edpulos, y cont\u00f3 algunas historias de la manera en que Dios est\u00e1 obrando para atraer a las personas a \u00e9l.<\/p>\n<p><strong>Tres \u00e1ngeles con un mensaje<\/strong><\/p>\n<p>\u201cEn esta, la Iglesia Adventista del S\u00e9ptimo D\u00eda, si vamos a hacer disc\u00edpulos eso implica compartir los mensajes de los tres \u00e1ngeles\u201d, dijo Anderson, en referencia a tres mensajes especiales para los \u00faltimos d\u00edas seg\u00fan se detallan en Apocalipsis 14:6-12.<\/p>\n<p><div id=\"attachment_104326\" style=\"width: 888px\" class=\"wp-caption aligncenter\"><img fetchpriority=\"high\" decoding=\"async\" aria-describedby=\"caption-attachment-104326\" class=\" wp-image-104324\" src=\"https:\/\/interamerica.org\/wp-content\/uploads\/2023\/10\/leadconf-1-1024x576.jpeg\" alt=\"\" width=\"878\" height=\"494\" srcset=\"https:\/\/interamerica.org\/wp-content\/uploads\/2023\/10\/leadconf-1-1024x576.jpeg 1024w, https:\/\/interamerica.org\/wp-content\/uploads\/2023\/10\/leadconf-1-300x169.jpeg 300w, https:\/\/interamerica.org\/wp-content\/uploads\/2023\/10\/leadconf-1-768x432.jpeg 768w, https:\/\/interamerica.org\/wp-content\/uploads\/2023\/10\/leadconf-1.jpeg 1400w\" sizes=\"(max-width: 878px) 100vw, 878px\" \/><p id=\"caption-attachment-104326\" class=\"wp-caption-text\">Shane Anderson, pastor principal de la iglesia Pioneer Memorial, comparte un mensaje devocional en el d\u00eda de apertura del Concilio Anual 2023 de la Asociaci\u00f3n General el 5 de octubre. [Fotograf\u00eda: Enno Mueller, Adventist Review]<\/p><\/div>Como adventistas, enfatiz\u00f3, \u201cse nos ha dado no solo la tarea de compartir el amor de Dios y servir a otros; hemos recibido la orden de [hacerlo] dentro del contexto espec\u00edfico de los mensajes de los tres \u00e1ngeles\u201d, dijo. \u201cSi no hay mensajes de los tres \u00e1ngeles, no hay Iglesia Adventista [\u2026]. Si al movimiento adventista le quitamos los mensajes de los tres \u00e1ngeles, dejamos de tener una raz\u00f3n de ser\u201d.<\/p>\n<p><strong>Lo ya probado<\/strong><\/p>\n<p>Cuando pensamos en hacer disc\u00edpulos de Cristo, no podemos olvidar lo ya probado, dijo Anderson.<\/p>\n<p>\u201cPorque siempre hayamos hecho algo de cierta manera, eso no significa de ninguna manera que tenemos que dejar de hacerlo\u201d, dijo. \u201cHay algunas ideas para expandir el reino de Dios y hacer disc\u00edpulos de Cristo que se han usado durante d\u00e9cadas, y siguen us\u00e1ndose simplemente porque funcionan\u201d, record\u00f3 a su audiencia.<\/p>\n<p>Anderson comparti\u00f3 su propia experiencia temprana como pastor de iglesia, cuando aprendi\u00f3 de qu\u00e9 manera los tan probados seminarios sobre profec\u00eda a\u00fan funcionan a la hora de atraer a otros hacia Cristo. Aunque en esa \u00e9poca, \u00e9l cre\u00eda que los seminarios de profec\u00edas estaban pasados de moda y eran cosa del pasado, dijo, cuando asisti\u00f3 a un seminario completo, fue el primero en convertirse a ese m\u00e9todo. \u201cRealmente cambi\u00f3 mi vida, y transform\u00f3 mi ministerio\u201d, reconoci\u00f3, dado que los seminarios de profec\u00eda funcionan tanto para personas de trasfondo religioso como secular.<\/p>\n<p><div id=\"attachment_104329\" style=\"width: 904px\" class=\"wp-caption aligncenter\"><img decoding=\"async\" aria-describedby=\"caption-attachment-104329\" class=\" wp-image-104327\" src=\"https:\/\/interamerica.org\/wp-content\/uploads\/2023\/10\/leadconv-ac2023-dsc-0422.jpeg\" alt=\"\" width=\"894\" height=\"596\" srcset=\"https:\/\/interamerica.org\/wp-content\/uploads\/2023\/10\/leadconv-ac2023-dsc-0422.jpeg 1000w, https:\/\/interamerica.org\/wp-content\/uploads\/2023\/10\/leadconv-ac2023-dsc-0422-300x200.jpeg 300w, https:\/\/interamerica.org\/wp-content\/uploads\/2023\/10\/leadconv-ac2023-dsc-0422-768x512.jpeg 768w\" sizes=\"(max-width: 894px) 100vw, 894px\" \/><p id=\"caption-attachment-104329\" class=\"wp-caption-text\">Ted N. C. Wilson, presidente de la Asociaci\u00f3n General, da la bienvenida a los participantes a la Conferencia LEAD el pasado 5 de octubre. [Fotograf\u00eda: Marcos Paseggi, Adventist Review]<\/p><\/div><strong>Algo nuevo<\/strong><\/p>\n<p>En referencia al mensaje de Pablo en Filipenses 1:15-18, Anderson enfatiz\u00f3 que Dios puede usar una amplia gama de elementos para el avance de su reino. \u201cPablo les est\u00e1 diciendo a los Filipenses que Dios es tan asombrosamente creativo que puede tomar algo por debajo de la perfecci\u00f3n y, en ocasiones, aun las cosas males para transformarlas en cosas buenas para su reino\u201d. Comparti\u00f3 entonces varios ejemplos de hace d\u00e9cadas o m\u00e1s recientes, que muestran de qu\u00e9 manera Dios us\u00f3 los que parec\u00edan los m\u00e9todos m\u00e1s improbables para alcanzar a otros.<\/p>\n<p>En primer lugar, cont\u00f3 la historia de un exitoso vendedor viajante que cierta noche ingres\u00f3 a un hotel. A pesar de todas las apariencias, su vida se estaba desmoronando. \u201cTen\u00eda una hermosa casa y una carrera maravillosa, o as\u00ed cre\u00edan todos, pero estaba tan vac\u00edo como se puede estar\u201d, cont\u00f3 Anderson. \u201cSu vida estaba hecha pedazos [\u2026]. Su esposa le hab\u00eda estado diciendo: \u2018Estoy lista para dejarte\u2019\u201d.<\/p>\n<p>All\u00ed, en su punto m\u00e1s bajo, abri\u00f3 su mesita de noche y encontr\u00f3 una Biblia. Se sinti\u00f3 insultado, pero mirando al cielo raso, expres\u00f3: \u201cTe dar\u00e9 una oportunidad; si puedo encontrar una cosa buena en este libro, entonces leer\u00e9 m\u00e1s de \u00e9l\u201d. Cuando puso su dedo sobre un texto al azar, ley\u00f3 Proverbios 27:15: \u201cLa mujer pendenciera es gotera constante en un d\u00eda lluvioso\u201d.<\/p>\n<p>Ese vendedor, en ese momento en particular, qued\u00f3 at\u00f3nito ante la sabidur\u00eda de las Escrituras, cont\u00f3 Anderson. \u201cContinu\u00f3 leyendo, regres\u00f3 a su casa, encontr\u00f3 una iglesia, fue bautizado, y se involucr\u00f3 en el ministerio del Se\u00f1or, haciendo disc\u00edpulos para \u00e9l\u201d.<\/p>\n<p><div id=\"attachment_104332\" style=\"width: 862px\" class=\"wp-caption aligncenter\"><img decoding=\"async\" aria-describedby=\"caption-attachment-104332\" class=\" wp-image-104330\" src=\"https:\/\/interamerica.org\/wp-content\/uploads\/2023\/10\/leadconf-ac2023-3.jpeg\" alt=\"\" width=\"852\" height=\"568\" srcset=\"https:\/\/interamerica.org\/wp-content\/uploads\/2023\/10\/leadconf-ac2023-3.jpeg 1000w, https:\/\/interamerica.org\/wp-content\/uploads\/2023\/10\/leadconf-ac2023-3-300x200.jpeg 300w, https:\/\/interamerica.org\/wp-content\/uploads\/2023\/10\/leadconf-ac2023-3-768x512.jpeg 768w\" sizes=\"(max-width: 852px) 100vw, 852px\" \/><p id=\"caption-attachment-104332\" class=\"wp-caption-text\">Un delegado toma una fotograf\u00eda, durante los momentos de apertura de la Conferencia LEAD en Silver Spring, Maryland, Estados Unidos, 5 de octubre. [Fotograf\u00eda: Marcos Paseggi, Adventist Review]<\/p><\/div><strong>El libro m\u00e1s improbable<\/strong><\/p>\n<p>La segunda historia tuvo que ver con un hombre perdido en conductas despreciables, a quien sin embargo le gustaba pasar a mirar librer\u00edas de libros usados. \u201cFue a una venta de libros usados, encontr\u00f3 un libro, y lo ley\u00f3\u201d, cont\u00f3 Anderson. \u201cQued\u00f3 tan impresionado que busc\u00f3 y encontr\u00f3 una iglesia, y lleg\u00f3 a ser un adventista profundamente involucrado en el ministerio\u201d.<\/p>\n<p>El libro que encontr\u00f3 y ley\u00f3 no fue El camino a Cristo o El Deseado de todas las gentes, dijo Anderson. \u201cFue el Manual de la Iglesia Adventista\u201d, revel\u00f3 ante las risas de la audiencia. \u201cAl leer el manual, expres\u00f3: \u2018Si hay un Dios en el cielo y \u00e9l se interesa tanto que ha dado principios maravillosos de organizaci\u00f3n, quiero ser parte de ello y conocer a ese Dios\u201d.<\/p>\n<p><strong>Una lectura equivocada de un mapa<\/strong><\/p>\n<p>Una historia m\u00e1s que Anderson cont\u00f3 tuvo que ver con una persona que sol\u00eda tomar y vender fotograf\u00edas a\u00e9reas. \u201cTen\u00eda much\u00edsimo \u00e9xito en esa tarea\u201d, expres\u00f3. Cierto d\u00eda, antes de que fueran comunes los dispositivos de GPS, cruz\u00f3 el pueblo para ir a una cita con un potencial cliente.<\/p>\n<p>\u201cSac\u00f3 su mapa, lo coloc\u00f3 all\u00ed, subi\u00f3 a su autom\u00f3vil y comenc\u00e9 a conducir hacia su destino\u201d, dijo Anderson. Pero las cosas no estaban yendo bien, dado que los caminos no parec\u00edan coincidir con lo que pod\u00eda ver en el mapa. Y el sol se estaba poniendo. Frustrado, se detuvo en un estacionamiento al azar, sac\u00f3 el mapa, y de pronto descubri\u00f3 que estaba dado vuelta. Se dio cuenta de que estaba en el lugar exactamente opuesto del condado donde tendr\u00eda que haber ido.<\/p>\n<p><div id=\"attachment_104335\" style=\"width: 827px\" class=\"wp-caption aligncenter\"><img loading=\"lazy\" decoding=\"async\" aria-describedby=\"caption-attachment-104335\" class=\" wp-image-104333\" src=\"https:\/\/interamerica.org\/wp-content\/uploads\/2023\/10\/leadco-4dsc-0431.jpeg\" alt=\"\" width=\"817\" height=\"545\" srcset=\"https:\/\/interamerica.org\/wp-content\/uploads\/2023\/10\/leadco-4dsc-0431.jpeg 1000w, https:\/\/interamerica.org\/wp-content\/uploads\/2023\/10\/leadco-4dsc-0431-300x200.jpeg 300w, https:\/\/interamerica.org\/wp-content\/uploads\/2023\/10\/leadco-4dsc-0431-768x512.jpeg 768w\" sizes=\"(max-width: 817px) 100vw, 817px\" \/><p id=\"caption-attachment-104335\" class=\"wp-caption-text\">Ramon Canals, director de la Asociaci\u00f3n Ministerial de la Asociaci\u00f3n General, dirige una encuesta de apertura con delegados e invitados al Concilio Anual 2023. [Fotograf\u00eda: Marcos Paseggi, Adventist Review]<\/p><\/div>El vendedor se enoj\u00f3 y comenz\u00f3 a golpear el volante de su autom\u00f3vil, totalmente frustrado. Pero justo entonces, mir\u00f3 por el parabrisas de su autom\u00f3vil y vio un cartel iluminado que dec\u00eda: \u201cEsta noche: Seminarios sobre profec\u00edas de esperanza\u201d. \u201cBueno\u201d, dijo, \u201cdado que no tengo nada mejor que hacer, voy a entrar a calmarme por un rato\u201d.<\/p>\n<p>El hombre entr\u00f3 esa noche y todas las noches siguientes. \u201cAl final de la campa\u00f1a, fue mi privilegio bautizarlo\u201d, dijo Anderson. \u201cLleg\u00f3 a ser uno de los ganadores de almas m\u00e1s talentosos que conozco. Habr\u00e1 decenas y decenas de personas en el reino gracias a un mapa que estaba dado vuelta\u201d.<\/p>\n<p><strong>Una manera creativa de hacer disc\u00edpulos<\/strong><\/p>\n<p>Anderson dijo que esto prueba el poder de Dios. \u201cSi Dios puede usar esas cosas, algunas de las cuales no son buenas, y transformarlas creativamente para bien de su reino, \u00bfcu\u00e1nto m\u00e1s puede tomar nuestros justos esfuerzos creativos y hacer lo mismo?\u201d pregunt\u00f3.<\/p>\n<p>Y a\u00f1adi\u00f3: \u201c\u00bfQu\u00e9 ministerio del reino de Dios ha estado usted ignorando? \u00bfQu\u00e9 dones dados por Dios a los miembros de su equipo de liderazgo o a sus miembros de iglesia usted no ha estado utilizando, impidi\u00e9ndoles que hagan disc\u00edpulos de Cristo?\u201d Anderson entonces sugiri\u00f3: \u201cSi una idea para hacer disc\u00edpulos de Cristo cumple con las normas b\u00edblicas, y si absolutamente no rebaja las creencias adventistas, y si el Esp\u00edritu no tiene objeci\u00f3n alguna, \u00a1entonces h\u00e1galo! \u00a1H\u00e1galo! Y vea c\u00f3mo el Esp\u00edritu Santo usa los m\u00e9todos ya probados y tambi\u00e9n los nuevos para hacer disc\u00edpulos fieles de Cristo\u201d.<\/p>\n<p>Traducci\u00f3n de Marcos Paseggi<\/p>\n","protected":false},"excerpt":{"rendered":"<p>Mensaje devocional en la Conferencia LEAD destaca las bendiciones divinas en la misi\u00f3n cuando hacemos nuestra parte. 8 de octubre de 2023 | Silver Spring, Maryland, Estados Unidos | Marcos&#8230;<\/p>\n","protected":false},"author":3,"featured_media":104326,"comment_status":"closed","ping_status":"closed","sticky":false,"template":"","format":"standard","meta":{"_acf_changed":false,"footnotes":""},"categories":[14,15],"tags":[],"class_list":["post-104386","post","type-post","status-publish","format-standard","has-post-thumbnail","hentry","category-de-la-iglesia-mundial","category-rss-espanol"],"acf":[],"yoast_head":"<!-- This site is optimized with the Yoast SEO plugin v27.3 - https:\/\/yoast.com\/product\/yoast-seo-wordpress\/ -->\n<title>La mujer pendenciera, el Manual de la Iglesia, y un mapa al rev\u00e9s - Iglesia Adventista del S\u00e9ptimo D\u00eda - Divisi\u00f3n Interamericana<\/title>\n<meta name=\"robots\" content=\"index, follow, max-snippet:-1, max-image-preview:large, max-video-preview:-1\" \/>\n<link rel=\"canonical\" href=\"https:\/\/interamerica.org\/es\/2023\/10\/la-mujer-pendenciera-el-manual-de-la-iglesia-y-un-mapa-al-reves\/\" \/>\n<meta property=\"og:locale\" content=\"es_ES\" \/>\n<meta property=\"og:type\" content=\"article\" \/>\n<meta property=\"og:title\" content=\"La mujer pendenciera, el Manual de la Iglesia, y un mapa al rev\u00e9s - Iglesia Adventista del S\u00e9ptimo D\u00eda - Divisi\u00f3n Interamericana\" \/>\n<meta property=\"og:description\" content=\"Mensaje devocional en la Conferencia LEAD destaca las bendiciones divinas en la misi\u00f3n cuando hacemos nuestra parte. 8 de octubre de 2023 | Silver Spring, Maryland, Estados Unidos | Marcos...\" \/>\n<meta property=\"og:url\" content=\"https:\/\/interamerica.org\/es\/2023\/10\/la-mujer-pendenciera-el-manual-de-la-iglesia-y-un-mapa-al-reves\/\" \/>\n<meta property=\"og:site_name\" content=\"Iglesia Adventista del S\u00e9ptimo D\u00eda - Divisi\u00f3n Interamericana\" \/>\n<meta property=\"article:published_time\" content=\"2023-10-08T14:58:05+00:00\" \/>\n<meta property=\"article:modified_time\" content=\"2023-10-09T14:02:18+00:00\" \/>\n<meta property=\"og:image\" content=\"https:\/\/interamerica.org\/wp-content\/uploads\/2023\/10\/leadconf-1.jpeg\" \/>\n\t<meta property=\"og:image:width\" content=\"1400\" \/>\n\t<meta property=\"og:image:height\" content=\"788\" \/>\n\t<meta property=\"og:image:type\" content=\"image\/jpeg\" \/>\n<meta name=\"author\" content=\"libna\" \/>\n<meta name=\"twitter:card\" content=\"summary_large_image\" \/>\n<meta name=\"twitter:label1\" content=\"Escrito por\" \/>\n\t<meta name=\"twitter:data1\" content=\"libna\" \/>\n\t<meta name=\"twitter:label2\" content=\"Tiempo de lectura\" \/>\n\t<meta name=\"twitter:data2\" content=\"7 minutos\" \/>\n<script type=\"application\/ld+json\" class=\"yoast-schema-graph\">{\"@context\":\"https:\\\/\\\/schema.org\",\"@graph\":[{\"@type\":\"Article\",\"@id\":\"https:\\\/\\\/interamerica.org\\\/es\\\/2023\\\/10\\\/la-mujer-pendenciera-el-manual-de-la-iglesia-y-un-mapa-al-reves\\\/#article\",\"isPartOf\":{\"@id\":\"https:\\\/\\\/interamerica.org\\\/es\\\/2023\\\/10\\\/la-mujer-pendenciera-el-manual-de-la-iglesia-y-un-mapa-al-reves\\\/\"},\"author\":{\"name\":\"libna\",\"@id\":\"https:\\\/\\\/interamerica.org\\\/es\\\/#\\\/schema\\\/person\\\/29998f2bc2d8bd0d38662909289b54f1\"},\"headline\":\"La mujer pendenciera, el Manual de la Iglesia, y un mapa al rev\u00e9s\",\"datePublished\":\"2023-10-08T14:58:05+00:00\",\"dateModified\":\"2023-10-09T14:02:18+00:00\",\"mainEntityOfPage\":{\"@id\":\"https:\\\/\\\/interamerica.org\\\/es\\\/2023\\\/10\\\/la-mujer-pendenciera-el-manual-de-la-iglesia-y-un-mapa-al-reves\\\/\"},\"wordCount\":1483,\"image\":{\"@id\":\"https:\\\/\\\/interamerica.org\\\/es\\\/2023\\\/10\\\/la-mujer-pendenciera-el-manual-de-la-iglesia-y-un-mapa-al-reves\\\/#primaryimage\"},\"thumbnailUrl\":\"https:\\\/\\\/interamerica.org\\\/wp-content\\\/uploads\\\/2023\\\/10\\\/leadconf-1.jpeg\",\"articleSection\":[\"Desde la iglesia mundial\",\"RSS Espa\u00f1ol\"],\"inLanguage\":\"es\"},{\"@type\":\"WebPage\",\"@id\":\"https:\\\/\\\/interamerica.org\\\/es\\\/2023\\\/10\\\/la-mujer-pendenciera-el-manual-de-la-iglesia-y-un-mapa-al-reves\\\/\",\"url\":\"https:\\\/\\\/interamerica.org\\\/es\\\/2023\\\/10\\\/la-mujer-pendenciera-el-manual-de-la-iglesia-y-un-mapa-al-reves\\\/\",\"name\":\"La mujer pendenciera, el Manual de la Iglesia, y un mapa al rev\u00e9s - Iglesia Adventista del S\u00e9ptimo D\u00eda - Divisi\u00f3n Interamericana\",\"isPartOf\":{\"@id\":\"https:\\\/\\\/interamerica.org\\\/es\\\/#website\"},\"primaryImageOfPage\":{\"@id\":\"https:\\\/\\\/interamerica.org\\\/es\\\/2023\\\/10\\\/la-mujer-pendenciera-el-manual-de-la-iglesia-y-un-mapa-al-reves\\\/#primaryimage\"},\"image\":{\"@id\":\"https:\\\/\\\/interamerica.org\\\/es\\\/2023\\\/10\\\/la-mujer-pendenciera-el-manual-de-la-iglesia-y-un-mapa-al-reves\\\/#primaryimage\"},\"thumbnailUrl\":\"https:\\\/\\\/interamerica.org\\\/wp-content\\\/uploads\\\/2023\\\/10\\\/leadconf-1.jpeg\",\"datePublished\":\"2023-10-08T14:58:05+00:00\",\"dateModified\":\"2023-10-09T14:02:18+00:00\",\"author\":{\"@id\":\"https:\\\/\\\/interamerica.org\\\/es\\\/#\\\/schema\\\/person\\\/29998f2bc2d8bd0d38662909289b54f1\"},\"breadcrumb\":{\"@id\":\"https:\\\/\\\/interamerica.org\\\/es\\\/2023\\\/10\\\/la-mujer-pendenciera-el-manual-de-la-iglesia-y-un-mapa-al-reves\\\/#breadcrumb\"},\"inLanguage\":\"es\",\"potentialAction\":[{\"@type\":\"ReadAction\",\"target\":[\"https:\\\/\\\/interamerica.org\\\/es\\\/2023\\\/10\\\/la-mujer-pendenciera-el-manual-de-la-iglesia-y-un-mapa-al-reves\\\/\"]}]},{\"@type\":\"ImageObject\",\"inLanguage\":\"es\",\"@id\":\"https:\\\/\\\/interamerica.org\\\/es\\\/2023\\\/10\\\/la-mujer-pendenciera-el-manual-de-la-iglesia-y-un-mapa-al-reves\\\/#primaryimage\",\"url\":\"https:\\\/\\\/interamerica.org\\\/wp-content\\\/uploads\\\/2023\\\/10\\\/leadconf-1.jpeg\",\"contentUrl\":\"https:\\\/\\\/interamerica.org\\\/wp-content\\\/uploads\\\/2023\\\/10\\\/leadconf-1.jpeg\",\"width\":1400,\"height\":788,\"caption\":\"Pioneer Memorial Church senior pastor Shane Anderson shares a devotional message on the opening day of the General Conference 2023 Annual Council on October 5. [Photo: Enno Mueller, Adventist Review]\"},{\"@type\":\"BreadcrumbList\",\"@id\":\"https:\\\/\\\/interamerica.org\\\/es\\\/2023\\\/10\\\/la-mujer-pendenciera-el-manual-de-la-iglesia-y-un-mapa-al-reves\\\/#breadcrumb\",\"itemListElement\":[{\"@type\":\"ListItem\",\"position\":1,\"name\":\"Home\",\"item\":\"https:\\\/\\\/interamerica.org\\\/es\\\/\"},{\"@type\":\"ListItem\",\"position\":2,\"name\":\"La mujer pendenciera, el Manual de la Iglesia, y un mapa al rev\u00e9s\"}]},{\"@type\":\"WebSite\",\"@id\":\"https:\\\/\\\/interamerica.org\\\/es\\\/#website\",\"url\":\"https:\\\/\\\/interamerica.org\\\/es\\\/\",\"name\":\"Iglesia Adventista del S\u00e9ptimo D\u00eda - Divisi\u00f3n Interamericana\",\"description\":\"\",\"potentialAction\":[{\"@type\":\"SearchAction\",\"target\":{\"@type\":\"EntryPoint\",\"urlTemplate\":\"https:\\\/\\\/interamerica.org\\\/es\\\/?s={search_term_string}\"},\"query-input\":{\"@type\":\"PropertyValueSpecification\",\"valueRequired\":true,\"valueName\":\"search_term_string\"}}],\"inLanguage\":\"es\"},{\"@type\":\"Person\",\"@id\":\"https:\\\/\\\/interamerica.org\\\/es\\\/#\\\/schema\\\/person\\\/29998f2bc2d8bd0d38662909289b54f1\",\"name\":\"libna\",\"image\":{\"@type\":\"ImageObject\",\"inLanguage\":\"es\",\"@id\":\"https:\\\/\\\/secure.gravatar.com\\\/avatar\\\/7c5bd30ae4b47a9ba3c856590957fd1d96dc588bf3ac05719d247e126840331f?s=96&d=mm&r=g\",\"url\":\"https:\\\/\\\/secure.gravatar.com\\\/avatar\\\/7c5bd30ae4b47a9ba3c856590957fd1d96dc588bf3ac05719d247e126840331f?s=96&d=mm&r=g\",\"contentUrl\":\"https:\\\/\\\/secure.gravatar.com\\\/avatar\\\/7c5bd30ae4b47a9ba3c856590957fd1d96dc588bf3ac05719d247e126840331f?s=96&d=mm&r=g\",\"caption\":\"libna\"}}]}<\/script>\n<!-- \/ Yoast SEO plugin. -->","yoast_head_json":{"title":"La mujer pendenciera, el Manual de la Iglesia, y un mapa al rev\u00e9s - Iglesia Adventista del S\u00e9ptimo D\u00eda - Divisi\u00f3n Interamericana","robots":{"index":"index","follow":"follow","max-snippet":"max-snippet:-1","max-image-preview":"max-image-preview:large","max-video-preview":"max-video-preview:-1"},"canonical":"https:\/\/interamerica.org\/es\/2023\/10\/la-mujer-pendenciera-el-manual-de-la-iglesia-y-un-mapa-al-reves\/","og_locale":"es_ES","og_type":"article","og_title":"La mujer pendenciera, el Manual de la Iglesia, y un mapa al rev\u00e9s - Iglesia Adventista del S\u00e9ptimo D\u00eda - Divisi\u00f3n Interamericana","og_description":"Mensaje devocional en la Conferencia LEAD destaca las bendiciones divinas en la misi\u00f3n cuando hacemos nuestra parte. 8 de octubre de 2023 | Silver Spring, Maryland, Estados Unidos | Marcos...","og_url":"https:\/\/interamerica.org\/es\/2023\/10\/la-mujer-pendenciera-el-manual-de-la-iglesia-y-un-mapa-al-reves\/","og_site_name":"Iglesia Adventista del S\u00e9ptimo D\u00eda - Divisi\u00f3n Interamericana","article_published_time":"2023-10-08T14:58:05+00:00","article_modified_time":"2023-10-09T14:02:18+00:00","og_image":[{"width":1400,"height":788,"url":"https:\/\/interamerica.org\/wp-content\/uploads\/2023\/10\/leadconf-1.jpeg","type":"image\/jpeg"}],"author":"libna","twitter_card":"summary_large_image","twitter_misc":{"Escrito por":"libna","Tiempo de lectura":"7 minutos"},"schema":{"@context":"https:\/\/schema.org","@graph":[{"@type":"Article","@id":"https:\/\/interamerica.org\/es\/2023\/10\/la-mujer-pendenciera-el-manual-de-la-iglesia-y-un-mapa-al-reves\/#article","isPartOf":{"@id":"https:\/\/interamerica.org\/es\/2023\/10\/la-mujer-pendenciera-el-manual-de-la-iglesia-y-un-mapa-al-reves\/"},"author":{"name":"libna","@id":"https:\/\/interamerica.org\/es\/#\/schema\/person\/29998f2bc2d8bd0d38662909289b54f1"},"headline":"La mujer pendenciera, el Manual de la Iglesia, y un mapa al rev\u00e9s","datePublished":"2023-10-08T14:58:05+00:00","dateModified":"2023-10-09T14:02:18+00:00","mainEntityOfPage":{"@id":"https:\/\/interamerica.org\/es\/2023\/10\/la-mujer-pendenciera-el-manual-de-la-iglesia-y-un-mapa-al-reves\/"},"wordCount":1483,"image":{"@id":"https:\/\/interamerica.org\/es\/2023\/10\/la-mujer-pendenciera-el-manual-de-la-iglesia-y-un-mapa-al-reves\/#primaryimage"},"thumbnailUrl":"https:\/\/interamerica.org\/wp-content\/uploads\/2023\/10\/leadconf-1.jpeg","articleSection":["Desde la iglesia mundial","RSS Espa\u00f1ol"],"inLanguage":"es"},{"@type":"WebPage","@id":"https:\/\/interamerica.org\/es\/2023\/10\/la-mujer-pendenciera-el-manual-de-la-iglesia-y-un-mapa-al-reves\/","url":"https:\/\/interamerica.org\/es\/2023\/10\/la-mujer-pendenciera-el-manual-de-la-iglesia-y-un-mapa-al-reves\/","name":"La mujer pendenciera, el Manual de la Iglesia, y un mapa al rev\u00e9s - Iglesia Adventista del S\u00e9ptimo D\u00eda - Divisi\u00f3n Interamericana","isPartOf":{"@id":"https:\/\/interamerica.org\/es\/#website"},"primaryImageOfPage":{"@id":"https:\/\/interamerica.org\/es\/2023\/10\/la-mujer-pendenciera-el-manual-de-la-iglesia-y-un-mapa-al-reves\/#primaryimage"},"image":{"@id":"https:\/\/interamerica.org\/es\/2023\/10\/la-mujer-pendenciera-el-manual-de-la-iglesia-y-un-mapa-al-reves\/#primaryimage"},"thumbnailUrl":"https:\/\/interamerica.org\/wp-content\/uploads\/2023\/10\/leadconf-1.jpeg","datePublished":"2023-10-08T14:58:05+00:00","dateModified":"2023-10-09T14:02:18+00:00","author":{"@id":"https:\/\/interamerica.org\/es\/#\/schema\/person\/29998f2bc2d8bd0d38662909289b54f1"},"breadcrumb":{"@id":"https:\/\/interamerica.org\/es\/2023\/10\/la-mujer-pendenciera-el-manual-de-la-iglesia-y-un-mapa-al-reves\/#breadcrumb"},"inLanguage":"es","potentialAction":[{"@type":"ReadAction","target":["https:\/\/interamerica.org\/es\/2023\/10\/la-mujer-pendenciera-el-manual-de-la-iglesia-y-un-mapa-al-reves\/"]}]},{"@type":"ImageObject","inLanguage":"es","@id":"https:\/\/interamerica.org\/es\/2023\/10\/la-mujer-pendenciera-el-manual-de-la-iglesia-y-un-mapa-al-reves\/#primaryimage","url":"https:\/\/interamerica.org\/wp-content\/uploads\/2023\/10\/leadconf-1.jpeg","contentUrl":"https:\/\/interamerica.org\/wp-content\/uploads\/2023\/10\/leadconf-1.jpeg","width":1400,"height":788,"caption":"Pioneer Memorial Church senior pastor Shane Anderson shares a devotional message on the opening day of the General Conference 2023 Annual Council on October 5. [Photo: Enno Mueller, Adventist Review]"},{"@type":"BreadcrumbList","@id":"https:\/\/interamerica.org\/es\/2023\/10\/la-mujer-pendenciera-el-manual-de-la-iglesia-y-un-mapa-al-reves\/#breadcrumb","itemListElement":[{"@type":"ListItem","position":1,"name":"Home","item":"https:\/\/interamerica.org\/es\/"},{"@type":"ListItem","position":2,"name":"La mujer pendenciera, el Manual de la Iglesia, y un mapa al rev\u00e9s"}]},{"@type":"WebSite","@id":"https:\/\/interamerica.org\/es\/#website","url":"https:\/\/interamerica.org\/es\/","name":"Iglesia Adventista del S\u00e9ptimo D\u00eda - Divisi\u00f3n Interamericana","description":"","potentialAction":[{"@type":"SearchAction","target":{"@type":"EntryPoint","urlTemplate":"https:\/\/interamerica.org\/es\/?s={search_term_string}"},"query-input":{"@type":"PropertyValueSpecification","valueRequired":true,"valueName":"search_term_string"}}],"inLanguage":"es"},{"@type":"Person","@id":"https:\/\/interamerica.org\/es\/#\/schema\/person\/29998f2bc2d8bd0d38662909289b54f1","name":"libna","image":{"@type":"ImageObject","inLanguage":"es","@id":"https:\/\/secure.gravatar.com\/avatar\/7c5bd30ae4b47a9ba3c856590957fd1d96dc588bf3ac05719d247e126840331f?s=96&d=mm&r=g","url":"https:\/\/secure.gravatar.com\/avatar\/7c5bd30ae4b47a9ba3c856590957fd1d96dc588bf3ac05719d247e126840331f?s=96&d=mm&r=g","contentUrl":"https:\/\/secure.gravatar.com\/avatar\/7c5bd30ae4b47a9ba3c856590957fd1d96dc588bf3ac05719d247e126840331f?s=96&d=mm&r=g","caption":"libna"}}]}},"_links":{"self":[{"href":"https:\/\/interamerica.org\/es\/wp-json\/wp\/v2\/posts\/104386","targetHints":{"allow":["GET"]}}],"collection":[{"href":"https:\/\/interamerica.org\/es\/wp-json\/wp\/v2\/posts"}],"about":[{"href":"https:\/\/interamerica.org\/es\/wp-json\/wp\/v2\/types\/post"}],"author":[{"embeddable":true,"href":"https:\/\/interamerica.org\/es\/wp-json\/wp\/v2\/users\/3"}],"replies":[{"embeddable":true,"href":"https:\/\/interamerica.org\/es\/wp-json\/wp\/v2\/comments?post=104386"}],"version-history":[{"count":0,"href":"https:\/\/interamerica.org\/es\/wp-json\/wp\/v2\/posts\/104386\/revisions"}],"wp:featuredmedia":[{"embeddable":true,"href":"https:\/\/interamerica.org\/es\/wp-json\/wp\/v2\/media\/104326"}],"wp:attachment":[{"href":"https:\/\/interamerica.org\/es\/wp-json\/wp\/v2\/media?parent=104386"}],"wp:term":[{"taxonomy":"category","embeddable":true,"href":"https:\/\/interamerica.org\/es\/wp-json\/wp\/v2\/categories?post=104386"},{"taxonomy":"post_tag","embeddable":true,"href":"https:\/\/interamerica.org\/es\/wp-json\/wp\/v2\/tags?post=104386"}],"curies":[{"name":"wp","href":"https:\/\/api.w.org\/{rel}","templated":true}]}}