{"id":104387,"date":"2023-10-08T11:07:09","date_gmt":"2023-10-08T15:07:09","guid":{"rendered":"https:\/\/interamerica.org\/?p=104387"},"modified":"2023-10-09T10:02:55","modified_gmt":"2023-10-09T14:02:55","slug":"es-tiempo-de-pasar-de-la-a-la-b-y-la-c-a-la-d-dice-el-secretario-de-la-asociacion-general","status":"publish","type":"post","link":"https:\/\/interamerica.org\/es\/2023\/10\/es-tiempo-de-pasar-de-la-a-la-b-y-la-c-a-la-d-dice-el-secretario-de-la-asociacion-general\/","title":{"rendered":"\u201cEs tiempo de pasar de la A, la B y la C a la D\u201d, dice el secretario de la Asociaci\u00f3n General"},"content":{"rendered":"<p>Erton K\u00f6hler llama a la iglesia a que vaya m\u00e1s all\u00e1 de la asistencia, los bienes inmuebles, y la caja de efectivo para hacer disc\u00edpulos.<\/p>\n<p>8 de octubre de 2023 | Silver Spring, Maryand, Estados Unidos | Marcos Paseggi, Adventist Review<\/p>\n<p>\u201cHacer disc\u00edpulos no es algo que pertenezca a la Asociaci\u00f3n General o a una o dos divisiones [de la iglesia mundial]\u201d, dijo Erton K\u00f6hler, secretario de la Asociaci\u00f3n General de los Adventistas del S\u00e9ptimo D\u00eda, en una presentaci\u00f3n en la sede de la Asociaci\u00f3n General en Silver Spring, Maryland, Estados Unidos. \u201cTodos pueden ser parte de este movimiento\u201d.<\/p>\n<p>K\u00f6hler cerr\u00f3 un d\u00eda de presentaciones, discusiones y sesiones individuales como parte de la Conferencia de Experiencia y Desarrollo del Liderazgo (LEAD), un d\u00eda antes del comienzo oficial del Concilio Anual 2023 de la iglesia.<\/p>\n<p>El programa del 5 de octubre comparti\u00f3 tres pasos b\u00e1sicos de toda iniciativa de discipulado, lo que incluye (1) el llamado o preparaci\u00f3n, (2) el viaje o la integraci\u00f3n, y (3) la misi\u00f3n misma. K\u00f6hler enfatiz\u00f3 que no importa cu\u00e1l sea la iniciativa para hacer disc\u00edpulos, los l\u00edderes deber\u00edan considerar esos tres elementos o alguna variaci\u00f3n de ellos.<\/p>\n<p><div id=\"attachment_104343\" style=\"width: 862px\" class=\"wp-caption aligncenter\"><img fetchpriority=\"high\" decoding=\"async\" aria-describedby=\"caption-attachment-104343\" class=\" wp-image-104341\" src=\"https:\/\/interamerica.org\/wp-content\/uploads\/2023\/10\/ac2023-kohler-ame-100124572-general-conference-annual-council-2023-202-mpr-scaled-1-1024x683.jpeg\" alt=\"\" width=\"852\" height=\"568\" srcset=\"https:\/\/interamerica.org\/wp-content\/uploads\/2023\/10\/ac2023-kohler-ame-100124572-general-conference-annual-council-2023-202-mpr-scaled-1-1024x683.jpeg 1024w, https:\/\/interamerica.org\/wp-content\/uploads\/2023\/10\/ac2023-kohler-ame-100124572-general-conference-annual-council-2023-202-mpr-scaled-1-300x200.jpeg 300w, https:\/\/interamerica.org\/wp-content\/uploads\/2023\/10\/ac2023-kohler-ame-100124572-general-conference-annual-council-2023-202-mpr-scaled-1-768x512.jpeg 768w, https:\/\/interamerica.org\/wp-content\/uploads\/2023\/10\/ac2023-kohler-ame-100124572-general-conference-annual-council-2023-202-mpr-scaled-1-1536x1024.jpeg 1536w, https:\/\/interamerica.org\/wp-content\/uploads\/2023\/10\/ac2023-kohler-ame-100124572-general-conference-annual-council-2023-202-mpr-scaled-1-2048x1366.jpeg 2048w\" sizes=\"(max-width: 852px) 100vw, 852px\" \/><p id=\"caption-attachment-104343\" class=\"wp-caption-text\">Erton K\u00f6hler, secretario de la Asociaci\u00f3n General, se dirige a los delegados e invitados a la Conferencia de Experiencia y Desarrollo de Liderazgo 2023 en la sede de la Asociaci\u00f3n General. [Fotograf\u00eda: Lucas Cardino \/ Adventist Media Exchange (CC BY 4.0)]<\/p><\/div>M\u00e1s all\u00e1 de eso, hizo un llamado a la iglesia para que hacer disc\u00edpulos sea la base de sus emprendimientos. Se refiri\u00f3 a una divisi\u00f3n de la iglesia mundial que no nombr\u00f3, en la que el 27,6 por ciento de los miembros se ha bautizado en los \u00faltimos cinco a\u00f1os, y el 48,9 por ciento en los \u00faltimos diez.<\/p>\n<p>\u201c\u00bfQu\u00e9 significa esto?\u201d pregunt\u00f3 K\u00f6hler, antes de responder: \u201cSu identidad religiosa acaso es fr\u00e1gil\u201d, expres\u00f3. \u201cEs sumamente probable que muchos de ellos ya sean l\u00edderes de las iglesias locales. \u00bfQui\u00e9n est\u00e1 equipando a esos nuevos miembros? \u00bfQui\u00e9n los est\u00e1 discipulando? Necesitamos cuidar con urgencia de los bienes m\u00e1s preciosos que tiene Dios: sus hijos\u201d.<\/p>\n<p>K\u00f6hler cit\u00f3 al escritor misionero sudafricano Alan Hirsch, quien expres\u00f3: \u201cSe puede crear un movimiento m\u00e1s s\u00f3lido con doce disc\u00edpulos que con 1200 consumidores\u201d.<\/p>\n<p><strong>Para hacer disc\u00edpulos y reenfocarse en la misi\u00f3n<\/strong><\/p>\n<p>Hacer disc\u00edpulos tambi\u00e9n es parte del reenfoque misionero, o un \u00e9nfasis renovado de la Iglesia Adventista en iniciativas y programas de impulso misionero.<\/p>\n<p><div id=\"attachment_104346\" style=\"width: 849px\" class=\"wp-caption aligncenter\"><img decoding=\"async\" aria-describedby=\"caption-attachment-104346\" class=\" wp-image-104344\" src=\"https:\/\/interamerica.org\/wp-content\/uploads\/2023\/10\/ac2023-2100124300scr-41c5bdf600ef82d-1024x576.jpeg\" alt=\"\" width=\"839\" height=\"472\" srcset=\"https:\/\/interamerica.org\/wp-content\/uploads\/2023\/10\/ac2023-2100124300scr-41c5bdf600ef82d-1024x576.jpeg 1024w, https:\/\/interamerica.org\/wp-content\/uploads\/2023\/10\/ac2023-2100124300scr-41c5bdf600ef82d-300x169.jpeg 300w, https:\/\/interamerica.org\/wp-content\/uploads\/2023\/10\/ac2023-2100124300scr-41c5bdf600ef82d-768x432.jpeg 768w, https:\/\/interamerica.org\/wp-content\/uploads\/2023\/10\/ac2023-2100124300scr-41c5bdf600ef82d.jpeg 1400w\" sizes=\"(max-width: 839px) 100vw, 839px\" \/><p id=\"caption-attachment-104346\" class=\"wp-caption-text\">Los delegados e invitados de la Junta Directiva de la Asociaci\u00f3n General siguen las acciones de la Conferencia LEAD del pasado 5 de octubre. [Fotograf\u00eda: Enno M\u00fcller, Adventist Review]<\/p><\/div>K\u00f6hler cont\u00f3 que, as\u00ed como lo expres\u00f3 un escritor cristiano, muchas iglesias se enfocan en los ABC: la asistencia, los bienes inmuebles y la caja de efectivo. \u201cPero el verdadero \u00e9xito de la iglesia no depende de los ABC, por m\u00e1s que estos son importantes\u201d, record\u00f3 K\u00f6hler a su audiencia. \u201cEl verdadero \u00e9xito depende de la D: un proceso para hacer disc\u00edpulos\u201d.<\/p>\n<p>\u201cHacer disc\u00edpulos es la mejor manera de crecer como iglesia en los aspectos cualitativos y cuantitativos\u201d, dijo K\u00f6hler. \u201cLa \u00fanica f\u00f3rmula para hacer que este crecimiento sea saludable implica ofrecer un trabajo personal, cuidando a los personas y multiplicando disc\u00edpulos. Esos dos elementos son vitales\u201d.<\/p>\n<p><strong>M\u00e1s all\u00e1 de tan solo contar n\u00fameros<\/strong><\/p>\n<p>Un renovado \u00e9nfasis en la misi\u00f3n y en hacer disc\u00edpulos tambi\u00e9n puede impedir que la iglesia se enfoque tan solo en contar los n\u00fameros de los ingresos, dijo K\u00f6hler. \u201cEl reenfoque misionero es un llamado a ir m\u00e1s all\u00e1 de tan solo contar las cifras; es una invitaci\u00f3n a desarrollarse a partir de esas cifras. Invertimos gran cantidad de dinero para que las personas entren por nuestra puerta, pero, \u00bfcu\u00e1nto estamos invirtiendo para mantenerlos all\u00ed?\u201d<\/p>\n<p>Explic\u00f3 que la iglesia no puede reducir sus inversiones en alcanzar a otros, pero que deber\u00eda actuar de manera m\u00e1s deliberada para retener a los que llegan a Jes\u00fas. \u201cEl bautismo es matriculaci\u00f3n, no graduaci\u00f3n\u201d, dijo K\u00f6hler. \u201cEl bautismo no es la l\u00ednea de llegada; es tan solo el punto de partida\u201d.<\/p>\n<img decoding=\"async\" class=\"aligncenter wp-image-104347\" src=\"https:\/\/interamerica.org\/wp-content\/uploads\/2023\/10\/ac-2023-2-100124262scr-b25308a2c527ff0-1024x576.jpeg\" alt=\"\" width=\"864\" height=\"486\" srcset=\"https:\/\/interamerica.org\/wp-content\/uploads\/2023\/10\/ac-2023-2-100124262scr-b25308a2c527ff0-1024x576.jpeg 1024w, https:\/\/interamerica.org\/wp-content\/uploads\/2023\/10\/ac-2023-2-100124262scr-b25308a2c527ff0-300x169.jpeg 300w, https:\/\/interamerica.org\/wp-content\/uploads\/2023\/10\/ac-2023-2-100124262scr-b25308a2c527ff0-768x432.jpeg 768w, https:\/\/interamerica.org\/wp-content\/uploads\/2023\/10\/ac-2023-2-100124262scr-b25308a2c527ff0.jpeg 1400w\" sizes=\"(max-width: 864px) 100vw, 864px\" \/>\n<p><strong>Todos pueden hacer algo<\/strong><\/p>\n<p>Despu\u00e9s de la presentaci\u00f3n de K\u00f6hler, Ted N. C. Wilson, presidente de la Asociaci\u00f3n General, hizo un llamado a los l\u00edderes de la Iglesia Adventista mundial para que sean parte del proceso de hacer disc\u00edpulos, como parte de Todo Miembro Involucrado (TMI), una iniciativa de la iglesia mundial que busca hacer que cada miembro se involucre en la misi\u00f3n.<\/p>\n<p>Wilson hizo un llamado a los miembros de la Junta Directiva de la Asociaci\u00f3n General para que inviten a las personas dici\u00e9ndoles que Jes\u00fas viene pronto, \u201cy que, si as\u00ed lo prueban, podr\u00e1n ver que el Se\u00f1or es bueno\u201d, expres\u00f3. \u201cDesaf\u00edo a cada uno de ustedes a que reconozca que hacer disc\u00edpulos no es solo para los miembros [\u2026]. Estamos incluidos como l\u00edderes. Seamos parte de hacer disc\u00edpulos para Cristo, porque hemos sido elegidos para la misi\u00f3n\u201d.<\/p>\n<p>Traducci\u00f3n de Marcos Paseggi<\/p>\n","protected":false},"excerpt":{"rendered":"<p>Erton K\u00f6hler llama a la iglesia a que vaya m\u00e1s all\u00e1 de la asistencia, los bienes inmuebles, y la caja de efectivo para hacer disc\u00edpulos. 8 de octubre de 2023&#8230;<\/p>\n","protected":false},"author":3,"featured_media":104343,"comment_status":"closed","ping_status":"closed","sticky":false,"template":"","format":"standard","meta":{"_acf_changed":false,"footnotes":""},"categories":[14,15],"tags":[],"class_list":["post-104387","post","type-post","status-publish","format-standard","has-post-thumbnail","hentry","category-de-la-iglesia-mundial","category-rss-espanol"],"acf":[],"yoast_head":"<!-- This site is optimized with the Yoast SEO plugin v27.3 - https:\/\/yoast.com\/product\/yoast-seo-wordpress\/ -->\n<title>\u201cEs tiempo de pasar de la A, la B y la C a la D\u201d, dice el secretario de la Asociaci\u00f3n General - Iglesia Adventista del S\u00e9ptimo D\u00eda - Divisi\u00f3n Interamericana<\/title>\n<meta name=\"robots\" content=\"index, follow, max-snippet:-1, max-image-preview:large, max-video-preview:-1\" \/>\n<link rel=\"canonical\" href=\"https:\/\/interamerica.org\/es\/2023\/10\/es-tiempo-de-pasar-de-la-a-la-b-y-la-c-a-la-d-dice-el-secretario-de-la-asociacion-general\/\" \/>\n<meta property=\"og:locale\" content=\"es_ES\" \/>\n<meta property=\"og:type\" content=\"article\" \/>\n<meta property=\"og:title\" content=\"\u201cEs tiempo de pasar de la A, la B y la C a la D\u201d, dice el secretario de la Asociaci\u00f3n General - Iglesia Adventista del S\u00e9ptimo D\u00eda - Divisi\u00f3n Interamericana\" \/>\n<meta property=\"og:description\" content=\"Erton K\u00f6hler llama a la iglesia a que vaya m\u00e1s all\u00e1 de la asistencia, los bienes inmuebles, y la caja de efectivo para hacer disc\u00edpulos. 8 de octubre de 2023...\" \/>\n<meta property=\"og:url\" content=\"https:\/\/interamerica.org\/es\/2023\/10\/es-tiempo-de-pasar-de-la-a-la-b-y-la-c-a-la-d-dice-el-secretario-de-la-asociacion-general\/\" \/>\n<meta property=\"og:site_name\" content=\"Iglesia Adventista del S\u00e9ptimo D\u00eda - Divisi\u00f3n Interamericana\" \/>\n<meta property=\"article:published_time\" content=\"2023-10-08T15:07:09+00:00\" \/>\n<meta property=\"article:modified_time\" content=\"2023-10-09T14:02:55+00:00\" \/>\n<meta property=\"og:image\" content=\"https:\/\/interamerica.org\/wp-content\/uploads\/2023\/10\/ac2023-kohler-ame-100124572-general-conference-annual-council-2023-202-mpr-scaled-1.jpeg\" \/>\n\t<meta property=\"og:image:width\" content=\"2560\" \/>\n\t<meta property=\"og:image:height\" content=\"1707\" \/>\n\t<meta property=\"og:image:type\" content=\"image\/jpeg\" \/>\n<meta name=\"author\" content=\"libna\" \/>\n<meta name=\"twitter:card\" content=\"summary_large_image\" \/>\n<meta name=\"twitter:label1\" content=\"Escrito por\" \/>\n\t<meta name=\"twitter:data1\" content=\"libna\" \/>\n\t<meta name=\"twitter:label2\" content=\"Tiempo de lectura\" \/>\n\t<meta name=\"twitter:data2\" content=\"5 minutos\" \/>\n<script type=\"application\/ld+json\" class=\"yoast-schema-graph\">{\"@context\":\"https:\\\/\\\/schema.org\",\"@graph\":[{\"@type\":\"Article\",\"@id\":\"https:\\\/\\\/interamerica.org\\\/es\\\/2023\\\/10\\\/es-tiempo-de-pasar-de-la-a-la-b-y-la-c-a-la-d-dice-el-secretario-de-la-asociacion-general\\\/#article\",\"isPartOf\":{\"@id\":\"https:\\\/\\\/interamerica.org\\\/es\\\/2023\\\/10\\\/es-tiempo-de-pasar-de-la-a-la-b-y-la-c-a-la-d-dice-el-secretario-de-la-asociacion-general\\\/\"},\"author\":{\"name\":\"libna\",\"@id\":\"https:\\\/\\\/interamerica.org\\\/es\\\/#\\\/schema\\\/person\\\/29998f2bc2d8bd0d38662909289b54f1\"},\"headline\":\"\u201cEs tiempo de pasar de la A, la B y la C a la D\u201d, dice el secretario de la Asociaci\u00f3n General\",\"datePublished\":\"2023-10-08T15:07:09+00:00\",\"dateModified\":\"2023-10-09T14:02:55+00:00\",\"mainEntityOfPage\":{\"@id\":\"https:\\\/\\\/interamerica.org\\\/es\\\/2023\\\/10\\\/es-tiempo-de-pasar-de-la-a-la-b-y-la-c-a-la-d-dice-el-secretario-de-la-asociacion-general\\\/\"},\"wordCount\":927,\"image\":{\"@id\":\"https:\\\/\\\/interamerica.org\\\/es\\\/2023\\\/10\\\/es-tiempo-de-pasar-de-la-a-la-b-y-la-c-a-la-d-dice-el-secretario-de-la-asociacion-general\\\/#primaryimage\"},\"thumbnailUrl\":\"https:\\\/\\\/interamerica.org\\\/wp-content\\\/uploads\\\/2023\\\/10\\\/ac2023-kohler-ame-100124572-general-conference-annual-council-2023-202-mpr-scaled-1.jpeg\",\"articleSection\":[\"Desde la iglesia mundial\",\"RSS Espa\u00f1ol\"],\"inLanguage\":\"es\"},{\"@type\":\"WebPage\",\"@id\":\"https:\\\/\\\/interamerica.org\\\/es\\\/2023\\\/10\\\/es-tiempo-de-pasar-de-la-a-la-b-y-la-c-a-la-d-dice-el-secretario-de-la-asociacion-general\\\/\",\"url\":\"https:\\\/\\\/interamerica.org\\\/es\\\/2023\\\/10\\\/es-tiempo-de-pasar-de-la-a-la-b-y-la-c-a-la-d-dice-el-secretario-de-la-asociacion-general\\\/\",\"name\":\"\u201cEs tiempo de pasar de la A, la B y la C a la D\u201d, dice el secretario de la Asociaci\u00f3n General - Iglesia Adventista del S\u00e9ptimo D\u00eda - Divisi\u00f3n Interamericana\",\"isPartOf\":{\"@id\":\"https:\\\/\\\/interamerica.org\\\/es\\\/#website\"},\"primaryImageOfPage\":{\"@id\":\"https:\\\/\\\/interamerica.org\\\/es\\\/2023\\\/10\\\/es-tiempo-de-pasar-de-la-a-la-b-y-la-c-a-la-d-dice-el-secretario-de-la-asociacion-general\\\/#primaryimage\"},\"image\":{\"@id\":\"https:\\\/\\\/interamerica.org\\\/es\\\/2023\\\/10\\\/es-tiempo-de-pasar-de-la-a-la-b-y-la-c-a-la-d-dice-el-secretario-de-la-asociacion-general\\\/#primaryimage\"},\"thumbnailUrl\":\"https:\\\/\\\/interamerica.org\\\/wp-content\\\/uploads\\\/2023\\\/10\\\/ac2023-kohler-ame-100124572-general-conference-annual-council-2023-202-mpr-scaled-1.jpeg\",\"datePublished\":\"2023-10-08T15:07:09+00:00\",\"dateModified\":\"2023-10-09T14:02:55+00:00\",\"author\":{\"@id\":\"https:\\\/\\\/interamerica.org\\\/es\\\/#\\\/schema\\\/person\\\/29998f2bc2d8bd0d38662909289b54f1\"},\"breadcrumb\":{\"@id\":\"https:\\\/\\\/interamerica.org\\\/es\\\/2023\\\/10\\\/es-tiempo-de-pasar-de-la-a-la-b-y-la-c-a-la-d-dice-el-secretario-de-la-asociacion-general\\\/#breadcrumb\"},\"inLanguage\":\"es\",\"potentialAction\":[{\"@type\":\"ReadAction\",\"target\":[\"https:\\\/\\\/interamerica.org\\\/es\\\/2023\\\/10\\\/es-tiempo-de-pasar-de-la-a-la-b-y-la-c-a-la-d-dice-el-secretario-de-la-asociacion-general\\\/\"]}]},{\"@type\":\"ImageObject\",\"inLanguage\":\"es\",\"@id\":\"https:\\\/\\\/interamerica.org\\\/es\\\/2023\\\/10\\\/es-tiempo-de-pasar-de-la-a-la-b-y-la-c-a-la-d-dice-el-secretario-de-la-asociacion-general\\\/#primaryimage\",\"url\":\"https:\\\/\\\/interamerica.org\\\/wp-content\\\/uploads\\\/2023\\\/10\\\/ac2023-kohler-ame-100124572-general-conference-annual-council-2023-202-mpr-scaled-1.jpeg\",\"contentUrl\":\"https:\\\/\\\/interamerica.org\\\/wp-content\\\/uploads\\\/2023\\\/10\\\/ac2023-kohler-ame-100124572-general-conference-annual-council-2023-202-mpr-scaled-1.jpeg\",\"width\":2560,\"height\":1707,\"caption\":\"General Conference executive secretary Erton K\u00f6hler addresses the delegates and invitees to the 2023 Leadership Experiences and Development Conference at the General Conference headquarters. Photo: Lucas Cardino \\\/ Adventist Media Exchange (CC BY 4.0)\"},{\"@type\":\"BreadcrumbList\",\"@id\":\"https:\\\/\\\/interamerica.org\\\/es\\\/2023\\\/10\\\/es-tiempo-de-pasar-de-la-a-la-b-y-la-c-a-la-d-dice-el-secretario-de-la-asociacion-general\\\/#breadcrumb\",\"itemListElement\":[{\"@type\":\"ListItem\",\"position\":1,\"name\":\"Home\",\"item\":\"https:\\\/\\\/interamerica.org\\\/es\\\/\"},{\"@type\":\"ListItem\",\"position\":2,\"name\":\"\u201cEs tiempo de pasar de la A, la B y la C a la D\u201d, dice el secretario de la Asociaci\u00f3n General\"}]},{\"@type\":\"WebSite\",\"@id\":\"https:\\\/\\\/interamerica.org\\\/es\\\/#website\",\"url\":\"https:\\\/\\\/interamerica.org\\\/es\\\/\",\"name\":\"Iglesia Adventista del S\u00e9ptimo D\u00eda - Divisi\u00f3n Interamericana\",\"description\":\"\",\"potentialAction\":[{\"@type\":\"SearchAction\",\"target\":{\"@type\":\"EntryPoint\",\"urlTemplate\":\"https:\\\/\\\/interamerica.org\\\/es\\\/?s={search_term_string}\"},\"query-input\":{\"@type\":\"PropertyValueSpecification\",\"valueRequired\":true,\"valueName\":\"search_term_string\"}}],\"inLanguage\":\"es\"},{\"@type\":\"Person\",\"@id\":\"https:\\\/\\\/interamerica.org\\\/es\\\/#\\\/schema\\\/person\\\/29998f2bc2d8bd0d38662909289b54f1\",\"name\":\"libna\",\"image\":{\"@type\":\"ImageObject\",\"inLanguage\":\"es\",\"@id\":\"https:\\\/\\\/secure.gravatar.com\\\/avatar\\\/7c5bd30ae4b47a9ba3c856590957fd1d96dc588bf3ac05719d247e126840331f?s=96&d=mm&r=g\",\"url\":\"https:\\\/\\\/secure.gravatar.com\\\/avatar\\\/7c5bd30ae4b47a9ba3c856590957fd1d96dc588bf3ac05719d247e126840331f?s=96&d=mm&r=g\",\"contentUrl\":\"https:\\\/\\\/secure.gravatar.com\\\/avatar\\\/7c5bd30ae4b47a9ba3c856590957fd1d96dc588bf3ac05719d247e126840331f?s=96&d=mm&r=g\",\"caption\":\"libna\"}}]}<\/script>\n<!-- \/ Yoast SEO plugin. -->","yoast_head_json":{"title":"\u201cEs tiempo de pasar de la A, la B y la C a la D\u201d, dice el secretario de la Asociaci\u00f3n General - Iglesia Adventista del S\u00e9ptimo D\u00eda - Divisi\u00f3n Interamericana","robots":{"index":"index","follow":"follow","max-snippet":"max-snippet:-1","max-image-preview":"max-image-preview:large","max-video-preview":"max-video-preview:-1"},"canonical":"https:\/\/interamerica.org\/es\/2023\/10\/es-tiempo-de-pasar-de-la-a-la-b-y-la-c-a-la-d-dice-el-secretario-de-la-asociacion-general\/","og_locale":"es_ES","og_type":"article","og_title":"\u201cEs tiempo de pasar de la A, la B y la C a la D\u201d, dice el secretario de la Asociaci\u00f3n General - Iglesia Adventista del S\u00e9ptimo D\u00eda - Divisi\u00f3n Interamericana","og_description":"Erton K\u00f6hler llama a la iglesia a que vaya m\u00e1s all\u00e1 de la asistencia, los bienes inmuebles, y la caja de efectivo para hacer disc\u00edpulos. 8 de octubre de 2023...","og_url":"https:\/\/interamerica.org\/es\/2023\/10\/es-tiempo-de-pasar-de-la-a-la-b-y-la-c-a-la-d-dice-el-secretario-de-la-asociacion-general\/","og_site_name":"Iglesia Adventista del S\u00e9ptimo D\u00eda - Divisi\u00f3n Interamericana","article_published_time":"2023-10-08T15:07:09+00:00","article_modified_time":"2023-10-09T14:02:55+00:00","og_image":[{"width":2560,"height":1707,"url":"https:\/\/interamerica.org\/wp-content\/uploads\/2023\/10\/ac2023-kohler-ame-100124572-general-conference-annual-council-2023-202-mpr-scaled-1.jpeg","type":"image\/jpeg"}],"author":"libna","twitter_card":"summary_large_image","twitter_misc":{"Escrito por":"libna","Tiempo de lectura":"5 minutos"},"schema":{"@context":"https:\/\/schema.org","@graph":[{"@type":"Article","@id":"https:\/\/interamerica.org\/es\/2023\/10\/es-tiempo-de-pasar-de-la-a-la-b-y-la-c-a-la-d-dice-el-secretario-de-la-asociacion-general\/#article","isPartOf":{"@id":"https:\/\/interamerica.org\/es\/2023\/10\/es-tiempo-de-pasar-de-la-a-la-b-y-la-c-a-la-d-dice-el-secretario-de-la-asociacion-general\/"},"author":{"name":"libna","@id":"https:\/\/interamerica.org\/es\/#\/schema\/person\/29998f2bc2d8bd0d38662909289b54f1"},"headline":"\u201cEs tiempo de pasar de la A, la B y la C a la D\u201d, dice el secretario de la Asociaci\u00f3n General","datePublished":"2023-10-08T15:07:09+00:00","dateModified":"2023-10-09T14:02:55+00:00","mainEntityOfPage":{"@id":"https:\/\/interamerica.org\/es\/2023\/10\/es-tiempo-de-pasar-de-la-a-la-b-y-la-c-a-la-d-dice-el-secretario-de-la-asociacion-general\/"},"wordCount":927,"image":{"@id":"https:\/\/interamerica.org\/es\/2023\/10\/es-tiempo-de-pasar-de-la-a-la-b-y-la-c-a-la-d-dice-el-secretario-de-la-asociacion-general\/#primaryimage"},"thumbnailUrl":"https:\/\/interamerica.org\/wp-content\/uploads\/2023\/10\/ac2023-kohler-ame-100124572-general-conference-annual-council-2023-202-mpr-scaled-1.jpeg","articleSection":["Desde la iglesia mundial","RSS Espa\u00f1ol"],"inLanguage":"es"},{"@type":"WebPage","@id":"https:\/\/interamerica.org\/es\/2023\/10\/es-tiempo-de-pasar-de-la-a-la-b-y-la-c-a-la-d-dice-el-secretario-de-la-asociacion-general\/","url":"https:\/\/interamerica.org\/es\/2023\/10\/es-tiempo-de-pasar-de-la-a-la-b-y-la-c-a-la-d-dice-el-secretario-de-la-asociacion-general\/","name":"\u201cEs tiempo de pasar de la A, la B y la C a la D\u201d, dice el secretario de la Asociaci\u00f3n General - Iglesia Adventista del S\u00e9ptimo D\u00eda - Divisi\u00f3n Interamericana","isPartOf":{"@id":"https:\/\/interamerica.org\/es\/#website"},"primaryImageOfPage":{"@id":"https:\/\/interamerica.org\/es\/2023\/10\/es-tiempo-de-pasar-de-la-a-la-b-y-la-c-a-la-d-dice-el-secretario-de-la-asociacion-general\/#primaryimage"},"image":{"@id":"https:\/\/interamerica.org\/es\/2023\/10\/es-tiempo-de-pasar-de-la-a-la-b-y-la-c-a-la-d-dice-el-secretario-de-la-asociacion-general\/#primaryimage"},"thumbnailUrl":"https:\/\/interamerica.org\/wp-content\/uploads\/2023\/10\/ac2023-kohler-ame-100124572-general-conference-annual-council-2023-202-mpr-scaled-1.jpeg","datePublished":"2023-10-08T15:07:09+00:00","dateModified":"2023-10-09T14:02:55+00:00","author":{"@id":"https:\/\/interamerica.org\/es\/#\/schema\/person\/29998f2bc2d8bd0d38662909289b54f1"},"breadcrumb":{"@id":"https:\/\/interamerica.org\/es\/2023\/10\/es-tiempo-de-pasar-de-la-a-la-b-y-la-c-a-la-d-dice-el-secretario-de-la-asociacion-general\/#breadcrumb"},"inLanguage":"es","potentialAction":[{"@type":"ReadAction","target":["https:\/\/interamerica.org\/es\/2023\/10\/es-tiempo-de-pasar-de-la-a-la-b-y-la-c-a-la-d-dice-el-secretario-de-la-asociacion-general\/"]}]},{"@type":"ImageObject","inLanguage":"es","@id":"https:\/\/interamerica.org\/es\/2023\/10\/es-tiempo-de-pasar-de-la-a-la-b-y-la-c-a-la-d-dice-el-secretario-de-la-asociacion-general\/#primaryimage","url":"https:\/\/interamerica.org\/wp-content\/uploads\/2023\/10\/ac2023-kohler-ame-100124572-general-conference-annual-council-2023-202-mpr-scaled-1.jpeg","contentUrl":"https:\/\/interamerica.org\/wp-content\/uploads\/2023\/10\/ac2023-kohler-ame-100124572-general-conference-annual-council-2023-202-mpr-scaled-1.jpeg","width":2560,"height":1707,"caption":"General Conference executive secretary Erton K\u00f6hler addresses the delegates and invitees to the 2023 Leadership Experiences and Development Conference at the General Conference headquarters. Photo: Lucas Cardino \/ Adventist Media Exchange (CC BY 4.0)"},{"@type":"BreadcrumbList","@id":"https:\/\/interamerica.org\/es\/2023\/10\/es-tiempo-de-pasar-de-la-a-la-b-y-la-c-a-la-d-dice-el-secretario-de-la-asociacion-general\/#breadcrumb","itemListElement":[{"@type":"ListItem","position":1,"name":"Home","item":"https:\/\/interamerica.org\/es\/"},{"@type":"ListItem","position":2,"name":"\u201cEs tiempo de pasar de la A, la B y la C a la D\u201d, dice el secretario de la Asociaci\u00f3n General"}]},{"@type":"WebSite","@id":"https:\/\/interamerica.org\/es\/#website","url":"https:\/\/interamerica.org\/es\/","name":"Iglesia Adventista del S\u00e9ptimo D\u00eda - Divisi\u00f3n Interamericana","description":"","potentialAction":[{"@type":"SearchAction","target":{"@type":"EntryPoint","urlTemplate":"https:\/\/interamerica.org\/es\/?s={search_term_string}"},"query-input":{"@type":"PropertyValueSpecification","valueRequired":true,"valueName":"search_term_string"}}],"inLanguage":"es"},{"@type":"Person","@id":"https:\/\/interamerica.org\/es\/#\/schema\/person\/29998f2bc2d8bd0d38662909289b54f1","name":"libna","image":{"@type":"ImageObject","inLanguage":"es","@id":"https:\/\/secure.gravatar.com\/avatar\/7c5bd30ae4b47a9ba3c856590957fd1d96dc588bf3ac05719d247e126840331f?s=96&d=mm&r=g","url":"https:\/\/secure.gravatar.com\/avatar\/7c5bd30ae4b47a9ba3c856590957fd1d96dc588bf3ac05719d247e126840331f?s=96&d=mm&r=g","contentUrl":"https:\/\/secure.gravatar.com\/avatar\/7c5bd30ae4b47a9ba3c856590957fd1d96dc588bf3ac05719d247e126840331f?s=96&d=mm&r=g","caption":"libna"}}]}},"_links":{"self":[{"href":"https:\/\/interamerica.org\/es\/wp-json\/wp\/v2\/posts\/104387","targetHints":{"allow":["GET"]}}],"collection":[{"href":"https:\/\/interamerica.org\/es\/wp-json\/wp\/v2\/posts"}],"about":[{"href":"https:\/\/interamerica.org\/es\/wp-json\/wp\/v2\/types\/post"}],"author":[{"embeddable":true,"href":"https:\/\/interamerica.org\/es\/wp-json\/wp\/v2\/users\/3"}],"replies":[{"embeddable":true,"href":"https:\/\/interamerica.org\/es\/wp-json\/wp\/v2\/comments?post=104387"}],"version-history":[{"count":0,"href":"https:\/\/interamerica.org\/es\/wp-json\/wp\/v2\/posts\/104387\/revisions"}],"wp:featuredmedia":[{"embeddable":true,"href":"https:\/\/interamerica.org\/es\/wp-json\/wp\/v2\/media\/104343"}],"wp:attachment":[{"href":"https:\/\/interamerica.org\/es\/wp-json\/wp\/v2\/media?parent=104387"}],"wp:term":[{"taxonomy":"category","embeddable":true,"href":"https:\/\/interamerica.org\/es\/wp-json\/wp\/v2\/categories?post=104387"},{"taxonomy":"post_tag","embeddable":true,"href":"https:\/\/interamerica.org\/es\/wp-json\/wp\/v2\/tags?post=104387"}],"curies":[{"name":"wp","href":"https:\/\/api.w.org\/{rel}","templated":true}]}}