{"id":10439,"date":"2005-01-06T00:00:00","date_gmt":"2005-01-06T04:00:00","guid":{"rendered":"http:\/\/192.81.217.108\/interamerica\/2005\/01\/iglesia-mundial-presidente-de-la-iglesia-dice-cada-victima-del-maremoto-es-preciosa\/"},"modified":"2017-06-02T09:18:06","modified_gmt":"2017-06-02T13:18:06","slug":"iglesia-mundial-presidente-de-la-iglesia-dice-cada-victima-del-maremoto-es-preciosa","status":"publish","type":"post","link":"https:\/\/interamerica.org\/es\/2005\/01\/iglesia-mundial-presidente-de-la-iglesia-dice-cada-victima-del-maremoto-es-preciosa\/","title":{"rendered":"Iglesia Mundial:\u00a0 Presidente de la Iglesia Dice, \u00abCada V\u00edctima del Maremoto es preciosa\u00bb"},"content":{"rendered":"<p>Silver Spring, Maryland, Estados Unidos &#8230;. [Personal de ANN] <\/p>\n<p>\u00abEn medio de este dolor y sufrimiento, Dios no olvida a esta gente. Cada uno es precioso para \u00e9l\u00bb, dijo el Pastor Jan Paulsen, presidente mundial de la Iglesia Adventista del S\u00e9ptimo D\u00eda, en un comentario sobre las gigantezcas olas del 26 de diciembre de 2004 que azotaron el sur de Asia, lo que llam\u00f3 \u00abun desastre humanitario sin precedente\u00bb.<\/p>\n<p>\u00abEs una tragedia\u00a0en una escala que\u00a0es dif\u00edcil comprender\u00bb, expres\u00f3 el Pastor Paulsen.\u00a0 \u00abVemos\u00a0su impacto continuado\u00a0en\u00a0el sufrimiento\u00a0de los que est\u00e1n de luto por sus seres amados;\u00a0en el desamparo de los ni\u00f1os que han perdido a sus padres;\u00a0y en la desesperaci\u00f3n de los sobrevivientes abandonados\u00a0sin\u00a0alimento adecuado o\u00a0agua\u00bb.<\/p>\n<p>Observando el sitio de la tragedia, \u00e9l agreg\u00f3, \u00abEs una extresante iron\u00eda\u00a0que este desastre\u00a0ocurri\u00f3 en una regi\u00f3n del mundo\u00a0la cual no est\u00e1 bien equipada para hacer frente a una emergencia de esta magnitud.\u00a0 Los hombres,\u00a0mujeres y\u00a0ni\u00f1os que\u00a0han sido atrapados en esta tragedia son,\u00a0la mayor parte, pobres y ya bastante familiarizados\u00a0con el sufrimiento\u00bb.<\/p>\n<p>Pastor Paulsen, qui\u00e9n fuese anteriormente el presidente de la directiva de la Agencia Adventista de Desarrollo y Recursos Asistenciales, y qui\u00e9n, por m\u00e1s de 40 a\u00f1os de ministerio, est\u00e1 bien familiarizado tanto con los recursos asistenciales para desastres y las condiciones de pobreza en naciones en desarrollo, urgi\u00f3 a los miembros de iglesia a\u00a0poner un \u00e9nfasis apropiado al reaccionar al desastre.<\/p>\n<p>\u00abAhora no es tiempo de preguntarse\u00a0&#8216;\u00bfpor qu\u00e9?&#8217;, o buscar\u00a0explicaciones &#8212; algunas respuestas\u00a0tal vez nunca las tendremos\u00a0antes de que nuestro Se\u00f1or regrese.\u00a0 Ahora es tiempo\u00a0de actuar;\u00a0de llegar a nuestros semejantes\u00a0con\u00a0compasi\u00f3n;\u00a0 de ser s\u00edmbolos de esperanza visible de Cristo en una situaci\u00f3n donde el miedo y la desesparanza prevalecen.\u00a0 Esto es lo que se nos\u00a0pide\u00a0hacer\u00bb,\u00a0expres\u00f3 \u00e9l.<\/p>\n<p>\u00abConf\u00edo\u00a0en\u00a0que cada uno de ustedes har\u00e1 lo que pueda para\u00a0apoyar el trabajo de socorro en curso tanto con\u00a0sus\u00a0oraciones como con sus\u00a0recursos, sean\u00a0\u00e9stos a trav\u00e9s de la Agencia Adventista de Desarrollo y Recursos Asistenciales, o a trav\u00e9s de\u00a0otras organizaciones involucradas en este esfuerzo\u00bb, concluy\u00f3 el Pastor Paulsen.<\/p>\n<p>La iglesia Adventista del S\u00e9ptimo D\u00eda, organizada formalmente en 1863, en\u00a0Estados Unidos, tiene 13,6 millones de miembros bautizados, y 25 millones de personas\u00a0que asisten a los servicios de adoraci\u00f3n semanales, en 203 pa\u00edses y \u00e1reas alrededor del mundo.\u00a0 La\u00a0Agencia Adventista de Desarrollo y Recursos Asistenciales, o ADRA, ha trabajado globalmente desde 1984, continuando una tradici\u00f3n\u00a0anterior de servicio comunitario\u00a0adventista.<\/p>\n<p><strong>Derechos reservados\u00a0\u00a9 2005\u00a0por Adventist News Network.<\/strong><\/p>\n","protected":false},"excerpt":{"rendered":"<p>\u00abEn medio de este dolor y sufrimiento, Dios no olvida a esta gente. Cada uno es precioso para \u00e9l\u00bb, dijo el Pastor Jan Paulsen.<\/p>\n","protected":false},"author":1,"featured_media":0,"comment_status":"closed","ping_status":"closed","sticky":false,"template":"","format":"standard","meta":{"_acf_changed":false,"footnotes":""},"categories":[8],"tags":[],"class_list":["post-10439","post","type-post","status-publish","format-standard","hentry","category-archivo"],"acf":[],"yoast_head":"<!-- This site is optimized with the Yoast SEO plugin v27.3 - https:\/\/yoast.com\/product\/yoast-seo-wordpress\/ -->\n<title>Iglesia Mundial:\u00a0 Presidente de la Iglesia Dice, &quot;Cada V\u00edctima del Maremoto es preciosa&quot; - Iglesia Adventista del S\u00e9ptimo D\u00eda - Divisi\u00f3n Interamericana<\/title>\n<meta name=\"robots\" content=\"index, follow, max-snippet:-1, max-image-preview:large, max-video-preview:-1\" \/>\n<link rel=\"canonical\" href=\"https:\/\/interamerica.org\/es\/2005\/01\/iglesia-mundial-presidente-de-la-iglesia-dice-cada-victima-del-maremoto-es-preciosa\/\" \/>\n<meta property=\"og:locale\" content=\"es_ES\" \/>\n<meta property=\"og:type\" content=\"article\" \/>\n<meta property=\"og:title\" content=\"Iglesia Mundial:\u00a0 Presidente de la Iglesia Dice, &quot;Cada V\u00edctima del Maremoto es preciosa&quot; - Iglesia Adventista del S\u00e9ptimo D\u00eda - Divisi\u00f3n Interamericana\" \/>\n<meta property=\"og:description\" content=\"&quot;En medio de este dolor y sufrimiento, Dios no olvida a esta gente. Cada uno es precioso para \u00e9l&quot;, dijo el Pastor Jan Paulsen.\" \/>\n<meta property=\"og:url\" content=\"https:\/\/interamerica.org\/es\/2005\/01\/iglesia-mundial-presidente-de-la-iglesia-dice-cada-victima-del-maremoto-es-preciosa\/\" \/>\n<meta property=\"og:site_name\" content=\"Iglesia Adventista del S\u00e9ptimo D\u00eda - Divisi\u00f3n Interamericana\" \/>\n<meta property=\"article:published_time\" content=\"2005-01-06T04:00:00+00:00\" \/>\n<meta property=\"article:modified_time\" content=\"2017-06-02T13:18:06+00:00\" \/>\n<meta name=\"author\" content=\"Lorenzo Verduzco\" \/>\n<meta name=\"twitter:card\" content=\"summary_large_image\" \/>\n<meta name=\"twitter:label1\" content=\"Escrito por\" \/>\n\t<meta name=\"twitter:data1\" content=\"Lorenzo Verduzco\" \/>\n\t<meta name=\"twitter:label2\" content=\"Tiempo de lectura\" \/>\n\t<meta name=\"twitter:data2\" content=\"2 minutos\" \/>\n<script type=\"application\/ld+json\" class=\"yoast-schema-graph\">{\"@context\":\"https:\\\/\\\/schema.org\",\"@graph\":[{\"@type\":\"Article\",\"@id\":\"https:\\\/\\\/interamerica.org\\\/es\\\/2005\\\/01\\\/iglesia-mundial-presidente-de-la-iglesia-dice-cada-victima-del-maremoto-es-preciosa\\\/#article\",\"isPartOf\":{\"@id\":\"https:\\\/\\\/interamerica.org\\\/es\\\/2005\\\/01\\\/iglesia-mundial-presidente-de-la-iglesia-dice-cada-victima-del-maremoto-es-preciosa\\\/\"},\"author\":{\"name\":\"Lorenzo Verduzco\",\"@id\":\"https:\\\/\\\/interamerica.org\\\/es\\\/#\\\/schema\\\/person\\\/68ede8bdc292885bb76c1e3810e73c39\"},\"headline\":\"Iglesia Mundial:\u00a0 Presidente de la Iglesia Dice, \u00abCada V\u00edctima del Maremoto es preciosa\u00bb\",\"datePublished\":\"2005-01-06T04:00:00+00:00\",\"dateModified\":\"2017-06-02T13:18:06+00:00\",\"mainEntityOfPage\":{\"@id\":\"https:\\\/\\\/interamerica.org\\\/es\\\/2005\\\/01\\\/iglesia-mundial-presidente-de-la-iglesia-dice-cada-victima-del-maremoto-es-preciosa\\\/\"},\"wordCount\":465,\"articleSection\":[\"Archivo\"],\"inLanguage\":\"es\"},{\"@type\":\"WebPage\",\"@id\":\"https:\\\/\\\/interamerica.org\\\/es\\\/2005\\\/01\\\/iglesia-mundial-presidente-de-la-iglesia-dice-cada-victima-del-maremoto-es-preciosa\\\/\",\"url\":\"https:\\\/\\\/interamerica.org\\\/es\\\/2005\\\/01\\\/iglesia-mundial-presidente-de-la-iglesia-dice-cada-victima-del-maremoto-es-preciosa\\\/\",\"name\":\"Iglesia Mundial:\u00a0 Presidente de la Iglesia Dice, \\\"Cada V\u00edctima del Maremoto es preciosa\\\" - Iglesia Adventista del S\u00e9ptimo D\u00eda - Divisi\u00f3n Interamericana\",\"isPartOf\":{\"@id\":\"https:\\\/\\\/interamerica.org\\\/es\\\/#website\"},\"datePublished\":\"2005-01-06T04:00:00+00:00\",\"dateModified\":\"2017-06-02T13:18:06+00:00\",\"author\":{\"@id\":\"https:\\\/\\\/interamerica.org\\\/es\\\/#\\\/schema\\\/person\\\/68ede8bdc292885bb76c1e3810e73c39\"},\"breadcrumb\":{\"@id\":\"https:\\\/\\\/interamerica.org\\\/es\\\/2005\\\/01\\\/iglesia-mundial-presidente-de-la-iglesia-dice-cada-victima-del-maremoto-es-preciosa\\\/#breadcrumb\"},\"inLanguage\":\"es\",\"potentialAction\":[{\"@type\":\"ReadAction\",\"target\":[\"https:\\\/\\\/interamerica.org\\\/es\\\/2005\\\/01\\\/iglesia-mundial-presidente-de-la-iglesia-dice-cada-victima-del-maremoto-es-preciosa\\\/\"]}]},{\"@type\":\"BreadcrumbList\",\"@id\":\"https:\\\/\\\/interamerica.org\\\/es\\\/2005\\\/01\\\/iglesia-mundial-presidente-de-la-iglesia-dice-cada-victima-del-maremoto-es-preciosa\\\/#breadcrumb\",\"itemListElement\":[{\"@type\":\"ListItem\",\"position\":1,\"name\":\"Home\",\"item\":\"https:\\\/\\\/interamerica.org\\\/es\\\/\"},{\"@type\":\"ListItem\",\"position\":2,\"name\":\"Iglesia Mundial:\u00a0 Presidente de la Iglesia Dice, \u00abCada V\u00edctima del Maremoto es preciosa\u00bb\"}]},{\"@type\":\"WebSite\",\"@id\":\"https:\\\/\\\/interamerica.org\\\/es\\\/#website\",\"url\":\"https:\\\/\\\/interamerica.org\\\/es\\\/\",\"name\":\"Iglesia Adventista del S\u00e9ptimo D\u00eda - Divisi\u00f3n Interamericana\",\"description\":\"\",\"potentialAction\":[{\"@type\":\"SearchAction\",\"target\":{\"@type\":\"EntryPoint\",\"urlTemplate\":\"https:\\\/\\\/interamerica.org\\\/es\\\/?s={search_term_string}\"},\"query-input\":{\"@type\":\"PropertyValueSpecification\",\"valueRequired\":true,\"valueName\":\"search_term_string\"}}],\"inLanguage\":\"es\"},{\"@type\":\"Person\",\"@id\":\"https:\\\/\\\/interamerica.org\\\/es\\\/#\\\/schema\\\/person\\\/68ede8bdc292885bb76c1e3810e73c39\",\"name\":\"Lorenzo Verduzco\",\"image\":{\"@type\":\"ImageObject\",\"inLanguage\":\"es\",\"@id\":\"https:\\\/\\\/secure.gravatar.com\\\/avatar\\\/fb81a55b6218459490a9c1dc841a34909185b81904c5337b4b27f7a6fd60c49e?s=96&d=mm&r=g\",\"url\":\"https:\\\/\\\/secure.gravatar.com\\\/avatar\\\/fb81a55b6218459490a9c1dc841a34909185b81904c5337b4b27f7a6fd60c49e?s=96&d=mm&r=g\",\"contentUrl\":\"https:\\\/\\\/secure.gravatar.com\\\/avatar\\\/fb81a55b6218459490a9c1dc841a34909185b81904c5337b4b27f7a6fd60c49e?s=96&d=mm&r=g\",\"caption\":\"Lorenzo Verduzco\"}}]}<\/script>\n<!-- \/ Yoast SEO plugin. -->","yoast_head_json":{"title":"Iglesia Mundial:\u00a0 Presidente de la Iglesia Dice, \"Cada V\u00edctima del Maremoto es preciosa\" - Iglesia Adventista del S\u00e9ptimo D\u00eda - Divisi\u00f3n Interamericana","robots":{"index":"index","follow":"follow","max-snippet":"max-snippet:-1","max-image-preview":"max-image-preview:large","max-video-preview":"max-video-preview:-1"},"canonical":"https:\/\/interamerica.org\/es\/2005\/01\/iglesia-mundial-presidente-de-la-iglesia-dice-cada-victima-del-maremoto-es-preciosa\/","og_locale":"es_ES","og_type":"article","og_title":"Iglesia Mundial:\u00a0 Presidente de la Iglesia Dice, \"Cada V\u00edctima del Maremoto es preciosa\" - Iglesia Adventista del S\u00e9ptimo D\u00eda - Divisi\u00f3n Interamericana","og_description":"\"En medio de este dolor y sufrimiento, Dios no olvida a esta gente. Cada uno es precioso para \u00e9l\", dijo el Pastor Jan Paulsen.","og_url":"https:\/\/interamerica.org\/es\/2005\/01\/iglesia-mundial-presidente-de-la-iglesia-dice-cada-victima-del-maremoto-es-preciosa\/","og_site_name":"Iglesia Adventista del S\u00e9ptimo D\u00eda - Divisi\u00f3n Interamericana","article_published_time":"2005-01-06T04:00:00+00:00","article_modified_time":"2017-06-02T13:18:06+00:00","author":"Lorenzo Verduzco","twitter_card":"summary_large_image","twitter_misc":{"Escrito por":"Lorenzo Verduzco","Tiempo de lectura":"2 minutos"},"schema":{"@context":"https:\/\/schema.org","@graph":[{"@type":"Article","@id":"https:\/\/interamerica.org\/es\/2005\/01\/iglesia-mundial-presidente-de-la-iglesia-dice-cada-victima-del-maremoto-es-preciosa\/#article","isPartOf":{"@id":"https:\/\/interamerica.org\/es\/2005\/01\/iglesia-mundial-presidente-de-la-iglesia-dice-cada-victima-del-maremoto-es-preciosa\/"},"author":{"name":"Lorenzo Verduzco","@id":"https:\/\/interamerica.org\/es\/#\/schema\/person\/68ede8bdc292885bb76c1e3810e73c39"},"headline":"Iglesia Mundial:\u00a0 Presidente de la Iglesia Dice, \u00abCada V\u00edctima del Maremoto es preciosa\u00bb","datePublished":"2005-01-06T04:00:00+00:00","dateModified":"2017-06-02T13:18:06+00:00","mainEntityOfPage":{"@id":"https:\/\/interamerica.org\/es\/2005\/01\/iglesia-mundial-presidente-de-la-iglesia-dice-cada-victima-del-maremoto-es-preciosa\/"},"wordCount":465,"articleSection":["Archivo"],"inLanguage":"es"},{"@type":"WebPage","@id":"https:\/\/interamerica.org\/es\/2005\/01\/iglesia-mundial-presidente-de-la-iglesia-dice-cada-victima-del-maremoto-es-preciosa\/","url":"https:\/\/interamerica.org\/es\/2005\/01\/iglesia-mundial-presidente-de-la-iglesia-dice-cada-victima-del-maremoto-es-preciosa\/","name":"Iglesia Mundial:\u00a0 Presidente de la Iglesia Dice, \"Cada V\u00edctima del Maremoto es preciosa\" - Iglesia Adventista del S\u00e9ptimo D\u00eda - Divisi\u00f3n Interamericana","isPartOf":{"@id":"https:\/\/interamerica.org\/es\/#website"},"datePublished":"2005-01-06T04:00:00+00:00","dateModified":"2017-06-02T13:18:06+00:00","author":{"@id":"https:\/\/interamerica.org\/es\/#\/schema\/person\/68ede8bdc292885bb76c1e3810e73c39"},"breadcrumb":{"@id":"https:\/\/interamerica.org\/es\/2005\/01\/iglesia-mundial-presidente-de-la-iglesia-dice-cada-victima-del-maremoto-es-preciosa\/#breadcrumb"},"inLanguage":"es","potentialAction":[{"@type":"ReadAction","target":["https:\/\/interamerica.org\/es\/2005\/01\/iglesia-mundial-presidente-de-la-iglesia-dice-cada-victima-del-maremoto-es-preciosa\/"]}]},{"@type":"BreadcrumbList","@id":"https:\/\/interamerica.org\/es\/2005\/01\/iglesia-mundial-presidente-de-la-iglesia-dice-cada-victima-del-maremoto-es-preciosa\/#breadcrumb","itemListElement":[{"@type":"ListItem","position":1,"name":"Home","item":"https:\/\/interamerica.org\/es\/"},{"@type":"ListItem","position":2,"name":"Iglesia Mundial:\u00a0 Presidente de la Iglesia Dice, \u00abCada V\u00edctima del Maremoto es preciosa\u00bb"}]},{"@type":"WebSite","@id":"https:\/\/interamerica.org\/es\/#website","url":"https:\/\/interamerica.org\/es\/","name":"Iglesia Adventista del S\u00e9ptimo D\u00eda - Divisi\u00f3n Interamericana","description":"","potentialAction":[{"@type":"SearchAction","target":{"@type":"EntryPoint","urlTemplate":"https:\/\/interamerica.org\/es\/?s={search_term_string}"},"query-input":{"@type":"PropertyValueSpecification","valueRequired":true,"valueName":"search_term_string"}}],"inLanguage":"es"},{"@type":"Person","@id":"https:\/\/interamerica.org\/es\/#\/schema\/person\/68ede8bdc292885bb76c1e3810e73c39","name":"Lorenzo Verduzco","image":{"@type":"ImageObject","inLanguage":"es","@id":"https:\/\/secure.gravatar.com\/avatar\/fb81a55b6218459490a9c1dc841a34909185b81904c5337b4b27f7a6fd60c49e?s=96&d=mm&r=g","url":"https:\/\/secure.gravatar.com\/avatar\/fb81a55b6218459490a9c1dc841a34909185b81904c5337b4b27f7a6fd60c49e?s=96&d=mm&r=g","contentUrl":"https:\/\/secure.gravatar.com\/avatar\/fb81a55b6218459490a9c1dc841a34909185b81904c5337b4b27f7a6fd60c49e?s=96&d=mm&r=g","caption":"Lorenzo Verduzco"}}]}},"_links":{"self":[{"href":"https:\/\/interamerica.org\/es\/wp-json\/wp\/v2\/posts\/10439","targetHints":{"allow":["GET"]}}],"collection":[{"href":"https:\/\/interamerica.org\/es\/wp-json\/wp\/v2\/posts"}],"about":[{"href":"https:\/\/interamerica.org\/es\/wp-json\/wp\/v2\/types\/post"}],"author":[{"embeddable":true,"href":"https:\/\/interamerica.org\/es\/wp-json\/wp\/v2\/users\/1"}],"replies":[{"embeddable":true,"href":"https:\/\/interamerica.org\/es\/wp-json\/wp\/v2\/comments?post=10439"}],"version-history":[{"count":0,"href":"https:\/\/interamerica.org\/es\/wp-json\/wp\/v2\/posts\/10439\/revisions"}],"wp:attachment":[{"href":"https:\/\/interamerica.org\/es\/wp-json\/wp\/v2\/media?parent=10439"}],"wp:term":[{"taxonomy":"category","embeddable":true,"href":"https:\/\/interamerica.org\/es\/wp-json\/wp\/v2\/categories?post=10439"},{"taxonomy":"post_tag","embeddable":true,"href":"https:\/\/interamerica.org\/es\/wp-json\/wp\/v2\/tags?post=10439"}],"curies":[{"name":"wp","href":"https:\/\/api.w.org\/{rel}","templated":true}]}}