{"id":10440,"date":"2005-01-06T00:00:00","date_gmt":"2005-01-06T04:00:00","guid":{"rendered":"http:\/\/192.81.217.108\/interamerica\/2005\/01\/india-hay-adventistas-entre-quienes-murieron-y-sufrieron-perdidas-en-el-tsunami-la-ayuda-continua\/"},"modified":"2017-06-02T09:18:07","modified_gmt":"2017-06-02T13:18:07","slug":"india-hay-adventistas-entre-quienes-murieron-y-sufrieron-perdidas-en-el-tsunami-la-ayuda-continua","status":"publish","type":"post","link":"https:\/\/interamerica.org\/es\/2005\/01\/india-hay-adventistas-entre-quienes-murieron-y-sufrieron-perdidas-en-el-tsunami-la-ayuda-continua\/","title":{"rendered":"India: Hay adventistas Entre Quienes Murieron y Sufrieron P\u00e9rdidas en el Tsunami; La Ayuda Contin\u00faa"},"content":{"rendered":"<p>Chennai, Tamil Nadu, India &#8230;. [Personal de ANN]<\/p>\n<p>Se conoce que nueve adventistas del s\u00e9ptimo d\u00eda &#8211;tres ni\u00f1os y seis adultos&#8211; est\u00e1n entre los fallecidos en 20 congregaciones localizadas alrededor de la Bah\u00eda de Bengala, parte de la regi\u00f3n sudasi\u00e1tica golpeada por un tsunami mortal el 26 de diciembre de 2004, reportaron los l\u00edderes de la iglesia. Familias en cada una de las 20 congregaciones sufrieron severas p\u00e9rdidas tanto en sus propiedades\u00a0como\u00a0en sus\u00a0negocios.<\/p>\n<p>Est\u00e1 llegando ayuda a la regi\u00f3n de parte de miembros de la Iglesia Adventista del S\u00e9ptimo D\u00eda, as\u00ed como de la Agencia Adventista de Desarrollo y Recursos Asistenciales (ADRA). Mientras la ayuda de ADRA est\u00e1 dirigida a todos los necesitados en general, los miembros de la familia adventista mundial est\u00e1n tratando de ayudar a sus hermanos en la India.<\/p>\n<p>En la regi\u00f3n de Tamil Nadu, ADRA contin\u00faa proveyendo alimento a 7,250 personas internamente desplazadas (PID). Dos unidades purificadoras de agua tambi\u00e9n est\u00e1n proveyendo agua potable para esta regi\u00f3n.<\/p>\n<p>Al mismo tiempo, las p\u00e9rdidas entre los miembros de la familia adventista de creyentes est\u00e1n siendo sentidas profundamente. No hay noticias disponibles desde todas las \u00e1reas afectadas por el desastre. Sin embargo, los oficiales de la sede regional de la iglesia en la India han informado detalles acerca del impacto local intenso de la tragedia.<\/p>\n<p>En la regi\u00f3n\u00a0de Tamil del\u00a0Sur, en Periyathazhai, 300 familias est\u00e1n recibiendo tres comidas al d\u00eda en el edificio de una iglesia adventista.\u00a0Todos ellos son\u00a0pescadores, e incluyen 30 familias adventistas en dos poblaciones, quienes perdieron sus botes y redes de pesca.<\/p>\n<p>En Idinthakarai, una poblaci\u00f3n pesquera en la costa de Tutucorin, 10 familias adventistas perdieron sus botes y redes de pesca, y permanecen en una iglesia adventista cerca de Vallioor. All\u00ed, donde se espera que las familias sufrir\u00e1n p\u00e9rdidas econ\u00f3micas durante, por lo menos, tres meses, la iglesia est\u00e1 alimentando a 50 personas, con tres comidas al d\u00eda.<\/p>\n<p>Hay siete iglesias adventistas en la Isla de Rameswaram, cuya membres\u00eda incluye 40 familias pescadoras; a todas ellas se les ha\u00a0pedido desalojar sus pueblos de origen. Una nueva iglesia estaba programada para ser organizada ah\u00ed el primero de enero, pero eso no fue posible, porque a nadie se le ha permitido regresar a la isla.<\/p>\n<p>En una poblaci\u00f3n de Karaikal, muchas familias adventistas sufrieron p\u00e9rdidas individuales, y los materiales de construcci\u00f3n para una nueva escuela \u2013avaluados en 5.000 d\u00f3lares,tambi\u00e9n se perdieron en el maremoto. El esc\u00fater motorizado del pastor local se da\u00f1\u00f3, y tambi\u00e9n su bicicleta, ambos esenciales en su tarea de llegar a la comunidad. El edificio de la iglesia local tambi\u00e9n result\u00f3 averiado. En una segunda aldea, 20 familias que se estaban preparando para el bautismo estuvieron entre las 600 familias que perdieron todo, incluyendo sus casas.<\/p>\n<p>La regi\u00f3n Norte de Tamil tambi\u00e9n fue afectada. En Cuddalore hay 15 familias adventistas cuyas casas sufrieron da\u00f1os. En Pondicherry, las casas de 10 familias de miembros adventistas sufrieron da\u00f1os. La Iglesia Adventista est\u00e1 alimentando 200 personas en Pondicherry diariamente.<\/p>\n<p>Tambi\u00e9n fueron golpeadas las Islas Andam\u00e1n y Nicobar, en las cuales la obra adventista est\u00e1 concentrada en Puerto Blair. La iglesia, sin embargo, result\u00f3 da\u00f1ada, y necesitar\u00e1 ser reemplazada, reportan los oficiales. En las Islas Nicobar, un anciano de iglesia ten\u00eda un taller de muebles, que tambi\u00e9n fue arrasado por las olas.<\/p>\n<p>Los oficiales adventistas tambi\u00e9n se reunieron con el primer ministro del estado de Kerala, Sr. Om\u00e1n Chandy, y donaron fondos para actividades de asistencia social en el estado. La iglesia tambi\u00e9n est\u00e1 distribuyendo arroz a las personas afectadas en la regi\u00f3n.<\/p>\n<p>\u201cLa Iglesia Adventista en Asia del Sur est\u00e1 haciendo lo que puede para ayudar a cuidar de nuestros miembros\u201d, dijo el pastor D. Ronald Watts, presidente de la iglesia en Asia del Sur. \u201cActualmente, s\u00f3lo estamos dando alimentaci\u00f3n y ayudas inmediatas en la medida de lo necesario. Tendremos m\u00e1s ayuda para la gente, en tanto est\u00e9n disponibles fondos para ayudar a los miembros\u201d, dijo \u00e9l.<\/p>\n<p>M\u00e1s de 750.000 adventistas del s\u00e9ptimo d\u00eda adoran semanalmente en casi 2.000 congregaciones en la regi\u00f3n de Asia del Sur.<\/p>\n<p><strong>Derechos Reservados \u00ae por Adventist News Network.<\/strong><\/p>\n","protected":false},"excerpt":{"rendered":"<p>Nueve adventistas del s\u00e9ptimo d\u00eda &#8211;tres ni\u00f1os y seis adultos&#8211; est\u00e1n entre los fallecidos en 20 congregaciones localizadas alrededor de la Bah\u00eda de Bengala<\/p>\n","protected":false},"author":1,"featured_media":0,"comment_status":"closed","ping_status":"closed","sticky":false,"template":"","format":"standard","meta":{"_acf_changed":false,"footnotes":""},"categories":[8],"tags":[],"class_list":["post-10440","post","type-post","status-publish","format-standard","hentry","category-archivo"],"acf":[],"yoast_head":"<!-- This site is optimized with the Yoast SEO plugin v27.3 - https:\/\/yoast.com\/product\/yoast-seo-wordpress\/ -->\n<title>India: Hay adventistas Entre Quienes Murieron y Sufrieron P\u00e9rdidas en el Tsunami; La Ayuda Contin\u00faa - Iglesia Adventista del S\u00e9ptimo D\u00eda - Divisi\u00f3n Interamericana<\/title>\n<meta name=\"robots\" content=\"index, follow, max-snippet:-1, max-image-preview:large, max-video-preview:-1\" \/>\n<link rel=\"canonical\" href=\"https:\/\/interamerica.org\/es\/2005\/01\/india-hay-adventistas-entre-quienes-murieron-y-sufrieron-perdidas-en-el-tsunami-la-ayuda-continua\/\" \/>\n<meta property=\"og:locale\" content=\"es_ES\" \/>\n<meta property=\"og:type\" content=\"article\" \/>\n<meta property=\"og:title\" content=\"India: Hay adventistas Entre Quienes Murieron y Sufrieron P\u00e9rdidas en el Tsunami; La Ayuda Contin\u00faa - Iglesia Adventista del S\u00e9ptimo D\u00eda - Divisi\u00f3n Interamericana\" \/>\n<meta property=\"og:description\" content=\"Nueve adventistas del s\u00e9ptimo d\u00eda --tres ni\u00f1os y seis adultos-- est\u00e1n entre los fallecidos en 20 congregaciones localizadas alrededor de la Bah\u00eda de Bengala\" \/>\n<meta property=\"og:url\" content=\"https:\/\/interamerica.org\/es\/2005\/01\/india-hay-adventistas-entre-quienes-murieron-y-sufrieron-perdidas-en-el-tsunami-la-ayuda-continua\/\" \/>\n<meta property=\"og:site_name\" content=\"Iglesia Adventista del S\u00e9ptimo D\u00eda - Divisi\u00f3n Interamericana\" \/>\n<meta property=\"article:published_time\" content=\"2005-01-06T04:00:00+00:00\" \/>\n<meta property=\"article:modified_time\" content=\"2017-06-02T13:18:07+00:00\" \/>\n<meta name=\"author\" content=\"Lorenzo Verduzco\" \/>\n<meta name=\"twitter:card\" content=\"summary_large_image\" \/>\n<meta name=\"twitter:label1\" content=\"Escrito por\" \/>\n\t<meta name=\"twitter:data1\" content=\"Lorenzo Verduzco\" \/>\n\t<meta name=\"twitter:label2\" content=\"Tiempo de lectura\" \/>\n\t<meta name=\"twitter:data2\" content=\"4 minutos\" \/>\n<script type=\"application\/ld+json\" class=\"yoast-schema-graph\">{\"@context\":\"https:\\\/\\\/schema.org\",\"@graph\":[{\"@type\":\"Article\",\"@id\":\"https:\\\/\\\/interamerica.org\\\/es\\\/2005\\\/01\\\/india-hay-adventistas-entre-quienes-murieron-y-sufrieron-perdidas-en-el-tsunami-la-ayuda-continua\\\/#article\",\"isPartOf\":{\"@id\":\"https:\\\/\\\/interamerica.org\\\/es\\\/2005\\\/01\\\/india-hay-adventistas-entre-quienes-murieron-y-sufrieron-perdidas-en-el-tsunami-la-ayuda-continua\\\/\"},\"author\":{\"name\":\"Lorenzo Verduzco\",\"@id\":\"https:\\\/\\\/interamerica.org\\\/es\\\/#\\\/schema\\\/person\\\/68ede8bdc292885bb76c1e3810e73c39\"},\"headline\":\"India: Hay adventistas Entre Quienes Murieron y Sufrieron P\u00e9rdidas en el Tsunami; La Ayuda Contin\u00faa\",\"datePublished\":\"2005-01-06T04:00:00+00:00\",\"dateModified\":\"2017-06-02T13:18:07+00:00\",\"mainEntityOfPage\":{\"@id\":\"https:\\\/\\\/interamerica.org\\\/es\\\/2005\\\/01\\\/india-hay-adventistas-entre-quienes-murieron-y-sufrieron-perdidas-en-el-tsunami-la-ayuda-continua\\\/\"},\"wordCount\":741,\"articleSection\":[\"Archivo\"],\"inLanguage\":\"es\"},{\"@type\":\"WebPage\",\"@id\":\"https:\\\/\\\/interamerica.org\\\/es\\\/2005\\\/01\\\/india-hay-adventistas-entre-quienes-murieron-y-sufrieron-perdidas-en-el-tsunami-la-ayuda-continua\\\/\",\"url\":\"https:\\\/\\\/interamerica.org\\\/es\\\/2005\\\/01\\\/india-hay-adventistas-entre-quienes-murieron-y-sufrieron-perdidas-en-el-tsunami-la-ayuda-continua\\\/\",\"name\":\"India: Hay adventistas Entre Quienes Murieron y Sufrieron P\u00e9rdidas en el Tsunami; La Ayuda Contin\u00faa - Iglesia Adventista del S\u00e9ptimo D\u00eda - Divisi\u00f3n Interamericana\",\"isPartOf\":{\"@id\":\"https:\\\/\\\/interamerica.org\\\/es\\\/#website\"},\"datePublished\":\"2005-01-06T04:00:00+00:00\",\"dateModified\":\"2017-06-02T13:18:07+00:00\",\"author\":{\"@id\":\"https:\\\/\\\/interamerica.org\\\/es\\\/#\\\/schema\\\/person\\\/68ede8bdc292885bb76c1e3810e73c39\"},\"breadcrumb\":{\"@id\":\"https:\\\/\\\/interamerica.org\\\/es\\\/2005\\\/01\\\/india-hay-adventistas-entre-quienes-murieron-y-sufrieron-perdidas-en-el-tsunami-la-ayuda-continua\\\/#breadcrumb\"},\"inLanguage\":\"es\",\"potentialAction\":[{\"@type\":\"ReadAction\",\"target\":[\"https:\\\/\\\/interamerica.org\\\/es\\\/2005\\\/01\\\/india-hay-adventistas-entre-quienes-murieron-y-sufrieron-perdidas-en-el-tsunami-la-ayuda-continua\\\/\"]}]},{\"@type\":\"BreadcrumbList\",\"@id\":\"https:\\\/\\\/interamerica.org\\\/es\\\/2005\\\/01\\\/india-hay-adventistas-entre-quienes-murieron-y-sufrieron-perdidas-en-el-tsunami-la-ayuda-continua\\\/#breadcrumb\",\"itemListElement\":[{\"@type\":\"ListItem\",\"position\":1,\"name\":\"Home\",\"item\":\"https:\\\/\\\/interamerica.org\\\/es\\\/\"},{\"@type\":\"ListItem\",\"position\":2,\"name\":\"India: Hay adventistas Entre Quienes Murieron y Sufrieron P\u00e9rdidas en el Tsunami; La Ayuda Contin\u00faa\"}]},{\"@type\":\"WebSite\",\"@id\":\"https:\\\/\\\/interamerica.org\\\/es\\\/#website\",\"url\":\"https:\\\/\\\/interamerica.org\\\/es\\\/\",\"name\":\"Iglesia Adventista del S\u00e9ptimo D\u00eda - Divisi\u00f3n Interamericana\",\"description\":\"\",\"potentialAction\":[{\"@type\":\"SearchAction\",\"target\":{\"@type\":\"EntryPoint\",\"urlTemplate\":\"https:\\\/\\\/interamerica.org\\\/es\\\/?s={search_term_string}\"},\"query-input\":{\"@type\":\"PropertyValueSpecification\",\"valueRequired\":true,\"valueName\":\"search_term_string\"}}],\"inLanguage\":\"es\"},{\"@type\":\"Person\",\"@id\":\"https:\\\/\\\/interamerica.org\\\/es\\\/#\\\/schema\\\/person\\\/68ede8bdc292885bb76c1e3810e73c39\",\"name\":\"Lorenzo Verduzco\",\"image\":{\"@type\":\"ImageObject\",\"inLanguage\":\"es\",\"@id\":\"https:\\\/\\\/secure.gravatar.com\\\/avatar\\\/fb81a55b6218459490a9c1dc841a34909185b81904c5337b4b27f7a6fd60c49e?s=96&d=mm&r=g\",\"url\":\"https:\\\/\\\/secure.gravatar.com\\\/avatar\\\/fb81a55b6218459490a9c1dc841a34909185b81904c5337b4b27f7a6fd60c49e?s=96&d=mm&r=g\",\"contentUrl\":\"https:\\\/\\\/secure.gravatar.com\\\/avatar\\\/fb81a55b6218459490a9c1dc841a34909185b81904c5337b4b27f7a6fd60c49e?s=96&d=mm&r=g\",\"caption\":\"Lorenzo Verduzco\"}}]}<\/script>\n<!-- \/ Yoast SEO plugin. -->","yoast_head_json":{"title":"India: Hay adventistas Entre Quienes Murieron y Sufrieron P\u00e9rdidas en el Tsunami; La Ayuda Contin\u00faa - Iglesia Adventista del S\u00e9ptimo D\u00eda - Divisi\u00f3n Interamericana","robots":{"index":"index","follow":"follow","max-snippet":"max-snippet:-1","max-image-preview":"max-image-preview:large","max-video-preview":"max-video-preview:-1"},"canonical":"https:\/\/interamerica.org\/es\/2005\/01\/india-hay-adventistas-entre-quienes-murieron-y-sufrieron-perdidas-en-el-tsunami-la-ayuda-continua\/","og_locale":"es_ES","og_type":"article","og_title":"India: Hay adventistas Entre Quienes Murieron y Sufrieron P\u00e9rdidas en el Tsunami; La Ayuda Contin\u00faa - Iglesia Adventista del S\u00e9ptimo D\u00eda - Divisi\u00f3n Interamericana","og_description":"Nueve adventistas del s\u00e9ptimo d\u00eda --tres ni\u00f1os y seis adultos-- est\u00e1n entre los fallecidos en 20 congregaciones localizadas alrededor de la Bah\u00eda de Bengala","og_url":"https:\/\/interamerica.org\/es\/2005\/01\/india-hay-adventistas-entre-quienes-murieron-y-sufrieron-perdidas-en-el-tsunami-la-ayuda-continua\/","og_site_name":"Iglesia Adventista del S\u00e9ptimo D\u00eda - Divisi\u00f3n Interamericana","article_published_time":"2005-01-06T04:00:00+00:00","article_modified_time":"2017-06-02T13:18:07+00:00","author":"Lorenzo Verduzco","twitter_card":"summary_large_image","twitter_misc":{"Escrito por":"Lorenzo Verduzco","Tiempo de lectura":"4 minutos"},"schema":{"@context":"https:\/\/schema.org","@graph":[{"@type":"Article","@id":"https:\/\/interamerica.org\/es\/2005\/01\/india-hay-adventistas-entre-quienes-murieron-y-sufrieron-perdidas-en-el-tsunami-la-ayuda-continua\/#article","isPartOf":{"@id":"https:\/\/interamerica.org\/es\/2005\/01\/india-hay-adventistas-entre-quienes-murieron-y-sufrieron-perdidas-en-el-tsunami-la-ayuda-continua\/"},"author":{"name":"Lorenzo Verduzco","@id":"https:\/\/interamerica.org\/es\/#\/schema\/person\/68ede8bdc292885bb76c1e3810e73c39"},"headline":"India: Hay adventistas Entre Quienes Murieron y Sufrieron P\u00e9rdidas en el Tsunami; La Ayuda Contin\u00faa","datePublished":"2005-01-06T04:00:00+00:00","dateModified":"2017-06-02T13:18:07+00:00","mainEntityOfPage":{"@id":"https:\/\/interamerica.org\/es\/2005\/01\/india-hay-adventistas-entre-quienes-murieron-y-sufrieron-perdidas-en-el-tsunami-la-ayuda-continua\/"},"wordCount":741,"articleSection":["Archivo"],"inLanguage":"es"},{"@type":"WebPage","@id":"https:\/\/interamerica.org\/es\/2005\/01\/india-hay-adventistas-entre-quienes-murieron-y-sufrieron-perdidas-en-el-tsunami-la-ayuda-continua\/","url":"https:\/\/interamerica.org\/es\/2005\/01\/india-hay-adventistas-entre-quienes-murieron-y-sufrieron-perdidas-en-el-tsunami-la-ayuda-continua\/","name":"India: Hay adventistas Entre Quienes Murieron y Sufrieron P\u00e9rdidas en el Tsunami; La Ayuda Contin\u00faa - Iglesia Adventista del S\u00e9ptimo D\u00eda - Divisi\u00f3n Interamericana","isPartOf":{"@id":"https:\/\/interamerica.org\/es\/#website"},"datePublished":"2005-01-06T04:00:00+00:00","dateModified":"2017-06-02T13:18:07+00:00","author":{"@id":"https:\/\/interamerica.org\/es\/#\/schema\/person\/68ede8bdc292885bb76c1e3810e73c39"},"breadcrumb":{"@id":"https:\/\/interamerica.org\/es\/2005\/01\/india-hay-adventistas-entre-quienes-murieron-y-sufrieron-perdidas-en-el-tsunami-la-ayuda-continua\/#breadcrumb"},"inLanguage":"es","potentialAction":[{"@type":"ReadAction","target":["https:\/\/interamerica.org\/es\/2005\/01\/india-hay-adventistas-entre-quienes-murieron-y-sufrieron-perdidas-en-el-tsunami-la-ayuda-continua\/"]}]},{"@type":"BreadcrumbList","@id":"https:\/\/interamerica.org\/es\/2005\/01\/india-hay-adventistas-entre-quienes-murieron-y-sufrieron-perdidas-en-el-tsunami-la-ayuda-continua\/#breadcrumb","itemListElement":[{"@type":"ListItem","position":1,"name":"Home","item":"https:\/\/interamerica.org\/es\/"},{"@type":"ListItem","position":2,"name":"India: Hay adventistas Entre Quienes Murieron y Sufrieron P\u00e9rdidas en el Tsunami; La Ayuda Contin\u00faa"}]},{"@type":"WebSite","@id":"https:\/\/interamerica.org\/es\/#website","url":"https:\/\/interamerica.org\/es\/","name":"Iglesia Adventista del S\u00e9ptimo D\u00eda - Divisi\u00f3n Interamericana","description":"","potentialAction":[{"@type":"SearchAction","target":{"@type":"EntryPoint","urlTemplate":"https:\/\/interamerica.org\/es\/?s={search_term_string}"},"query-input":{"@type":"PropertyValueSpecification","valueRequired":true,"valueName":"search_term_string"}}],"inLanguage":"es"},{"@type":"Person","@id":"https:\/\/interamerica.org\/es\/#\/schema\/person\/68ede8bdc292885bb76c1e3810e73c39","name":"Lorenzo Verduzco","image":{"@type":"ImageObject","inLanguage":"es","@id":"https:\/\/secure.gravatar.com\/avatar\/fb81a55b6218459490a9c1dc841a34909185b81904c5337b4b27f7a6fd60c49e?s=96&d=mm&r=g","url":"https:\/\/secure.gravatar.com\/avatar\/fb81a55b6218459490a9c1dc841a34909185b81904c5337b4b27f7a6fd60c49e?s=96&d=mm&r=g","contentUrl":"https:\/\/secure.gravatar.com\/avatar\/fb81a55b6218459490a9c1dc841a34909185b81904c5337b4b27f7a6fd60c49e?s=96&d=mm&r=g","caption":"Lorenzo Verduzco"}}]}},"_links":{"self":[{"href":"https:\/\/interamerica.org\/es\/wp-json\/wp\/v2\/posts\/10440","targetHints":{"allow":["GET"]}}],"collection":[{"href":"https:\/\/interamerica.org\/es\/wp-json\/wp\/v2\/posts"}],"about":[{"href":"https:\/\/interamerica.org\/es\/wp-json\/wp\/v2\/types\/post"}],"author":[{"embeddable":true,"href":"https:\/\/interamerica.org\/es\/wp-json\/wp\/v2\/users\/1"}],"replies":[{"embeddable":true,"href":"https:\/\/interamerica.org\/es\/wp-json\/wp\/v2\/comments?post=10440"}],"version-history":[{"count":0,"href":"https:\/\/interamerica.org\/es\/wp-json\/wp\/v2\/posts\/10440\/revisions"}],"wp:attachment":[{"href":"https:\/\/interamerica.org\/es\/wp-json\/wp\/v2\/media?parent=10440"}],"wp:term":[{"taxonomy":"category","embeddable":true,"href":"https:\/\/interamerica.org\/es\/wp-json\/wp\/v2\/categories?post=10440"},{"taxonomy":"post_tag","embeddable":true,"href":"https:\/\/interamerica.org\/es\/wp-json\/wp\/v2\/tags?post=10440"}],"curies":[{"name":"wp","href":"https:\/\/api.w.org\/{rel}","templated":true}]}}