{"id":104415,"date":"2023-10-08T20:15:35","date_gmt":"2023-10-09T00:15:35","guid":{"rendered":"https:\/\/interamerica.org\/?p=104415"},"modified":"2023-10-09T10:04:03","modified_gmt":"2023-10-09T14:04:03","slug":"la-iglesia-adventista-hace-un-llamado-a-la-oracion-al-escalar-el-conflicto-en-oriente-medio","status":"publish","type":"post","link":"https:\/\/interamerica.org\/es\/2023\/10\/la-iglesia-adventista-hace-un-llamado-a-la-oracion-al-escalar-el-conflicto-en-oriente-medio\/","title":{"rendered":"La Iglesia Adventista hace un llamado a la oraci\u00f3n al escalar el conflicto en Oriente Medio"},"content":{"rendered":"<p>8 de octubre de 2023 | Silver Spring, Maryland, Estados Unidos | Adventist News Network<\/p>\n<p>La Iglesia Adventista del S\u00e9ptimo D\u00eda est\u00e1 enviando un urgente llamado a la oraci\u00f3n en virtud de los profundamente alarmantes eventos que han surgido entre el estado de Israel y la organizaci\u00f3n Ham\u00e1s. El conflicto surgi\u00f3 en forma impresionante en s\u00e1bado \u2014un d\u00eda tradicionalmente observado como un tiempo de paz y adoraci\u00f3n tanto para jud\u00edos como para adventistas. Los informes indican un devastador ataque por tierra, aire y mar lanzado por la organizaci\u00f3n Ham\u00e1s, involucrando 5,000 misiles y una infiltraci\u00f3n significativa en el territorio de Israel. El primer ministro de Israel, Benjam\u00edn Netanyahu, ha convocado a fuerzas de reserva para apoyar al pa\u00eds durante este conflicto y se ha registrado una tr\u00e1gica p\u00e9rdida de vidas y heridos en ambos bandos. Reconocemos el dolor y el sufrimiento experimentados por todos aquellos afectados por este conflicto.<\/p>\n<p>La iglesia Adventista cuenta con una modesta, pero significativa presencia en Israel, con 15 iglesias y 839 miembros. Al presente, ninguna de nuestras congregaciones ha sido directamente impactada por el actual conflicto. La escalada de violencia posa serios desaf\u00edos para nuestros miembros de iglesia en Israel, incluyendo preocupaci\u00f3n por su seguridad y la continuaci\u00f3n de las actividades regulares de la iglesia. La situaci\u00f3n despierta tambi\u00e9n interrogantes acerca de c\u00f3mo ofrecer de la mejor manera apoyo espiritual y, en lo posible, apoyo humanitario durante estos tiempos dif\u00edciles.<\/p>\n<p>Al navegar a trav\u00e9s de estos tiempos turbulentos, nuestras oraciones colectivas enfocan su atenci\u00f3n en varias zonas cruciales. Rogamos fervientemente por un alto inmediato a las hostilidades, pidiendo a Dios que abra las avenidas para discusiones diplom\u00e1ticas que puedan poner un r\u00e1pido fin a la violencia y prevenir m\u00e1s p\u00e9rdidas de vidas inocentes. Nuestro coraz\u00f3n y oraciones est\u00e1n tambi\u00e9n dirigidos hacia la protecci\u00f3n de todos los civiles atrapados dentro de este conflicto, incluyendo a los miembros adventistas de la comunidad en Israel. Oramos por la protecci\u00f3n de Dios y por refugios seguros en estos tiempos peligrosos.<\/p>\n<p>Mientras que las ense\u00f1anzas adventistas indican que van a levantarse guerras y conflictos antes de la Segunda Venida de Cristo, el hecho no disminuye nuestro deseo porque haya paz y nuestro compromiso de ser embajadores del amor de Cristo en un mundo en desesperada necesidad de ambas cosas. Invitamos a nuestra comunidad adventista global a unirse en oraci\u00f3n y prop\u00f3sito, confiando en que Dios obrar\u00e1 en formas milagrosas.<\/p>\n<p>Traducci\u00f3n \u2013 Gloria A. Castrej\u00f3n<\/p>\n<p>&nbsp;<\/p>\n","protected":false},"excerpt":{"rendered":"<p>8 de octubre de 2023 | Silver Spring, Maryland, Estados Unidos | Adventist News Network La Iglesia Adventista del S\u00e9ptimo D\u00eda est\u00e1 enviando un urgente llamado a la oraci\u00f3n en&#8230;<\/p>\n","protected":false},"author":3,"featured_media":104392,"comment_status":"closed","ping_status":"closed","sticky":false,"template":"","format":"standard","meta":{"_acf_changed":false,"footnotes":""},"categories":[14,15],"tags":[],"class_list":["post-104415","post","type-post","status-publish","format-standard","has-post-thumbnail","hentry","category-de-la-iglesia-mundial","category-rss-espanol"],"acf":[],"yoast_head":"<!-- This site is optimized with the Yoast SEO plugin v27.3 - https:\/\/yoast.com\/product\/yoast-seo-wordpress\/ -->\n<title>La Iglesia Adventista hace un llamado a la oraci\u00f3n al escalar el conflicto en Oriente Medio - Iglesia Adventista del S\u00e9ptimo D\u00eda - Divisi\u00f3n Interamericana<\/title>\n<meta name=\"robots\" content=\"index, follow, max-snippet:-1, max-image-preview:large, max-video-preview:-1\" \/>\n<link rel=\"canonical\" href=\"https:\/\/interamerica.org\/es\/2023\/10\/la-iglesia-adventista-hace-un-llamado-a-la-oracion-al-escalar-el-conflicto-en-oriente-medio\/\" \/>\n<meta property=\"og:locale\" content=\"es_ES\" \/>\n<meta property=\"og:type\" content=\"article\" \/>\n<meta property=\"og:title\" content=\"La Iglesia Adventista hace un llamado a la oraci\u00f3n al escalar el conflicto en Oriente Medio - Iglesia Adventista del S\u00e9ptimo D\u00eda - Divisi\u00f3n Interamericana\" \/>\n<meta property=\"og:description\" content=\"8 de octubre de 2023 | Silver Spring, Maryland, Estados Unidos | Adventist News Network La Iglesia Adventista del S\u00e9ptimo D\u00eda est\u00e1 enviando un urgente llamado a la oraci\u00f3n en...\" \/>\n<meta property=\"og:url\" content=\"https:\/\/interamerica.org\/es\/2023\/10\/la-iglesia-adventista-hace-un-llamado-a-la-oracion-al-escalar-el-conflicto-en-oriente-medio\/\" \/>\n<meta property=\"og:site_name\" content=\"Iglesia Adventista del S\u00e9ptimo D\u00eda - Divisi\u00f3n Interamericana\" \/>\n<meta property=\"article:published_time\" content=\"2023-10-09T00:15:35+00:00\" \/>\n<meta property=\"article:modified_time\" content=\"2023-10-09T14:04:03+00:00\" \/>\n<meta property=\"og:image\" content=\"https:\/\/interamerica.org\/wp-content\/uploads\/2023\/10\/taylor-brandon-y8r0rtnriwm-unsplash-scaled.jpg\" \/>\n\t<meta property=\"og:image:width\" content=\"2560\" \/>\n\t<meta property=\"og:image:height\" content=\"1707\" \/>\n\t<meta property=\"og:image:type\" content=\"image\/jpeg\" \/>\n<meta name=\"author\" content=\"libna\" \/>\n<meta name=\"twitter:card\" content=\"summary_large_image\" \/>\n<meta name=\"twitter:label1\" content=\"Escrito por\" \/>\n\t<meta name=\"twitter:data1\" content=\"libna\" \/>\n\t<meta name=\"twitter:label2\" content=\"Tiempo de lectura\" \/>\n\t<meta name=\"twitter:data2\" content=\"2 minutos\" \/>\n<script type=\"application\/ld+json\" class=\"yoast-schema-graph\">{\"@context\":\"https:\\\/\\\/schema.org\",\"@graph\":[{\"@type\":\"Article\",\"@id\":\"https:\\\/\\\/interamerica.org\\\/es\\\/2023\\\/10\\\/la-iglesia-adventista-hace-un-llamado-a-la-oracion-al-escalar-el-conflicto-en-oriente-medio\\\/#article\",\"isPartOf\":{\"@id\":\"https:\\\/\\\/interamerica.org\\\/es\\\/2023\\\/10\\\/la-iglesia-adventista-hace-un-llamado-a-la-oracion-al-escalar-el-conflicto-en-oriente-medio\\\/\"},\"author\":{\"name\":\"libna\",\"@id\":\"https:\\\/\\\/interamerica.org\\\/es\\\/#\\\/schema\\\/person\\\/29998f2bc2d8bd0d38662909289b54f1\"},\"headline\":\"La Iglesia Adventista hace un llamado a la oraci\u00f3n al escalar el conflicto en Oriente Medio\",\"datePublished\":\"2023-10-09T00:15:35+00:00\",\"dateModified\":\"2023-10-09T14:04:03+00:00\",\"mainEntityOfPage\":{\"@id\":\"https:\\\/\\\/interamerica.org\\\/es\\\/2023\\\/10\\\/la-iglesia-adventista-hace-un-llamado-a-la-oracion-al-escalar-el-conflicto-en-oriente-medio\\\/\"},\"wordCount\":453,\"image\":{\"@id\":\"https:\\\/\\\/interamerica.org\\\/es\\\/2023\\\/10\\\/la-iglesia-adventista-hace-un-llamado-a-la-oracion-al-escalar-el-conflicto-en-oriente-medio\\\/#primaryimage\"},\"thumbnailUrl\":\"https:\\\/\\\/interamerica.org\\\/wp-content\\\/uploads\\\/2023\\\/10\\\/taylor-brandon-y8r0rtnriwm-unsplash-scaled.jpg\",\"articleSection\":[\"Desde la iglesia mundial\",\"RSS Espa\u00f1ol\"],\"inLanguage\":\"es\"},{\"@type\":\"WebPage\",\"@id\":\"https:\\\/\\\/interamerica.org\\\/es\\\/2023\\\/10\\\/la-iglesia-adventista-hace-un-llamado-a-la-oracion-al-escalar-el-conflicto-en-oriente-medio\\\/\",\"url\":\"https:\\\/\\\/interamerica.org\\\/es\\\/2023\\\/10\\\/la-iglesia-adventista-hace-un-llamado-a-la-oracion-al-escalar-el-conflicto-en-oriente-medio\\\/\",\"name\":\"La Iglesia Adventista hace un llamado a la oraci\u00f3n al escalar el conflicto en Oriente Medio - Iglesia Adventista del S\u00e9ptimo D\u00eda - Divisi\u00f3n Interamericana\",\"isPartOf\":{\"@id\":\"https:\\\/\\\/interamerica.org\\\/es\\\/#website\"},\"primaryImageOfPage\":{\"@id\":\"https:\\\/\\\/interamerica.org\\\/es\\\/2023\\\/10\\\/la-iglesia-adventista-hace-un-llamado-a-la-oracion-al-escalar-el-conflicto-en-oriente-medio\\\/#primaryimage\"},\"image\":{\"@id\":\"https:\\\/\\\/interamerica.org\\\/es\\\/2023\\\/10\\\/la-iglesia-adventista-hace-un-llamado-a-la-oracion-al-escalar-el-conflicto-en-oriente-medio\\\/#primaryimage\"},\"thumbnailUrl\":\"https:\\\/\\\/interamerica.org\\\/wp-content\\\/uploads\\\/2023\\\/10\\\/taylor-brandon-y8r0rtnriwm-unsplash-scaled.jpg\",\"datePublished\":\"2023-10-09T00:15:35+00:00\",\"dateModified\":\"2023-10-09T14:04:03+00:00\",\"author\":{\"@id\":\"https:\\\/\\\/interamerica.org\\\/es\\\/#\\\/schema\\\/person\\\/29998f2bc2d8bd0d38662909289b54f1\"},\"breadcrumb\":{\"@id\":\"https:\\\/\\\/interamerica.org\\\/es\\\/2023\\\/10\\\/la-iglesia-adventista-hace-un-llamado-a-la-oracion-al-escalar-el-conflicto-en-oriente-medio\\\/#breadcrumb\"},\"inLanguage\":\"es\",\"potentialAction\":[{\"@type\":\"ReadAction\",\"target\":[\"https:\\\/\\\/interamerica.org\\\/es\\\/2023\\\/10\\\/la-iglesia-adventista-hace-un-llamado-a-la-oracion-al-escalar-el-conflicto-en-oriente-medio\\\/\"]}]},{\"@type\":\"ImageObject\",\"inLanguage\":\"es\",\"@id\":\"https:\\\/\\\/interamerica.org\\\/es\\\/2023\\\/10\\\/la-iglesia-adventista-hace-un-llamado-a-la-oracion-al-escalar-el-conflicto-en-oriente-medio\\\/#primaryimage\",\"url\":\"https:\\\/\\\/interamerica.org\\\/wp-content\\\/uploads\\\/2023\\\/10\\\/taylor-brandon-y8r0rtnriwm-unsplash-scaled.jpg\",\"contentUrl\":\"https:\\\/\\\/interamerica.org\\\/wp-content\\\/uploads\\\/2023\\\/10\\\/taylor-brandon-y8r0rtnriwm-unsplash-scaled.jpg\",\"width\":2560,\"height\":1707,\"caption\":\"[Photo: Taylor Brandon \\\/ Unsplash]\"},{\"@type\":\"BreadcrumbList\",\"@id\":\"https:\\\/\\\/interamerica.org\\\/es\\\/2023\\\/10\\\/la-iglesia-adventista-hace-un-llamado-a-la-oracion-al-escalar-el-conflicto-en-oriente-medio\\\/#breadcrumb\",\"itemListElement\":[{\"@type\":\"ListItem\",\"position\":1,\"name\":\"Home\",\"item\":\"https:\\\/\\\/interamerica.org\\\/es\\\/\"},{\"@type\":\"ListItem\",\"position\":2,\"name\":\"La Iglesia Adventista hace un llamado a la oraci\u00f3n al escalar el conflicto en Oriente Medio\"}]},{\"@type\":\"WebSite\",\"@id\":\"https:\\\/\\\/interamerica.org\\\/es\\\/#website\",\"url\":\"https:\\\/\\\/interamerica.org\\\/es\\\/\",\"name\":\"Iglesia Adventista del S\u00e9ptimo D\u00eda - Divisi\u00f3n Interamericana\",\"description\":\"\",\"potentialAction\":[{\"@type\":\"SearchAction\",\"target\":{\"@type\":\"EntryPoint\",\"urlTemplate\":\"https:\\\/\\\/interamerica.org\\\/es\\\/?s={search_term_string}\"},\"query-input\":{\"@type\":\"PropertyValueSpecification\",\"valueRequired\":true,\"valueName\":\"search_term_string\"}}],\"inLanguage\":\"es\"},{\"@type\":\"Person\",\"@id\":\"https:\\\/\\\/interamerica.org\\\/es\\\/#\\\/schema\\\/person\\\/29998f2bc2d8bd0d38662909289b54f1\",\"name\":\"libna\",\"image\":{\"@type\":\"ImageObject\",\"inLanguage\":\"es\",\"@id\":\"https:\\\/\\\/secure.gravatar.com\\\/avatar\\\/7c5bd30ae4b47a9ba3c856590957fd1d96dc588bf3ac05719d247e126840331f?s=96&d=mm&r=g\",\"url\":\"https:\\\/\\\/secure.gravatar.com\\\/avatar\\\/7c5bd30ae4b47a9ba3c856590957fd1d96dc588bf3ac05719d247e126840331f?s=96&d=mm&r=g\",\"contentUrl\":\"https:\\\/\\\/secure.gravatar.com\\\/avatar\\\/7c5bd30ae4b47a9ba3c856590957fd1d96dc588bf3ac05719d247e126840331f?s=96&d=mm&r=g\",\"caption\":\"libna\"}}]}<\/script>\n<!-- \/ Yoast SEO plugin. -->","yoast_head_json":{"title":"La Iglesia Adventista hace un llamado a la oraci\u00f3n al escalar el conflicto en Oriente Medio - Iglesia Adventista del S\u00e9ptimo D\u00eda - Divisi\u00f3n Interamericana","robots":{"index":"index","follow":"follow","max-snippet":"max-snippet:-1","max-image-preview":"max-image-preview:large","max-video-preview":"max-video-preview:-1"},"canonical":"https:\/\/interamerica.org\/es\/2023\/10\/la-iglesia-adventista-hace-un-llamado-a-la-oracion-al-escalar-el-conflicto-en-oriente-medio\/","og_locale":"es_ES","og_type":"article","og_title":"La Iglesia Adventista hace un llamado a la oraci\u00f3n al escalar el conflicto en Oriente Medio - Iglesia Adventista del S\u00e9ptimo D\u00eda - Divisi\u00f3n Interamericana","og_description":"8 de octubre de 2023 | Silver Spring, Maryland, Estados Unidos | Adventist News Network La Iglesia Adventista del S\u00e9ptimo D\u00eda est\u00e1 enviando un urgente llamado a la oraci\u00f3n en...","og_url":"https:\/\/interamerica.org\/es\/2023\/10\/la-iglesia-adventista-hace-un-llamado-a-la-oracion-al-escalar-el-conflicto-en-oriente-medio\/","og_site_name":"Iglesia Adventista del S\u00e9ptimo D\u00eda - Divisi\u00f3n Interamericana","article_published_time":"2023-10-09T00:15:35+00:00","article_modified_time":"2023-10-09T14:04:03+00:00","og_image":[{"width":2560,"height":1707,"url":"https:\/\/interamerica.org\/wp-content\/uploads\/2023\/10\/taylor-brandon-y8r0rtnriwm-unsplash-scaled.jpg","type":"image\/jpeg"}],"author":"libna","twitter_card":"summary_large_image","twitter_misc":{"Escrito por":"libna","Tiempo de lectura":"2 minutos"},"schema":{"@context":"https:\/\/schema.org","@graph":[{"@type":"Article","@id":"https:\/\/interamerica.org\/es\/2023\/10\/la-iglesia-adventista-hace-un-llamado-a-la-oracion-al-escalar-el-conflicto-en-oriente-medio\/#article","isPartOf":{"@id":"https:\/\/interamerica.org\/es\/2023\/10\/la-iglesia-adventista-hace-un-llamado-a-la-oracion-al-escalar-el-conflicto-en-oriente-medio\/"},"author":{"name":"libna","@id":"https:\/\/interamerica.org\/es\/#\/schema\/person\/29998f2bc2d8bd0d38662909289b54f1"},"headline":"La Iglesia Adventista hace un llamado a la oraci\u00f3n al escalar el conflicto en Oriente Medio","datePublished":"2023-10-09T00:15:35+00:00","dateModified":"2023-10-09T14:04:03+00:00","mainEntityOfPage":{"@id":"https:\/\/interamerica.org\/es\/2023\/10\/la-iglesia-adventista-hace-un-llamado-a-la-oracion-al-escalar-el-conflicto-en-oriente-medio\/"},"wordCount":453,"image":{"@id":"https:\/\/interamerica.org\/es\/2023\/10\/la-iglesia-adventista-hace-un-llamado-a-la-oracion-al-escalar-el-conflicto-en-oriente-medio\/#primaryimage"},"thumbnailUrl":"https:\/\/interamerica.org\/wp-content\/uploads\/2023\/10\/taylor-brandon-y8r0rtnriwm-unsplash-scaled.jpg","articleSection":["Desde la iglesia mundial","RSS Espa\u00f1ol"],"inLanguage":"es"},{"@type":"WebPage","@id":"https:\/\/interamerica.org\/es\/2023\/10\/la-iglesia-adventista-hace-un-llamado-a-la-oracion-al-escalar-el-conflicto-en-oriente-medio\/","url":"https:\/\/interamerica.org\/es\/2023\/10\/la-iglesia-adventista-hace-un-llamado-a-la-oracion-al-escalar-el-conflicto-en-oriente-medio\/","name":"La Iglesia Adventista hace un llamado a la oraci\u00f3n al escalar el conflicto en Oriente Medio - Iglesia Adventista del S\u00e9ptimo D\u00eda - Divisi\u00f3n Interamericana","isPartOf":{"@id":"https:\/\/interamerica.org\/es\/#website"},"primaryImageOfPage":{"@id":"https:\/\/interamerica.org\/es\/2023\/10\/la-iglesia-adventista-hace-un-llamado-a-la-oracion-al-escalar-el-conflicto-en-oriente-medio\/#primaryimage"},"image":{"@id":"https:\/\/interamerica.org\/es\/2023\/10\/la-iglesia-adventista-hace-un-llamado-a-la-oracion-al-escalar-el-conflicto-en-oriente-medio\/#primaryimage"},"thumbnailUrl":"https:\/\/interamerica.org\/wp-content\/uploads\/2023\/10\/taylor-brandon-y8r0rtnriwm-unsplash-scaled.jpg","datePublished":"2023-10-09T00:15:35+00:00","dateModified":"2023-10-09T14:04:03+00:00","author":{"@id":"https:\/\/interamerica.org\/es\/#\/schema\/person\/29998f2bc2d8bd0d38662909289b54f1"},"breadcrumb":{"@id":"https:\/\/interamerica.org\/es\/2023\/10\/la-iglesia-adventista-hace-un-llamado-a-la-oracion-al-escalar-el-conflicto-en-oriente-medio\/#breadcrumb"},"inLanguage":"es","potentialAction":[{"@type":"ReadAction","target":["https:\/\/interamerica.org\/es\/2023\/10\/la-iglesia-adventista-hace-un-llamado-a-la-oracion-al-escalar-el-conflicto-en-oriente-medio\/"]}]},{"@type":"ImageObject","inLanguage":"es","@id":"https:\/\/interamerica.org\/es\/2023\/10\/la-iglesia-adventista-hace-un-llamado-a-la-oracion-al-escalar-el-conflicto-en-oriente-medio\/#primaryimage","url":"https:\/\/interamerica.org\/wp-content\/uploads\/2023\/10\/taylor-brandon-y8r0rtnriwm-unsplash-scaled.jpg","contentUrl":"https:\/\/interamerica.org\/wp-content\/uploads\/2023\/10\/taylor-brandon-y8r0rtnriwm-unsplash-scaled.jpg","width":2560,"height":1707,"caption":"[Photo: Taylor Brandon \/ Unsplash]"},{"@type":"BreadcrumbList","@id":"https:\/\/interamerica.org\/es\/2023\/10\/la-iglesia-adventista-hace-un-llamado-a-la-oracion-al-escalar-el-conflicto-en-oriente-medio\/#breadcrumb","itemListElement":[{"@type":"ListItem","position":1,"name":"Home","item":"https:\/\/interamerica.org\/es\/"},{"@type":"ListItem","position":2,"name":"La Iglesia Adventista hace un llamado a la oraci\u00f3n al escalar el conflicto en Oriente Medio"}]},{"@type":"WebSite","@id":"https:\/\/interamerica.org\/es\/#website","url":"https:\/\/interamerica.org\/es\/","name":"Iglesia Adventista del S\u00e9ptimo D\u00eda - Divisi\u00f3n Interamericana","description":"","potentialAction":[{"@type":"SearchAction","target":{"@type":"EntryPoint","urlTemplate":"https:\/\/interamerica.org\/es\/?s={search_term_string}"},"query-input":{"@type":"PropertyValueSpecification","valueRequired":true,"valueName":"search_term_string"}}],"inLanguage":"es"},{"@type":"Person","@id":"https:\/\/interamerica.org\/es\/#\/schema\/person\/29998f2bc2d8bd0d38662909289b54f1","name":"libna","image":{"@type":"ImageObject","inLanguage":"es","@id":"https:\/\/secure.gravatar.com\/avatar\/7c5bd30ae4b47a9ba3c856590957fd1d96dc588bf3ac05719d247e126840331f?s=96&d=mm&r=g","url":"https:\/\/secure.gravatar.com\/avatar\/7c5bd30ae4b47a9ba3c856590957fd1d96dc588bf3ac05719d247e126840331f?s=96&d=mm&r=g","contentUrl":"https:\/\/secure.gravatar.com\/avatar\/7c5bd30ae4b47a9ba3c856590957fd1d96dc588bf3ac05719d247e126840331f?s=96&d=mm&r=g","caption":"libna"}}]}},"_links":{"self":[{"href":"https:\/\/interamerica.org\/es\/wp-json\/wp\/v2\/posts\/104415","targetHints":{"allow":["GET"]}}],"collection":[{"href":"https:\/\/interamerica.org\/es\/wp-json\/wp\/v2\/posts"}],"about":[{"href":"https:\/\/interamerica.org\/es\/wp-json\/wp\/v2\/types\/post"}],"author":[{"embeddable":true,"href":"https:\/\/interamerica.org\/es\/wp-json\/wp\/v2\/users\/3"}],"replies":[{"embeddable":true,"href":"https:\/\/interamerica.org\/es\/wp-json\/wp\/v2\/comments?post=104415"}],"version-history":[{"count":0,"href":"https:\/\/interamerica.org\/es\/wp-json\/wp\/v2\/posts\/104415\/revisions"}],"wp:featuredmedia":[{"embeddable":true,"href":"https:\/\/interamerica.org\/es\/wp-json\/wp\/v2\/media\/104392"}],"wp:attachment":[{"href":"https:\/\/interamerica.org\/es\/wp-json\/wp\/v2\/media?parent=104415"}],"wp:term":[{"taxonomy":"category","embeddable":true,"href":"https:\/\/interamerica.org\/es\/wp-json\/wp\/v2\/categories?post=104415"},{"taxonomy":"post_tag","embeddable":true,"href":"https:\/\/interamerica.org\/es\/wp-json\/wp\/v2\/tags?post=104415"}],"curies":[{"name":"wp","href":"https:\/\/api.w.org\/{rel}","templated":true}]}}