{"id":10443,"date":"2005-01-11T00:00:00","date_gmt":"2005-01-11T04:00:00","guid":{"rendered":"http:\/\/192.81.217.108\/interamerica\/2005\/01\/iglesia-mundial-seminario-de-educacion-para-la-salud-apunta-a-los-no-alcanzados\/"},"modified":"2017-06-02T09:18:05","modified_gmt":"2017-06-02T13:18:05","slug":"iglesia-mundial-seminario-de-educacion-para-la-salud-apunta-a-los-no-alcanzados","status":"publish","type":"post","link":"https:\/\/interamerica.org\/es\/2005\/01\/iglesia-mundial-seminario-de-educacion-para-la-salud-apunta-a-los-no-alcanzados\/","title":{"rendered":"Iglesia Mundial: Seminario de educaci\u00f3n para la salud apunta a los no alcanzados"},"content":{"rendered":"<p>30 de noviembre, 2004 Silver Spring, Estados Unidos &#8230; [Taashi Rowe\/ANN] <\/p>\n<p>Dos regiones eclesi\u00e1sticas de la Iglesia Adventista est\u00e1n trabajando juntas para organizar un seminario de salud de una semana de duraci\u00f3n en enero. En el que ser\u00e1 el cuarto a\u00f1o consecutivo, el seminario busca equipar a los obreros de la salud con las herramientas para alcanzar a un mundo que sufre. <\/p>\n<p>La salud es uno de los ministerios de evangelizaci\u00f3n m\u00e1s importantes de la iglesia, dijo DeWitt Williams, Doctor en Educaci\u00f3n y director de Ministerios de Salud de la regi\u00f3n Norteamericana de la iglesia. Tanto la regi\u00f3n Norteamericana como la Centroamericana producen y son sedes del evento. <\/p>\n<p>\u00abEl mensaje adventista de salud ha sido vindicado y validado por la ciencia\u00bb, dijo Williams. \u00abEn promedio, seg\u00fan los estudios, los adventistas viven entre 6 y 12 a\u00f1os m\u00e1s debido a su estilo de vida\u00bb. <\/p>\n<p>El evento 2005, titulado \u00abCapacitaci\u00f3n de los l\u00edderes de salud para alcanzar a los no alcanzados\u00bb, se encuentra abierto a pastores, directores de ministerios de salud, profesionales de la salud, directores de ministerios personales, directores de servicio comunitario, l\u00edderes de j\u00f3venes y cualquier otros que quiera dirigir un ministerio de salud. <\/p>\n<p>Los cursos tratar\u00e1n de cocina saludable, salud f\u00edsica, mental y espiritual, y de finanzas. Se brindar\u00e1 instrucci\u00f3n acerca de cocina vegetariana, perd\u00f3n, regeneraci\u00f3n, recuperaci\u00f3n de la depresi\u00f3n, mejora de la salud coronaria, as\u00ed como del control constante del peso corporal, entre otros temas. <\/p>\n<p>El Pastor Jan Paulsen, presidente mundial de la Iglesia Adventista, ser\u00e1 el orador principal en el evento. Se espera que entre los oradores tambi\u00e9n se encuentren Mark Finley, director del Centro de Evangelismo Global de la iglesia y orador\/director del ministerio televisivo \u00abEscrito est\u00e1\u00bb, y el Dr. James Kyle II, nombrado en agosto de 2004 como decano de la Facultad de Salud P\u00fablica de Loma Linda y director de su departamento de administraci\u00f3n de la salud. <\/p>\n<p>Los seminarios de salud pueden ser una de las principales maneras en que las iglesias pueden lograr un impacto en sus comunidades, dijo Williams. \u00abEl a\u00f1o pasado reunimos a m\u00e1s de 450 personas\u00bb, dijo. \u00abAlgunos han utilizado los conocimientos adquiridos en el seminario y han abierto clubes de salud, o han escrito libros\u00bb. Williams destac\u00f3 que algunos quedaron tan impresionados por la informaci\u00f3n que recibieron que en \u00faltimo seminario 100 personas se registraron all\u00ed mismo para el pr\u00f3ximo. <\/p>\n<p>Williams dijo que lo sorprende que los ministerios de salud no sean a\u00fan m\u00e1s centrales a la labor evang\u00e9lica. Llevar a cabo un seminario antiestr\u00e9s es una forma menos amenazante de introducir a los miembros de la comunidad a la iglesia, observ\u00f3. <\/p>\n<p>\u00abNo todos vienen a una reuni\u00f3n de evangelizaci\u00f3n\u00bb, continuo, \u00abpero todos tienen un cuerpo y est\u00e1n sujetos al dolor y a la enfermedad y &#8230; muchos pueden venir a un programa de salud\u00bb. <\/p>\n<p>Con el lema de este a\u00f1o, \u00abalcanzar a los no alcanzados\u00bb, Williams dijo que las iglesias pueden seguir el m\u00e9todo de Cristo de satisfacer las necesidades de la comunidad antes de evangelizar.<\/p>\n<p>Como muchos de los cursos tienen PowerPoint y manual, y algunos est\u00e1n en video y aun en DVD, los asistentes deber\u00edan salir del seminario bien equipados para regresar a sus comunidades y compartir lo aprendido. <\/p>\n<p>Si desea m\u00e1s informaci\u00f3n, visite Adventist Plusline en el sitio <a  href=\"http:\/\/www.plusline.org\">www.plusline.org<\/a>. <\/p>\n<p>Derechos reservados \u00a9 2005 Adventist News Network. <\/p>\n","protected":false},"excerpt":{"rendered":"<p>Dos regiones eclesi\u00e1sticas de la Iglesia Adventista est\u00e1n trabajando juntas para organizar un seminario de salud de una semana de duraci\u00f3n en enero. En el que ser\u00e1 el cuarto a\u00f1o consecutivo, el seminario busca equipar a los obreros de la salud con<\/p>\n","protected":false},"author":1,"featured_media":0,"comment_status":"closed","ping_status":"closed","sticky":false,"template":"","format":"standard","meta":{"_acf_changed":false,"footnotes":""},"categories":[8],"tags":[],"class_list":["post-10443","post","type-post","status-publish","format-standard","hentry","category-archivo"],"acf":[],"yoast_head":"<!-- This site is optimized with the Yoast SEO plugin v27.3 - https:\/\/yoast.com\/product\/yoast-seo-wordpress\/ -->\n<title>Iglesia Mundial: Seminario de educaci\u00f3n para la salud apunta a los no alcanzados - Iglesia Adventista del S\u00e9ptimo D\u00eda - Divisi\u00f3n Interamericana<\/title>\n<meta name=\"robots\" content=\"index, follow, max-snippet:-1, max-image-preview:large, max-video-preview:-1\" \/>\n<link rel=\"canonical\" href=\"https:\/\/interamerica.org\/es\/2005\/01\/iglesia-mundial-seminario-de-educacion-para-la-salud-apunta-a-los-no-alcanzados\/\" \/>\n<meta property=\"og:locale\" content=\"es_ES\" \/>\n<meta property=\"og:type\" content=\"article\" \/>\n<meta property=\"og:title\" content=\"Iglesia Mundial: Seminario de educaci\u00f3n para la salud apunta a los no alcanzados - Iglesia Adventista del S\u00e9ptimo D\u00eda - Divisi\u00f3n Interamericana\" \/>\n<meta property=\"og:description\" content=\"Dos regiones eclesi\u00e1sticas de la Iglesia Adventista est\u00e1n trabajando juntas para organizar un seminario de salud de una semana de duraci\u00f3n en enero. En el que ser\u00e1 el cuarto a\u00f1o consecutivo, el seminario busca equipar a los obreros de la salud con\" \/>\n<meta property=\"og:url\" content=\"https:\/\/interamerica.org\/es\/2005\/01\/iglesia-mundial-seminario-de-educacion-para-la-salud-apunta-a-los-no-alcanzados\/\" \/>\n<meta property=\"og:site_name\" content=\"Iglesia Adventista del S\u00e9ptimo D\u00eda - Divisi\u00f3n Interamericana\" \/>\n<meta property=\"article:published_time\" content=\"2005-01-11T04:00:00+00:00\" \/>\n<meta property=\"article:modified_time\" content=\"2017-06-02T13:18:05+00:00\" \/>\n<meta name=\"author\" content=\"Lorenzo Verduzco\" \/>\n<meta name=\"twitter:card\" content=\"summary_large_image\" \/>\n<meta name=\"twitter:label1\" content=\"Escrito por\" \/>\n\t<meta name=\"twitter:data1\" content=\"Lorenzo Verduzco\" \/>\n\t<meta name=\"twitter:label2\" content=\"Tiempo de lectura\" \/>\n\t<meta name=\"twitter:data2\" content=\"3 minutos\" \/>\n<script type=\"application\/ld+json\" class=\"yoast-schema-graph\">{\"@context\":\"https:\\\/\\\/schema.org\",\"@graph\":[{\"@type\":\"Article\",\"@id\":\"https:\\\/\\\/interamerica.org\\\/es\\\/2005\\\/01\\\/iglesia-mundial-seminario-de-educacion-para-la-salud-apunta-a-los-no-alcanzados\\\/#article\",\"isPartOf\":{\"@id\":\"https:\\\/\\\/interamerica.org\\\/es\\\/2005\\\/01\\\/iglesia-mundial-seminario-de-educacion-para-la-salud-apunta-a-los-no-alcanzados\\\/\"},\"author\":{\"name\":\"Lorenzo Verduzco\",\"@id\":\"https:\\\/\\\/interamerica.org\\\/es\\\/#\\\/schema\\\/person\\\/68ede8bdc292885bb76c1e3810e73c39\"},\"headline\":\"Iglesia Mundial: Seminario de educaci\u00f3n para la salud apunta a los no alcanzados\",\"datePublished\":\"2005-01-11T04:00:00+00:00\",\"dateModified\":\"2017-06-02T13:18:05+00:00\",\"mainEntityOfPage\":{\"@id\":\"https:\\\/\\\/interamerica.org\\\/es\\\/2005\\\/01\\\/iglesia-mundial-seminario-de-educacion-para-la-salud-apunta-a-los-no-alcanzados\\\/\"},\"wordCount\":600,\"articleSection\":[\"Archivo\"],\"inLanguage\":\"es\"},{\"@type\":\"WebPage\",\"@id\":\"https:\\\/\\\/interamerica.org\\\/es\\\/2005\\\/01\\\/iglesia-mundial-seminario-de-educacion-para-la-salud-apunta-a-los-no-alcanzados\\\/\",\"url\":\"https:\\\/\\\/interamerica.org\\\/es\\\/2005\\\/01\\\/iglesia-mundial-seminario-de-educacion-para-la-salud-apunta-a-los-no-alcanzados\\\/\",\"name\":\"Iglesia Mundial: Seminario de educaci\u00f3n para la salud apunta a los no alcanzados - Iglesia Adventista del S\u00e9ptimo D\u00eda - Divisi\u00f3n Interamericana\",\"isPartOf\":{\"@id\":\"https:\\\/\\\/interamerica.org\\\/es\\\/#website\"},\"datePublished\":\"2005-01-11T04:00:00+00:00\",\"dateModified\":\"2017-06-02T13:18:05+00:00\",\"author\":{\"@id\":\"https:\\\/\\\/interamerica.org\\\/es\\\/#\\\/schema\\\/person\\\/68ede8bdc292885bb76c1e3810e73c39\"},\"breadcrumb\":{\"@id\":\"https:\\\/\\\/interamerica.org\\\/es\\\/2005\\\/01\\\/iglesia-mundial-seminario-de-educacion-para-la-salud-apunta-a-los-no-alcanzados\\\/#breadcrumb\"},\"inLanguage\":\"es\",\"potentialAction\":[{\"@type\":\"ReadAction\",\"target\":[\"https:\\\/\\\/interamerica.org\\\/es\\\/2005\\\/01\\\/iglesia-mundial-seminario-de-educacion-para-la-salud-apunta-a-los-no-alcanzados\\\/\"]}]},{\"@type\":\"BreadcrumbList\",\"@id\":\"https:\\\/\\\/interamerica.org\\\/es\\\/2005\\\/01\\\/iglesia-mundial-seminario-de-educacion-para-la-salud-apunta-a-los-no-alcanzados\\\/#breadcrumb\",\"itemListElement\":[{\"@type\":\"ListItem\",\"position\":1,\"name\":\"Home\",\"item\":\"https:\\\/\\\/interamerica.org\\\/es\\\/\"},{\"@type\":\"ListItem\",\"position\":2,\"name\":\"Iglesia Mundial: Seminario de educaci\u00f3n para la salud apunta a los no alcanzados\"}]},{\"@type\":\"WebSite\",\"@id\":\"https:\\\/\\\/interamerica.org\\\/es\\\/#website\",\"url\":\"https:\\\/\\\/interamerica.org\\\/es\\\/\",\"name\":\"Iglesia Adventista del S\u00e9ptimo D\u00eda - Divisi\u00f3n Interamericana\",\"description\":\"\",\"potentialAction\":[{\"@type\":\"SearchAction\",\"target\":{\"@type\":\"EntryPoint\",\"urlTemplate\":\"https:\\\/\\\/interamerica.org\\\/es\\\/?s={search_term_string}\"},\"query-input\":{\"@type\":\"PropertyValueSpecification\",\"valueRequired\":true,\"valueName\":\"search_term_string\"}}],\"inLanguage\":\"es\"},{\"@type\":\"Person\",\"@id\":\"https:\\\/\\\/interamerica.org\\\/es\\\/#\\\/schema\\\/person\\\/68ede8bdc292885bb76c1e3810e73c39\",\"name\":\"Lorenzo Verduzco\",\"image\":{\"@type\":\"ImageObject\",\"inLanguage\":\"es\",\"@id\":\"https:\\\/\\\/secure.gravatar.com\\\/avatar\\\/fb81a55b6218459490a9c1dc841a34909185b81904c5337b4b27f7a6fd60c49e?s=96&d=mm&r=g\",\"url\":\"https:\\\/\\\/secure.gravatar.com\\\/avatar\\\/fb81a55b6218459490a9c1dc841a34909185b81904c5337b4b27f7a6fd60c49e?s=96&d=mm&r=g\",\"contentUrl\":\"https:\\\/\\\/secure.gravatar.com\\\/avatar\\\/fb81a55b6218459490a9c1dc841a34909185b81904c5337b4b27f7a6fd60c49e?s=96&d=mm&r=g\",\"caption\":\"Lorenzo Verduzco\"}}]}<\/script>\n<!-- \/ Yoast SEO plugin. -->","yoast_head_json":{"title":"Iglesia Mundial: Seminario de educaci\u00f3n para la salud apunta a los no alcanzados - Iglesia Adventista del S\u00e9ptimo D\u00eda - Divisi\u00f3n Interamericana","robots":{"index":"index","follow":"follow","max-snippet":"max-snippet:-1","max-image-preview":"max-image-preview:large","max-video-preview":"max-video-preview:-1"},"canonical":"https:\/\/interamerica.org\/es\/2005\/01\/iglesia-mundial-seminario-de-educacion-para-la-salud-apunta-a-los-no-alcanzados\/","og_locale":"es_ES","og_type":"article","og_title":"Iglesia Mundial: Seminario de educaci\u00f3n para la salud apunta a los no alcanzados - Iglesia Adventista del S\u00e9ptimo D\u00eda - Divisi\u00f3n Interamericana","og_description":"Dos regiones eclesi\u00e1sticas de la Iglesia Adventista est\u00e1n trabajando juntas para organizar un seminario de salud de una semana de duraci\u00f3n en enero. En el que ser\u00e1 el cuarto a\u00f1o consecutivo, el seminario busca equipar a los obreros de la salud con","og_url":"https:\/\/interamerica.org\/es\/2005\/01\/iglesia-mundial-seminario-de-educacion-para-la-salud-apunta-a-los-no-alcanzados\/","og_site_name":"Iglesia Adventista del S\u00e9ptimo D\u00eda - Divisi\u00f3n Interamericana","article_published_time":"2005-01-11T04:00:00+00:00","article_modified_time":"2017-06-02T13:18:05+00:00","author":"Lorenzo Verduzco","twitter_card":"summary_large_image","twitter_misc":{"Escrito por":"Lorenzo Verduzco","Tiempo de lectura":"3 minutos"},"schema":{"@context":"https:\/\/schema.org","@graph":[{"@type":"Article","@id":"https:\/\/interamerica.org\/es\/2005\/01\/iglesia-mundial-seminario-de-educacion-para-la-salud-apunta-a-los-no-alcanzados\/#article","isPartOf":{"@id":"https:\/\/interamerica.org\/es\/2005\/01\/iglesia-mundial-seminario-de-educacion-para-la-salud-apunta-a-los-no-alcanzados\/"},"author":{"name":"Lorenzo Verduzco","@id":"https:\/\/interamerica.org\/es\/#\/schema\/person\/68ede8bdc292885bb76c1e3810e73c39"},"headline":"Iglesia Mundial: Seminario de educaci\u00f3n para la salud apunta a los no alcanzados","datePublished":"2005-01-11T04:00:00+00:00","dateModified":"2017-06-02T13:18:05+00:00","mainEntityOfPage":{"@id":"https:\/\/interamerica.org\/es\/2005\/01\/iglesia-mundial-seminario-de-educacion-para-la-salud-apunta-a-los-no-alcanzados\/"},"wordCount":600,"articleSection":["Archivo"],"inLanguage":"es"},{"@type":"WebPage","@id":"https:\/\/interamerica.org\/es\/2005\/01\/iglesia-mundial-seminario-de-educacion-para-la-salud-apunta-a-los-no-alcanzados\/","url":"https:\/\/interamerica.org\/es\/2005\/01\/iglesia-mundial-seminario-de-educacion-para-la-salud-apunta-a-los-no-alcanzados\/","name":"Iglesia Mundial: Seminario de educaci\u00f3n para la salud apunta a los no alcanzados - Iglesia Adventista del S\u00e9ptimo D\u00eda - Divisi\u00f3n Interamericana","isPartOf":{"@id":"https:\/\/interamerica.org\/es\/#website"},"datePublished":"2005-01-11T04:00:00+00:00","dateModified":"2017-06-02T13:18:05+00:00","author":{"@id":"https:\/\/interamerica.org\/es\/#\/schema\/person\/68ede8bdc292885bb76c1e3810e73c39"},"breadcrumb":{"@id":"https:\/\/interamerica.org\/es\/2005\/01\/iglesia-mundial-seminario-de-educacion-para-la-salud-apunta-a-los-no-alcanzados\/#breadcrumb"},"inLanguage":"es","potentialAction":[{"@type":"ReadAction","target":["https:\/\/interamerica.org\/es\/2005\/01\/iglesia-mundial-seminario-de-educacion-para-la-salud-apunta-a-los-no-alcanzados\/"]}]},{"@type":"BreadcrumbList","@id":"https:\/\/interamerica.org\/es\/2005\/01\/iglesia-mundial-seminario-de-educacion-para-la-salud-apunta-a-los-no-alcanzados\/#breadcrumb","itemListElement":[{"@type":"ListItem","position":1,"name":"Home","item":"https:\/\/interamerica.org\/es\/"},{"@type":"ListItem","position":2,"name":"Iglesia Mundial: Seminario de educaci\u00f3n para la salud apunta a los no alcanzados"}]},{"@type":"WebSite","@id":"https:\/\/interamerica.org\/es\/#website","url":"https:\/\/interamerica.org\/es\/","name":"Iglesia Adventista del S\u00e9ptimo D\u00eda - Divisi\u00f3n Interamericana","description":"","potentialAction":[{"@type":"SearchAction","target":{"@type":"EntryPoint","urlTemplate":"https:\/\/interamerica.org\/es\/?s={search_term_string}"},"query-input":{"@type":"PropertyValueSpecification","valueRequired":true,"valueName":"search_term_string"}}],"inLanguage":"es"},{"@type":"Person","@id":"https:\/\/interamerica.org\/es\/#\/schema\/person\/68ede8bdc292885bb76c1e3810e73c39","name":"Lorenzo Verduzco","image":{"@type":"ImageObject","inLanguage":"es","@id":"https:\/\/secure.gravatar.com\/avatar\/fb81a55b6218459490a9c1dc841a34909185b81904c5337b4b27f7a6fd60c49e?s=96&d=mm&r=g","url":"https:\/\/secure.gravatar.com\/avatar\/fb81a55b6218459490a9c1dc841a34909185b81904c5337b4b27f7a6fd60c49e?s=96&d=mm&r=g","contentUrl":"https:\/\/secure.gravatar.com\/avatar\/fb81a55b6218459490a9c1dc841a34909185b81904c5337b4b27f7a6fd60c49e?s=96&d=mm&r=g","caption":"Lorenzo Verduzco"}}]}},"_links":{"self":[{"href":"https:\/\/interamerica.org\/es\/wp-json\/wp\/v2\/posts\/10443","targetHints":{"allow":["GET"]}}],"collection":[{"href":"https:\/\/interamerica.org\/es\/wp-json\/wp\/v2\/posts"}],"about":[{"href":"https:\/\/interamerica.org\/es\/wp-json\/wp\/v2\/types\/post"}],"author":[{"embeddable":true,"href":"https:\/\/interamerica.org\/es\/wp-json\/wp\/v2\/users\/1"}],"replies":[{"embeddable":true,"href":"https:\/\/interamerica.org\/es\/wp-json\/wp\/v2\/comments?post=10443"}],"version-history":[{"count":0,"href":"https:\/\/interamerica.org\/es\/wp-json\/wp\/v2\/posts\/10443\/revisions"}],"wp:attachment":[{"href":"https:\/\/interamerica.org\/es\/wp-json\/wp\/v2\/media?parent=10443"}],"wp:term":[{"taxonomy":"category","embeddable":true,"href":"https:\/\/interamerica.org\/es\/wp-json\/wp\/v2\/categories?post=10443"},{"taxonomy":"post_tag","embeddable":true,"href":"https:\/\/interamerica.org\/es\/wp-json\/wp\/v2\/tags?post=10443"}],"curies":[{"name":"wp","href":"https:\/\/api.w.org\/{rel}","templated":true}]}}