{"id":10444,"date":"2005-01-18T00:00:00","date_gmt":"2005-01-18T04:00:00","guid":{"rendered":"http:\/\/192.81.217.108\/interamerica\/2005\/01\/lo-ultimo-sobre-el-tsunami-adra-amplia-la-obra-de-asistencia-social\/"},"modified":"2017-06-02T09:18:02","modified_gmt":"2017-06-02T13:18:02","slug":"lo-ultimo-sobre-el-tsunami-adra-amplia-la-obra-de-asistencia-social","status":"publish","type":"post","link":"https:\/\/interamerica.org\/es\/2005\/01\/lo-ultimo-sobre-el-tsunami-adra-amplia-la-obra-de-asistencia-social\/","title":{"rendered":"Lo \u00daltimo Sobre el Tsunami: ADRA Ampl\u00eda la Obra de Asistencia\u00a0Social"},"content":{"rendered":"<p>Saint Albans, Inglaterra, Reino Unido\u2026 [ANR\/Personal de ANN]<\/p>\n<p>Tres semanas despu\u00e9s del desastre del maremoto en Asia, la cantidad de personas muertas est\u00e1 ahora calculada en m\u00e1s de 159.000, una cifra de la cual se espera que crezca hasta m\u00e1s de 189.000, pues todav\u00eda hay 24.000 desaparecidos. Cerca de 2.2 millones de personas han sido desplazadas, mientras se cree que m\u00e1s de un mill\u00f3n de personas m\u00e1s quedaron sin hogar. Estas cifras tambi\u00e9n se incrementar\u00e1n, seg\u00fan las expectativas.<\/p>\n<p>Los esfuerzos de ayuda humanitaria siguen siendo cr\u00edticos. Algunas poblaciones en \u00e1reas remotas en la provincia de Banda Aceh, en Indonesia, son de dif\u00edcil acceso, y todav\u00eda hay preocupaciones por da\u00f1os inesperados causados por el tsunami y el terremoto. En la India, la Rep\u00fablica de las Maldivas y Sri Lanka, los esfuerzos de reconstrucci\u00f3n han comenzado al mismo tiempo que los esfuerzos de ayuda humanitaria. No ha sido reportado ning\u00fan estallido de violencia todav\u00eda.<\/p>\n<p>Casos aislados de sarampi\u00f3n en Aceh provocaron una campa\u00f1a de inmunizaci\u00f3n y el acceso al agua potable y condiciones de salud son preocupaciones cr\u00edticas. Se est\u00e1 desarrollando un esfuerzo para apoyar a los pa\u00edses en la reconstrucci\u00f3n de la infraestructura de la salud p\u00fablica, mientras se dirigen y coordinan esfuerzos de salud p\u00fablica entre las autoridades nacionales, otras organizaciones de las Naciones Unidas, organizaciones no gubernamentales (ONGs) y el sector civil y militar.<\/p>\n<p>En Indonesia, se ha establecido un centro de operaciones en Medan, en la vecina provincia de Sumatra, donde la Iglesia Adventista del S\u00e9ptimo D\u00eda dirige un hospital, y en ese lugar est\u00e1n siendo coordinadas las actividades de ADRA para esa regi\u00f3n. Los equipos m\u00e9dicos de ADRA han estado bastante activos durante las \u00faltimas dos semanas. Dos cl\u00ednicas han sido establecidas en la regi\u00f3n costera del norte, en la provincia de Aceh.\u00a0 Un equipo m\u00e9dico de 16 miembros abri\u00f3 una cl\u00ednica en el Centro de Salud P\u00fablica de Sirve, en esa localidad (a 9 millas o 15 kil\u00f3metros en las afueras de Banda Aceh); una segunda cl\u00ednica acaba de ser inaugurada en Lhokseumawe (a 250 millas o 400 kil\u00f3metros de Medan), donde hay 8.000 personas internamente desplazadas (PIDs). ADRA de Espa\u00f1a est\u00e1 enviando un contenedor de provisiones hacia Banda Aceh, en conjunto con el Hospital Adventista de Medan.<\/p>\n<p>En Meulaboh, ADRA contin\u00faa manteniendo presencia, y est\u00e1 coordinando esfuerzos de asistencia social con otras agencias. Ellos han podido facilitar la distribuci\u00f3n de comida y han provisto refugio para las personas. Ya est\u00e1 en el lugar un equipo que tratar\u00e1 los casos de Infecci\u00f3n Respiratoria Aguda (IRA), y da\u00f1os en los pulmones, y ADRA ha distribuido inyecciones contra la fiebre tifoidea y la malaria, as\u00ed como tratamientos para el t\u00e9tano a favor de casi 600 personas.<\/p>\n<p>ADRA de Indonesia se reuni\u00f3 con el Departamento de Educaci\u00f3n de Meulaboh, y est\u00e1 trabajando sobre un \u201cMemorando de Entendimiento\u201d, respecto a la reparaci\u00f3n y reapertura de escuelas, as\u00ed como para emplear a dos profesores, a fin de facilitar el proceso. La UNICEF ha solicitado a ADRA que sea la agencia l\u00edder en el proceso de reparaci\u00f3n y adecuaci\u00f3n de las escuelas \u2013primarias y secundarias\u2014, y que ayude a coordinar las provisiones donadas, la log\u00edstica y los contactos con los oficiales de educaci\u00f3n y las ONGs en Meulaboh.<\/p>\n<p>En Sri Lanka, dos oficinas han sido establecidas \u2013una en Tangalla y la otra en Balapitiya. Un equipo m\u00e9dico, consistente en dos m\u00e9dicos generales, una enfermera y un trabajador social de ADRA Hungr\u00eda, est\u00e1 en la regi\u00f3n oriental de Kalmunai, y estar\u00e1 all\u00ed durante los pr\u00f3ximos 10 d\u00edas. Un proyecto de fumigaci\u00f3n iniciado all\u00ed ha desinfectado tres templos y una escuela. Con m\u00e1s equipo de fumigaci\u00f3n y protecci\u00f3n, que acaba de llegar, ADRA comenzar\u00e1 a entrenar al cuerpo militar de Sri Lanka para continuar con esta importante obra de salud.<\/p>\n<p>ADRA est\u00e1 trabajando en conjunto con la organizaci\u00f3n humanitaria Heart to Heart International (Coraz\u00f3n a Coraz\u00f3n Internacional), la cual est\u00e1 proveyendo unidades de purificaci\u00f3n de agua previstas para llegar al lugar esta semana. La distribuci\u00f3n de ayuda m\u00e9dica est\u00e1 en progreso, y varios helic\u00f3pteros est\u00e1n siendo usados para transportar las provisiones por aire. ADRA distribuir\u00e1 elementos de comida y tambi\u00e9n ayuda no alimenticia para los desplazados en 17 campos de concentraci\u00f3n.<\/p>\n<p>En la India, ADRA ha comenzado una entrega de soluciones en las Islas Andam\u00e1n, para establecer refugios para 200 familias, y educaci\u00f3n en salud para los ni\u00f1os y personas desplazadas en la regi\u00f3n de Pondicherry y Karaikel. La pr\u00f3xima semana comenzar\u00e1 un proyecto para ofrecer ayuda no alimenticia y educaci\u00f3n en salud para los campamentos de desplazados en las Islas Andam\u00e1n. En Andrah Pradesh, ADRA evaluar\u00e1 las necesidades de los pueblos pesqueros y ver\u00e1 qu\u00e9 tipo de redes y botes se necesitan. Un equipo m\u00e9dico de dos m\u00e9dicos generales, tres enfermeras y dos sic\u00f3logos proveer\u00e1 servicios para por lo menos 60.000 personas. ADRA tambi\u00e9n est\u00e1 planeando atender inmediatamente requerimientos m\u00e9dicos, incluyendo vacunas y purificaci\u00f3n de pozos con cloro.<\/p>\n<p>En Tailandia, ADRA est\u00e1 trabajando en compa\u00f1\u00eda con el Hospital de la Misi\u00f3n de Phuket, en el desarrollo de intervenciones adicionales para la recuperaci\u00f3n a largo plazo de las v\u00edctimas del tsunami. Estas intervenciones se enfocar\u00e1n predominantemente en las necesidades f\u00edsicas y sicol\u00f3gicas de los afectados.<\/p>\n<p>Los residentes de las islas de Phrathong y Surin fueron evacuados a un lugar m\u00e1s territorial, y est\u00e1n siendo alojados en tiendas mientras se instala un sistema de agua. Se est\u00e1 planeando ayuda para reinstalar todos los sistemas de agua, drenar las fuentes y ayudar a impulsar la fuente de ingresos de la regi\u00f3n, la pesca.<\/p>\n<p>ADRA tambi\u00e9n ayudar\u00e1 en la reconstrucci\u00f3n de la Escuela del Distrito de Kamala, en otro lugar.<\/p>\n<p><strong>Derechos Reservados \u00ae 2005 por Adventist News Network<\/strong><\/p>\n","protected":false},"excerpt":{"rendered":"<p>Tres semanas despu\u00e9s del desastre del maremoto en Asia, la cantidad de personas muertas est\u00e1 ahora calculada en m\u00e1s de 159.000, una cifra de la cual se espera que crezca hasta m\u00e1s de 189.000, pues todav\u00eda hay 24.000 desaparecidos.<\/p>\n","protected":false},"author":1,"featured_media":0,"comment_status":"closed","ping_status":"closed","sticky":false,"template":"","format":"standard","meta":{"_acf_changed":false,"footnotes":""},"categories":[8],"tags":[],"class_list":["post-10444","post","type-post","status-publish","format-standard","hentry","category-archivo"],"acf":[],"yoast_head":"<!-- This site is optimized with the Yoast SEO plugin v27.3 - https:\/\/yoast.com\/product\/yoast-seo-wordpress\/ -->\n<title>Lo \u00daltimo Sobre el Tsunami: ADRA Ampl\u00eda la Obra de Asistencia\u00a0Social - Iglesia Adventista del S\u00e9ptimo D\u00eda - Divisi\u00f3n Interamericana<\/title>\n<meta name=\"robots\" content=\"index, follow, max-snippet:-1, max-image-preview:large, max-video-preview:-1\" \/>\n<link rel=\"canonical\" href=\"https:\/\/interamerica.org\/es\/2005\/01\/lo-ultimo-sobre-el-tsunami-adra-amplia-la-obra-de-asistencia-social\/\" \/>\n<meta property=\"og:locale\" content=\"es_ES\" \/>\n<meta property=\"og:type\" content=\"article\" \/>\n<meta property=\"og:title\" content=\"Lo \u00daltimo Sobre el Tsunami: ADRA Ampl\u00eda la Obra de Asistencia\u00a0Social - Iglesia Adventista del S\u00e9ptimo D\u00eda - Divisi\u00f3n Interamericana\" \/>\n<meta property=\"og:description\" content=\"Tres semanas despu\u00e9s del desastre del maremoto en Asia, la cantidad de personas muertas est\u00e1 ahora calculada en m\u00e1s de 159.000, una cifra de la cual se espera que crezca hasta m\u00e1s de 189.000, pues todav\u00eda hay 24.000 desaparecidos.\" \/>\n<meta property=\"og:url\" content=\"https:\/\/interamerica.org\/es\/2005\/01\/lo-ultimo-sobre-el-tsunami-adra-amplia-la-obra-de-asistencia-social\/\" \/>\n<meta property=\"og:site_name\" content=\"Iglesia Adventista del S\u00e9ptimo D\u00eda - Divisi\u00f3n Interamericana\" \/>\n<meta property=\"article:published_time\" content=\"2005-01-18T04:00:00+00:00\" \/>\n<meta property=\"article:modified_time\" content=\"2017-06-02T13:18:02+00:00\" \/>\n<meta name=\"author\" content=\"Lorenzo Verduzco\" \/>\n<meta name=\"twitter:card\" content=\"summary_large_image\" \/>\n<meta name=\"twitter:label1\" content=\"Escrito por\" \/>\n\t<meta name=\"twitter:data1\" content=\"Lorenzo Verduzco\" \/>\n\t<meta name=\"twitter:label2\" content=\"Tiempo de lectura\" \/>\n\t<meta name=\"twitter:data2\" content=\"5 minutos\" \/>\n<script type=\"application\/ld+json\" class=\"yoast-schema-graph\">{\"@context\":\"https:\\\/\\\/schema.org\",\"@graph\":[{\"@type\":\"Article\",\"@id\":\"https:\\\/\\\/interamerica.org\\\/es\\\/2005\\\/01\\\/lo-ultimo-sobre-el-tsunami-adra-amplia-la-obra-de-asistencia-social\\\/#article\",\"isPartOf\":{\"@id\":\"https:\\\/\\\/interamerica.org\\\/es\\\/2005\\\/01\\\/lo-ultimo-sobre-el-tsunami-adra-amplia-la-obra-de-asistencia-social\\\/\"},\"author\":{\"name\":\"Lorenzo Verduzco\",\"@id\":\"https:\\\/\\\/interamerica.org\\\/es\\\/#\\\/schema\\\/person\\\/68ede8bdc292885bb76c1e3810e73c39\"},\"headline\":\"Lo \u00daltimo Sobre el Tsunami: ADRA Ampl\u00eda la Obra de Asistencia\u00a0Social\",\"datePublished\":\"2005-01-18T04:00:00+00:00\",\"dateModified\":\"2017-06-02T13:18:02+00:00\",\"mainEntityOfPage\":{\"@id\":\"https:\\\/\\\/interamerica.org\\\/es\\\/2005\\\/01\\\/lo-ultimo-sobre-el-tsunami-adra-amplia-la-obra-de-asistencia-social\\\/\"},\"wordCount\":1035,\"articleSection\":[\"Archivo\"],\"inLanguage\":\"es\"},{\"@type\":\"WebPage\",\"@id\":\"https:\\\/\\\/interamerica.org\\\/es\\\/2005\\\/01\\\/lo-ultimo-sobre-el-tsunami-adra-amplia-la-obra-de-asistencia-social\\\/\",\"url\":\"https:\\\/\\\/interamerica.org\\\/es\\\/2005\\\/01\\\/lo-ultimo-sobre-el-tsunami-adra-amplia-la-obra-de-asistencia-social\\\/\",\"name\":\"Lo \u00daltimo Sobre el Tsunami: ADRA Ampl\u00eda la Obra de Asistencia\u00a0Social - Iglesia Adventista del S\u00e9ptimo D\u00eda - Divisi\u00f3n Interamericana\",\"isPartOf\":{\"@id\":\"https:\\\/\\\/interamerica.org\\\/es\\\/#website\"},\"datePublished\":\"2005-01-18T04:00:00+00:00\",\"dateModified\":\"2017-06-02T13:18:02+00:00\",\"author\":{\"@id\":\"https:\\\/\\\/interamerica.org\\\/es\\\/#\\\/schema\\\/person\\\/68ede8bdc292885bb76c1e3810e73c39\"},\"breadcrumb\":{\"@id\":\"https:\\\/\\\/interamerica.org\\\/es\\\/2005\\\/01\\\/lo-ultimo-sobre-el-tsunami-adra-amplia-la-obra-de-asistencia-social\\\/#breadcrumb\"},\"inLanguage\":\"es\",\"potentialAction\":[{\"@type\":\"ReadAction\",\"target\":[\"https:\\\/\\\/interamerica.org\\\/es\\\/2005\\\/01\\\/lo-ultimo-sobre-el-tsunami-adra-amplia-la-obra-de-asistencia-social\\\/\"]}]},{\"@type\":\"BreadcrumbList\",\"@id\":\"https:\\\/\\\/interamerica.org\\\/es\\\/2005\\\/01\\\/lo-ultimo-sobre-el-tsunami-adra-amplia-la-obra-de-asistencia-social\\\/#breadcrumb\",\"itemListElement\":[{\"@type\":\"ListItem\",\"position\":1,\"name\":\"Home\",\"item\":\"https:\\\/\\\/interamerica.org\\\/es\\\/\"},{\"@type\":\"ListItem\",\"position\":2,\"name\":\"Lo \u00daltimo Sobre el Tsunami: ADRA Ampl\u00eda la Obra de Asistencia\u00a0Social\"}]},{\"@type\":\"WebSite\",\"@id\":\"https:\\\/\\\/interamerica.org\\\/es\\\/#website\",\"url\":\"https:\\\/\\\/interamerica.org\\\/es\\\/\",\"name\":\"Iglesia Adventista del S\u00e9ptimo D\u00eda - Divisi\u00f3n Interamericana\",\"description\":\"\",\"potentialAction\":[{\"@type\":\"SearchAction\",\"target\":{\"@type\":\"EntryPoint\",\"urlTemplate\":\"https:\\\/\\\/interamerica.org\\\/es\\\/?s={search_term_string}\"},\"query-input\":{\"@type\":\"PropertyValueSpecification\",\"valueRequired\":true,\"valueName\":\"search_term_string\"}}],\"inLanguage\":\"es\"},{\"@type\":\"Person\",\"@id\":\"https:\\\/\\\/interamerica.org\\\/es\\\/#\\\/schema\\\/person\\\/68ede8bdc292885bb76c1e3810e73c39\",\"name\":\"Lorenzo Verduzco\",\"image\":{\"@type\":\"ImageObject\",\"inLanguage\":\"es\",\"@id\":\"https:\\\/\\\/secure.gravatar.com\\\/avatar\\\/fb81a55b6218459490a9c1dc841a34909185b81904c5337b4b27f7a6fd60c49e?s=96&d=mm&r=g\",\"url\":\"https:\\\/\\\/secure.gravatar.com\\\/avatar\\\/fb81a55b6218459490a9c1dc841a34909185b81904c5337b4b27f7a6fd60c49e?s=96&d=mm&r=g\",\"contentUrl\":\"https:\\\/\\\/secure.gravatar.com\\\/avatar\\\/fb81a55b6218459490a9c1dc841a34909185b81904c5337b4b27f7a6fd60c49e?s=96&d=mm&r=g\",\"caption\":\"Lorenzo Verduzco\"}}]}<\/script>\n<!-- \/ Yoast SEO plugin. -->","yoast_head_json":{"title":"Lo \u00daltimo Sobre el Tsunami: ADRA Ampl\u00eda la Obra de Asistencia\u00a0Social - Iglesia Adventista del S\u00e9ptimo D\u00eda - Divisi\u00f3n Interamericana","robots":{"index":"index","follow":"follow","max-snippet":"max-snippet:-1","max-image-preview":"max-image-preview:large","max-video-preview":"max-video-preview:-1"},"canonical":"https:\/\/interamerica.org\/es\/2005\/01\/lo-ultimo-sobre-el-tsunami-adra-amplia-la-obra-de-asistencia-social\/","og_locale":"es_ES","og_type":"article","og_title":"Lo \u00daltimo Sobre el Tsunami: ADRA Ampl\u00eda la Obra de Asistencia\u00a0Social - Iglesia Adventista del S\u00e9ptimo D\u00eda - Divisi\u00f3n Interamericana","og_description":"Tres semanas despu\u00e9s del desastre del maremoto en Asia, la cantidad de personas muertas est\u00e1 ahora calculada en m\u00e1s de 159.000, una cifra de la cual se espera que crezca hasta m\u00e1s de 189.000, pues todav\u00eda hay 24.000 desaparecidos.","og_url":"https:\/\/interamerica.org\/es\/2005\/01\/lo-ultimo-sobre-el-tsunami-adra-amplia-la-obra-de-asistencia-social\/","og_site_name":"Iglesia Adventista del S\u00e9ptimo D\u00eda - Divisi\u00f3n Interamericana","article_published_time":"2005-01-18T04:00:00+00:00","article_modified_time":"2017-06-02T13:18:02+00:00","author":"Lorenzo Verduzco","twitter_card":"summary_large_image","twitter_misc":{"Escrito por":"Lorenzo Verduzco","Tiempo de lectura":"5 minutos"},"schema":{"@context":"https:\/\/schema.org","@graph":[{"@type":"Article","@id":"https:\/\/interamerica.org\/es\/2005\/01\/lo-ultimo-sobre-el-tsunami-adra-amplia-la-obra-de-asistencia-social\/#article","isPartOf":{"@id":"https:\/\/interamerica.org\/es\/2005\/01\/lo-ultimo-sobre-el-tsunami-adra-amplia-la-obra-de-asistencia-social\/"},"author":{"name":"Lorenzo Verduzco","@id":"https:\/\/interamerica.org\/es\/#\/schema\/person\/68ede8bdc292885bb76c1e3810e73c39"},"headline":"Lo \u00daltimo Sobre el Tsunami: ADRA Ampl\u00eda la Obra de Asistencia\u00a0Social","datePublished":"2005-01-18T04:00:00+00:00","dateModified":"2017-06-02T13:18:02+00:00","mainEntityOfPage":{"@id":"https:\/\/interamerica.org\/es\/2005\/01\/lo-ultimo-sobre-el-tsunami-adra-amplia-la-obra-de-asistencia-social\/"},"wordCount":1035,"articleSection":["Archivo"],"inLanguage":"es"},{"@type":"WebPage","@id":"https:\/\/interamerica.org\/es\/2005\/01\/lo-ultimo-sobre-el-tsunami-adra-amplia-la-obra-de-asistencia-social\/","url":"https:\/\/interamerica.org\/es\/2005\/01\/lo-ultimo-sobre-el-tsunami-adra-amplia-la-obra-de-asistencia-social\/","name":"Lo \u00daltimo Sobre el Tsunami: ADRA Ampl\u00eda la Obra de Asistencia\u00a0Social - Iglesia Adventista del S\u00e9ptimo D\u00eda - Divisi\u00f3n Interamericana","isPartOf":{"@id":"https:\/\/interamerica.org\/es\/#website"},"datePublished":"2005-01-18T04:00:00+00:00","dateModified":"2017-06-02T13:18:02+00:00","author":{"@id":"https:\/\/interamerica.org\/es\/#\/schema\/person\/68ede8bdc292885bb76c1e3810e73c39"},"breadcrumb":{"@id":"https:\/\/interamerica.org\/es\/2005\/01\/lo-ultimo-sobre-el-tsunami-adra-amplia-la-obra-de-asistencia-social\/#breadcrumb"},"inLanguage":"es","potentialAction":[{"@type":"ReadAction","target":["https:\/\/interamerica.org\/es\/2005\/01\/lo-ultimo-sobre-el-tsunami-adra-amplia-la-obra-de-asistencia-social\/"]}]},{"@type":"BreadcrumbList","@id":"https:\/\/interamerica.org\/es\/2005\/01\/lo-ultimo-sobre-el-tsunami-adra-amplia-la-obra-de-asistencia-social\/#breadcrumb","itemListElement":[{"@type":"ListItem","position":1,"name":"Home","item":"https:\/\/interamerica.org\/es\/"},{"@type":"ListItem","position":2,"name":"Lo \u00daltimo Sobre el Tsunami: ADRA Ampl\u00eda la Obra de Asistencia\u00a0Social"}]},{"@type":"WebSite","@id":"https:\/\/interamerica.org\/es\/#website","url":"https:\/\/interamerica.org\/es\/","name":"Iglesia Adventista del S\u00e9ptimo D\u00eda - Divisi\u00f3n Interamericana","description":"","potentialAction":[{"@type":"SearchAction","target":{"@type":"EntryPoint","urlTemplate":"https:\/\/interamerica.org\/es\/?s={search_term_string}"},"query-input":{"@type":"PropertyValueSpecification","valueRequired":true,"valueName":"search_term_string"}}],"inLanguage":"es"},{"@type":"Person","@id":"https:\/\/interamerica.org\/es\/#\/schema\/person\/68ede8bdc292885bb76c1e3810e73c39","name":"Lorenzo Verduzco","image":{"@type":"ImageObject","inLanguage":"es","@id":"https:\/\/secure.gravatar.com\/avatar\/fb81a55b6218459490a9c1dc841a34909185b81904c5337b4b27f7a6fd60c49e?s=96&d=mm&r=g","url":"https:\/\/secure.gravatar.com\/avatar\/fb81a55b6218459490a9c1dc841a34909185b81904c5337b4b27f7a6fd60c49e?s=96&d=mm&r=g","contentUrl":"https:\/\/secure.gravatar.com\/avatar\/fb81a55b6218459490a9c1dc841a34909185b81904c5337b4b27f7a6fd60c49e?s=96&d=mm&r=g","caption":"Lorenzo Verduzco"}}]}},"_links":{"self":[{"href":"https:\/\/interamerica.org\/es\/wp-json\/wp\/v2\/posts\/10444","targetHints":{"allow":["GET"]}}],"collection":[{"href":"https:\/\/interamerica.org\/es\/wp-json\/wp\/v2\/posts"}],"about":[{"href":"https:\/\/interamerica.org\/es\/wp-json\/wp\/v2\/types\/post"}],"author":[{"embeddable":true,"href":"https:\/\/interamerica.org\/es\/wp-json\/wp\/v2\/users\/1"}],"replies":[{"embeddable":true,"href":"https:\/\/interamerica.org\/es\/wp-json\/wp\/v2\/comments?post=10444"}],"version-history":[{"count":0,"href":"https:\/\/interamerica.org\/es\/wp-json\/wp\/v2\/posts\/10444\/revisions"}],"wp:attachment":[{"href":"https:\/\/interamerica.org\/es\/wp-json\/wp\/v2\/media?parent=10444"}],"wp:term":[{"taxonomy":"category","embeddable":true,"href":"https:\/\/interamerica.org\/es\/wp-json\/wp\/v2\/categories?post=10444"},{"taxonomy":"post_tag","embeddable":true,"href":"https:\/\/interamerica.org\/es\/wp-json\/wp\/v2\/tags?post=10444"}],"curies":[{"name":"wp","href":"https:\/\/api.w.org\/{rel}","templated":true}]}}