{"id":10447,"date":"2005-01-25T00:00:00","date_gmt":"2005-01-25T04:00:00","guid":{"rendered":"http:\/\/192.81.217.108\/interamerica\/2005\/01\/sudan-adra-pide-la-liberacion-de-trabajadores-secuestrados\/"},"modified":"2017-06-02T09:18:00","modified_gmt":"2017-06-02T13:18:00","slug":"sudan-adra-pide-la-liberacion-de-trabajadores-secuestrados","status":"publish","type":"post","link":"https:\/\/interamerica.org\/es\/2005\/01\/sudan-adra-pide-la-liberacion-de-trabajadores-secuestrados\/","title":{"rendered":"Sud\u00e1n:  ADRA Pide la Liberaci\u00f3n de Trabajadores Secuestrados"},"content":{"rendered":"<p>Silver Springs, Maryland, Estados Unidos&#8230;  [ADRA Staff\/ANN]<\/p>\n<p>La Agencia Internacional de Desarrollo y Rescursos Asistenciales Adventista (ADRA) est\u00e1 pidiendo la liberaci\u00f3n de tres trabajadores de la agencia que fueron asaltados y secuestrados con sus veh\u00edculos de transportaci\u00f3n del proyecto de ADRA el 16 de diciembre del 2004 mientras viajaban por el \u00e1rea de Labado, que entonces estaba controlada por insurgentes, en la v\u00eda de Khartoum al oeste de Darfur, Sudan. <\/p>\n<p>Viajando en un convoy de auxilio humanitario, los tres trabajadores eran parte de un equipo mayor de ADRA encargado de barrenar pozos y llevaban equipo y provisiones para rehabilitar 65 pozos da\u00f1ados y abandonados y construir 45 pozos nuevos.<\/p>\n<p>El Departamento de Ayuda Humanitaria de la Comisi\u00f3n Europea (ECHO) provee el financiamiento para este proyecto.<\/p>\n<p>El convoy de ADRA ten\u00eda un permiso oficial para entregar la ayuda a Darfur.<\/p>\n<p>Cada uno de los tres hombres, de nacionalidad sudan\u00e9s, est\u00e1 dedicado al trabajo humanitario y estaban ansiosos por salir hacia Darfur debido a las enormes necesidades all\u00ed.<\/p>\n<p>\u00abEstamos alarmados y extremadamente preocupados por la seguridad de nuestros trabajadores.  No sabemos exactamente qui\u00e9nes los secuestraron, y no hemos recibido ninguna informaci\u00f3n sobre la localidad ni la condici\u00f3n en que se encuentran.  ADRA es apol\u00edtica; proporciona ayuda donde se necesite m\u00e1s\u00bb, dijo Byron L. Scheuneman, vice presidente y principal oficial financiero de ADRA Internacional. <\/p>\n<p>\u00abNuestros pensamientos y oraciones est\u00e1n con los hombres que fueron tomados, as\u00ed como tambi\u00e9n sus familiares.  Estamos en discusiones directamente con los que est\u00e1n sosteni\u00e9ndolos para que los liberen, sin peligro, argumentando que estaban en una misi\u00f3n humanitaria.  El agua es el sector menos accesible en todo Darfur, y no tiene sentido que contin\u00faen reteniendo a estos hombres y su equipo.  El agua se necesita con urgencia en la regi\u00f3n\u00bb, continu\u00f3.<\/p>\n<p>Los pozos de agua planeados beneficiar\u00e1n a 80,000 Personas Desplazadas en el Interior (IDPs) y miembros de las comunidades encargadas en el oeste de Darfur, \u00e1rea afectada por problemas civiles que han dejado por lo menos 1.6 millones de personas luchando por sobrevivir a trav\u00e9s de los tres estados de Darfur.<\/p>\n<p>La oficina de ADRA en Khartoum est\u00e1 trabajando junto con las Naciones Unidas para asegurar la liberaci\u00f3n de sus trabajadores y esta agradecida por la ayuda que ellos proporcionan.<\/p>\n<p>Trabajar en este ambiente complejo y dif\u00edcil tiene sus riesgos, y ADRA aprecia cualquier esfuerzo de aumentar la seguridad de los trabajadores humanitarios y la poblaci\u00f3n afectada.<\/p>\n<p>ADRA ha estado trabajando en Sud\u00e1n por m\u00e1s de 25 a\u00f1os y en Darfur desde Junio del 2004.  Presente en m\u00e1s de 120 pa\u00edses por todo el mundo, ADRA proporciona desarrollo individual y de la comunidad y rescate sin consideraci\u00f3n alguna hacia la afiliaci\u00f3n pol\u00edtica o religiosa, la edad o el lugar de origen.<\/p>\n<p>Informaci\u00f3n adicional sobre ADRA se puede encontrar en <a  href=\"https:\/\/recursing-golick.147-182-135-0.plesk.page\/modules\/directory\/www.adra.org\">www.adra.org<\/a>. <\/p>\n<p><strong>Derechos Reservados 2005 por Adventist News Network (Red de Noticias Adventista)<\/strong>.<\/p>\n","protected":false},"excerpt":{"rendered":"<p>La Agencia Internacional de Desarrollo y Rescursos Asistenciales Adventistal (ADRA) est\u00e1 pidiendo la liberaci\u00f3n de tres trabajadores de la agencia que fueron asaltados y secuestrados junto con veh\u00edculos de transportaci\u00f3n del proyecto de ADRA el 16 de dici<\/p>\n","protected":false},"author":1,"featured_media":0,"comment_status":"closed","ping_status":"closed","sticky":false,"template":"","format":"standard","meta":{"_acf_changed":false,"footnotes":""},"categories":[8],"tags":[],"class_list":["post-10447","post","type-post","status-publish","format-standard","hentry","category-archivo"],"acf":[],"yoast_head":"<!-- This site is optimized with the Yoast SEO plugin v27.3 - https:\/\/yoast.com\/product\/yoast-seo-wordpress\/ -->\n<title>Sud\u00e1n: ADRA Pide la Liberaci\u00f3n de Trabajadores Secuestrados - Iglesia Adventista del S\u00e9ptimo D\u00eda - Divisi\u00f3n Interamericana<\/title>\n<meta name=\"robots\" content=\"index, follow, max-snippet:-1, max-image-preview:large, max-video-preview:-1\" \/>\n<link rel=\"canonical\" href=\"https:\/\/interamerica.org\/es\/2005\/01\/sudan-adra-pide-la-liberacion-de-trabajadores-secuestrados\/\" \/>\n<meta property=\"og:locale\" content=\"es_ES\" \/>\n<meta property=\"og:type\" content=\"article\" \/>\n<meta property=\"og:title\" content=\"Sud\u00e1n: ADRA Pide la Liberaci\u00f3n de Trabajadores Secuestrados - Iglesia Adventista del S\u00e9ptimo D\u00eda - Divisi\u00f3n Interamericana\" \/>\n<meta property=\"og:description\" content=\"La Agencia Internacional de Desarrollo y Rescursos Asistenciales Adventistal (ADRA) est\u00e1 pidiendo la liberaci\u00f3n de tres trabajadores de la agencia que fueron asaltados y secuestrados junto con veh\u00edculos de transportaci\u00f3n del proyecto de ADRA el 16 de dici\" \/>\n<meta property=\"og:url\" content=\"https:\/\/interamerica.org\/es\/2005\/01\/sudan-adra-pide-la-liberacion-de-trabajadores-secuestrados\/\" \/>\n<meta property=\"og:site_name\" content=\"Iglesia Adventista del S\u00e9ptimo D\u00eda - Divisi\u00f3n Interamericana\" \/>\n<meta property=\"article:published_time\" content=\"2005-01-25T04:00:00+00:00\" \/>\n<meta property=\"article:modified_time\" content=\"2017-06-02T13:18:00+00:00\" \/>\n<meta name=\"author\" content=\"Lorenzo Verduzco\" \/>\n<meta name=\"twitter:card\" content=\"summary_large_image\" \/>\n<meta name=\"twitter:label1\" content=\"Escrito por\" \/>\n\t<meta name=\"twitter:data1\" content=\"Lorenzo Verduzco\" \/>\n\t<meta name=\"twitter:label2\" content=\"Tiempo de lectura\" \/>\n\t<meta name=\"twitter:data2\" content=\"3 minutos\" \/>\n<script type=\"application\/ld+json\" class=\"yoast-schema-graph\">{\"@context\":\"https:\\\/\\\/schema.org\",\"@graph\":[{\"@type\":\"Article\",\"@id\":\"https:\\\/\\\/interamerica.org\\\/es\\\/2005\\\/01\\\/sudan-adra-pide-la-liberacion-de-trabajadores-secuestrados\\\/#article\",\"isPartOf\":{\"@id\":\"https:\\\/\\\/interamerica.org\\\/es\\\/2005\\\/01\\\/sudan-adra-pide-la-liberacion-de-trabajadores-secuestrados\\\/\"},\"author\":{\"name\":\"Lorenzo Verduzco\",\"@id\":\"https:\\\/\\\/interamerica.org\\\/es\\\/#\\\/schema\\\/person\\\/68ede8bdc292885bb76c1e3810e73c39\"},\"headline\":\"Sud\u00e1n: ADRA Pide la Liberaci\u00f3n de Trabajadores Secuestrados\",\"datePublished\":\"2005-01-25T04:00:00+00:00\",\"dateModified\":\"2017-06-02T13:18:00+00:00\",\"mainEntityOfPage\":{\"@id\":\"https:\\\/\\\/interamerica.org\\\/es\\\/2005\\\/01\\\/sudan-adra-pide-la-liberacion-de-trabajadores-secuestrados\\\/\"},\"wordCount\":510,\"articleSection\":[\"Archivo\"],\"inLanguage\":\"es\"},{\"@type\":\"WebPage\",\"@id\":\"https:\\\/\\\/interamerica.org\\\/es\\\/2005\\\/01\\\/sudan-adra-pide-la-liberacion-de-trabajadores-secuestrados\\\/\",\"url\":\"https:\\\/\\\/interamerica.org\\\/es\\\/2005\\\/01\\\/sudan-adra-pide-la-liberacion-de-trabajadores-secuestrados\\\/\",\"name\":\"Sud\u00e1n: ADRA Pide la Liberaci\u00f3n de Trabajadores Secuestrados - Iglesia Adventista del S\u00e9ptimo D\u00eda - Divisi\u00f3n Interamericana\",\"isPartOf\":{\"@id\":\"https:\\\/\\\/interamerica.org\\\/es\\\/#website\"},\"datePublished\":\"2005-01-25T04:00:00+00:00\",\"dateModified\":\"2017-06-02T13:18:00+00:00\",\"author\":{\"@id\":\"https:\\\/\\\/interamerica.org\\\/es\\\/#\\\/schema\\\/person\\\/68ede8bdc292885bb76c1e3810e73c39\"},\"breadcrumb\":{\"@id\":\"https:\\\/\\\/interamerica.org\\\/es\\\/2005\\\/01\\\/sudan-adra-pide-la-liberacion-de-trabajadores-secuestrados\\\/#breadcrumb\"},\"inLanguage\":\"es\",\"potentialAction\":[{\"@type\":\"ReadAction\",\"target\":[\"https:\\\/\\\/interamerica.org\\\/es\\\/2005\\\/01\\\/sudan-adra-pide-la-liberacion-de-trabajadores-secuestrados\\\/\"]}]},{\"@type\":\"BreadcrumbList\",\"@id\":\"https:\\\/\\\/interamerica.org\\\/es\\\/2005\\\/01\\\/sudan-adra-pide-la-liberacion-de-trabajadores-secuestrados\\\/#breadcrumb\",\"itemListElement\":[{\"@type\":\"ListItem\",\"position\":1,\"name\":\"Home\",\"item\":\"https:\\\/\\\/interamerica.org\\\/es\\\/\"},{\"@type\":\"ListItem\",\"position\":2,\"name\":\"Sud\u00e1n: ADRA Pide la Liberaci\u00f3n de Trabajadores Secuestrados\"}]},{\"@type\":\"WebSite\",\"@id\":\"https:\\\/\\\/interamerica.org\\\/es\\\/#website\",\"url\":\"https:\\\/\\\/interamerica.org\\\/es\\\/\",\"name\":\"Iglesia Adventista del S\u00e9ptimo D\u00eda - Divisi\u00f3n Interamericana\",\"description\":\"\",\"potentialAction\":[{\"@type\":\"SearchAction\",\"target\":{\"@type\":\"EntryPoint\",\"urlTemplate\":\"https:\\\/\\\/interamerica.org\\\/es\\\/?s={search_term_string}\"},\"query-input\":{\"@type\":\"PropertyValueSpecification\",\"valueRequired\":true,\"valueName\":\"search_term_string\"}}],\"inLanguage\":\"es\"},{\"@type\":\"Person\",\"@id\":\"https:\\\/\\\/interamerica.org\\\/es\\\/#\\\/schema\\\/person\\\/68ede8bdc292885bb76c1e3810e73c39\",\"name\":\"Lorenzo Verduzco\",\"image\":{\"@type\":\"ImageObject\",\"inLanguage\":\"es\",\"@id\":\"https:\\\/\\\/secure.gravatar.com\\\/avatar\\\/fb81a55b6218459490a9c1dc841a34909185b81904c5337b4b27f7a6fd60c49e?s=96&d=mm&r=g\",\"url\":\"https:\\\/\\\/secure.gravatar.com\\\/avatar\\\/fb81a55b6218459490a9c1dc841a34909185b81904c5337b4b27f7a6fd60c49e?s=96&d=mm&r=g\",\"contentUrl\":\"https:\\\/\\\/secure.gravatar.com\\\/avatar\\\/fb81a55b6218459490a9c1dc841a34909185b81904c5337b4b27f7a6fd60c49e?s=96&d=mm&r=g\",\"caption\":\"Lorenzo Verduzco\"}}]}<\/script>\n<!-- \/ Yoast SEO plugin. -->","yoast_head_json":{"title":"Sud\u00e1n: ADRA Pide la Liberaci\u00f3n de Trabajadores Secuestrados - Iglesia Adventista del S\u00e9ptimo D\u00eda - Divisi\u00f3n Interamericana","robots":{"index":"index","follow":"follow","max-snippet":"max-snippet:-1","max-image-preview":"max-image-preview:large","max-video-preview":"max-video-preview:-1"},"canonical":"https:\/\/interamerica.org\/es\/2005\/01\/sudan-adra-pide-la-liberacion-de-trabajadores-secuestrados\/","og_locale":"es_ES","og_type":"article","og_title":"Sud\u00e1n: ADRA Pide la Liberaci\u00f3n de Trabajadores Secuestrados - Iglesia Adventista del S\u00e9ptimo D\u00eda - Divisi\u00f3n Interamericana","og_description":"La Agencia Internacional de Desarrollo y Rescursos Asistenciales Adventistal (ADRA) est\u00e1 pidiendo la liberaci\u00f3n de tres trabajadores de la agencia que fueron asaltados y secuestrados junto con veh\u00edculos de transportaci\u00f3n del proyecto de ADRA el 16 de dici","og_url":"https:\/\/interamerica.org\/es\/2005\/01\/sudan-adra-pide-la-liberacion-de-trabajadores-secuestrados\/","og_site_name":"Iglesia Adventista del S\u00e9ptimo D\u00eda - Divisi\u00f3n Interamericana","article_published_time":"2005-01-25T04:00:00+00:00","article_modified_time":"2017-06-02T13:18:00+00:00","author":"Lorenzo Verduzco","twitter_card":"summary_large_image","twitter_misc":{"Escrito por":"Lorenzo Verduzco","Tiempo de lectura":"3 minutos"},"schema":{"@context":"https:\/\/schema.org","@graph":[{"@type":"Article","@id":"https:\/\/interamerica.org\/es\/2005\/01\/sudan-adra-pide-la-liberacion-de-trabajadores-secuestrados\/#article","isPartOf":{"@id":"https:\/\/interamerica.org\/es\/2005\/01\/sudan-adra-pide-la-liberacion-de-trabajadores-secuestrados\/"},"author":{"name":"Lorenzo Verduzco","@id":"https:\/\/interamerica.org\/es\/#\/schema\/person\/68ede8bdc292885bb76c1e3810e73c39"},"headline":"Sud\u00e1n: ADRA Pide la Liberaci\u00f3n de Trabajadores Secuestrados","datePublished":"2005-01-25T04:00:00+00:00","dateModified":"2017-06-02T13:18:00+00:00","mainEntityOfPage":{"@id":"https:\/\/interamerica.org\/es\/2005\/01\/sudan-adra-pide-la-liberacion-de-trabajadores-secuestrados\/"},"wordCount":510,"articleSection":["Archivo"],"inLanguage":"es"},{"@type":"WebPage","@id":"https:\/\/interamerica.org\/es\/2005\/01\/sudan-adra-pide-la-liberacion-de-trabajadores-secuestrados\/","url":"https:\/\/interamerica.org\/es\/2005\/01\/sudan-adra-pide-la-liberacion-de-trabajadores-secuestrados\/","name":"Sud\u00e1n: ADRA Pide la Liberaci\u00f3n de Trabajadores Secuestrados - Iglesia Adventista del S\u00e9ptimo D\u00eda - Divisi\u00f3n Interamericana","isPartOf":{"@id":"https:\/\/interamerica.org\/es\/#website"},"datePublished":"2005-01-25T04:00:00+00:00","dateModified":"2017-06-02T13:18:00+00:00","author":{"@id":"https:\/\/interamerica.org\/es\/#\/schema\/person\/68ede8bdc292885bb76c1e3810e73c39"},"breadcrumb":{"@id":"https:\/\/interamerica.org\/es\/2005\/01\/sudan-adra-pide-la-liberacion-de-trabajadores-secuestrados\/#breadcrumb"},"inLanguage":"es","potentialAction":[{"@type":"ReadAction","target":["https:\/\/interamerica.org\/es\/2005\/01\/sudan-adra-pide-la-liberacion-de-trabajadores-secuestrados\/"]}]},{"@type":"BreadcrumbList","@id":"https:\/\/interamerica.org\/es\/2005\/01\/sudan-adra-pide-la-liberacion-de-trabajadores-secuestrados\/#breadcrumb","itemListElement":[{"@type":"ListItem","position":1,"name":"Home","item":"https:\/\/interamerica.org\/es\/"},{"@type":"ListItem","position":2,"name":"Sud\u00e1n: ADRA Pide la Liberaci\u00f3n de Trabajadores Secuestrados"}]},{"@type":"WebSite","@id":"https:\/\/interamerica.org\/es\/#website","url":"https:\/\/interamerica.org\/es\/","name":"Iglesia Adventista del S\u00e9ptimo D\u00eda - Divisi\u00f3n Interamericana","description":"","potentialAction":[{"@type":"SearchAction","target":{"@type":"EntryPoint","urlTemplate":"https:\/\/interamerica.org\/es\/?s={search_term_string}"},"query-input":{"@type":"PropertyValueSpecification","valueRequired":true,"valueName":"search_term_string"}}],"inLanguage":"es"},{"@type":"Person","@id":"https:\/\/interamerica.org\/es\/#\/schema\/person\/68ede8bdc292885bb76c1e3810e73c39","name":"Lorenzo Verduzco","image":{"@type":"ImageObject","inLanguage":"es","@id":"https:\/\/secure.gravatar.com\/avatar\/fb81a55b6218459490a9c1dc841a34909185b81904c5337b4b27f7a6fd60c49e?s=96&d=mm&r=g","url":"https:\/\/secure.gravatar.com\/avatar\/fb81a55b6218459490a9c1dc841a34909185b81904c5337b4b27f7a6fd60c49e?s=96&d=mm&r=g","contentUrl":"https:\/\/secure.gravatar.com\/avatar\/fb81a55b6218459490a9c1dc841a34909185b81904c5337b4b27f7a6fd60c49e?s=96&d=mm&r=g","caption":"Lorenzo Verduzco"}}]}},"_links":{"self":[{"href":"https:\/\/interamerica.org\/es\/wp-json\/wp\/v2\/posts\/10447","targetHints":{"allow":["GET"]}}],"collection":[{"href":"https:\/\/interamerica.org\/es\/wp-json\/wp\/v2\/posts"}],"about":[{"href":"https:\/\/interamerica.org\/es\/wp-json\/wp\/v2\/types\/post"}],"author":[{"embeddable":true,"href":"https:\/\/interamerica.org\/es\/wp-json\/wp\/v2\/users\/1"}],"replies":[{"embeddable":true,"href":"https:\/\/interamerica.org\/es\/wp-json\/wp\/v2\/comments?post=10447"}],"version-history":[{"count":0,"href":"https:\/\/interamerica.org\/es\/wp-json\/wp\/v2\/posts\/10447\/revisions"}],"wp:attachment":[{"href":"https:\/\/interamerica.org\/es\/wp-json\/wp\/v2\/media?parent=10447"}],"wp:term":[{"taxonomy":"category","embeddable":true,"href":"https:\/\/interamerica.org\/es\/wp-json\/wp\/v2\/categories?post=10447"},{"taxonomy":"post_tag","embeddable":true,"href":"https:\/\/interamerica.org\/es\/wp-json\/wp\/v2\/tags?post=10447"}],"curies":[{"name":"wp","href":"https:\/\/api.w.org\/{rel}","templated":true}]}}