{"id":10448,"date":"2005-01-25T00:00:00","date_gmt":"2005-01-25T04:00:00","guid":{"rendered":"http:\/\/192.81.217.108\/interamerica\/2005\/01\/trinidad-y-tobago-primer-ministro-dice-que-la-religion-no-deberia-dividir-a-la-gente\/"},"modified":"2017-06-02T09:18:00","modified_gmt":"2017-06-02T13:18:00","slug":"trinidad-y-tobago-primer-ministro-dice-que-la-religion-no-deberia-dividir-a-la-gente","status":"publish","type":"post","link":"https:\/\/interamerica.org\/es\/2005\/01\/trinidad-y-tobago-primer-ministro-dice-que-la-religion-no-deberia-dividir-a-la-gente\/","title":{"rendered":"Trinidad y Tobago: Primer Ministro Dice que la Religi\u00f3n No Deber\u00eda Dividir a la Gente"},"content":{"rendered":"<p>Puerto Espa\u00f1a, Trinidad &#8230; [Jonathan Gallagher\/IRLA\/ANN]<\/p>\n<p>\u00abLa religi\u00f3n puede ser la fuerza m\u00e1s poderosa para la libertad en la sociedad,\u00bb dijo el Primer Ministro de Trinidad y Tobago, H.E. Patrick Manning, el 19 de enero en la conferencia de la Asociaci\u00f3n Internacional de Libertad Religiosa realizada en la isla de Trinidad. \u00a0La actividad reuni\u00f3 320 l\u00edderes tanto de la sociedad como de comunidades religiosas de todo el caribe y sus alrededores.<\/p>\n<p>\u00abSin embargo, la religi\u00f3n puede tambi\u00e9n ser una de las principales causas de divisi\u00f3n &#8212; con la intolerancia hacia otros, la creencia en el monopolio del sagrado conocimiento, y la incapacidad de ver alterntivas,\u00bb continu\u00f3 Manning.<\/p>\n<p>Manning dijo que se siente orgulloso que \u00abpodamos discutir estos asuntos con candor y libertad en Trinidad y Tobago,\u00bb enfatizando que la constituci\u00f3n del pa\u00eds garantiza la libertad religiosa.\u00a0 Sin embargo, \u00abla pr\u00e1ctica puede diferir de los ideales,\u00bb a\u00f1adi\u00f3.\u00a0 \u00abLa historia nos ense\u00f1a que los estados han sido, desafortunadamente, parte de la supresi\u00f3n de la libertad religiosa&#8230; debemos trabajar en contra de dicha tendencia y mitigar este factor.\u00bb<\/p>\n<p>\u00abEstamos\u00a0fascinados de tan fuerte\u00a0aprobaci\u00f3n de la libertad religiosa&#8230;\u00a0 por parte del primer ministro\u00bb, coment\u00f3 John Graz , secretario general del IRLA\u00a0\u00a0 y director del departamento de Asuntos P\u00fablicos y Libertad Religiosa de la Iglesia Adventista mundial.\u00a0 <O ><\/O ><\/p>\n<p><O ><\/O ><\/p>\n<p>\u00abConfiamos que el resultado de nuestras reuniones aqu\u00ed ser\u00e1 un reconocimiento creciente de la importancia vital de apoyar&#8211;en formas muy pr\u00e1cticas&#8211;la libertad religiosa y tolerancia en cada parte del mundo\u00bb,\u00a0 dijo Graz.\u00a0 <O ><\/O ><\/p>\n<p><O ><\/O ><\/p>\n<p>El representante local del IRLA\u00a0y el organizador principal del evento, Clive Dottin,\u00a0se\u00f1al\u00f3 que la conferencia fue la primera de su tipo en el pa\u00eds. \u00abAl\u00a0reunir a estos l\u00edderes, esperamos que podamos desarrollar m\u00e1s extensamente\u00a0el apoyo por la libertad de conciencia y el respeto mutuo\u00bb, dijo.\u00a0 <O ><\/O ><\/p>\n<p><O ><\/O ><\/p>\n<p>IRLA es una organizaci\u00f3n no-sectaria, establecida por\u00a0la Iglesia Adventista del s\u00e9ptimo d\u00eda hace m\u00e1s de 100 a\u00f1os, para promover y\u00a0defender la libertad religiosa para todas las personas.\u00a0<\/p>\n<p><strong>Derechos Reservardos 2005 por Red de Noticias Adventistas.<\/strong><\/p>\n","protected":false},"excerpt":{"rendered":"<p>\u00abLa religi\u00f3n puede ser la fuerza m\u00e1s poderosa para la libertad en la sociedad,\u00bb dijo el Primer Ministro de Trinidad y Tobago&#8230;\u00a0<\/p>\n","protected":false},"author":1,"featured_media":0,"comment_status":"closed","ping_status":"closed","sticky":false,"template":"","format":"standard","meta":{"_acf_changed":false,"footnotes":""},"categories":[8],"tags":[],"class_list":["post-10448","post","type-post","status-publish","format-standard","hentry","category-archivo"],"acf":[],"yoast_head":"<!-- This site is optimized with the Yoast SEO plugin v27.3 - https:\/\/yoast.com\/product\/yoast-seo-wordpress\/ -->\n<title>Trinidad y Tobago: Primer Ministro Dice que la Religi\u00f3n No Deber\u00eda Dividir a la Gente - Iglesia Adventista del S\u00e9ptimo D\u00eda - Divisi\u00f3n Interamericana<\/title>\n<meta name=\"robots\" content=\"index, follow, max-snippet:-1, max-image-preview:large, max-video-preview:-1\" \/>\n<link rel=\"canonical\" href=\"https:\/\/interamerica.org\/es\/2005\/01\/trinidad-y-tobago-primer-ministro-dice-que-la-religion-no-deberia-dividir-a-la-gente\/\" \/>\n<meta property=\"og:locale\" content=\"es_ES\" \/>\n<meta property=\"og:type\" content=\"article\" \/>\n<meta property=\"og:title\" content=\"Trinidad y Tobago: Primer Ministro Dice que la Religi\u00f3n No Deber\u00eda Dividir a la Gente - Iglesia Adventista del S\u00e9ptimo D\u00eda - Divisi\u00f3n Interamericana\" \/>\n<meta property=\"og:description\" content=\"&quot;La religi\u00f3n puede ser la fuerza m\u00e1s poderosa para la libertad en la sociedad,&quot; dijo el Primer Ministro de Trinidad y Tobago...\u00a0\" \/>\n<meta property=\"og:url\" content=\"https:\/\/interamerica.org\/es\/2005\/01\/trinidad-y-tobago-primer-ministro-dice-que-la-religion-no-deberia-dividir-a-la-gente\/\" \/>\n<meta property=\"og:site_name\" content=\"Iglesia Adventista del S\u00e9ptimo D\u00eda - Divisi\u00f3n Interamericana\" \/>\n<meta property=\"article:published_time\" content=\"2005-01-25T04:00:00+00:00\" \/>\n<meta property=\"article:modified_time\" content=\"2017-06-02T13:18:00+00:00\" \/>\n<meta name=\"author\" content=\"Lorenzo Verduzco\" \/>\n<meta name=\"twitter:card\" content=\"summary_large_image\" \/>\n<meta name=\"twitter:label1\" content=\"Escrito por\" \/>\n\t<meta name=\"twitter:data1\" content=\"Lorenzo Verduzco\" \/>\n\t<meta name=\"twitter:label2\" content=\"Tiempo de lectura\" \/>\n\t<meta name=\"twitter:data2\" content=\"2 minutos\" \/>\n<script type=\"application\/ld+json\" class=\"yoast-schema-graph\">{\"@context\":\"https:\\\/\\\/schema.org\",\"@graph\":[{\"@type\":\"Article\",\"@id\":\"https:\\\/\\\/interamerica.org\\\/es\\\/2005\\\/01\\\/trinidad-y-tobago-primer-ministro-dice-que-la-religion-no-deberia-dividir-a-la-gente\\\/#article\",\"isPartOf\":{\"@id\":\"https:\\\/\\\/interamerica.org\\\/es\\\/2005\\\/01\\\/trinidad-y-tobago-primer-ministro-dice-que-la-religion-no-deberia-dividir-a-la-gente\\\/\"},\"author\":{\"name\":\"Lorenzo Verduzco\",\"@id\":\"https:\\\/\\\/interamerica.org\\\/es\\\/#\\\/schema\\\/person\\\/68ede8bdc292885bb76c1e3810e73c39\"},\"headline\":\"Trinidad y Tobago: Primer Ministro Dice que la Religi\u00f3n No Deber\u00eda Dividir a la Gente\",\"datePublished\":\"2005-01-25T04:00:00+00:00\",\"dateModified\":\"2017-06-02T13:18:00+00:00\",\"mainEntityOfPage\":{\"@id\":\"https:\\\/\\\/interamerica.org\\\/es\\\/2005\\\/01\\\/trinidad-y-tobago-primer-ministro-dice-que-la-religion-no-deberia-dividir-a-la-gente\\\/\"},\"wordCount\":371,\"articleSection\":[\"Archivo\"],\"inLanguage\":\"es\"},{\"@type\":\"WebPage\",\"@id\":\"https:\\\/\\\/interamerica.org\\\/es\\\/2005\\\/01\\\/trinidad-y-tobago-primer-ministro-dice-que-la-religion-no-deberia-dividir-a-la-gente\\\/\",\"url\":\"https:\\\/\\\/interamerica.org\\\/es\\\/2005\\\/01\\\/trinidad-y-tobago-primer-ministro-dice-que-la-religion-no-deberia-dividir-a-la-gente\\\/\",\"name\":\"Trinidad y Tobago: Primer Ministro Dice que la Religi\u00f3n No Deber\u00eda Dividir a la Gente - Iglesia Adventista del S\u00e9ptimo D\u00eda - Divisi\u00f3n Interamericana\",\"isPartOf\":{\"@id\":\"https:\\\/\\\/interamerica.org\\\/es\\\/#website\"},\"datePublished\":\"2005-01-25T04:00:00+00:00\",\"dateModified\":\"2017-06-02T13:18:00+00:00\",\"author\":{\"@id\":\"https:\\\/\\\/interamerica.org\\\/es\\\/#\\\/schema\\\/person\\\/68ede8bdc292885bb76c1e3810e73c39\"},\"breadcrumb\":{\"@id\":\"https:\\\/\\\/interamerica.org\\\/es\\\/2005\\\/01\\\/trinidad-y-tobago-primer-ministro-dice-que-la-religion-no-deberia-dividir-a-la-gente\\\/#breadcrumb\"},\"inLanguage\":\"es\",\"potentialAction\":[{\"@type\":\"ReadAction\",\"target\":[\"https:\\\/\\\/interamerica.org\\\/es\\\/2005\\\/01\\\/trinidad-y-tobago-primer-ministro-dice-que-la-religion-no-deberia-dividir-a-la-gente\\\/\"]}]},{\"@type\":\"BreadcrumbList\",\"@id\":\"https:\\\/\\\/interamerica.org\\\/es\\\/2005\\\/01\\\/trinidad-y-tobago-primer-ministro-dice-que-la-religion-no-deberia-dividir-a-la-gente\\\/#breadcrumb\",\"itemListElement\":[{\"@type\":\"ListItem\",\"position\":1,\"name\":\"Home\",\"item\":\"https:\\\/\\\/interamerica.org\\\/es\\\/\"},{\"@type\":\"ListItem\",\"position\":2,\"name\":\"Trinidad y Tobago: Primer Ministro Dice que la Religi\u00f3n No Deber\u00eda Dividir a la Gente\"}]},{\"@type\":\"WebSite\",\"@id\":\"https:\\\/\\\/interamerica.org\\\/es\\\/#website\",\"url\":\"https:\\\/\\\/interamerica.org\\\/es\\\/\",\"name\":\"Iglesia Adventista del S\u00e9ptimo D\u00eda - Divisi\u00f3n Interamericana\",\"description\":\"\",\"potentialAction\":[{\"@type\":\"SearchAction\",\"target\":{\"@type\":\"EntryPoint\",\"urlTemplate\":\"https:\\\/\\\/interamerica.org\\\/es\\\/?s={search_term_string}\"},\"query-input\":{\"@type\":\"PropertyValueSpecification\",\"valueRequired\":true,\"valueName\":\"search_term_string\"}}],\"inLanguage\":\"es\"},{\"@type\":\"Person\",\"@id\":\"https:\\\/\\\/interamerica.org\\\/es\\\/#\\\/schema\\\/person\\\/68ede8bdc292885bb76c1e3810e73c39\",\"name\":\"Lorenzo Verduzco\",\"image\":{\"@type\":\"ImageObject\",\"inLanguage\":\"es\",\"@id\":\"https:\\\/\\\/secure.gravatar.com\\\/avatar\\\/fb81a55b6218459490a9c1dc841a34909185b81904c5337b4b27f7a6fd60c49e?s=96&d=mm&r=g\",\"url\":\"https:\\\/\\\/secure.gravatar.com\\\/avatar\\\/fb81a55b6218459490a9c1dc841a34909185b81904c5337b4b27f7a6fd60c49e?s=96&d=mm&r=g\",\"contentUrl\":\"https:\\\/\\\/secure.gravatar.com\\\/avatar\\\/fb81a55b6218459490a9c1dc841a34909185b81904c5337b4b27f7a6fd60c49e?s=96&d=mm&r=g\",\"caption\":\"Lorenzo Verduzco\"}}]}<\/script>\n<!-- \/ Yoast SEO plugin. -->","yoast_head_json":{"title":"Trinidad y Tobago: Primer Ministro Dice que la Religi\u00f3n No Deber\u00eda Dividir a la Gente - Iglesia Adventista del S\u00e9ptimo D\u00eda - Divisi\u00f3n Interamericana","robots":{"index":"index","follow":"follow","max-snippet":"max-snippet:-1","max-image-preview":"max-image-preview:large","max-video-preview":"max-video-preview:-1"},"canonical":"https:\/\/interamerica.org\/es\/2005\/01\/trinidad-y-tobago-primer-ministro-dice-que-la-religion-no-deberia-dividir-a-la-gente\/","og_locale":"es_ES","og_type":"article","og_title":"Trinidad y Tobago: Primer Ministro Dice que la Religi\u00f3n No Deber\u00eda Dividir a la Gente - Iglesia Adventista del S\u00e9ptimo D\u00eda - Divisi\u00f3n Interamericana","og_description":"\"La religi\u00f3n puede ser la fuerza m\u00e1s poderosa para la libertad en la sociedad,\" dijo el Primer Ministro de Trinidad y Tobago...\u00a0","og_url":"https:\/\/interamerica.org\/es\/2005\/01\/trinidad-y-tobago-primer-ministro-dice-que-la-religion-no-deberia-dividir-a-la-gente\/","og_site_name":"Iglesia Adventista del S\u00e9ptimo D\u00eda - Divisi\u00f3n Interamericana","article_published_time":"2005-01-25T04:00:00+00:00","article_modified_time":"2017-06-02T13:18:00+00:00","author":"Lorenzo Verduzco","twitter_card":"summary_large_image","twitter_misc":{"Escrito por":"Lorenzo Verduzco","Tiempo de lectura":"2 minutos"},"schema":{"@context":"https:\/\/schema.org","@graph":[{"@type":"Article","@id":"https:\/\/interamerica.org\/es\/2005\/01\/trinidad-y-tobago-primer-ministro-dice-que-la-religion-no-deberia-dividir-a-la-gente\/#article","isPartOf":{"@id":"https:\/\/interamerica.org\/es\/2005\/01\/trinidad-y-tobago-primer-ministro-dice-que-la-religion-no-deberia-dividir-a-la-gente\/"},"author":{"name":"Lorenzo Verduzco","@id":"https:\/\/interamerica.org\/es\/#\/schema\/person\/68ede8bdc292885bb76c1e3810e73c39"},"headline":"Trinidad y Tobago: Primer Ministro Dice que la Religi\u00f3n No Deber\u00eda Dividir a la Gente","datePublished":"2005-01-25T04:00:00+00:00","dateModified":"2017-06-02T13:18:00+00:00","mainEntityOfPage":{"@id":"https:\/\/interamerica.org\/es\/2005\/01\/trinidad-y-tobago-primer-ministro-dice-que-la-religion-no-deberia-dividir-a-la-gente\/"},"wordCount":371,"articleSection":["Archivo"],"inLanguage":"es"},{"@type":"WebPage","@id":"https:\/\/interamerica.org\/es\/2005\/01\/trinidad-y-tobago-primer-ministro-dice-que-la-religion-no-deberia-dividir-a-la-gente\/","url":"https:\/\/interamerica.org\/es\/2005\/01\/trinidad-y-tobago-primer-ministro-dice-que-la-religion-no-deberia-dividir-a-la-gente\/","name":"Trinidad y Tobago: Primer Ministro Dice que la Religi\u00f3n No Deber\u00eda Dividir a la Gente - Iglesia Adventista del S\u00e9ptimo D\u00eda - Divisi\u00f3n Interamericana","isPartOf":{"@id":"https:\/\/interamerica.org\/es\/#website"},"datePublished":"2005-01-25T04:00:00+00:00","dateModified":"2017-06-02T13:18:00+00:00","author":{"@id":"https:\/\/interamerica.org\/es\/#\/schema\/person\/68ede8bdc292885bb76c1e3810e73c39"},"breadcrumb":{"@id":"https:\/\/interamerica.org\/es\/2005\/01\/trinidad-y-tobago-primer-ministro-dice-que-la-religion-no-deberia-dividir-a-la-gente\/#breadcrumb"},"inLanguage":"es","potentialAction":[{"@type":"ReadAction","target":["https:\/\/interamerica.org\/es\/2005\/01\/trinidad-y-tobago-primer-ministro-dice-que-la-religion-no-deberia-dividir-a-la-gente\/"]}]},{"@type":"BreadcrumbList","@id":"https:\/\/interamerica.org\/es\/2005\/01\/trinidad-y-tobago-primer-ministro-dice-que-la-religion-no-deberia-dividir-a-la-gente\/#breadcrumb","itemListElement":[{"@type":"ListItem","position":1,"name":"Home","item":"https:\/\/interamerica.org\/es\/"},{"@type":"ListItem","position":2,"name":"Trinidad y Tobago: Primer Ministro Dice que la Religi\u00f3n No Deber\u00eda Dividir a la Gente"}]},{"@type":"WebSite","@id":"https:\/\/interamerica.org\/es\/#website","url":"https:\/\/interamerica.org\/es\/","name":"Iglesia Adventista del S\u00e9ptimo D\u00eda - Divisi\u00f3n Interamericana","description":"","potentialAction":[{"@type":"SearchAction","target":{"@type":"EntryPoint","urlTemplate":"https:\/\/interamerica.org\/es\/?s={search_term_string}"},"query-input":{"@type":"PropertyValueSpecification","valueRequired":true,"valueName":"search_term_string"}}],"inLanguage":"es"},{"@type":"Person","@id":"https:\/\/interamerica.org\/es\/#\/schema\/person\/68ede8bdc292885bb76c1e3810e73c39","name":"Lorenzo Verduzco","image":{"@type":"ImageObject","inLanguage":"es","@id":"https:\/\/secure.gravatar.com\/avatar\/fb81a55b6218459490a9c1dc841a34909185b81904c5337b4b27f7a6fd60c49e?s=96&d=mm&r=g","url":"https:\/\/secure.gravatar.com\/avatar\/fb81a55b6218459490a9c1dc841a34909185b81904c5337b4b27f7a6fd60c49e?s=96&d=mm&r=g","contentUrl":"https:\/\/secure.gravatar.com\/avatar\/fb81a55b6218459490a9c1dc841a34909185b81904c5337b4b27f7a6fd60c49e?s=96&d=mm&r=g","caption":"Lorenzo Verduzco"}}]}},"_links":{"self":[{"href":"https:\/\/interamerica.org\/es\/wp-json\/wp\/v2\/posts\/10448","targetHints":{"allow":["GET"]}}],"collection":[{"href":"https:\/\/interamerica.org\/es\/wp-json\/wp\/v2\/posts"}],"about":[{"href":"https:\/\/interamerica.org\/es\/wp-json\/wp\/v2\/types\/post"}],"author":[{"embeddable":true,"href":"https:\/\/interamerica.org\/es\/wp-json\/wp\/v2\/users\/1"}],"replies":[{"embeddable":true,"href":"https:\/\/interamerica.org\/es\/wp-json\/wp\/v2\/comments?post=10448"}],"version-history":[{"count":0,"href":"https:\/\/interamerica.org\/es\/wp-json\/wp\/v2\/posts\/10448\/revisions"}],"wp:attachment":[{"href":"https:\/\/interamerica.org\/es\/wp-json\/wp\/v2\/media?parent=10448"}],"wp:term":[{"taxonomy":"category","embeddable":true,"href":"https:\/\/interamerica.org\/es\/wp-json\/wp\/v2\/categories?post=10448"},{"taxonomy":"post_tag","embeddable":true,"href":"https:\/\/interamerica.org\/es\/wp-json\/wp\/v2\/tags?post=10448"}],"curies":[{"name":"wp","href":"https:\/\/api.w.org\/{rel}","templated":true}]}}