{"id":104496,"date":"2023-10-09T22:37:12","date_gmt":"2023-10-10T02:37:12","guid":{"rendered":"https:\/\/interamerica.org\/?p=104496"},"modified":"2023-10-10T16:39:01","modified_gmt":"2023-10-10T20:39:01","slug":"aun-hay-mucho-por-hacer-para-alcanzar-a-todo-el-mundo-afirma-principal-estadistico","status":"publish","type":"post","link":"https:\/\/interamerica.org\/es\/2023\/10\/aun-hay-mucho-por-hacer-para-alcanzar-a-todo-el-mundo-afirma-principal-estadistico\/","title":{"rendered":"A\u00fan hay mucho por hacer para alcanzar a todo el mundo, afirma principal estad\u00edstico"},"content":{"rendered":"<h4>David Trim comparte las tendencias de los datos sobre los miembros y las actuales implicaciones para la misi\u00f3n adventista.<\/h4>\n<p>9 de octubre de 2023 | Silver Spring, Maryland, Estados Unidos | Marcos Paseggi, Adventist Review<\/p>\n<p>El 8 de octubre, David Trim, director de la Secretar\u00eda de Archivos, Estad\u00edsticas e Investigaciones de la Iglesia Adventista, comparti\u00f3 algunos datos claves sobre los miembros de iglesia y sus implicaciones para la misi\u00f3n adventista, con cientos de miembros de la Junta Directiva de la Asociaci\u00f3n General (EXCOM) de la iglesia que asisten al Concilio Anual 2023.<\/p>\n<p>La presentaci\u00f3n de Trim en la sede de la iglesia en Silver Spring, Maryland, Estados Unidos, mostr\u00f3 estad\u00edsticas y tendencias de miembros y destac\u00f3 los logros y las \u00e1reas que revelan desaf\u00edos nuevos o continuados para la tarea dada por Dios de predicar el evangelio del reino \u201cen todo el mundo, para testimonio a todas las naciones\u201d.<\/p>\n<p><strong>Ingresos y p\u00e9rdidas de miembros<\/strong><\/p>\n<p><div id=\"attachment_104478\" style=\"width: 874px\" class=\"wp-caption aligncenter\"><img fetchpriority=\"high\" decoding=\"async\" aria-describedby=\"caption-attachment-104478\" class=\" wp-image-104476\" src=\"https:\/\/interamerica.org\/wp-content\/uploads\/2023\/10\/david-trim-ac2023untitled-1-4-1024x512.png\" alt=\"\" width=\"864\" height=\"432\" srcset=\"https:\/\/interamerica.org\/wp-content\/uploads\/2023\/10\/david-trim-ac2023untitled-1-4-1024x512.png 1024w, https:\/\/interamerica.org\/wp-content\/uploads\/2023\/10\/david-trim-ac2023untitled-1-4-300x150.png 300w, https:\/\/interamerica.org\/wp-content\/uploads\/2023\/10\/david-trim-ac2023untitled-1-4-768x384.png 768w, https:\/\/interamerica.org\/wp-content\/uploads\/2023\/10\/david-trim-ac2023untitled-1-4.png 1500w\" sizes=\"(max-width: 864px) 100vw, 864px\" \/><p id=\"caption-attachment-104478\" class=\"wp-caption-text\">David Trim, director de la Secretar\u00eda de Archivos, Estad\u00edsticas e Investigaciones de la Iglesia Adventista, comparte datos sobre los miembros de iglesia y sus implicaciones para la misi\u00f3n adventista. [Fotograf\u00eda: Lucas Cardino]<\/p><\/div>Los n\u00fameros de los miembros bautizados siguen increment\u00e1ndose de manera continuada, alcanzando a m\u00e1s de 22,4 millones a junio de 2023, casi 1,4 millones m\u00e1s que un a\u00f1o antes, dijo Trim. Al mirar a la tendencia de ingresos durante 15 a\u00f1os al final de cada a\u00f1o, \u201cvemos que los ingresos anuales de miembros ahora se han recuperado plenamente despu\u00e9s de la circunstancias de grandes desaf\u00edos por la pandemia del COVID-19\u201d. El n\u00famero de ingresos en 2022 es el segundo m\u00e1s grande la historia, despu\u00e9s del r\u00e9cord de 2018, expres\u00f3.<\/p>\n<p>El crecimiento de iglesia, sin embargo, incluye no solo los ingresos de miembros sino tambi\u00e9n las p\u00e9rdidas, dijo. Trim mostr\u00f3 estad\u00edsticas que excluyen los fallecimientos, que muestran que 2022 tambi\u00e9n marc\u00f3 el segundo n\u00famero de p\u00e9rdidas, con 961 mil miembros que dejaron la denominaci\u00f3n.<\/p>\n<p>Trim explic\u00f3 que 58 a\u00f1os de datos (desde 1965) mostr\u00f3 que, en ese per\u00edodo, 45,6 millones de miembros fueron bautizados en la Iglesia Adventista, pero que al menos 18,5 millones decidieron irse. \u201cEsto significa que nuestro \u00edndice neto de p\u00e9rdida de miembros es del 42,5 por ciento. En efecto, m\u00e1s de cuatro de cada diez miembros de iglesia est\u00e1n abandonando la iglesia\u201d.<\/p>\n<p>La iglesia mundial contin\u00faa enfrentando este desaf\u00edo, dijo Trim. \u201cPero tambi\u00e9n es un desaf\u00edo para cada miembro de iglesia, que tiene que ser guardi\u00e1n de su hermano\u201d.<\/p>\n<p><strong>De las tendencias globales a las regionales<\/strong><\/p>\n<p>En la siguiente parte de su informe, Trim pas\u00f3 de las tendencias globales a destacar algunos datos regionales. En primer lugar se enfoc\u00f3 en la Ventana 10\/40, una regi\u00f3n del mundo en la que vive la mayor parte de la poblaci\u00f3n pero donde los cristianos \u2014y los adventistas del s\u00e9ptimo d\u00eda\u2014 son una minor\u00eda.<\/p>\n<p>Desde la adopci\u00f3n de una estrategia global en 1990, esta regi\u00f3n ha sido una prioridad para la Iglesia Adventista mundial, record\u00f3 Trim a los l\u00edderes de la iglesia. Comparti\u00f3 entonces datos que muestran tendencias de veinte a\u00f1os en la Ventana 10\/40, comparando la presencia adventista all\u00ed con el resto del mundo.<\/p>\n<p><div id=\"attachment_104482\" style=\"width: 898px\" class=\"wp-caption aligncenter\"><img decoding=\"async\" aria-describedby=\"caption-attachment-104482\" class=\" wp-image-104480\" src=\"https:\/\/interamerica.org\/wp-content\/uploads\/2023\/10\/ac2023-ame-100125334-general-conference-annual-council-2023-861-mpr-768x512-1.jpeg\" alt=\"\" width=\"888\" height=\"592\" srcset=\"https:\/\/interamerica.org\/wp-content\/uploads\/2023\/10\/ac2023-ame-100125334-general-conference-annual-council-2023-861-mpr-768x512-1.jpeg 768w, https:\/\/interamerica.org\/wp-content\/uploads\/2023\/10\/ac2023-ame-100125334-general-conference-annual-council-2023-861-mpr-768x512-1-300x200.jpeg 300w\" sizes=\"(max-width: 888px) 100vw, 888px\" \/><p id=\"caption-attachment-104482\" class=\"wp-caption-text\">Hensley Mooroven, subsecretario de la Asociaci\u00f3n General, introduce la sesi\u00f3n matutina del 8 de octubre durante el Concilio Anual 2023. [Fotograf\u00eda: Lucas Cardino]<\/p><\/div>Como base, Trim us\u00f3 la poblaci\u00f3n global. En 2003, 4100 millones de personas viv\u00edan en la Ventana 10\/40 y 2100 en el resto del mundo, \u201cexactamente una proporci\u00f3n de dos tercios a un tercio\u201d, dijo. El porcentaje de miembros de iglesia, sin embargo, estaba revertido, con 1,8 millones de miembros dentro de la regi\u00f3n 10\/40 (solo el 13,5 por ciento) y 11,6 millones fuera de ella. La relaci\u00f3n entre el n\u00famero de congregaciones e instituciones en las dos regiones era de 16.233 (solo el 14 por ciento del total) a 99.693.<\/p>\n<p>Un an\u00e1lisis de las variaciones anuales en los \u00faltimos veinte a\u00f1os muestra que el n\u00famero de miembros, congregaciones e instituciones se increment\u00f3, pero que los porcentajes permanecieron esencialmente los mismos, dijo Trim. \u201cEn 2023, la proporci\u00f3n de la poblaci\u00f3n mundial en los pa\u00edses de la Ventana 10\/40 ha aumentado lentamente al 35 por ciento, pero la proporci\u00f3n de miembros de iglesia en la Ventana 10\/40 ha disminuido al 12 por ciento. Las congregaciones e instituciones han disminuido una fracci\u00f3n, alcanzando el 13,8 por ciento\u201d. Por ello, la situaci\u00f3n sigue mayormente sin cambios, reconoci\u00f3.<\/p>\n<p>\u201cAlabamos a Dios por los 890 mil miembros adicionales que tenemos en la Ventana 10\/40 en 2003 en contraste con 2003\u201d, dijo Trim. \u201cPero eso no cambia el problema b\u00e1sico que enfrentamos. \u00bfC\u00f3mo vamos a hacer para alcanzar alguna vez al mundo, a menos que alcancemos los miles de millones de personas de la Ventana 10\/40?\u201d<\/p>\n<p>Seg\u00fan Trim, \u201cestas estad\u00edsticas muestran que se necesita reenfocar los recursos de al iglesia para transferirlos a los pa\u00edses de la Ventana 10\/40\u201d.<\/p>\n<p><strong>N\u00famero de habitantes por miembro en otras regiones<\/strong><\/p>\n<p>En la siguiente secci\u00f3n, Trim comparti\u00f3 tendencias de veinte a\u00f1os sobre los miembros en relaci\u00f3n el porcentaje de la poblaci\u00f3n en diferentes regiones eclesi\u00e1sticas de la iglesia mundial. Al mostrar esos \u00edndices, record\u00f3 a los miembros de la EXCOM que los \u00edndices menores son mejores, dado que muestran que hay un n\u00famero m\u00e1s elevado de miembros adventistas entre la poblaci\u00f3n de una regi\u00f3n en particular.<\/p>\n<p>Las estad\u00edsticas muestran que en 2003, hab\u00eda 329 personas por adventista en Norteam\u00e9rica, 105 en Am\u00e9rica Central, 133 en Sudam\u00e9rica, 1955 en Europa, 198 en \u00c1frica, 1522 en Asia, y 89 en Ocean\u00eda. Trim mostr\u00f3 entonces una comparaci\u00f3n anual en los \u00faltimos veinte a\u00f1os donde se revela una progresi\u00f3n. Las estad\u00edsticas de 2022 muestran que los \u00edndices hab\u00edan cambiado a 305 habitantes por adventista en Norteam\u00e9rica (menos 24 en comparaci\u00f3n con 2003, lo que denota un cambio positivo), 82 en Am\u00e9rica Central (menos 23), 137 en Am\u00e9rica del Sur (m\u00e1s cuatro, lo que denota un cambio negativo), 2049 en Europa (m\u00e1s 94), 144 en \u00c1frica (menos 54), 1263 en Asia (menos 259) y 70 en Ocean\u00eda (menos 19).<\/p>\n<p>Esas cifras enmascaran algunas realidades regionales, explic\u00f3 Trim, dado que, en la regi\u00f3n de la Uni\u00f3n de Oriente Medio y Norte de \u00c1frica, por ejemplo, el \u00edndice de habitantes por miembro es de 94.663 a 1. En Ocean\u00eda, hay grandes diferencias internas tambi\u00e9n, explic\u00f3. \u201cAunque el \u00edndice actual es de 70 a 1, que es el menor de cualquier continente o regi\u00f3n, el \u00edndice en Australia es de 405 a 1, mientras que el \u00edndice en Pap\u00faa Nueva Guinea es un extraordinario 23 a 1\u201d, expres\u00f3. \u201cAun, en general, estas tablas nos dan un sentido de los lugares donde a la iglesia mundial le est\u00e1 yendo bien y los lugares donde tiene grandes desaf\u00edos\u201d.<\/p>\n<p>Trim enfatiz\u00f3 que, en cada regi\u00f3n, la feligres\u00eda ha crecido desde 2003. Lo que es m\u00e1s, los \u00edndices han mejorado o permanecido m\u00e1s o menos los mismos en todas las regiones, con excepci\u00f3n de Europa.<\/p>\n<p>\u201c\u00bfQu\u00e9 es lo que muestra todo esto?\u201d pregunt\u00f3 Trim. \u201cEs un recordatorio de que somos una iglesia mundial con una misi\u00f3n mundial, enfocada en el fin de todas las cosas. Otras personas temen el fin de los d\u00edas, mientras que aguardamos con ansias la segunda venida de Cristo\u201d.<\/p>\n<p>Al mismo tiempo, enfatiz\u00f3, ese fin requiere que alcancemos a todo el mundo. \u201cSi el fin que deseamos con tanto fervor tiene que llegar, nuestro mensaje tiene que ir verdaderamente a toda naci\u00f3n, tribu, lengua y pueblo\u201d, dijo Trim. \u201cNo importa cu\u00e1nto mejore la proporci\u00f3n de miembros por habitante en San Pablo, Puerto Moresby, Lusaka o Harare, si continuamos teniendo una escasa presencia en Ankara, Baghdad, Tehr\u00e1n, Atenas, Lille y Glasgow. Podemos convertir al ciento por ciento de la poblaci\u00f3n en algunos pa\u00edses y a\u00fan no ver el fin de los d\u00edas\u201d.<\/p>\n<p>Estas estad\u00edsticas, dijo Trim, enfatizan la necesidad de un reenfoque misionero, destinando los recursos de la iglesia mundial donde son m\u00e1s necesarios. \u201cEn 1863, esta iglesia fue escogida para la misi\u00f3n\u201d, dijo Trim. \u201cEn 2023, hay una urgente necesidad de asegurarse de que nuestra misi\u00f3n vaya a todo el mundo\u201d.<\/p>\n<p>Traducci\u00f3n de Marcos Paseggi<\/p>\n","protected":false},"excerpt":{"rendered":"<p>David Trim comparte las tendencias de los datos sobre los miembros y las actuales implicaciones para la misi\u00f3n adventista. 9 de octubre de 2023 | Silver Spring, Maryland, Estados Unidos&#8230;<\/p>\n","protected":false},"author":3,"featured_media":104478,"comment_status":"closed","ping_status":"closed","sticky":false,"template":"","format":"standard","meta":{"_acf_changed":false,"footnotes":""},"categories":[14,15],"tags":[],"class_list":["post-104496","post","type-post","status-publish","format-standard","has-post-thumbnail","hentry","category-de-la-iglesia-mundial","category-rss-espanol"],"acf":[],"yoast_head":"<!-- This site is optimized with the Yoast SEO plugin v27.3 - https:\/\/yoast.com\/product\/yoast-seo-wordpress\/ -->\n<title>A\u00fan hay mucho por hacer para alcanzar a todo el mundo, afirma principal estad\u00edstico - Iglesia Adventista del S\u00e9ptimo D\u00eda - Divisi\u00f3n Interamericana<\/title>\n<meta name=\"robots\" content=\"index, follow, max-snippet:-1, max-image-preview:large, max-video-preview:-1\" \/>\n<link rel=\"canonical\" href=\"https:\/\/interamerica.org\/es\/2023\/10\/aun-hay-mucho-por-hacer-para-alcanzar-a-todo-el-mundo-afirma-principal-estadistico\/\" \/>\n<meta property=\"og:locale\" content=\"es_ES\" \/>\n<meta property=\"og:type\" content=\"article\" \/>\n<meta property=\"og:title\" content=\"A\u00fan hay mucho por hacer para alcanzar a todo el mundo, afirma principal estad\u00edstico - Iglesia Adventista del S\u00e9ptimo D\u00eda - Divisi\u00f3n Interamericana\" \/>\n<meta property=\"og:description\" content=\"David Trim comparte las tendencias de los datos sobre los miembros y las actuales implicaciones para la misi\u00f3n adventista. 9 de octubre de 2023 | Silver Spring, Maryland, Estados Unidos...\" \/>\n<meta property=\"og:url\" content=\"https:\/\/interamerica.org\/es\/2023\/10\/aun-hay-mucho-por-hacer-para-alcanzar-a-todo-el-mundo-afirma-principal-estadistico\/\" \/>\n<meta property=\"og:site_name\" content=\"Iglesia Adventista del S\u00e9ptimo D\u00eda - Divisi\u00f3n Interamericana\" \/>\n<meta property=\"article:published_time\" content=\"2023-10-10T02:37:12+00:00\" \/>\n<meta property=\"article:modified_time\" content=\"2023-10-10T20:39:01+00:00\" \/>\n<meta property=\"og:image\" content=\"https:\/\/interamerica.org\/wp-content\/uploads\/2023\/10\/david-trim-ac2023untitled-1-4.png\" \/>\n\t<meta property=\"og:image:width\" content=\"1500\" \/>\n\t<meta property=\"og:image:height\" content=\"750\" \/>\n\t<meta property=\"og:image:type\" content=\"image\/png\" \/>\n<meta name=\"author\" content=\"libna\" \/>\n<meta name=\"twitter:card\" content=\"summary_large_image\" \/>\n<meta name=\"twitter:label1\" content=\"Escrito por\" \/>\n\t<meta name=\"twitter:data1\" content=\"libna\" \/>\n\t<meta name=\"twitter:label2\" content=\"Tiempo de lectura\" \/>\n\t<meta name=\"twitter:data2\" content=\"7 minutos\" \/>\n<script type=\"application\/ld+json\" class=\"yoast-schema-graph\">{\"@context\":\"https:\\\/\\\/schema.org\",\"@graph\":[{\"@type\":\"Article\",\"@id\":\"https:\\\/\\\/interamerica.org\\\/es\\\/2023\\\/10\\\/aun-hay-mucho-por-hacer-para-alcanzar-a-todo-el-mundo-afirma-principal-estadistico\\\/#article\",\"isPartOf\":{\"@id\":\"https:\\\/\\\/interamerica.org\\\/es\\\/2023\\\/10\\\/aun-hay-mucho-por-hacer-para-alcanzar-a-todo-el-mundo-afirma-principal-estadistico\\\/\"},\"author\":{\"name\":\"libna\",\"@id\":\"https:\\\/\\\/interamerica.org\\\/es\\\/#\\\/schema\\\/person\\\/29998f2bc2d8bd0d38662909289b54f1\"},\"headline\":\"A\u00fan hay mucho por hacer para alcanzar a todo el mundo, afirma principal estad\u00edstico\",\"datePublished\":\"2023-10-10T02:37:12+00:00\",\"dateModified\":\"2023-10-10T20:39:01+00:00\",\"mainEntityOfPage\":{\"@id\":\"https:\\\/\\\/interamerica.org\\\/es\\\/2023\\\/10\\\/aun-hay-mucho-por-hacer-para-alcanzar-a-todo-el-mundo-afirma-principal-estadistico\\\/\"},\"wordCount\":1419,\"image\":{\"@id\":\"https:\\\/\\\/interamerica.org\\\/es\\\/2023\\\/10\\\/aun-hay-mucho-por-hacer-para-alcanzar-a-todo-el-mundo-afirma-principal-estadistico\\\/#primaryimage\"},\"thumbnailUrl\":\"https:\\\/\\\/interamerica.org\\\/wp-content\\\/uploads\\\/2023\\\/10\\\/david-trim-ac2023untitled-1-4.png\",\"articleSection\":[\"Desde la iglesia mundial\",\"RSS Espa\u00f1ol\"],\"inLanguage\":\"es\"},{\"@type\":\"WebPage\",\"@id\":\"https:\\\/\\\/interamerica.org\\\/es\\\/2023\\\/10\\\/aun-hay-mucho-por-hacer-para-alcanzar-a-todo-el-mundo-afirma-principal-estadistico\\\/\",\"url\":\"https:\\\/\\\/interamerica.org\\\/es\\\/2023\\\/10\\\/aun-hay-mucho-por-hacer-para-alcanzar-a-todo-el-mundo-afirma-principal-estadistico\\\/\",\"name\":\"A\u00fan hay mucho por hacer para alcanzar a todo el mundo, afirma principal estad\u00edstico - Iglesia Adventista del S\u00e9ptimo D\u00eda - Divisi\u00f3n Interamericana\",\"isPartOf\":{\"@id\":\"https:\\\/\\\/interamerica.org\\\/es\\\/#website\"},\"primaryImageOfPage\":{\"@id\":\"https:\\\/\\\/interamerica.org\\\/es\\\/2023\\\/10\\\/aun-hay-mucho-por-hacer-para-alcanzar-a-todo-el-mundo-afirma-principal-estadistico\\\/#primaryimage\"},\"image\":{\"@id\":\"https:\\\/\\\/interamerica.org\\\/es\\\/2023\\\/10\\\/aun-hay-mucho-por-hacer-para-alcanzar-a-todo-el-mundo-afirma-principal-estadistico\\\/#primaryimage\"},\"thumbnailUrl\":\"https:\\\/\\\/interamerica.org\\\/wp-content\\\/uploads\\\/2023\\\/10\\\/david-trim-ac2023untitled-1-4.png\",\"datePublished\":\"2023-10-10T02:37:12+00:00\",\"dateModified\":\"2023-10-10T20:39:01+00:00\",\"author\":{\"@id\":\"https:\\\/\\\/interamerica.org\\\/es\\\/#\\\/schema\\\/person\\\/29998f2bc2d8bd0d38662909289b54f1\"},\"breadcrumb\":{\"@id\":\"https:\\\/\\\/interamerica.org\\\/es\\\/2023\\\/10\\\/aun-hay-mucho-por-hacer-para-alcanzar-a-todo-el-mundo-afirma-principal-estadistico\\\/#breadcrumb\"},\"inLanguage\":\"es\",\"potentialAction\":[{\"@type\":\"ReadAction\",\"target\":[\"https:\\\/\\\/interamerica.org\\\/es\\\/2023\\\/10\\\/aun-hay-mucho-por-hacer-para-alcanzar-a-todo-el-mundo-afirma-principal-estadistico\\\/\"]}]},{\"@type\":\"ImageObject\",\"inLanguage\":\"es\",\"@id\":\"https:\\\/\\\/interamerica.org\\\/es\\\/2023\\\/10\\\/aun-hay-mucho-por-hacer-para-alcanzar-a-todo-el-mundo-afirma-principal-estadistico\\\/#primaryimage\",\"url\":\"https:\\\/\\\/interamerica.org\\\/wp-content\\\/uploads\\\/2023\\\/10\\\/david-trim-ac2023untitled-1-4.png\",\"contentUrl\":\"https:\\\/\\\/interamerica.org\\\/wp-content\\\/uploads\\\/2023\\\/10\\\/david-trim-ac2023untitled-1-4.png\",\"width\":1500,\"height\":750,\"caption\":\"David Trim, director of the Office of Archives, Statistics, and Research of the General Conference, shares data about church membership and their implications for Adventist mission. [Photo: Lucas Cardino]\"},{\"@type\":\"BreadcrumbList\",\"@id\":\"https:\\\/\\\/interamerica.org\\\/es\\\/2023\\\/10\\\/aun-hay-mucho-por-hacer-para-alcanzar-a-todo-el-mundo-afirma-principal-estadistico\\\/#breadcrumb\",\"itemListElement\":[{\"@type\":\"ListItem\",\"position\":1,\"name\":\"Home\",\"item\":\"https:\\\/\\\/interamerica.org\\\/es\\\/\"},{\"@type\":\"ListItem\",\"position\":2,\"name\":\"A\u00fan hay mucho por hacer para alcanzar a todo el mundo, afirma principal estad\u00edstico\"}]},{\"@type\":\"WebSite\",\"@id\":\"https:\\\/\\\/interamerica.org\\\/es\\\/#website\",\"url\":\"https:\\\/\\\/interamerica.org\\\/es\\\/\",\"name\":\"Iglesia Adventista del S\u00e9ptimo D\u00eda - Divisi\u00f3n Interamericana\",\"description\":\"\",\"potentialAction\":[{\"@type\":\"SearchAction\",\"target\":{\"@type\":\"EntryPoint\",\"urlTemplate\":\"https:\\\/\\\/interamerica.org\\\/es\\\/?s={search_term_string}\"},\"query-input\":{\"@type\":\"PropertyValueSpecification\",\"valueRequired\":true,\"valueName\":\"search_term_string\"}}],\"inLanguage\":\"es\"},{\"@type\":\"Person\",\"@id\":\"https:\\\/\\\/interamerica.org\\\/es\\\/#\\\/schema\\\/person\\\/29998f2bc2d8bd0d38662909289b54f1\",\"name\":\"libna\",\"image\":{\"@type\":\"ImageObject\",\"inLanguage\":\"es\",\"@id\":\"https:\\\/\\\/secure.gravatar.com\\\/avatar\\\/7c5bd30ae4b47a9ba3c856590957fd1d96dc588bf3ac05719d247e126840331f?s=96&d=mm&r=g\",\"url\":\"https:\\\/\\\/secure.gravatar.com\\\/avatar\\\/7c5bd30ae4b47a9ba3c856590957fd1d96dc588bf3ac05719d247e126840331f?s=96&d=mm&r=g\",\"contentUrl\":\"https:\\\/\\\/secure.gravatar.com\\\/avatar\\\/7c5bd30ae4b47a9ba3c856590957fd1d96dc588bf3ac05719d247e126840331f?s=96&d=mm&r=g\",\"caption\":\"libna\"}}]}<\/script>\n<!-- \/ Yoast SEO plugin. -->","yoast_head_json":{"title":"A\u00fan hay mucho por hacer para alcanzar a todo el mundo, afirma principal estad\u00edstico - Iglesia Adventista del S\u00e9ptimo D\u00eda - Divisi\u00f3n Interamericana","robots":{"index":"index","follow":"follow","max-snippet":"max-snippet:-1","max-image-preview":"max-image-preview:large","max-video-preview":"max-video-preview:-1"},"canonical":"https:\/\/interamerica.org\/es\/2023\/10\/aun-hay-mucho-por-hacer-para-alcanzar-a-todo-el-mundo-afirma-principal-estadistico\/","og_locale":"es_ES","og_type":"article","og_title":"A\u00fan hay mucho por hacer para alcanzar a todo el mundo, afirma principal estad\u00edstico - Iglesia Adventista del S\u00e9ptimo D\u00eda - Divisi\u00f3n Interamericana","og_description":"David Trim comparte las tendencias de los datos sobre los miembros y las actuales implicaciones para la misi\u00f3n adventista. 9 de octubre de 2023 | Silver Spring, Maryland, Estados Unidos...","og_url":"https:\/\/interamerica.org\/es\/2023\/10\/aun-hay-mucho-por-hacer-para-alcanzar-a-todo-el-mundo-afirma-principal-estadistico\/","og_site_name":"Iglesia Adventista del S\u00e9ptimo D\u00eda - Divisi\u00f3n Interamericana","article_published_time":"2023-10-10T02:37:12+00:00","article_modified_time":"2023-10-10T20:39:01+00:00","og_image":[{"width":1500,"height":750,"url":"https:\/\/interamerica.org\/wp-content\/uploads\/2023\/10\/david-trim-ac2023untitled-1-4.png","type":"image\/png"}],"author":"libna","twitter_card":"summary_large_image","twitter_misc":{"Escrito por":"libna","Tiempo de lectura":"7 minutos"},"schema":{"@context":"https:\/\/schema.org","@graph":[{"@type":"Article","@id":"https:\/\/interamerica.org\/es\/2023\/10\/aun-hay-mucho-por-hacer-para-alcanzar-a-todo-el-mundo-afirma-principal-estadistico\/#article","isPartOf":{"@id":"https:\/\/interamerica.org\/es\/2023\/10\/aun-hay-mucho-por-hacer-para-alcanzar-a-todo-el-mundo-afirma-principal-estadistico\/"},"author":{"name":"libna","@id":"https:\/\/interamerica.org\/es\/#\/schema\/person\/29998f2bc2d8bd0d38662909289b54f1"},"headline":"A\u00fan hay mucho por hacer para alcanzar a todo el mundo, afirma principal estad\u00edstico","datePublished":"2023-10-10T02:37:12+00:00","dateModified":"2023-10-10T20:39:01+00:00","mainEntityOfPage":{"@id":"https:\/\/interamerica.org\/es\/2023\/10\/aun-hay-mucho-por-hacer-para-alcanzar-a-todo-el-mundo-afirma-principal-estadistico\/"},"wordCount":1419,"image":{"@id":"https:\/\/interamerica.org\/es\/2023\/10\/aun-hay-mucho-por-hacer-para-alcanzar-a-todo-el-mundo-afirma-principal-estadistico\/#primaryimage"},"thumbnailUrl":"https:\/\/interamerica.org\/wp-content\/uploads\/2023\/10\/david-trim-ac2023untitled-1-4.png","articleSection":["Desde la iglesia mundial","RSS Espa\u00f1ol"],"inLanguage":"es"},{"@type":"WebPage","@id":"https:\/\/interamerica.org\/es\/2023\/10\/aun-hay-mucho-por-hacer-para-alcanzar-a-todo-el-mundo-afirma-principal-estadistico\/","url":"https:\/\/interamerica.org\/es\/2023\/10\/aun-hay-mucho-por-hacer-para-alcanzar-a-todo-el-mundo-afirma-principal-estadistico\/","name":"A\u00fan hay mucho por hacer para alcanzar a todo el mundo, afirma principal estad\u00edstico - Iglesia Adventista del S\u00e9ptimo D\u00eda - Divisi\u00f3n Interamericana","isPartOf":{"@id":"https:\/\/interamerica.org\/es\/#website"},"primaryImageOfPage":{"@id":"https:\/\/interamerica.org\/es\/2023\/10\/aun-hay-mucho-por-hacer-para-alcanzar-a-todo-el-mundo-afirma-principal-estadistico\/#primaryimage"},"image":{"@id":"https:\/\/interamerica.org\/es\/2023\/10\/aun-hay-mucho-por-hacer-para-alcanzar-a-todo-el-mundo-afirma-principal-estadistico\/#primaryimage"},"thumbnailUrl":"https:\/\/interamerica.org\/wp-content\/uploads\/2023\/10\/david-trim-ac2023untitled-1-4.png","datePublished":"2023-10-10T02:37:12+00:00","dateModified":"2023-10-10T20:39:01+00:00","author":{"@id":"https:\/\/interamerica.org\/es\/#\/schema\/person\/29998f2bc2d8bd0d38662909289b54f1"},"breadcrumb":{"@id":"https:\/\/interamerica.org\/es\/2023\/10\/aun-hay-mucho-por-hacer-para-alcanzar-a-todo-el-mundo-afirma-principal-estadistico\/#breadcrumb"},"inLanguage":"es","potentialAction":[{"@type":"ReadAction","target":["https:\/\/interamerica.org\/es\/2023\/10\/aun-hay-mucho-por-hacer-para-alcanzar-a-todo-el-mundo-afirma-principal-estadistico\/"]}]},{"@type":"ImageObject","inLanguage":"es","@id":"https:\/\/interamerica.org\/es\/2023\/10\/aun-hay-mucho-por-hacer-para-alcanzar-a-todo-el-mundo-afirma-principal-estadistico\/#primaryimage","url":"https:\/\/interamerica.org\/wp-content\/uploads\/2023\/10\/david-trim-ac2023untitled-1-4.png","contentUrl":"https:\/\/interamerica.org\/wp-content\/uploads\/2023\/10\/david-trim-ac2023untitled-1-4.png","width":1500,"height":750,"caption":"David Trim, director of the Office of Archives, Statistics, and Research of the General Conference, shares data about church membership and their implications for Adventist mission. [Photo: Lucas Cardino]"},{"@type":"BreadcrumbList","@id":"https:\/\/interamerica.org\/es\/2023\/10\/aun-hay-mucho-por-hacer-para-alcanzar-a-todo-el-mundo-afirma-principal-estadistico\/#breadcrumb","itemListElement":[{"@type":"ListItem","position":1,"name":"Home","item":"https:\/\/interamerica.org\/es\/"},{"@type":"ListItem","position":2,"name":"A\u00fan hay mucho por hacer para alcanzar a todo el mundo, afirma principal estad\u00edstico"}]},{"@type":"WebSite","@id":"https:\/\/interamerica.org\/es\/#website","url":"https:\/\/interamerica.org\/es\/","name":"Iglesia Adventista del S\u00e9ptimo D\u00eda - Divisi\u00f3n Interamericana","description":"","potentialAction":[{"@type":"SearchAction","target":{"@type":"EntryPoint","urlTemplate":"https:\/\/interamerica.org\/es\/?s={search_term_string}"},"query-input":{"@type":"PropertyValueSpecification","valueRequired":true,"valueName":"search_term_string"}}],"inLanguage":"es"},{"@type":"Person","@id":"https:\/\/interamerica.org\/es\/#\/schema\/person\/29998f2bc2d8bd0d38662909289b54f1","name":"libna","image":{"@type":"ImageObject","inLanguage":"es","@id":"https:\/\/secure.gravatar.com\/avatar\/7c5bd30ae4b47a9ba3c856590957fd1d96dc588bf3ac05719d247e126840331f?s=96&d=mm&r=g","url":"https:\/\/secure.gravatar.com\/avatar\/7c5bd30ae4b47a9ba3c856590957fd1d96dc588bf3ac05719d247e126840331f?s=96&d=mm&r=g","contentUrl":"https:\/\/secure.gravatar.com\/avatar\/7c5bd30ae4b47a9ba3c856590957fd1d96dc588bf3ac05719d247e126840331f?s=96&d=mm&r=g","caption":"libna"}}]}},"_links":{"self":[{"href":"https:\/\/interamerica.org\/es\/wp-json\/wp\/v2\/posts\/104496","targetHints":{"allow":["GET"]}}],"collection":[{"href":"https:\/\/interamerica.org\/es\/wp-json\/wp\/v2\/posts"}],"about":[{"href":"https:\/\/interamerica.org\/es\/wp-json\/wp\/v2\/types\/post"}],"author":[{"embeddable":true,"href":"https:\/\/interamerica.org\/es\/wp-json\/wp\/v2\/users\/3"}],"replies":[{"embeddable":true,"href":"https:\/\/interamerica.org\/es\/wp-json\/wp\/v2\/comments?post=104496"}],"version-history":[{"count":0,"href":"https:\/\/interamerica.org\/es\/wp-json\/wp\/v2\/posts\/104496\/revisions"}],"wp:featuredmedia":[{"embeddable":true,"href":"https:\/\/interamerica.org\/es\/wp-json\/wp\/v2\/media\/104478"}],"wp:attachment":[{"href":"https:\/\/interamerica.org\/es\/wp-json\/wp\/v2\/media?parent=104496"}],"wp:term":[{"taxonomy":"category","embeddable":true,"href":"https:\/\/interamerica.org\/es\/wp-json\/wp\/v2\/categories?post=104496"},{"taxonomy":"post_tag","embeddable":true,"href":"https:\/\/interamerica.org\/es\/wp-json\/wp\/v2\/tags?post=104496"}],"curies":[{"name":"wp","href":"https:\/\/api.w.org\/{rel}","templated":true}]}}