{"id":10451,"date":"2005-01-28T00:00:00","date_gmt":"2005-01-28T04:00:00","guid":{"rendered":"http:\/\/192.81.217.108\/interamerica\/2005\/01\/interamerica-departamento-de-jovenes-lanza-nuevo-manual\/"},"modified":"2017-06-02T09:17:58","modified_gmt":"2017-06-02T13:17:58","slug":"interamerica-departamento-de-jovenes-lanza-nuevo-manual","status":"publish","type":"post","link":"https:\/\/interamerica.org\/es\/2005\/01\/interamerica-departamento-de-jovenes-lanza-nuevo-manual\/","title":{"rendered":"Interam\u00e9rica: Departamento de J\u00f3venes Lanza\u00a0Nuevo Manual"},"content":{"rendered":"<p>Miami, Florida, United States &#8230; [Libna Stevens\/DIA]<\/p>\n<p>El Departamento de J\u00f3venes de la Divisi\u00f3n Interamericana public\u00f3 recientemente la nueva versi\u00f3n del Manual del Ministerio Juvenil.  Ahora el manual est\u00e1 disponible para los l\u00edderes juveniles en cada nivel de la iglesia.  La \u00faltima versi\u00f3n fue publicada en 1988.<\/p>\n<p>Se actualiz\u00f3 y ampli\u00f3 el libro para satisfacer las crecientes y cambiantes necesidades de nuestro tiempo, dice el pastor Bernardo Rodr\u00edguez, director juvenil para la iglesia en Interam\u00e9rica.<\/p>\n<p>\u00ab\u00c9sta ser\u00e1 una excelente herramienta de trabajo para todo aquel que est\u00e9 involucrado en el ministerio juvenil,\u00bb agrega.  \u00abTomamos algunos de los lineamientos de la versi\u00f3n anterior de la Asociaci\u00f3n General y los agregamos al nuevo material el cual da respuesta a al qu\u00e9 y c\u00f3mo de un ministerio juvenil de \u00e9xito.\u00bb<\/p>\n<p>El nuevo manual, el cual tom\u00f3 cerca de tres a\u00f1os de preparaci\u00f3n, se divide en cuatro implementaciones recientes hechas por el Departamento de J\u00f3venes de la Asociaci\u00f3n General: discipulado, liderazgo, evangelismo y servicio.<\/p>\n<p>El libro resalta planes de trabajo pr\u00e1cticos en donde los ministerios juveniles pueden dise\u00f1ar actividades con las mencionadas cuatro \u00e1reas en mente. <\/p>\n<p>La versi\u00f3n en espa\u00f1ol del \u00abManual Juvenil\u00bb, est\u00e1 ahora disponible por medio del departamento de j\u00f3venes de los campos locales.  La versi\u00f3n en ingl\u00e9s del nuevo manual estar\u00e1 disponible el pr\u00f3ximo abril, y la versi\u00f3n en franc\u00e9s para este verano.<\/p>\n<p>Para mayor informaci\u00f3n sobre este manual u otros materiales juveniles comun\u00edquese con el Departamento de J\u00f3venes de la DIA al (305) 403-4700 o <a  href=\"mailto:youth@interamerica.org\">youth@interamerica.org<\/a>.<\/p>\n","protected":false},"excerpt":{"rendered":"<p>El Departamento de J\u00f3venes de la Divisi\u00f3n Interamericana recientemente public\u00f3 la nueva versi\u00f3n del Manual del Ministerio Juvenil.<\/p>\n","protected":false},"author":1,"featured_media":0,"comment_status":"closed","ping_status":"closed","sticky":false,"template":"","format":"standard","meta":{"_acf_changed":false,"footnotes":""},"categories":[8],"tags":[],"class_list":["post-10451","post","type-post","status-publish","format-standard","hentry","category-archivo"],"acf":[],"yoast_head":"<!-- This site is optimized with the Yoast SEO plugin v27.3 - https:\/\/yoast.com\/product\/yoast-seo-wordpress\/ -->\n<title>Interam\u00e9rica: Departamento de J\u00f3venes Lanza\u00a0Nuevo Manual - Iglesia Adventista del S\u00e9ptimo D\u00eda - Divisi\u00f3n Interamericana<\/title>\n<meta name=\"robots\" content=\"index, follow, max-snippet:-1, max-image-preview:large, max-video-preview:-1\" \/>\n<link rel=\"canonical\" href=\"https:\/\/interamerica.org\/es\/2005\/01\/interamerica-departamento-de-jovenes-lanza-nuevo-manual\/\" \/>\n<meta property=\"og:locale\" content=\"es_ES\" \/>\n<meta property=\"og:type\" content=\"article\" \/>\n<meta property=\"og:title\" content=\"Interam\u00e9rica: Departamento de J\u00f3venes Lanza\u00a0Nuevo Manual - Iglesia Adventista del S\u00e9ptimo D\u00eda - Divisi\u00f3n Interamericana\" \/>\n<meta property=\"og:description\" content=\"El Departamento de J\u00f3venes de la Divisi\u00f3n Interamericana recientemente public\u00f3 la nueva versi\u00f3n del Manual del Ministerio Juvenil.\" \/>\n<meta property=\"og:url\" content=\"https:\/\/interamerica.org\/es\/2005\/01\/interamerica-departamento-de-jovenes-lanza-nuevo-manual\/\" \/>\n<meta property=\"og:site_name\" content=\"Iglesia Adventista del S\u00e9ptimo D\u00eda - Divisi\u00f3n Interamericana\" \/>\n<meta property=\"article:published_time\" content=\"2005-01-28T04:00:00+00:00\" \/>\n<meta property=\"article:modified_time\" content=\"2017-06-02T13:17:58+00:00\" \/>\n<meta name=\"author\" content=\"Lorenzo Verduzco\" \/>\n<meta name=\"twitter:card\" content=\"summary_large_image\" \/>\n<meta name=\"twitter:label1\" content=\"Escrito por\" \/>\n\t<meta name=\"twitter:data1\" content=\"Lorenzo Verduzco\" \/>\n\t<meta name=\"twitter:label2\" content=\"Tiempo de lectura\" \/>\n\t<meta name=\"twitter:data2\" content=\"1 minuto\" \/>\n<script type=\"application\/ld+json\" class=\"yoast-schema-graph\">{\"@context\":\"https:\\\/\\\/schema.org\",\"@graph\":[{\"@type\":\"Article\",\"@id\":\"https:\\\/\\\/interamerica.org\\\/es\\\/2005\\\/01\\\/interamerica-departamento-de-jovenes-lanza-nuevo-manual\\\/#article\",\"isPartOf\":{\"@id\":\"https:\\\/\\\/interamerica.org\\\/es\\\/2005\\\/01\\\/interamerica-departamento-de-jovenes-lanza-nuevo-manual\\\/\"},\"author\":{\"name\":\"Lorenzo Verduzco\",\"@id\":\"https:\\\/\\\/interamerica.org\\\/es\\\/#\\\/schema\\\/person\\\/68ede8bdc292885bb76c1e3810e73c39\"},\"headline\":\"Interam\u00e9rica: Departamento de J\u00f3venes Lanza\u00a0Nuevo Manual\",\"datePublished\":\"2005-01-28T04:00:00+00:00\",\"dateModified\":\"2017-06-02T13:17:58+00:00\",\"mainEntityOfPage\":{\"@id\":\"https:\\\/\\\/interamerica.org\\\/es\\\/2005\\\/01\\\/interamerica-departamento-de-jovenes-lanza-nuevo-manual\\\/\"},\"wordCount\":282,\"articleSection\":[\"Archivo\"],\"inLanguage\":\"es\"},{\"@type\":\"WebPage\",\"@id\":\"https:\\\/\\\/interamerica.org\\\/es\\\/2005\\\/01\\\/interamerica-departamento-de-jovenes-lanza-nuevo-manual\\\/\",\"url\":\"https:\\\/\\\/interamerica.org\\\/es\\\/2005\\\/01\\\/interamerica-departamento-de-jovenes-lanza-nuevo-manual\\\/\",\"name\":\"Interam\u00e9rica: Departamento de J\u00f3venes Lanza\u00a0Nuevo Manual - Iglesia Adventista del S\u00e9ptimo D\u00eda - Divisi\u00f3n Interamericana\",\"isPartOf\":{\"@id\":\"https:\\\/\\\/interamerica.org\\\/es\\\/#website\"},\"datePublished\":\"2005-01-28T04:00:00+00:00\",\"dateModified\":\"2017-06-02T13:17:58+00:00\",\"author\":{\"@id\":\"https:\\\/\\\/interamerica.org\\\/es\\\/#\\\/schema\\\/person\\\/68ede8bdc292885bb76c1e3810e73c39\"},\"breadcrumb\":{\"@id\":\"https:\\\/\\\/interamerica.org\\\/es\\\/2005\\\/01\\\/interamerica-departamento-de-jovenes-lanza-nuevo-manual\\\/#breadcrumb\"},\"inLanguage\":\"es\",\"potentialAction\":[{\"@type\":\"ReadAction\",\"target\":[\"https:\\\/\\\/interamerica.org\\\/es\\\/2005\\\/01\\\/interamerica-departamento-de-jovenes-lanza-nuevo-manual\\\/\"]}]},{\"@type\":\"BreadcrumbList\",\"@id\":\"https:\\\/\\\/interamerica.org\\\/es\\\/2005\\\/01\\\/interamerica-departamento-de-jovenes-lanza-nuevo-manual\\\/#breadcrumb\",\"itemListElement\":[{\"@type\":\"ListItem\",\"position\":1,\"name\":\"Home\",\"item\":\"https:\\\/\\\/interamerica.org\\\/es\\\/\"},{\"@type\":\"ListItem\",\"position\":2,\"name\":\"Interam\u00e9rica: Departamento de J\u00f3venes Lanza\u00a0Nuevo Manual\"}]},{\"@type\":\"WebSite\",\"@id\":\"https:\\\/\\\/interamerica.org\\\/es\\\/#website\",\"url\":\"https:\\\/\\\/interamerica.org\\\/es\\\/\",\"name\":\"Iglesia Adventista del S\u00e9ptimo D\u00eda - Divisi\u00f3n Interamericana\",\"description\":\"\",\"potentialAction\":[{\"@type\":\"SearchAction\",\"target\":{\"@type\":\"EntryPoint\",\"urlTemplate\":\"https:\\\/\\\/interamerica.org\\\/es\\\/?s={search_term_string}\"},\"query-input\":{\"@type\":\"PropertyValueSpecification\",\"valueRequired\":true,\"valueName\":\"search_term_string\"}}],\"inLanguage\":\"es\"},{\"@type\":\"Person\",\"@id\":\"https:\\\/\\\/interamerica.org\\\/es\\\/#\\\/schema\\\/person\\\/68ede8bdc292885bb76c1e3810e73c39\",\"name\":\"Lorenzo Verduzco\",\"image\":{\"@type\":\"ImageObject\",\"inLanguage\":\"es\",\"@id\":\"https:\\\/\\\/secure.gravatar.com\\\/avatar\\\/fb81a55b6218459490a9c1dc841a34909185b81904c5337b4b27f7a6fd60c49e?s=96&d=mm&r=g\",\"url\":\"https:\\\/\\\/secure.gravatar.com\\\/avatar\\\/fb81a55b6218459490a9c1dc841a34909185b81904c5337b4b27f7a6fd60c49e?s=96&d=mm&r=g\",\"contentUrl\":\"https:\\\/\\\/secure.gravatar.com\\\/avatar\\\/fb81a55b6218459490a9c1dc841a34909185b81904c5337b4b27f7a6fd60c49e?s=96&d=mm&r=g\",\"caption\":\"Lorenzo Verduzco\"}}]}<\/script>\n<!-- \/ Yoast SEO plugin. -->","yoast_head_json":{"title":"Interam\u00e9rica: Departamento de J\u00f3venes Lanza\u00a0Nuevo Manual - Iglesia Adventista del S\u00e9ptimo D\u00eda - Divisi\u00f3n Interamericana","robots":{"index":"index","follow":"follow","max-snippet":"max-snippet:-1","max-image-preview":"max-image-preview:large","max-video-preview":"max-video-preview:-1"},"canonical":"https:\/\/interamerica.org\/es\/2005\/01\/interamerica-departamento-de-jovenes-lanza-nuevo-manual\/","og_locale":"es_ES","og_type":"article","og_title":"Interam\u00e9rica: Departamento de J\u00f3venes Lanza\u00a0Nuevo Manual - Iglesia Adventista del S\u00e9ptimo D\u00eda - Divisi\u00f3n Interamericana","og_description":"El Departamento de J\u00f3venes de la Divisi\u00f3n Interamericana recientemente public\u00f3 la nueva versi\u00f3n del Manual del Ministerio Juvenil.","og_url":"https:\/\/interamerica.org\/es\/2005\/01\/interamerica-departamento-de-jovenes-lanza-nuevo-manual\/","og_site_name":"Iglesia Adventista del S\u00e9ptimo D\u00eda - Divisi\u00f3n Interamericana","article_published_time":"2005-01-28T04:00:00+00:00","article_modified_time":"2017-06-02T13:17:58+00:00","author":"Lorenzo Verduzco","twitter_card":"summary_large_image","twitter_misc":{"Escrito por":"Lorenzo Verduzco","Tiempo de lectura":"1 minuto"},"schema":{"@context":"https:\/\/schema.org","@graph":[{"@type":"Article","@id":"https:\/\/interamerica.org\/es\/2005\/01\/interamerica-departamento-de-jovenes-lanza-nuevo-manual\/#article","isPartOf":{"@id":"https:\/\/interamerica.org\/es\/2005\/01\/interamerica-departamento-de-jovenes-lanza-nuevo-manual\/"},"author":{"name":"Lorenzo Verduzco","@id":"https:\/\/interamerica.org\/es\/#\/schema\/person\/68ede8bdc292885bb76c1e3810e73c39"},"headline":"Interam\u00e9rica: Departamento de J\u00f3venes Lanza\u00a0Nuevo Manual","datePublished":"2005-01-28T04:00:00+00:00","dateModified":"2017-06-02T13:17:58+00:00","mainEntityOfPage":{"@id":"https:\/\/interamerica.org\/es\/2005\/01\/interamerica-departamento-de-jovenes-lanza-nuevo-manual\/"},"wordCount":282,"articleSection":["Archivo"],"inLanguage":"es"},{"@type":"WebPage","@id":"https:\/\/interamerica.org\/es\/2005\/01\/interamerica-departamento-de-jovenes-lanza-nuevo-manual\/","url":"https:\/\/interamerica.org\/es\/2005\/01\/interamerica-departamento-de-jovenes-lanza-nuevo-manual\/","name":"Interam\u00e9rica: Departamento de J\u00f3venes Lanza\u00a0Nuevo Manual - Iglesia Adventista del S\u00e9ptimo D\u00eda - Divisi\u00f3n Interamericana","isPartOf":{"@id":"https:\/\/interamerica.org\/es\/#website"},"datePublished":"2005-01-28T04:00:00+00:00","dateModified":"2017-06-02T13:17:58+00:00","author":{"@id":"https:\/\/interamerica.org\/es\/#\/schema\/person\/68ede8bdc292885bb76c1e3810e73c39"},"breadcrumb":{"@id":"https:\/\/interamerica.org\/es\/2005\/01\/interamerica-departamento-de-jovenes-lanza-nuevo-manual\/#breadcrumb"},"inLanguage":"es","potentialAction":[{"@type":"ReadAction","target":["https:\/\/interamerica.org\/es\/2005\/01\/interamerica-departamento-de-jovenes-lanza-nuevo-manual\/"]}]},{"@type":"BreadcrumbList","@id":"https:\/\/interamerica.org\/es\/2005\/01\/interamerica-departamento-de-jovenes-lanza-nuevo-manual\/#breadcrumb","itemListElement":[{"@type":"ListItem","position":1,"name":"Home","item":"https:\/\/interamerica.org\/es\/"},{"@type":"ListItem","position":2,"name":"Interam\u00e9rica: Departamento de J\u00f3venes Lanza\u00a0Nuevo Manual"}]},{"@type":"WebSite","@id":"https:\/\/interamerica.org\/es\/#website","url":"https:\/\/interamerica.org\/es\/","name":"Iglesia Adventista del S\u00e9ptimo D\u00eda - Divisi\u00f3n Interamericana","description":"","potentialAction":[{"@type":"SearchAction","target":{"@type":"EntryPoint","urlTemplate":"https:\/\/interamerica.org\/es\/?s={search_term_string}"},"query-input":{"@type":"PropertyValueSpecification","valueRequired":true,"valueName":"search_term_string"}}],"inLanguage":"es"},{"@type":"Person","@id":"https:\/\/interamerica.org\/es\/#\/schema\/person\/68ede8bdc292885bb76c1e3810e73c39","name":"Lorenzo Verduzco","image":{"@type":"ImageObject","inLanguage":"es","@id":"https:\/\/secure.gravatar.com\/avatar\/fb81a55b6218459490a9c1dc841a34909185b81904c5337b4b27f7a6fd60c49e?s=96&d=mm&r=g","url":"https:\/\/secure.gravatar.com\/avatar\/fb81a55b6218459490a9c1dc841a34909185b81904c5337b4b27f7a6fd60c49e?s=96&d=mm&r=g","contentUrl":"https:\/\/secure.gravatar.com\/avatar\/fb81a55b6218459490a9c1dc841a34909185b81904c5337b4b27f7a6fd60c49e?s=96&d=mm&r=g","caption":"Lorenzo Verduzco"}}]}},"_links":{"self":[{"href":"https:\/\/interamerica.org\/es\/wp-json\/wp\/v2\/posts\/10451","targetHints":{"allow":["GET"]}}],"collection":[{"href":"https:\/\/interamerica.org\/es\/wp-json\/wp\/v2\/posts"}],"about":[{"href":"https:\/\/interamerica.org\/es\/wp-json\/wp\/v2\/types\/post"}],"author":[{"embeddable":true,"href":"https:\/\/interamerica.org\/es\/wp-json\/wp\/v2\/users\/1"}],"replies":[{"embeddable":true,"href":"https:\/\/interamerica.org\/es\/wp-json\/wp\/v2\/comments?post=10451"}],"version-history":[{"count":0,"href":"https:\/\/interamerica.org\/es\/wp-json\/wp\/v2\/posts\/10451\/revisions"}],"wp:attachment":[{"href":"https:\/\/interamerica.org\/es\/wp-json\/wp\/v2\/media?parent=10451"}],"wp:term":[{"taxonomy":"category","embeddable":true,"href":"https:\/\/interamerica.org\/es\/wp-json\/wp\/v2\/categories?post=10451"},{"taxonomy":"post_tag","embeddable":true,"href":"https:\/\/interamerica.org\/es\/wp-json\/wp\/v2\/tags?post=10451"}],"curies":[{"name":"wp","href":"https:\/\/api.w.org\/{rel}","templated":true}]}}