{"id":10453,"date":"2005-02-01T00:00:00","date_gmt":"2005-02-01T04:00:00","guid":{"rendered":"http:\/\/192.81.217.108\/interamerica\/2005\/02\/iglesia-mundial-a-ser-reelevantes-con-las-necesidades-de-la-comunidad-retan-expertos-de-la-salud\/"},"modified":"2017-06-02T09:17:55","modified_gmt":"2017-06-02T13:17:55","slug":"iglesia-mundial-a-ser-reelevantes-con-las-necesidades-de-la-comunidad-retan-expertos-de-la-salud","status":"publish","type":"post","link":"https:\/\/interamerica.org\/es\/2005\/02\/iglesia-mundial-a-ser-reelevantes-con-las-necesidades-de-la-comunidad-retan-expertos-de-la-salud\/","title":{"rendered":"Iglesia Mundial: A Ser Reelevantes con las Necesidades de la Comunidad Retan Expertos de la Salud"},"content":{"rendered":"<p>Orlando, Florida, Estados Unidos &#8230; [Ray Dabrowski\/ANN]<\/p>\n<p>Aunque la iglesia Adventista del S\u00e9ptimo D\u00eda tiene una historia de 145 a\u00f1os \u00abpracticando la reforma pro salud \u00bb todav\u00eda debe evaluar la efectividad de  su mensaje en las comunidades a las que sirve, dicen expertos en salud.  <O ><\/O ><\/p>\n<p><O ><\/O ><\/p>\n<p>Dirigi\u00e9ndose a una audiencia de 500 l\u00edderes, laicos y profesionales especialistas en la salud, miembros de la iglesia Adventista del S\u00e9ptimo d\u00eda, quienes asistieron a una cumbre de salud en Orlando, Florida, del 30 de enero al 05 de febrero, el Dr. James Kyle II, lanz\u00f3 un desaf\u00edo para revisar la forma en que los Adventistas hablan y practican la vida saludable.  <O ><\/O ><\/p>\n<p><O ><\/O ><\/p>\n<p>\u00abNuestra observancia religiosa, ir a la iglesia, nuestro estilo de vida Adventista,  aunque admirables, no son suficientes para agradar a Dios y a los hombres\u00bb, declar\u00f3 en un discurso clave. El Dr. Kyle quien fue nombrado el a\u00f1o pasado como decano de la Escuela de Salud P\u00fablica de la Universidad de Loma Linda y presidente del departamento de administraci\u00f3n de la salud de dicha instituci\u00f3n.  Entre los temas de preocupaci\u00f3n que \u00e9l identific\u00f3 est\u00e1 el constante y abrumador acercamiento a relegar la totalidad de la vida a un concepto de \u00abno&#8230;no&#8230;no&#8230;\u00bb.  <O ><\/O ><\/p>\n<p><O ><\/O ><\/p>\n<p>\u00abNosotros no comemos carne, no fumamos, no tomamos alcohol, no hacemos esto, no hacemos lo otro, no hacemos, no hacemos.  Y para muchos, nuestro mensaje de salud se ha vuelto la norma por la cual juzgamos a los verdaderamente convertidos entre nostros\u00bb, declar\u00f3.  <O ><\/O ><\/p>\n<p><O ><\/O ><\/p>\n<p>\u00abEl don de la reforma pro salud en esta iglesia tiene aplicaciones mucho m\u00e1s amplias que s\u00f3lo hacernos a todos m\u00e1s saludables\u00bb , agreg\u00f3 Kyle.  <O ><\/O ><\/p>\n<p><O ><\/O ><\/p>\n<p>Mark Finley, director del Centro para la Evangelizaci\u00f3n Global de la iglesia, conductor de un programa intensivo de entrenamiento en salud para alcanzar a otros en esta convenci\u00f3n en Florida, explica que satisfacer primero las necesidades f\u00edsicas de las personas es \u00abel m\u00e9todo de Cristo para alcanzarlas.\u00bb  <O ><\/O ><\/p>\n<p><O ><\/O ><\/p>\n<p>\u00abLos Adventistas del S\u00e9ptimo D\u00eda ven el evangelio como un todo f\u00edsico, mental, espiritual y social, por consiguiente nosotros no podemos concebir la salud total sin espiritualidad\u00bb, dijo Finley a la Red de Noticias Adventistas.  \u00abEn la pr\u00e1ctica, esto significa guiar a las personas a una comprensi\u00f3n del Dios que las cre\u00f3, y Sus principios esenciales de vida y salud.\u00bb  <O ><\/O ><\/p>\n<p><O ><\/O ><\/p>\n<p>\u00abComprender el componente espiritual y ponerlo en pr\u00e1ctica dondequiera que las comunidades Adventistas est\u00e1n, nos permitir\u00e1 hacer cambios significativos no s\u00f3lo en nuestra vida sino en la vida de los que nos rodean\u00bb, agreg\u00f3 el Dr. DeWitt Williams, organizador de la conferencia. \u00abPor eso estamos hablando de un acercamiento total a nuestro ministerio como iglesia.\u00bb  <O ><\/O ><\/p>\n<p><O ><\/O ><\/p>\n<p>Esta es la cuarta Cumbre de Salud organizada por la iglesia y el evento \u00abest\u00e1 creciendo cada a\u00f1o\u00bb, agreg\u00f3 Williams.  <O ><\/O ><\/p>\n<p><O ><\/O ><\/p>\n<p>El Dr. Kyle dijo que \u00abel verdadero \u00e9xito\u00bb en el ministerio de la salud en la iglesia \u00absolo puede suceder cuando nosotros seamos contextualmente relevantes a las necesidades de nuestras comunidades\u00bb. Haciendo un comentario sobre las necesidades de hoy, \u00e9l traz\u00f3 un paralelo entre los tiempos b\u00edblicos y la experiencia del antiguo pueblo de Israel,  qui\u00e9n \u00abdescuid\u00f3 su oportunidad de unirse al ministerio de Dios en ayudar a los enfermos, los prisioneros, los oprimidos y los gentiles&#8230;  Aunque participemos en las inevitables bendiciones sociales, econ\u00f3micas, y espirituales del estilo de vida Adventista, nos hemos desconectado cada vez m\u00e1s del sufrimiento de las personas reales alrededor nuestro y menos capaces de mezclarnos con los proscritos locales\u00bb.  <O ><\/O ><\/p>\n<p><O ><\/O ><\/p>\n<p>\u00abEs tiempo de que la iglesia confronte las puertas de la adicci\u00f3n, la injusticia, la intemperancia y la depresi\u00f3n&#8230;  Necesitamos no s\u00f3lo comprometernos con   las comunidades d\u00f3nde vivimos, sino tambi\u00e9n evaluar sistem\u00e1ticamente nuestras \u00e1reas para ver c\u00f3mo podemos ser de ayuda a poblaciones vulnerables que est\u00e1n en mayor necesidad\u00bb, declar\u00f3 Kyle .  <O ><\/O ><\/p>\n<p><O ><\/O ><\/p>\n<p>Conect\u00e1ndose con el tema de la conferencia, \u00abDando Poder a los L\u00edderes de Salud para Alcanzar a los No Alcanzados\u00bb, Kyle enfatiz\u00f3 la desconexi\u00f3n que a menudo penetra en el acercamiento misionero unilateral de muchos. \u00c9l anim\u00f3 a la iglesia a comprometerse en un papel m\u00e1s profundo&#8211;\u00abpara guiar [a la gente] al discipulado, no s\u00f3lo a la conversi\u00f3n.\u00bb  <O ><\/O ><\/p>\n<p><O ><\/O ><\/p>\n<p>\u00abLa comunidad est\u00e1 llam\u00e1ndonos\u00bb, dijo el Dr. Williams. \u00abEs por eso que tenemos aqu\u00ed este despliegue de personas y acercamiento para ofrecer y hacer nuestra respuesta relevante y  responsable. Esta cumbre ofrece una buena lista de autoridades, cient\u00edficos y expertos m\u00e9dicos, y entre las ventajas obvias de estar aqu\u00ed est\u00e1 la de que los participantes no s\u00f3lo pueden adquirir buenos materiales y escuchar a los grandes expertos, sino tambi\u00e9n recibir certificaci\u00f3n apropiada en un asunto dado.  Tomamos este acercamiento porque estamos conscientes de las tendencias existentes en algunos de nuestros miembros de la iglesia que optan por medicina alternativa que a menudo tiene poco trasfondo cient\u00edfico en lo que ofrece.\u00bb  <O ><\/O ><\/p>\n<p><O ><\/O ><\/p>\n<p>Los cursos ofrecidos en la cumbre tratan un estilo de vida completo (hol\u00edstico) con cursos que cubren la salud emocional, mental, f\u00edsica y financiera. Se dan instrucciones en temas tales como la cocina vegetariana, el perd\u00f3n, la regeneraci\u00f3n, instrucci\u00f3n para la recuperaci\u00f3n de la depresi\u00f3n, mejoramiento de la salud coronaria, y administraci\u00f3n del peso de por vida.<O ><\/O ><\/p>\n<p><O ><\/O ><\/p>\n<p>El pastor Jan Paulsen, presidente mundial de la Iglesia Adventista del S\u00e9ptimo D\u00eda, se diriji\u00f3 a los  participantes al concluir la conferencia.  <O ><\/O ><\/p>\n<p><O ><\/O ><\/p>\n<p>\u00abLo que usted ve en este evento es un banquete de temas y herramientas para ayudar a que su iglesia sea un centro d\u00f3nde las personas puedan venir a mejorar sus idas\u00bb, comenta el Dr. Allan Handysides, director de los ministerios de salud para  la iglesia Adventista mundial.  <O ><\/O ><\/p>\n<p><O ><\/O ><\/p>\n<p>\u00c9l agreg\u00f3 que la cumbre es la mayor de tales reuniones en la iglesia adventista mundial.  Es organizada por las regiones Norteamericana e Interamericana de la iglesia, pero est\u00e1 ahora atrayendo a participantes de Europa, las Filipinas y Singapur.  \u00abSomos internacionales y diversos en nuestra iglesia. Los materiales pueden adaptarse para encajar en el contexto donde ser\u00e1n usados\u00bb, dijo Handysides.  <\/p>\n<p>Derechos Reservados 2005 por Red de Noticias Adventistas<\/p><\/p>\n","protected":false},"excerpt":{"rendered":"<p>Aunque la iglesia\u00a0Adventista del S\u00e9ptimo d\u00eda tiene una historia de 145 a\u00f1os\u00a0\u00abpracticando la reforma pro salud \u00bb todav\u00eda debe evaluar la efectividad de su mensaje&#8230;<\/p>\n","protected":false},"author":1,"featured_media":0,"comment_status":"closed","ping_status":"closed","sticky":false,"template":"","format":"standard","meta":{"_acf_changed":false,"footnotes":""},"categories":[8],"tags":[],"class_list":["post-10453","post","type-post","status-publish","format-standard","hentry","category-archivo"],"acf":[],"yoast_head":"<!-- This site is optimized with the Yoast SEO plugin v27.3 - https:\/\/yoast.com\/product\/yoast-seo-wordpress\/ -->\n<title>Iglesia Mundial: A Ser Reelevantes con las Necesidades de la Comunidad Retan Expertos de la Salud - Iglesia Adventista del S\u00e9ptimo D\u00eda - Divisi\u00f3n Interamericana<\/title>\n<meta name=\"robots\" content=\"index, follow, max-snippet:-1, max-image-preview:large, max-video-preview:-1\" \/>\n<link rel=\"canonical\" href=\"https:\/\/interamerica.org\/es\/2005\/02\/iglesia-mundial-a-ser-reelevantes-con-las-necesidades-de-la-comunidad-retan-expertos-de-la-salud\/\" \/>\n<meta property=\"og:locale\" content=\"es_ES\" \/>\n<meta property=\"og:type\" content=\"article\" \/>\n<meta property=\"og:title\" content=\"Iglesia Mundial: A Ser Reelevantes con las Necesidades de la Comunidad Retan Expertos de la Salud - Iglesia Adventista del S\u00e9ptimo D\u00eda - Divisi\u00f3n Interamericana\" \/>\n<meta property=\"og:description\" content=\"Aunque la iglesia\u00a0Adventista del S\u00e9ptimo d\u00eda tiene una historia de 145 a\u00f1os\u00a0&quot;practicando la reforma pro salud &quot; todav\u00eda debe evaluar la efectividad de su mensaje...\" \/>\n<meta property=\"og:url\" content=\"https:\/\/interamerica.org\/es\/2005\/02\/iglesia-mundial-a-ser-reelevantes-con-las-necesidades-de-la-comunidad-retan-expertos-de-la-salud\/\" \/>\n<meta property=\"og:site_name\" content=\"Iglesia Adventista del S\u00e9ptimo D\u00eda - Divisi\u00f3n Interamericana\" \/>\n<meta property=\"article:published_time\" content=\"2005-02-01T04:00:00+00:00\" \/>\n<meta property=\"article:modified_time\" content=\"2017-06-02T13:17:55+00:00\" \/>\n<meta name=\"author\" content=\"Lorenzo Verduzco\" \/>\n<meta name=\"twitter:card\" content=\"summary_large_image\" \/>\n<meta name=\"twitter:label1\" content=\"Escrito por\" \/>\n\t<meta name=\"twitter:data1\" content=\"Lorenzo Verduzco\" \/>\n\t<meta name=\"twitter:label2\" content=\"Tiempo de lectura\" \/>\n\t<meta name=\"twitter:data2\" content=\"5 minutos\" \/>\n<script type=\"application\/ld+json\" class=\"yoast-schema-graph\">{\"@context\":\"https:\\\/\\\/schema.org\",\"@graph\":[{\"@type\":\"Article\",\"@id\":\"https:\\\/\\\/interamerica.org\\\/es\\\/2005\\\/02\\\/iglesia-mundial-a-ser-reelevantes-con-las-necesidades-de-la-comunidad-retan-expertos-de-la-salud\\\/#article\",\"isPartOf\":{\"@id\":\"https:\\\/\\\/interamerica.org\\\/es\\\/2005\\\/02\\\/iglesia-mundial-a-ser-reelevantes-con-las-necesidades-de-la-comunidad-retan-expertos-de-la-salud\\\/\"},\"author\":{\"name\":\"Lorenzo Verduzco\",\"@id\":\"https:\\\/\\\/interamerica.org\\\/es\\\/#\\\/schema\\\/person\\\/68ede8bdc292885bb76c1e3810e73c39\"},\"headline\":\"Iglesia Mundial: A Ser Reelevantes con las Necesidades de la Comunidad Retan Expertos de la Salud\",\"datePublished\":\"2005-02-01T04:00:00+00:00\",\"dateModified\":\"2017-06-02T13:17:55+00:00\",\"mainEntityOfPage\":{\"@id\":\"https:\\\/\\\/interamerica.org\\\/es\\\/2005\\\/02\\\/iglesia-mundial-a-ser-reelevantes-con-las-necesidades-de-la-comunidad-retan-expertos-de-la-salud\\\/\"},\"wordCount\":1056,\"articleSection\":[\"Archivo\"],\"inLanguage\":\"es\"},{\"@type\":\"WebPage\",\"@id\":\"https:\\\/\\\/interamerica.org\\\/es\\\/2005\\\/02\\\/iglesia-mundial-a-ser-reelevantes-con-las-necesidades-de-la-comunidad-retan-expertos-de-la-salud\\\/\",\"url\":\"https:\\\/\\\/interamerica.org\\\/es\\\/2005\\\/02\\\/iglesia-mundial-a-ser-reelevantes-con-las-necesidades-de-la-comunidad-retan-expertos-de-la-salud\\\/\",\"name\":\"Iglesia Mundial: A Ser Reelevantes con las Necesidades de la Comunidad Retan Expertos de la Salud - Iglesia Adventista del S\u00e9ptimo D\u00eda - Divisi\u00f3n Interamericana\",\"isPartOf\":{\"@id\":\"https:\\\/\\\/interamerica.org\\\/es\\\/#website\"},\"datePublished\":\"2005-02-01T04:00:00+00:00\",\"dateModified\":\"2017-06-02T13:17:55+00:00\",\"author\":{\"@id\":\"https:\\\/\\\/interamerica.org\\\/es\\\/#\\\/schema\\\/person\\\/68ede8bdc292885bb76c1e3810e73c39\"},\"breadcrumb\":{\"@id\":\"https:\\\/\\\/interamerica.org\\\/es\\\/2005\\\/02\\\/iglesia-mundial-a-ser-reelevantes-con-las-necesidades-de-la-comunidad-retan-expertos-de-la-salud\\\/#breadcrumb\"},\"inLanguage\":\"es\",\"potentialAction\":[{\"@type\":\"ReadAction\",\"target\":[\"https:\\\/\\\/interamerica.org\\\/es\\\/2005\\\/02\\\/iglesia-mundial-a-ser-reelevantes-con-las-necesidades-de-la-comunidad-retan-expertos-de-la-salud\\\/\"]}]},{\"@type\":\"BreadcrumbList\",\"@id\":\"https:\\\/\\\/interamerica.org\\\/es\\\/2005\\\/02\\\/iglesia-mundial-a-ser-reelevantes-con-las-necesidades-de-la-comunidad-retan-expertos-de-la-salud\\\/#breadcrumb\",\"itemListElement\":[{\"@type\":\"ListItem\",\"position\":1,\"name\":\"Home\",\"item\":\"https:\\\/\\\/interamerica.org\\\/es\\\/\"},{\"@type\":\"ListItem\",\"position\":2,\"name\":\"Iglesia Mundial: A Ser Reelevantes con las Necesidades de la Comunidad Retan Expertos de la Salud\"}]},{\"@type\":\"WebSite\",\"@id\":\"https:\\\/\\\/interamerica.org\\\/es\\\/#website\",\"url\":\"https:\\\/\\\/interamerica.org\\\/es\\\/\",\"name\":\"Iglesia Adventista del S\u00e9ptimo D\u00eda - Divisi\u00f3n Interamericana\",\"description\":\"\",\"potentialAction\":[{\"@type\":\"SearchAction\",\"target\":{\"@type\":\"EntryPoint\",\"urlTemplate\":\"https:\\\/\\\/interamerica.org\\\/es\\\/?s={search_term_string}\"},\"query-input\":{\"@type\":\"PropertyValueSpecification\",\"valueRequired\":true,\"valueName\":\"search_term_string\"}}],\"inLanguage\":\"es\"},{\"@type\":\"Person\",\"@id\":\"https:\\\/\\\/interamerica.org\\\/es\\\/#\\\/schema\\\/person\\\/68ede8bdc292885bb76c1e3810e73c39\",\"name\":\"Lorenzo Verduzco\",\"image\":{\"@type\":\"ImageObject\",\"inLanguage\":\"es\",\"@id\":\"https:\\\/\\\/secure.gravatar.com\\\/avatar\\\/fb81a55b6218459490a9c1dc841a34909185b81904c5337b4b27f7a6fd60c49e?s=96&d=mm&r=g\",\"url\":\"https:\\\/\\\/secure.gravatar.com\\\/avatar\\\/fb81a55b6218459490a9c1dc841a34909185b81904c5337b4b27f7a6fd60c49e?s=96&d=mm&r=g\",\"contentUrl\":\"https:\\\/\\\/secure.gravatar.com\\\/avatar\\\/fb81a55b6218459490a9c1dc841a34909185b81904c5337b4b27f7a6fd60c49e?s=96&d=mm&r=g\",\"caption\":\"Lorenzo Verduzco\"}}]}<\/script>\n<!-- \/ Yoast SEO plugin. -->","yoast_head_json":{"title":"Iglesia Mundial: A Ser Reelevantes con las Necesidades de la Comunidad Retan Expertos de la Salud - Iglesia Adventista del S\u00e9ptimo D\u00eda - Divisi\u00f3n Interamericana","robots":{"index":"index","follow":"follow","max-snippet":"max-snippet:-1","max-image-preview":"max-image-preview:large","max-video-preview":"max-video-preview:-1"},"canonical":"https:\/\/interamerica.org\/es\/2005\/02\/iglesia-mundial-a-ser-reelevantes-con-las-necesidades-de-la-comunidad-retan-expertos-de-la-salud\/","og_locale":"es_ES","og_type":"article","og_title":"Iglesia Mundial: A Ser Reelevantes con las Necesidades de la Comunidad Retan Expertos de la Salud - Iglesia Adventista del S\u00e9ptimo D\u00eda - Divisi\u00f3n Interamericana","og_description":"Aunque la iglesia\u00a0Adventista del S\u00e9ptimo d\u00eda tiene una historia de 145 a\u00f1os\u00a0\"practicando la reforma pro salud \" todav\u00eda debe evaluar la efectividad de su mensaje...","og_url":"https:\/\/interamerica.org\/es\/2005\/02\/iglesia-mundial-a-ser-reelevantes-con-las-necesidades-de-la-comunidad-retan-expertos-de-la-salud\/","og_site_name":"Iglesia Adventista del S\u00e9ptimo D\u00eda - Divisi\u00f3n Interamericana","article_published_time":"2005-02-01T04:00:00+00:00","article_modified_time":"2017-06-02T13:17:55+00:00","author":"Lorenzo Verduzco","twitter_card":"summary_large_image","twitter_misc":{"Escrito por":"Lorenzo Verduzco","Tiempo de lectura":"5 minutos"},"schema":{"@context":"https:\/\/schema.org","@graph":[{"@type":"Article","@id":"https:\/\/interamerica.org\/es\/2005\/02\/iglesia-mundial-a-ser-reelevantes-con-las-necesidades-de-la-comunidad-retan-expertos-de-la-salud\/#article","isPartOf":{"@id":"https:\/\/interamerica.org\/es\/2005\/02\/iglesia-mundial-a-ser-reelevantes-con-las-necesidades-de-la-comunidad-retan-expertos-de-la-salud\/"},"author":{"name":"Lorenzo Verduzco","@id":"https:\/\/interamerica.org\/es\/#\/schema\/person\/68ede8bdc292885bb76c1e3810e73c39"},"headline":"Iglesia Mundial: A Ser Reelevantes con las Necesidades de la Comunidad Retan Expertos de la Salud","datePublished":"2005-02-01T04:00:00+00:00","dateModified":"2017-06-02T13:17:55+00:00","mainEntityOfPage":{"@id":"https:\/\/interamerica.org\/es\/2005\/02\/iglesia-mundial-a-ser-reelevantes-con-las-necesidades-de-la-comunidad-retan-expertos-de-la-salud\/"},"wordCount":1056,"articleSection":["Archivo"],"inLanguage":"es"},{"@type":"WebPage","@id":"https:\/\/interamerica.org\/es\/2005\/02\/iglesia-mundial-a-ser-reelevantes-con-las-necesidades-de-la-comunidad-retan-expertos-de-la-salud\/","url":"https:\/\/interamerica.org\/es\/2005\/02\/iglesia-mundial-a-ser-reelevantes-con-las-necesidades-de-la-comunidad-retan-expertos-de-la-salud\/","name":"Iglesia Mundial: A Ser Reelevantes con las Necesidades de la Comunidad Retan Expertos de la Salud - Iglesia Adventista del S\u00e9ptimo D\u00eda - Divisi\u00f3n Interamericana","isPartOf":{"@id":"https:\/\/interamerica.org\/es\/#website"},"datePublished":"2005-02-01T04:00:00+00:00","dateModified":"2017-06-02T13:17:55+00:00","author":{"@id":"https:\/\/interamerica.org\/es\/#\/schema\/person\/68ede8bdc292885bb76c1e3810e73c39"},"breadcrumb":{"@id":"https:\/\/interamerica.org\/es\/2005\/02\/iglesia-mundial-a-ser-reelevantes-con-las-necesidades-de-la-comunidad-retan-expertos-de-la-salud\/#breadcrumb"},"inLanguage":"es","potentialAction":[{"@type":"ReadAction","target":["https:\/\/interamerica.org\/es\/2005\/02\/iglesia-mundial-a-ser-reelevantes-con-las-necesidades-de-la-comunidad-retan-expertos-de-la-salud\/"]}]},{"@type":"BreadcrumbList","@id":"https:\/\/interamerica.org\/es\/2005\/02\/iglesia-mundial-a-ser-reelevantes-con-las-necesidades-de-la-comunidad-retan-expertos-de-la-salud\/#breadcrumb","itemListElement":[{"@type":"ListItem","position":1,"name":"Home","item":"https:\/\/interamerica.org\/es\/"},{"@type":"ListItem","position":2,"name":"Iglesia Mundial: A Ser Reelevantes con las Necesidades de la Comunidad Retan Expertos de la Salud"}]},{"@type":"WebSite","@id":"https:\/\/interamerica.org\/es\/#website","url":"https:\/\/interamerica.org\/es\/","name":"Iglesia Adventista del S\u00e9ptimo D\u00eda - Divisi\u00f3n Interamericana","description":"","potentialAction":[{"@type":"SearchAction","target":{"@type":"EntryPoint","urlTemplate":"https:\/\/interamerica.org\/es\/?s={search_term_string}"},"query-input":{"@type":"PropertyValueSpecification","valueRequired":true,"valueName":"search_term_string"}}],"inLanguage":"es"},{"@type":"Person","@id":"https:\/\/interamerica.org\/es\/#\/schema\/person\/68ede8bdc292885bb76c1e3810e73c39","name":"Lorenzo Verduzco","image":{"@type":"ImageObject","inLanguage":"es","@id":"https:\/\/secure.gravatar.com\/avatar\/fb81a55b6218459490a9c1dc841a34909185b81904c5337b4b27f7a6fd60c49e?s=96&d=mm&r=g","url":"https:\/\/secure.gravatar.com\/avatar\/fb81a55b6218459490a9c1dc841a34909185b81904c5337b4b27f7a6fd60c49e?s=96&d=mm&r=g","contentUrl":"https:\/\/secure.gravatar.com\/avatar\/fb81a55b6218459490a9c1dc841a34909185b81904c5337b4b27f7a6fd60c49e?s=96&d=mm&r=g","caption":"Lorenzo Verduzco"}}]}},"_links":{"self":[{"href":"https:\/\/interamerica.org\/es\/wp-json\/wp\/v2\/posts\/10453","targetHints":{"allow":["GET"]}}],"collection":[{"href":"https:\/\/interamerica.org\/es\/wp-json\/wp\/v2\/posts"}],"about":[{"href":"https:\/\/interamerica.org\/es\/wp-json\/wp\/v2\/types\/post"}],"author":[{"embeddable":true,"href":"https:\/\/interamerica.org\/es\/wp-json\/wp\/v2\/users\/1"}],"replies":[{"embeddable":true,"href":"https:\/\/interamerica.org\/es\/wp-json\/wp\/v2\/comments?post=10453"}],"version-history":[{"count":0,"href":"https:\/\/interamerica.org\/es\/wp-json\/wp\/v2\/posts\/10453\/revisions"}],"wp:attachment":[{"href":"https:\/\/interamerica.org\/es\/wp-json\/wp\/v2\/media?parent=10453"}],"wp:term":[{"taxonomy":"category","embeddable":true,"href":"https:\/\/interamerica.org\/es\/wp-json\/wp\/v2\/categories?post=10453"},{"taxonomy":"post_tag","embeddable":true,"href":"https:\/\/interamerica.org\/es\/wp-json\/wp\/v2\/tags?post=10453"}],"curies":[{"name":"wp","href":"https:\/\/api.w.org\/{rel}","templated":true}]}}