{"id":10454,"date":"2005-02-02T00:00:00","date_gmt":"2005-02-02T04:00:00","guid":{"rendered":"http:\/\/192.81.217.108\/interamerica\/2005\/02\/canada-gobierno-propone-redefinir-matrimonio-adventista-cuestiona-proteccion-del-clero\/"},"modified":"2017-06-02T09:17:55","modified_gmt":"2017-06-02T13:17:55","slug":"canada-gobierno-propone-redefinir-matrimonio-adventista-cuestiona-proteccion-del-clero","status":"publish","type":"post","link":"https:\/\/interamerica.org\/es\/2005\/02\/canada-gobierno-propone-redefinir-matrimonio-adventista-cuestiona-proteccion-del-clero\/","title":{"rendered":"Canad\u00e1: Gobierno Propone Redefinir Matrimonio; Adventista Cuestiona Protecci\u00f3n del Clero"},"content":{"rendered":"<p>Ottawa, Ontario, Canad\u00e1&#8230; [Mark A. Kellner\/ANN] <\/p>\n<p>La introducci\u00f3n el 2 de febrero de la pieza legislativa C-38, \u00abCivil Marriage Act\u00bb (legislaci\u00f3n sobre el matrimonio civil), por el Ministro de Justicia Canadiense, Irwin Cotler, ha levantado preocupaci\u00f3n por la libertad religiosa del clero, congregaciones e individuos por todo Canad\u00e1, de acuerdo a Barry W. Bussey, director de asuntos p\u00fablicos y libertad religiosa para la Iglesia Adventista del S\u00e9ptimo D\u00eda en Canad\u00e1.<\/p>\n<p>La legislaci\u00f3n, la cual se espera sea aprobada por el Parlamento Federal antes de junio, redefine el matrimonio como \u00abla uni\u00f3n legal de dos personas a exclusi\u00f3n de todas las dem\u00e1s\u00bb, contrario a la uni\u00f3n de un hombre y una mujer. Y mientras la legislaci\u00f3n estipula que los cl\u00e9rigos est\u00e1n \u00ablibres para rehusar oficiar matrimonios que no est\u00e1n en conformidad con sus creencias religiosas\u00bb, Bussey expres\u00f3 a la Red de Noticias Adventista (ANN) en una entrevista telef\u00f3nica, que tal protecci\u00f3n no puede venir de la rama legislativa federal. <\/p>\n<p>\u00abNuestra preocupaci\u00f3n ha sido siempre la de mantener la libertad de expresi\u00f3n religiosa de la fe\u00bb, dijo Bussey, quien es tambi\u00e9n abogado. <\/p>\n<p>La pieza legislativa parece proteger a los cl\u00e9rigos de tener que oficiar en matrimonios contra sus conciencias. Sin embargo, la Corte Suprema afirm\u00f3 muy claramente en diciembre, que el Parlamento Federal no tiene autoridad para otorgar tal protecci\u00f3n &#8212; esto es funci\u00f3n de la legislatura provincial. <\/p>\n<p>La constituci\u00f3n canadiense ha dividido la jurisdicci\u00f3n sobre el matrimonio entre los gobiernos federal y provincial&#8211;el gobierno federal tiene jurisdicci\u00f3n sobre la \u00abcapacidad\u00bb del matrimonio, en tanto que el gobierno provincial se encarga de \u00absolemnizar\u00bb el matrimonio, explic\u00f3 \u00e9l. La inserci\u00f3n de estas cl\u00e1usulas de excepci\u00f3n religiosa por parte del gobierno federal, no tiene peso legal en realidad. <\/p>\n<p>Debe aclararse que, dado el ambiente actual, es improbable que alguna provincia requiera que los cl\u00e9rigos act\u00faen contra sus conciencias al oficiar en los matrimonios. Sin embargo, al menos dos provincias han dicho que todos las personas autorizadas para casar, que no son cl\u00e9rigos, deben casar a parejas del mismo sexo, a\u00fan si ello viola su conciencia\u00bb, explic\u00f3 Bussey. <\/p>\n<p>La semana pasada se llevaron a cabo cuatro d\u00edas de audiencias en el Tribunal de Derechos Humanos de British Columbia en un caso que implicaba a una persona de all\u00ed, miembro de la organizaci\u00f3n, Los Caballero de Col\u00f3n, cap\u00edtulo de Colombus, que agrupa a laicos cat\u00f3licos. El cap\u00edtulo rehus\u00f3 alquilar su sal\u00f3n de actividades sociales a una pareja de homosexuales de igual sexo que deseaba tener su recepci\u00f3n de boda en el sal\u00f3n. \u00abEl asunto esencial es mantener la libertad religiosa\u00bb, dijo Bussey. \u00abNo estamos interesados en vender con enga\u00f1o nuestro punto de vista moral a nadie, pero nos preocupa que a\u00fan podamos continuar con nuestra fe\u00bb. <\/p>\n<p>De acuerdo con informes de los medios noticiosos, como un 66% de los canadienses encuestados dicen que votar\u00edan contra el matrimonio entre personas de igual sexo si se llevara a cabo un plebiscito. Seg\u00fan el diario \u00abNational Post\u00bb, Cotler dijo que el gobierno no llevar\u00eda asuntos de \u00abderechos humanos fundamentales\u00bb a los votantes. Y el mismo diario inform\u00f3 anteriormente de que el Ministro de lo Exterior, Pierre Stewart Pttigrew, le dijo a una audiencia de New Brunswick, Canad\u00e1, que la Iglesia Cat\u00f3lica Romana no deber\u00eda involucrarse en el debate sobre la pieza legislativa C-38: \u00abEncuentro que la separaci\u00f3n de la iglesia y el estado es una de las invenciones m\u00e1s hermosas de los tiempos modernos\u00bb, dijo el Ministro, seg\u00fan el diario. <\/p>\n<p>En Canad\u00e1 hay 329 congregaciones adventistas las cuales re\u00fanen semanalmente a 53,000 adoradores y miembros bautizados. <\/p>\n<p><strong>Copyright \u00a9 2005 by Adventist News Network<\/strong>.<\/p>\n","protected":false},"excerpt":{"rendered":"<p>La introducci\u00f3n, el 2 de febrero de la legislaci\u00f3n C-38, \u00abCivil Marriage Act\u00bb (legislaci\u00f3n sobre el matrimonio civil), por el Ministro de Justicia Canadiense, Irwin Cotler, ha levantado preocupaci\u00f3n por la libertad religiosa del clero. . .<\/p>\n","protected":false},"author":1,"featured_media":0,"comment_status":"closed","ping_status":"closed","sticky":false,"template":"","format":"standard","meta":{"_acf_changed":false,"footnotes":""},"categories":[8],"tags":[],"class_list":["post-10454","post","type-post","status-publish","format-standard","hentry","category-archivo"],"acf":[],"yoast_head":"<!-- This site is optimized with the Yoast SEO plugin v27.3 - https:\/\/yoast.com\/product\/yoast-seo-wordpress\/ -->\n<title>Canad\u00e1: Gobierno Propone Redefinir Matrimonio; Adventista Cuestiona Protecci\u00f3n del Clero - Iglesia Adventista del S\u00e9ptimo D\u00eda - Divisi\u00f3n Interamericana<\/title>\n<meta name=\"robots\" content=\"index, follow, max-snippet:-1, max-image-preview:large, max-video-preview:-1\" \/>\n<link rel=\"canonical\" href=\"https:\/\/interamerica.org\/es\/2005\/02\/canada-gobierno-propone-redefinir-matrimonio-adventista-cuestiona-proteccion-del-clero\/\" \/>\n<meta property=\"og:locale\" content=\"es_ES\" \/>\n<meta property=\"og:type\" content=\"article\" \/>\n<meta property=\"og:title\" content=\"Canad\u00e1: Gobierno Propone Redefinir Matrimonio; Adventista Cuestiona Protecci\u00f3n del Clero - Iglesia Adventista del S\u00e9ptimo D\u00eda - Divisi\u00f3n Interamericana\" \/>\n<meta property=\"og:description\" content=\"La introducci\u00f3n, el 2 de febrero de la legislaci\u00f3n C-38, &quot;Civil Marriage Act&quot; (legislaci\u00f3n sobre el matrimonio civil), por el Ministro de Justicia Canadiense, Irwin Cotler, ha levantado preocupaci\u00f3n por la libertad religiosa del clero. . .\" \/>\n<meta property=\"og:url\" content=\"https:\/\/interamerica.org\/es\/2005\/02\/canada-gobierno-propone-redefinir-matrimonio-adventista-cuestiona-proteccion-del-clero\/\" \/>\n<meta property=\"og:site_name\" content=\"Iglesia Adventista del S\u00e9ptimo D\u00eda - Divisi\u00f3n Interamericana\" \/>\n<meta property=\"article:published_time\" content=\"2005-02-02T04:00:00+00:00\" \/>\n<meta property=\"article:modified_time\" content=\"2017-06-02T13:17:55+00:00\" \/>\n<meta name=\"author\" content=\"Lorenzo Verduzco\" \/>\n<meta name=\"twitter:card\" content=\"summary_large_image\" \/>\n<meta name=\"twitter:label1\" content=\"Escrito por\" \/>\n\t<meta name=\"twitter:data1\" content=\"Lorenzo Verduzco\" \/>\n\t<meta name=\"twitter:label2\" content=\"Tiempo de lectura\" \/>\n\t<meta name=\"twitter:data2\" content=\"3 minutos\" \/>\n<script type=\"application\/ld+json\" class=\"yoast-schema-graph\">{\"@context\":\"https:\\\/\\\/schema.org\",\"@graph\":[{\"@type\":\"Article\",\"@id\":\"https:\\\/\\\/interamerica.org\\\/es\\\/2005\\\/02\\\/canada-gobierno-propone-redefinir-matrimonio-adventista-cuestiona-proteccion-del-clero\\\/#article\",\"isPartOf\":{\"@id\":\"https:\\\/\\\/interamerica.org\\\/es\\\/2005\\\/02\\\/canada-gobierno-propone-redefinir-matrimonio-adventista-cuestiona-proteccion-del-clero\\\/\"},\"author\":{\"name\":\"Lorenzo Verduzco\",\"@id\":\"https:\\\/\\\/interamerica.org\\\/es\\\/#\\\/schema\\\/person\\\/68ede8bdc292885bb76c1e3810e73c39\"},\"headline\":\"Canad\u00e1: Gobierno Propone Redefinir Matrimonio; Adventista Cuestiona Protecci\u00f3n del Clero\",\"datePublished\":\"2005-02-02T04:00:00+00:00\",\"dateModified\":\"2017-06-02T13:17:55+00:00\",\"mainEntityOfPage\":{\"@id\":\"https:\\\/\\\/interamerica.org\\\/es\\\/2005\\\/02\\\/canada-gobierno-propone-redefinir-matrimonio-adventista-cuestiona-proteccion-del-clero\\\/\"},\"wordCount\":653,\"articleSection\":[\"Archivo\"],\"inLanguage\":\"es\"},{\"@type\":\"WebPage\",\"@id\":\"https:\\\/\\\/interamerica.org\\\/es\\\/2005\\\/02\\\/canada-gobierno-propone-redefinir-matrimonio-adventista-cuestiona-proteccion-del-clero\\\/\",\"url\":\"https:\\\/\\\/interamerica.org\\\/es\\\/2005\\\/02\\\/canada-gobierno-propone-redefinir-matrimonio-adventista-cuestiona-proteccion-del-clero\\\/\",\"name\":\"Canad\u00e1: Gobierno Propone Redefinir Matrimonio; Adventista Cuestiona Protecci\u00f3n del Clero - Iglesia Adventista del S\u00e9ptimo D\u00eda - Divisi\u00f3n Interamericana\",\"isPartOf\":{\"@id\":\"https:\\\/\\\/interamerica.org\\\/es\\\/#website\"},\"datePublished\":\"2005-02-02T04:00:00+00:00\",\"dateModified\":\"2017-06-02T13:17:55+00:00\",\"author\":{\"@id\":\"https:\\\/\\\/interamerica.org\\\/es\\\/#\\\/schema\\\/person\\\/68ede8bdc292885bb76c1e3810e73c39\"},\"breadcrumb\":{\"@id\":\"https:\\\/\\\/interamerica.org\\\/es\\\/2005\\\/02\\\/canada-gobierno-propone-redefinir-matrimonio-adventista-cuestiona-proteccion-del-clero\\\/#breadcrumb\"},\"inLanguage\":\"es\",\"potentialAction\":[{\"@type\":\"ReadAction\",\"target\":[\"https:\\\/\\\/interamerica.org\\\/es\\\/2005\\\/02\\\/canada-gobierno-propone-redefinir-matrimonio-adventista-cuestiona-proteccion-del-clero\\\/\"]}]},{\"@type\":\"BreadcrumbList\",\"@id\":\"https:\\\/\\\/interamerica.org\\\/es\\\/2005\\\/02\\\/canada-gobierno-propone-redefinir-matrimonio-adventista-cuestiona-proteccion-del-clero\\\/#breadcrumb\",\"itemListElement\":[{\"@type\":\"ListItem\",\"position\":1,\"name\":\"Home\",\"item\":\"https:\\\/\\\/interamerica.org\\\/es\\\/\"},{\"@type\":\"ListItem\",\"position\":2,\"name\":\"Canad\u00e1: Gobierno Propone Redefinir Matrimonio; Adventista Cuestiona Protecci\u00f3n del Clero\"}]},{\"@type\":\"WebSite\",\"@id\":\"https:\\\/\\\/interamerica.org\\\/es\\\/#website\",\"url\":\"https:\\\/\\\/interamerica.org\\\/es\\\/\",\"name\":\"Iglesia Adventista del S\u00e9ptimo D\u00eda - Divisi\u00f3n Interamericana\",\"description\":\"\",\"potentialAction\":[{\"@type\":\"SearchAction\",\"target\":{\"@type\":\"EntryPoint\",\"urlTemplate\":\"https:\\\/\\\/interamerica.org\\\/es\\\/?s={search_term_string}\"},\"query-input\":{\"@type\":\"PropertyValueSpecification\",\"valueRequired\":true,\"valueName\":\"search_term_string\"}}],\"inLanguage\":\"es\"},{\"@type\":\"Person\",\"@id\":\"https:\\\/\\\/interamerica.org\\\/es\\\/#\\\/schema\\\/person\\\/68ede8bdc292885bb76c1e3810e73c39\",\"name\":\"Lorenzo Verduzco\",\"image\":{\"@type\":\"ImageObject\",\"inLanguage\":\"es\",\"@id\":\"https:\\\/\\\/secure.gravatar.com\\\/avatar\\\/fb81a55b6218459490a9c1dc841a34909185b81904c5337b4b27f7a6fd60c49e?s=96&d=mm&r=g\",\"url\":\"https:\\\/\\\/secure.gravatar.com\\\/avatar\\\/fb81a55b6218459490a9c1dc841a34909185b81904c5337b4b27f7a6fd60c49e?s=96&d=mm&r=g\",\"contentUrl\":\"https:\\\/\\\/secure.gravatar.com\\\/avatar\\\/fb81a55b6218459490a9c1dc841a34909185b81904c5337b4b27f7a6fd60c49e?s=96&d=mm&r=g\",\"caption\":\"Lorenzo Verduzco\"}}]}<\/script>\n<!-- \/ Yoast SEO plugin. -->","yoast_head_json":{"title":"Canad\u00e1: Gobierno Propone Redefinir Matrimonio; Adventista Cuestiona Protecci\u00f3n del Clero - Iglesia Adventista del S\u00e9ptimo D\u00eda - Divisi\u00f3n Interamericana","robots":{"index":"index","follow":"follow","max-snippet":"max-snippet:-1","max-image-preview":"max-image-preview:large","max-video-preview":"max-video-preview:-1"},"canonical":"https:\/\/interamerica.org\/es\/2005\/02\/canada-gobierno-propone-redefinir-matrimonio-adventista-cuestiona-proteccion-del-clero\/","og_locale":"es_ES","og_type":"article","og_title":"Canad\u00e1: Gobierno Propone Redefinir Matrimonio; Adventista Cuestiona Protecci\u00f3n del Clero - Iglesia Adventista del S\u00e9ptimo D\u00eda - Divisi\u00f3n Interamericana","og_description":"La introducci\u00f3n, el 2 de febrero de la legislaci\u00f3n C-38, \"Civil Marriage Act\" (legislaci\u00f3n sobre el matrimonio civil), por el Ministro de Justicia Canadiense, Irwin Cotler, ha levantado preocupaci\u00f3n por la libertad religiosa del clero. . .","og_url":"https:\/\/interamerica.org\/es\/2005\/02\/canada-gobierno-propone-redefinir-matrimonio-adventista-cuestiona-proteccion-del-clero\/","og_site_name":"Iglesia Adventista del S\u00e9ptimo D\u00eda - Divisi\u00f3n Interamericana","article_published_time":"2005-02-02T04:00:00+00:00","article_modified_time":"2017-06-02T13:17:55+00:00","author":"Lorenzo Verduzco","twitter_card":"summary_large_image","twitter_misc":{"Escrito por":"Lorenzo Verduzco","Tiempo de lectura":"3 minutos"},"schema":{"@context":"https:\/\/schema.org","@graph":[{"@type":"Article","@id":"https:\/\/interamerica.org\/es\/2005\/02\/canada-gobierno-propone-redefinir-matrimonio-adventista-cuestiona-proteccion-del-clero\/#article","isPartOf":{"@id":"https:\/\/interamerica.org\/es\/2005\/02\/canada-gobierno-propone-redefinir-matrimonio-adventista-cuestiona-proteccion-del-clero\/"},"author":{"name":"Lorenzo Verduzco","@id":"https:\/\/interamerica.org\/es\/#\/schema\/person\/68ede8bdc292885bb76c1e3810e73c39"},"headline":"Canad\u00e1: Gobierno Propone Redefinir Matrimonio; Adventista Cuestiona Protecci\u00f3n del Clero","datePublished":"2005-02-02T04:00:00+00:00","dateModified":"2017-06-02T13:17:55+00:00","mainEntityOfPage":{"@id":"https:\/\/interamerica.org\/es\/2005\/02\/canada-gobierno-propone-redefinir-matrimonio-adventista-cuestiona-proteccion-del-clero\/"},"wordCount":653,"articleSection":["Archivo"],"inLanguage":"es"},{"@type":"WebPage","@id":"https:\/\/interamerica.org\/es\/2005\/02\/canada-gobierno-propone-redefinir-matrimonio-adventista-cuestiona-proteccion-del-clero\/","url":"https:\/\/interamerica.org\/es\/2005\/02\/canada-gobierno-propone-redefinir-matrimonio-adventista-cuestiona-proteccion-del-clero\/","name":"Canad\u00e1: Gobierno Propone Redefinir Matrimonio; Adventista Cuestiona Protecci\u00f3n del Clero - Iglesia Adventista del S\u00e9ptimo D\u00eda - Divisi\u00f3n Interamericana","isPartOf":{"@id":"https:\/\/interamerica.org\/es\/#website"},"datePublished":"2005-02-02T04:00:00+00:00","dateModified":"2017-06-02T13:17:55+00:00","author":{"@id":"https:\/\/interamerica.org\/es\/#\/schema\/person\/68ede8bdc292885bb76c1e3810e73c39"},"breadcrumb":{"@id":"https:\/\/interamerica.org\/es\/2005\/02\/canada-gobierno-propone-redefinir-matrimonio-adventista-cuestiona-proteccion-del-clero\/#breadcrumb"},"inLanguage":"es","potentialAction":[{"@type":"ReadAction","target":["https:\/\/interamerica.org\/es\/2005\/02\/canada-gobierno-propone-redefinir-matrimonio-adventista-cuestiona-proteccion-del-clero\/"]}]},{"@type":"BreadcrumbList","@id":"https:\/\/interamerica.org\/es\/2005\/02\/canada-gobierno-propone-redefinir-matrimonio-adventista-cuestiona-proteccion-del-clero\/#breadcrumb","itemListElement":[{"@type":"ListItem","position":1,"name":"Home","item":"https:\/\/interamerica.org\/es\/"},{"@type":"ListItem","position":2,"name":"Canad\u00e1: Gobierno Propone Redefinir Matrimonio; Adventista Cuestiona Protecci\u00f3n del Clero"}]},{"@type":"WebSite","@id":"https:\/\/interamerica.org\/es\/#website","url":"https:\/\/interamerica.org\/es\/","name":"Iglesia Adventista del S\u00e9ptimo D\u00eda - Divisi\u00f3n Interamericana","description":"","potentialAction":[{"@type":"SearchAction","target":{"@type":"EntryPoint","urlTemplate":"https:\/\/interamerica.org\/es\/?s={search_term_string}"},"query-input":{"@type":"PropertyValueSpecification","valueRequired":true,"valueName":"search_term_string"}}],"inLanguage":"es"},{"@type":"Person","@id":"https:\/\/interamerica.org\/es\/#\/schema\/person\/68ede8bdc292885bb76c1e3810e73c39","name":"Lorenzo Verduzco","image":{"@type":"ImageObject","inLanguage":"es","@id":"https:\/\/secure.gravatar.com\/avatar\/fb81a55b6218459490a9c1dc841a34909185b81904c5337b4b27f7a6fd60c49e?s=96&d=mm&r=g","url":"https:\/\/secure.gravatar.com\/avatar\/fb81a55b6218459490a9c1dc841a34909185b81904c5337b4b27f7a6fd60c49e?s=96&d=mm&r=g","contentUrl":"https:\/\/secure.gravatar.com\/avatar\/fb81a55b6218459490a9c1dc841a34909185b81904c5337b4b27f7a6fd60c49e?s=96&d=mm&r=g","caption":"Lorenzo Verduzco"}}]}},"_links":{"self":[{"href":"https:\/\/interamerica.org\/es\/wp-json\/wp\/v2\/posts\/10454","targetHints":{"allow":["GET"]}}],"collection":[{"href":"https:\/\/interamerica.org\/es\/wp-json\/wp\/v2\/posts"}],"about":[{"href":"https:\/\/interamerica.org\/es\/wp-json\/wp\/v2\/types\/post"}],"author":[{"embeddable":true,"href":"https:\/\/interamerica.org\/es\/wp-json\/wp\/v2\/users\/1"}],"replies":[{"embeddable":true,"href":"https:\/\/interamerica.org\/es\/wp-json\/wp\/v2\/comments?post=10454"}],"version-history":[{"count":0,"href":"https:\/\/interamerica.org\/es\/wp-json\/wp\/v2\/posts\/10454\/revisions"}],"wp:attachment":[{"href":"https:\/\/interamerica.org\/es\/wp-json\/wp\/v2\/media?parent=10454"}],"wp:term":[{"taxonomy":"category","embeddable":true,"href":"https:\/\/interamerica.org\/es\/wp-json\/wp\/v2\/categories?post=10454"},{"taxonomy":"post_tag","embeddable":true,"href":"https:\/\/interamerica.org\/es\/wp-json\/wp\/v2\/tags?post=10454"}],"curies":[{"name":"wp","href":"https:\/\/api.w.org\/{rel}","templated":true}]}}