{"id":10455,"date":"2005-02-01T00:00:00","date_gmt":"2005-02-01T04:00:00","guid":{"rendered":"http:\/\/192.81.217.108\/interamerica\/2005\/02\/nigeria-oradores-invitados-pretenden-fortalecer-las-iglesias\/"},"modified":"2017-06-02T09:17:56","modified_gmt":"2017-06-02T13:17:56","slug":"nigeria-oradores-invitados-pretenden-fortalecer-las-iglesias","status":"publish","type":"post","link":"https:\/\/interamerica.org\/es\/2005\/02\/nigeria-oradores-invitados-pretenden-fortalecer-las-iglesias\/","title":{"rendered":"Nigeria: Oradores Invitados Pretenden Fortalecer las Iglesias"},"content":{"rendered":"<p>Abuja, Nigeria&#8230;[Personal de ANN] <\/p>\n<p>Una campa\u00f1a de evangelismo de un mes de duraci\u00f3n en Nigeria del Norte, localidad que figur\u00f3 recientemente en las noticias por causa de un disturbio con motivos religiosos, tendr\u00e1 el prop\u00f3sito de comunicar el mensaje cristiano a la poblaci\u00f3n local, al mismo tiempo que fortalecer la fe de quienes ya pertenecen a la Iglesia Adventista, dijo uno de los organizadores. <\/p>\n<p>\u00abPor medio de tres campa\u00f1as de evangelismo p\u00fablico y reuniones de distrito en dos \u00e1reas rurales, [queremos] fortalecer las iglesias y los creyentes que ocasionalmente experimentan resistencia \u2013 e incluso persecuci\u00f3n\u2014 en su ambiente, algunas veces hostil\u00bb, dijo el Dr. Borge Schantz, profesor jubilado del Colegio Newbold en San Albans, Inglaterra, quien una vez sirvi\u00f3 como misionero en la regi\u00f3n.<\/p>\n<p> Un segundo prop\u00f3sito es enfatizar la importancia de la funci\u00f3n de los \u00e1ngeles como agentes activos en el comflicto espiritual y la \u00abreligi\u00f3n de los antepasados\u00bb [a nivel local], desde una perspectiva general y personal. \u00abLos nuevos conversos provenientes de las religiones tradicionales, a menudo y por un largo tiempo, experimentan y tienen que luchar con esp\u00edritus de diversos tipos\u00bb, dijo \u00e9l. <\/p>\n<p>Schantz agreg\u00f3 un tercer prop\u00f3sito: enfatizar y explicar a los cristianos la importancia de las ordenanzas, rituales y ceremonias fundamentados b\u00edblicamente. <\/p>\n<p>\u00abEn demasiados casos\u00bb, dijo \u00e9l, \u00ab\u00bb[estos creyentes] no pueden leer la Biblia ni otra literatura cristiana. Una comprensi\u00f3n m\u00e1s profunda de estos rituales como medios, y no como fines, dar\u00e1 como resultado una mejor apreciaci\u00f3n del plan de la salvaci\u00f3n\u00bb. <\/p>\n<p>El equipo est\u00e1 compuesto por el Dr. Schantz, el Dr. Hyunsok Doh, un pastor adventista coreano proveniente de Washington DC, y Patrick Boyle, un ministro recientemente jubilado, de la Iglesia de Stanborough Park, en Watford, Inglaterra. <\/p>\n<p>\u00abComo un equipo de expatriados, hemos trabajado bien juntos en Pakist\u00e1n, y estamos planeando ser \u00fatiles para las iglesias en Nigeria\u00bb, dijo el Dr. Schantz a ANN. <\/p>\n<p>\u00abPara m\u00ed es como regresar a casa. Trabaj\u00e9 en el \u00e1rea 35 a\u00f1os atr\u00e1s. En ese a\u00f1o hab\u00eda 1700 miembros en en Nigeria del Norte. Hoy hay m\u00e1s de 35000 miembros en el \u00e1rea\u00bb. <\/p>\n<p>Las reuniones est\u00e1n programadas para comenzar el 5 de febrero, seguidas por sesiones para los obreros de la iglesia en la zona. <\/p>\n<p>Est\u00e1n planeadas algunas conferencias p\u00fablicas acerca de varios temas, junto con las reuniones de s\u00e1bado en las iglesias cristianas. <\/p>\n<p>Los adventistas del s\u00e9ptimo d\u00eda establecieron por primera vez una oficina administrativa en Nigeria en el a\u00f1o de 1914. Actualmente, m\u00e1s de 207000 miembros adoran en 700 congregaciones en ese pa\u00eds. Derechos reservados \u00ae 2005 por Adventist News Network. <\/p>\n","protected":false},"excerpt":{"rendered":"<p>Una campa\u00f1a de evangelismo de un mes de duraci\u00f3n en Nigeria del Norte, localidad que figur\u00f3 recientemente en las noticias por causa de un disturbio con motivos religiosos&#8230;<\/p>\n","protected":false},"author":1,"featured_media":0,"comment_status":"closed","ping_status":"closed","sticky":false,"template":"","format":"standard","meta":{"_acf_changed":false,"footnotes":""},"categories":[8],"tags":[],"class_list":["post-10455","post","type-post","status-publish","format-standard","hentry","category-archivo"],"acf":[],"yoast_head":"<!-- This site is optimized with the Yoast SEO plugin v27.3 - https:\/\/yoast.com\/product\/yoast-seo-wordpress\/ -->\n<title>Nigeria: Oradores Invitados Pretenden Fortalecer las Iglesias - Iglesia Adventista del S\u00e9ptimo D\u00eda - Divisi\u00f3n Interamericana<\/title>\n<meta name=\"robots\" content=\"index, follow, max-snippet:-1, max-image-preview:large, max-video-preview:-1\" \/>\n<link rel=\"canonical\" href=\"https:\/\/interamerica.org\/es\/2005\/02\/nigeria-oradores-invitados-pretenden-fortalecer-las-iglesias\/\" \/>\n<meta property=\"og:locale\" content=\"es_ES\" \/>\n<meta property=\"og:type\" content=\"article\" \/>\n<meta property=\"og:title\" content=\"Nigeria: Oradores Invitados Pretenden Fortalecer las Iglesias - Iglesia Adventista del S\u00e9ptimo D\u00eda - Divisi\u00f3n Interamericana\" \/>\n<meta property=\"og:description\" content=\"Una campa\u00f1a de evangelismo de un mes de duraci\u00f3n en Nigeria del Norte, localidad que figur\u00f3 recientemente en las noticias por causa de un disturbio con motivos religiosos...\" \/>\n<meta property=\"og:url\" content=\"https:\/\/interamerica.org\/es\/2005\/02\/nigeria-oradores-invitados-pretenden-fortalecer-las-iglesias\/\" \/>\n<meta property=\"og:site_name\" content=\"Iglesia Adventista del S\u00e9ptimo D\u00eda - Divisi\u00f3n Interamericana\" \/>\n<meta property=\"article:published_time\" content=\"2005-02-01T04:00:00+00:00\" \/>\n<meta property=\"article:modified_time\" content=\"2017-06-02T13:17:56+00:00\" \/>\n<meta name=\"author\" content=\"Lorenzo Verduzco\" \/>\n<meta name=\"twitter:card\" content=\"summary_large_image\" \/>\n<meta name=\"twitter:label1\" content=\"Escrito por\" \/>\n\t<meta name=\"twitter:data1\" content=\"Lorenzo Verduzco\" \/>\n\t<meta name=\"twitter:label2\" content=\"Tiempo de lectura\" \/>\n\t<meta name=\"twitter:data2\" content=\"2 minutos\" \/>\n<script type=\"application\/ld+json\" class=\"yoast-schema-graph\">{\"@context\":\"https:\\\/\\\/schema.org\",\"@graph\":[{\"@type\":\"Article\",\"@id\":\"https:\\\/\\\/interamerica.org\\\/es\\\/2005\\\/02\\\/nigeria-oradores-invitados-pretenden-fortalecer-las-iglesias\\\/#article\",\"isPartOf\":{\"@id\":\"https:\\\/\\\/interamerica.org\\\/es\\\/2005\\\/02\\\/nigeria-oradores-invitados-pretenden-fortalecer-las-iglesias\\\/\"},\"author\":{\"name\":\"Lorenzo Verduzco\",\"@id\":\"https:\\\/\\\/interamerica.org\\\/es\\\/#\\\/schema\\\/person\\\/68ede8bdc292885bb76c1e3810e73c39\"},\"headline\":\"Nigeria: Oradores Invitados Pretenden Fortalecer las Iglesias\",\"datePublished\":\"2005-02-01T04:00:00+00:00\",\"dateModified\":\"2017-06-02T13:17:56+00:00\",\"mainEntityOfPage\":{\"@id\":\"https:\\\/\\\/interamerica.org\\\/es\\\/2005\\\/02\\\/nigeria-oradores-invitados-pretenden-fortalecer-las-iglesias\\\/\"},\"wordCount\":455,\"articleSection\":[\"Archivo\"],\"inLanguage\":\"es\"},{\"@type\":\"WebPage\",\"@id\":\"https:\\\/\\\/interamerica.org\\\/es\\\/2005\\\/02\\\/nigeria-oradores-invitados-pretenden-fortalecer-las-iglesias\\\/\",\"url\":\"https:\\\/\\\/interamerica.org\\\/es\\\/2005\\\/02\\\/nigeria-oradores-invitados-pretenden-fortalecer-las-iglesias\\\/\",\"name\":\"Nigeria: Oradores Invitados Pretenden Fortalecer las Iglesias - Iglesia Adventista del S\u00e9ptimo D\u00eda - Divisi\u00f3n Interamericana\",\"isPartOf\":{\"@id\":\"https:\\\/\\\/interamerica.org\\\/es\\\/#website\"},\"datePublished\":\"2005-02-01T04:00:00+00:00\",\"dateModified\":\"2017-06-02T13:17:56+00:00\",\"author\":{\"@id\":\"https:\\\/\\\/interamerica.org\\\/es\\\/#\\\/schema\\\/person\\\/68ede8bdc292885bb76c1e3810e73c39\"},\"breadcrumb\":{\"@id\":\"https:\\\/\\\/interamerica.org\\\/es\\\/2005\\\/02\\\/nigeria-oradores-invitados-pretenden-fortalecer-las-iglesias\\\/#breadcrumb\"},\"inLanguage\":\"es\",\"potentialAction\":[{\"@type\":\"ReadAction\",\"target\":[\"https:\\\/\\\/interamerica.org\\\/es\\\/2005\\\/02\\\/nigeria-oradores-invitados-pretenden-fortalecer-las-iglesias\\\/\"]}]},{\"@type\":\"BreadcrumbList\",\"@id\":\"https:\\\/\\\/interamerica.org\\\/es\\\/2005\\\/02\\\/nigeria-oradores-invitados-pretenden-fortalecer-las-iglesias\\\/#breadcrumb\",\"itemListElement\":[{\"@type\":\"ListItem\",\"position\":1,\"name\":\"Home\",\"item\":\"https:\\\/\\\/interamerica.org\\\/es\\\/\"},{\"@type\":\"ListItem\",\"position\":2,\"name\":\"Nigeria: Oradores Invitados Pretenden Fortalecer las Iglesias\"}]},{\"@type\":\"WebSite\",\"@id\":\"https:\\\/\\\/interamerica.org\\\/es\\\/#website\",\"url\":\"https:\\\/\\\/interamerica.org\\\/es\\\/\",\"name\":\"Iglesia Adventista del S\u00e9ptimo D\u00eda - Divisi\u00f3n Interamericana\",\"description\":\"\",\"potentialAction\":[{\"@type\":\"SearchAction\",\"target\":{\"@type\":\"EntryPoint\",\"urlTemplate\":\"https:\\\/\\\/interamerica.org\\\/es\\\/?s={search_term_string}\"},\"query-input\":{\"@type\":\"PropertyValueSpecification\",\"valueRequired\":true,\"valueName\":\"search_term_string\"}}],\"inLanguage\":\"es\"},{\"@type\":\"Person\",\"@id\":\"https:\\\/\\\/interamerica.org\\\/es\\\/#\\\/schema\\\/person\\\/68ede8bdc292885bb76c1e3810e73c39\",\"name\":\"Lorenzo Verduzco\",\"image\":{\"@type\":\"ImageObject\",\"inLanguage\":\"es\",\"@id\":\"https:\\\/\\\/secure.gravatar.com\\\/avatar\\\/fb81a55b6218459490a9c1dc841a34909185b81904c5337b4b27f7a6fd60c49e?s=96&d=mm&r=g\",\"url\":\"https:\\\/\\\/secure.gravatar.com\\\/avatar\\\/fb81a55b6218459490a9c1dc841a34909185b81904c5337b4b27f7a6fd60c49e?s=96&d=mm&r=g\",\"contentUrl\":\"https:\\\/\\\/secure.gravatar.com\\\/avatar\\\/fb81a55b6218459490a9c1dc841a34909185b81904c5337b4b27f7a6fd60c49e?s=96&d=mm&r=g\",\"caption\":\"Lorenzo Verduzco\"}}]}<\/script>\n<!-- \/ Yoast SEO plugin. -->","yoast_head_json":{"title":"Nigeria: Oradores Invitados Pretenden Fortalecer las Iglesias - Iglesia Adventista del S\u00e9ptimo D\u00eda - Divisi\u00f3n Interamericana","robots":{"index":"index","follow":"follow","max-snippet":"max-snippet:-1","max-image-preview":"max-image-preview:large","max-video-preview":"max-video-preview:-1"},"canonical":"https:\/\/interamerica.org\/es\/2005\/02\/nigeria-oradores-invitados-pretenden-fortalecer-las-iglesias\/","og_locale":"es_ES","og_type":"article","og_title":"Nigeria: Oradores Invitados Pretenden Fortalecer las Iglesias - Iglesia Adventista del S\u00e9ptimo D\u00eda - Divisi\u00f3n Interamericana","og_description":"Una campa\u00f1a de evangelismo de un mes de duraci\u00f3n en Nigeria del Norte, localidad que figur\u00f3 recientemente en las noticias por causa de un disturbio con motivos religiosos...","og_url":"https:\/\/interamerica.org\/es\/2005\/02\/nigeria-oradores-invitados-pretenden-fortalecer-las-iglesias\/","og_site_name":"Iglesia Adventista del S\u00e9ptimo D\u00eda - Divisi\u00f3n Interamericana","article_published_time":"2005-02-01T04:00:00+00:00","article_modified_time":"2017-06-02T13:17:56+00:00","author":"Lorenzo Verduzco","twitter_card":"summary_large_image","twitter_misc":{"Escrito por":"Lorenzo Verduzco","Tiempo de lectura":"2 minutos"},"schema":{"@context":"https:\/\/schema.org","@graph":[{"@type":"Article","@id":"https:\/\/interamerica.org\/es\/2005\/02\/nigeria-oradores-invitados-pretenden-fortalecer-las-iglesias\/#article","isPartOf":{"@id":"https:\/\/interamerica.org\/es\/2005\/02\/nigeria-oradores-invitados-pretenden-fortalecer-las-iglesias\/"},"author":{"name":"Lorenzo Verduzco","@id":"https:\/\/interamerica.org\/es\/#\/schema\/person\/68ede8bdc292885bb76c1e3810e73c39"},"headline":"Nigeria: Oradores Invitados Pretenden Fortalecer las Iglesias","datePublished":"2005-02-01T04:00:00+00:00","dateModified":"2017-06-02T13:17:56+00:00","mainEntityOfPage":{"@id":"https:\/\/interamerica.org\/es\/2005\/02\/nigeria-oradores-invitados-pretenden-fortalecer-las-iglesias\/"},"wordCount":455,"articleSection":["Archivo"],"inLanguage":"es"},{"@type":"WebPage","@id":"https:\/\/interamerica.org\/es\/2005\/02\/nigeria-oradores-invitados-pretenden-fortalecer-las-iglesias\/","url":"https:\/\/interamerica.org\/es\/2005\/02\/nigeria-oradores-invitados-pretenden-fortalecer-las-iglesias\/","name":"Nigeria: Oradores Invitados Pretenden Fortalecer las Iglesias - Iglesia Adventista del S\u00e9ptimo D\u00eda - Divisi\u00f3n Interamericana","isPartOf":{"@id":"https:\/\/interamerica.org\/es\/#website"},"datePublished":"2005-02-01T04:00:00+00:00","dateModified":"2017-06-02T13:17:56+00:00","author":{"@id":"https:\/\/interamerica.org\/es\/#\/schema\/person\/68ede8bdc292885bb76c1e3810e73c39"},"breadcrumb":{"@id":"https:\/\/interamerica.org\/es\/2005\/02\/nigeria-oradores-invitados-pretenden-fortalecer-las-iglesias\/#breadcrumb"},"inLanguage":"es","potentialAction":[{"@type":"ReadAction","target":["https:\/\/interamerica.org\/es\/2005\/02\/nigeria-oradores-invitados-pretenden-fortalecer-las-iglesias\/"]}]},{"@type":"BreadcrumbList","@id":"https:\/\/interamerica.org\/es\/2005\/02\/nigeria-oradores-invitados-pretenden-fortalecer-las-iglesias\/#breadcrumb","itemListElement":[{"@type":"ListItem","position":1,"name":"Home","item":"https:\/\/interamerica.org\/es\/"},{"@type":"ListItem","position":2,"name":"Nigeria: Oradores Invitados Pretenden Fortalecer las Iglesias"}]},{"@type":"WebSite","@id":"https:\/\/interamerica.org\/es\/#website","url":"https:\/\/interamerica.org\/es\/","name":"Iglesia Adventista del S\u00e9ptimo D\u00eda - Divisi\u00f3n Interamericana","description":"","potentialAction":[{"@type":"SearchAction","target":{"@type":"EntryPoint","urlTemplate":"https:\/\/interamerica.org\/es\/?s={search_term_string}"},"query-input":{"@type":"PropertyValueSpecification","valueRequired":true,"valueName":"search_term_string"}}],"inLanguage":"es"},{"@type":"Person","@id":"https:\/\/interamerica.org\/es\/#\/schema\/person\/68ede8bdc292885bb76c1e3810e73c39","name":"Lorenzo Verduzco","image":{"@type":"ImageObject","inLanguage":"es","@id":"https:\/\/secure.gravatar.com\/avatar\/fb81a55b6218459490a9c1dc841a34909185b81904c5337b4b27f7a6fd60c49e?s=96&d=mm&r=g","url":"https:\/\/secure.gravatar.com\/avatar\/fb81a55b6218459490a9c1dc841a34909185b81904c5337b4b27f7a6fd60c49e?s=96&d=mm&r=g","contentUrl":"https:\/\/secure.gravatar.com\/avatar\/fb81a55b6218459490a9c1dc841a34909185b81904c5337b4b27f7a6fd60c49e?s=96&d=mm&r=g","caption":"Lorenzo Verduzco"}}]}},"_links":{"self":[{"href":"https:\/\/interamerica.org\/es\/wp-json\/wp\/v2\/posts\/10455","targetHints":{"allow":["GET"]}}],"collection":[{"href":"https:\/\/interamerica.org\/es\/wp-json\/wp\/v2\/posts"}],"about":[{"href":"https:\/\/interamerica.org\/es\/wp-json\/wp\/v2\/types\/post"}],"author":[{"embeddable":true,"href":"https:\/\/interamerica.org\/es\/wp-json\/wp\/v2\/users\/1"}],"replies":[{"embeddable":true,"href":"https:\/\/interamerica.org\/es\/wp-json\/wp\/v2\/comments?post=10455"}],"version-history":[{"count":0,"href":"https:\/\/interamerica.org\/es\/wp-json\/wp\/v2\/posts\/10455\/revisions"}],"wp:attachment":[{"href":"https:\/\/interamerica.org\/es\/wp-json\/wp\/v2\/media?parent=10455"}],"wp:term":[{"taxonomy":"category","embeddable":true,"href":"https:\/\/interamerica.org\/es\/wp-json\/wp\/v2\/categories?post=10455"},{"taxonomy":"post_tag","embeddable":true,"href":"https:\/\/interamerica.org\/es\/wp-json\/wp\/v2\/tags?post=10455"}],"curies":[{"name":"wp","href":"https:\/\/api.w.org\/{rel}","templated":true}]}}