{"id":10456,"date":"2005-01-31T00:00:00","date_gmt":"2005-01-31T04:00:00","guid":{"rendered":"http:\/\/192.81.217.108\/interamerica\/2005\/01\/nuevo-taller-es-desarrollado-para-lideres-de-las-escuelas-biblicas-de-vacaciones\/"},"modified":"2017-06-02T09:17:57","modified_gmt":"2017-06-02T13:17:57","slug":"nuevo-taller-es-desarrollado-para-lideres-de-las-escuelas-biblicas-de-vacaciones","status":"publish","type":"post","link":"https:\/\/interamerica.org\/es\/2005\/01\/nuevo-taller-es-desarrollado-para-lideres-de-las-escuelas-biblicas-de-vacaciones\/","title":{"rendered":"Nuevo Taller es desarrollado para l\u00edderes de las Escuelas B\u00edblicas de Vacaciones"},"content":{"rendered":"<p>Miami, Florida, Estados Unidos\u2026 [Libna Stevens\/DIA] <\/p>\n<p>Dado que el creciente n\u00famero de Escuelas B\u00edblicas de Vacaciones (EBV) se incrementa cada verano a lo largo y ancho del vasto territorio de la Divisi\u00f3n Interamericana, un nuevo taller fue llevado a cabo el 27 de Enero para m\u00e1s de 40 l\u00edderes de Ministerio Infantil provenientes de los campos hispanos y de habla francesa. El taller, que tuvo lugar en las oficinas de la sede de la Divisi\u00f3n, en Miami, Florida, fue parte de un plan estrat\u00e9gico iniciado a principios del quinquenio para fortalecer el Departamento de Ministerio Infantil.<\/p>\n<p>El taller fue en gran medida como una sesi\u00f3n regular de entrenamiento de la EBV, con un nuevo tema: \u201dCelebrando con Jes\u00fas\u201d, de acuerdo con Evelyn Oma\u00f1a, directora de Ministerio Infantil para la iglesia en \u00cdnter Am\u00e9rica. <\/p>\n<p>\u201cEsta es la primera vez que tenemos un taller en la Divisi\u00f3n\u201d, dice Oma\u00f1a.\u201dDecidimos tenerlo aqu\u00ed [en las oficinas de la DIA] por las dificultades para tener presente a cada director(a) de ministerio infantil en la Cumbre de Mujeres en el Liderazgo, desarrollada durante los d\u00edas anteriores\u201d, agreg\u00f3. <\/p>\n<p>Este nuevo taller, que es uno de seis talleres preparados por el departamento de Ministerio Infantil de la DIA, est\u00e1 dise\u00f1ado para equipar a los l\u00edderes de las EBV en su tarea de presentar la Biblia para alcanzar a la comunidad cultural de su territorio. <\/p>\n<p>Las EBV son un programa para ni\u00f1os, de dos semanas de duraci\u00f3n, que se lleva a cabo en verano en las iglesias adventistas locales. No hay costo para el curso, y a los ni\u00f1os se les da un paquete de lecciones b\u00edblicas gratuitamente para que las lleven a casa. Despu\u00e9s, la EBV se convierte en un Club del Vecindario, lo cual constituye un programa de seguimiento a trav\u00e9s del cual los l\u00edderes de la iglesia adelantan lecciones b\u00edblicas en los hogares, con los ni\u00f1os y sus familias. <\/p>\n<p>Es maravilloso ver el impacto que estos programas de EBV tienen en los ni\u00f1os, y la cifra sigue creciendo\u201d, dice Oma\u00f1a. <\/p>\n<p>Durante 2004, hubo 10.484 Escuelas B\u00edblicas de Vacaciones, con la asistencia de 115.457 ni\u00f1os. <\/p>\n<p>Por ahora, los nuevos talleres est\u00e1n siendo usados por los campos hispanos y de habla francesa. Los campos de habla inglesa reciben sus materiales para las EBVs de parte del departamento de Ministerio Infantil de la Divisi\u00f3n Norteamericana. <\/p>\n<p>Estos talleres son sesiones regulares de entrenamiento que se llevan a cabo en todo el territorio, junto con programas de certificaci\u00f3n para directores y directoras de ministerio infantil, lo cual provee educaci\u00f3n continuada para quienes est\u00e1n involucrados en programas infantiles. <\/p>\n<p>Para m\u00e1s informaci\u00f3n acerca de los programas de Ministerio Infantil, y m\u00e1s, escriba a <a  href=\"mailto:childrensministries@interamerica.org\"><u>childrensministries@interamerica.org<\/u><\/a>, o llame al tel\u00e9fono 305.403.4700 <\/p>\n","protected":false},"excerpt":{"rendered":"<p>Dado que el creciente n\u00famero de Escuelas B\u00edblicas de Vacaciones (EBV) se incrementa cada verano a lo largo y ancho del vasto territorio de la Divisi\u00f3n Interamericana, un nuevo taller fue llevado a cabo<\/p>\n","protected":false},"author":1,"featured_media":0,"comment_status":"closed","ping_status":"closed","sticky":false,"template":"","format":"standard","meta":{"_acf_changed":false,"footnotes":""},"categories":[8],"tags":[],"class_list":["post-10456","post","type-post","status-publish","format-standard","hentry","category-archivo"],"acf":[],"yoast_head":"<!-- This site is optimized with the Yoast SEO plugin v27.3 - https:\/\/yoast.com\/product\/yoast-seo-wordpress\/ -->\n<title>Nuevo Taller es desarrollado para l\u00edderes de las Escuelas B\u00edblicas de Vacaciones - Iglesia Adventista del S\u00e9ptimo D\u00eda - Divisi\u00f3n Interamericana<\/title>\n<meta name=\"robots\" content=\"index, follow, max-snippet:-1, max-image-preview:large, max-video-preview:-1\" \/>\n<link rel=\"canonical\" href=\"https:\/\/interamerica.org\/es\/2005\/01\/nuevo-taller-es-desarrollado-para-lideres-de-las-escuelas-biblicas-de-vacaciones\/\" \/>\n<meta property=\"og:locale\" content=\"es_ES\" \/>\n<meta property=\"og:type\" content=\"article\" \/>\n<meta property=\"og:title\" content=\"Nuevo Taller es desarrollado para l\u00edderes de las Escuelas B\u00edblicas de Vacaciones - Iglesia Adventista del S\u00e9ptimo D\u00eda - Divisi\u00f3n Interamericana\" \/>\n<meta property=\"og:description\" content=\"Dado que el creciente n\u00famero de Escuelas B\u00edblicas de Vacaciones (EBV) se incrementa cada verano a lo largo y ancho del vasto territorio de la Divisi\u00f3n Interamericana, un nuevo taller fue llevado a cabo\" \/>\n<meta property=\"og:url\" content=\"https:\/\/interamerica.org\/es\/2005\/01\/nuevo-taller-es-desarrollado-para-lideres-de-las-escuelas-biblicas-de-vacaciones\/\" \/>\n<meta property=\"og:site_name\" content=\"Iglesia Adventista del S\u00e9ptimo D\u00eda - Divisi\u00f3n Interamericana\" \/>\n<meta property=\"article:published_time\" content=\"2005-01-31T04:00:00+00:00\" \/>\n<meta property=\"article:modified_time\" content=\"2017-06-02T13:17:57+00:00\" \/>\n<meta name=\"author\" content=\"Lorenzo Verduzco\" \/>\n<meta name=\"twitter:card\" content=\"summary_large_image\" \/>\n<meta name=\"twitter:label1\" content=\"Escrito por\" \/>\n\t<meta name=\"twitter:data1\" content=\"Lorenzo Verduzco\" \/>\n\t<meta name=\"twitter:label2\" content=\"Tiempo de lectura\" \/>\n\t<meta name=\"twitter:data2\" content=\"2 minutos\" \/>\n<script type=\"application\/ld+json\" class=\"yoast-schema-graph\">{\"@context\":\"https:\\\/\\\/schema.org\",\"@graph\":[{\"@type\":\"Article\",\"@id\":\"https:\\\/\\\/interamerica.org\\\/es\\\/2005\\\/01\\\/nuevo-taller-es-desarrollado-para-lideres-de-las-escuelas-biblicas-de-vacaciones\\\/#article\",\"isPartOf\":{\"@id\":\"https:\\\/\\\/interamerica.org\\\/es\\\/2005\\\/01\\\/nuevo-taller-es-desarrollado-para-lideres-de-las-escuelas-biblicas-de-vacaciones\\\/\"},\"author\":{\"name\":\"Lorenzo Verduzco\",\"@id\":\"https:\\\/\\\/interamerica.org\\\/es\\\/#\\\/schema\\\/person\\\/68ede8bdc292885bb76c1e3810e73c39\"},\"headline\":\"Nuevo Taller es desarrollado para l\u00edderes de las Escuelas B\u00edblicas de Vacaciones\",\"datePublished\":\"2005-01-31T04:00:00+00:00\",\"dateModified\":\"2017-06-02T13:17:57+00:00\",\"mainEntityOfPage\":{\"@id\":\"https:\\\/\\\/interamerica.org\\\/es\\\/2005\\\/01\\\/nuevo-taller-es-desarrollado-para-lideres-de-las-escuelas-biblicas-de-vacaciones\\\/\"},\"wordCount\":497,\"articleSection\":[\"Archivo\"],\"inLanguage\":\"es\"},{\"@type\":\"WebPage\",\"@id\":\"https:\\\/\\\/interamerica.org\\\/es\\\/2005\\\/01\\\/nuevo-taller-es-desarrollado-para-lideres-de-las-escuelas-biblicas-de-vacaciones\\\/\",\"url\":\"https:\\\/\\\/interamerica.org\\\/es\\\/2005\\\/01\\\/nuevo-taller-es-desarrollado-para-lideres-de-las-escuelas-biblicas-de-vacaciones\\\/\",\"name\":\"Nuevo Taller es desarrollado para l\u00edderes de las Escuelas B\u00edblicas de Vacaciones - Iglesia Adventista del S\u00e9ptimo D\u00eda - Divisi\u00f3n Interamericana\",\"isPartOf\":{\"@id\":\"https:\\\/\\\/interamerica.org\\\/es\\\/#website\"},\"datePublished\":\"2005-01-31T04:00:00+00:00\",\"dateModified\":\"2017-06-02T13:17:57+00:00\",\"author\":{\"@id\":\"https:\\\/\\\/interamerica.org\\\/es\\\/#\\\/schema\\\/person\\\/68ede8bdc292885bb76c1e3810e73c39\"},\"breadcrumb\":{\"@id\":\"https:\\\/\\\/interamerica.org\\\/es\\\/2005\\\/01\\\/nuevo-taller-es-desarrollado-para-lideres-de-las-escuelas-biblicas-de-vacaciones\\\/#breadcrumb\"},\"inLanguage\":\"es\",\"potentialAction\":[{\"@type\":\"ReadAction\",\"target\":[\"https:\\\/\\\/interamerica.org\\\/es\\\/2005\\\/01\\\/nuevo-taller-es-desarrollado-para-lideres-de-las-escuelas-biblicas-de-vacaciones\\\/\"]}]},{\"@type\":\"BreadcrumbList\",\"@id\":\"https:\\\/\\\/interamerica.org\\\/es\\\/2005\\\/01\\\/nuevo-taller-es-desarrollado-para-lideres-de-las-escuelas-biblicas-de-vacaciones\\\/#breadcrumb\",\"itemListElement\":[{\"@type\":\"ListItem\",\"position\":1,\"name\":\"Home\",\"item\":\"https:\\\/\\\/interamerica.org\\\/es\\\/\"},{\"@type\":\"ListItem\",\"position\":2,\"name\":\"Nuevo Taller es desarrollado para l\u00edderes de las Escuelas B\u00edblicas de Vacaciones\"}]},{\"@type\":\"WebSite\",\"@id\":\"https:\\\/\\\/interamerica.org\\\/es\\\/#website\",\"url\":\"https:\\\/\\\/interamerica.org\\\/es\\\/\",\"name\":\"Iglesia Adventista del S\u00e9ptimo D\u00eda - Divisi\u00f3n Interamericana\",\"description\":\"\",\"potentialAction\":[{\"@type\":\"SearchAction\",\"target\":{\"@type\":\"EntryPoint\",\"urlTemplate\":\"https:\\\/\\\/interamerica.org\\\/es\\\/?s={search_term_string}\"},\"query-input\":{\"@type\":\"PropertyValueSpecification\",\"valueRequired\":true,\"valueName\":\"search_term_string\"}}],\"inLanguage\":\"es\"},{\"@type\":\"Person\",\"@id\":\"https:\\\/\\\/interamerica.org\\\/es\\\/#\\\/schema\\\/person\\\/68ede8bdc292885bb76c1e3810e73c39\",\"name\":\"Lorenzo Verduzco\",\"image\":{\"@type\":\"ImageObject\",\"inLanguage\":\"es\",\"@id\":\"https:\\\/\\\/secure.gravatar.com\\\/avatar\\\/fb81a55b6218459490a9c1dc841a34909185b81904c5337b4b27f7a6fd60c49e?s=96&d=mm&r=g\",\"url\":\"https:\\\/\\\/secure.gravatar.com\\\/avatar\\\/fb81a55b6218459490a9c1dc841a34909185b81904c5337b4b27f7a6fd60c49e?s=96&d=mm&r=g\",\"contentUrl\":\"https:\\\/\\\/secure.gravatar.com\\\/avatar\\\/fb81a55b6218459490a9c1dc841a34909185b81904c5337b4b27f7a6fd60c49e?s=96&d=mm&r=g\",\"caption\":\"Lorenzo Verduzco\"}}]}<\/script>\n<!-- \/ Yoast SEO plugin. -->","yoast_head_json":{"title":"Nuevo Taller es desarrollado para l\u00edderes de las Escuelas B\u00edblicas de Vacaciones - Iglesia Adventista del S\u00e9ptimo D\u00eda - Divisi\u00f3n Interamericana","robots":{"index":"index","follow":"follow","max-snippet":"max-snippet:-1","max-image-preview":"max-image-preview:large","max-video-preview":"max-video-preview:-1"},"canonical":"https:\/\/interamerica.org\/es\/2005\/01\/nuevo-taller-es-desarrollado-para-lideres-de-las-escuelas-biblicas-de-vacaciones\/","og_locale":"es_ES","og_type":"article","og_title":"Nuevo Taller es desarrollado para l\u00edderes de las Escuelas B\u00edblicas de Vacaciones - Iglesia Adventista del S\u00e9ptimo D\u00eda - Divisi\u00f3n Interamericana","og_description":"Dado que el creciente n\u00famero de Escuelas B\u00edblicas de Vacaciones (EBV) se incrementa cada verano a lo largo y ancho del vasto territorio de la Divisi\u00f3n Interamericana, un nuevo taller fue llevado a cabo","og_url":"https:\/\/interamerica.org\/es\/2005\/01\/nuevo-taller-es-desarrollado-para-lideres-de-las-escuelas-biblicas-de-vacaciones\/","og_site_name":"Iglesia Adventista del S\u00e9ptimo D\u00eda - Divisi\u00f3n Interamericana","article_published_time":"2005-01-31T04:00:00+00:00","article_modified_time":"2017-06-02T13:17:57+00:00","author":"Lorenzo Verduzco","twitter_card":"summary_large_image","twitter_misc":{"Escrito por":"Lorenzo Verduzco","Tiempo de lectura":"2 minutos"},"schema":{"@context":"https:\/\/schema.org","@graph":[{"@type":"Article","@id":"https:\/\/interamerica.org\/es\/2005\/01\/nuevo-taller-es-desarrollado-para-lideres-de-las-escuelas-biblicas-de-vacaciones\/#article","isPartOf":{"@id":"https:\/\/interamerica.org\/es\/2005\/01\/nuevo-taller-es-desarrollado-para-lideres-de-las-escuelas-biblicas-de-vacaciones\/"},"author":{"name":"Lorenzo Verduzco","@id":"https:\/\/interamerica.org\/es\/#\/schema\/person\/68ede8bdc292885bb76c1e3810e73c39"},"headline":"Nuevo Taller es desarrollado para l\u00edderes de las Escuelas B\u00edblicas de Vacaciones","datePublished":"2005-01-31T04:00:00+00:00","dateModified":"2017-06-02T13:17:57+00:00","mainEntityOfPage":{"@id":"https:\/\/interamerica.org\/es\/2005\/01\/nuevo-taller-es-desarrollado-para-lideres-de-las-escuelas-biblicas-de-vacaciones\/"},"wordCount":497,"articleSection":["Archivo"],"inLanguage":"es"},{"@type":"WebPage","@id":"https:\/\/interamerica.org\/es\/2005\/01\/nuevo-taller-es-desarrollado-para-lideres-de-las-escuelas-biblicas-de-vacaciones\/","url":"https:\/\/interamerica.org\/es\/2005\/01\/nuevo-taller-es-desarrollado-para-lideres-de-las-escuelas-biblicas-de-vacaciones\/","name":"Nuevo Taller es desarrollado para l\u00edderes de las Escuelas B\u00edblicas de Vacaciones - Iglesia Adventista del S\u00e9ptimo D\u00eda - Divisi\u00f3n Interamericana","isPartOf":{"@id":"https:\/\/interamerica.org\/es\/#website"},"datePublished":"2005-01-31T04:00:00+00:00","dateModified":"2017-06-02T13:17:57+00:00","author":{"@id":"https:\/\/interamerica.org\/es\/#\/schema\/person\/68ede8bdc292885bb76c1e3810e73c39"},"breadcrumb":{"@id":"https:\/\/interamerica.org\/es\/2005\/01\/nuevo-taller-es-desarrollado-para-lideres-de-las-escuelas-biblicas-de-vacaciones\/#breadcrumb"},"inLanguage":"es","potentialAction":[{"@type":"ReadAction","target":["https:\/\/interamerica.org\/es\/2005\/01\/nuevo-taller-es-desarrollado-para-lideres-de-las-escuelas-biblicas-de-vacaciones\/"]}]},{"@type":"BreadcrumbList","@id":"https:\/\/interamerica.org\/es\/2005\/01\/nuevo-taller-es-desarrollado-para-lideres-de-las-escuelas-biblicas-de-vacaciones\/#breadcrumb","itemListElement":[{"@type":"ListItem","position":1,"name":"Home","item":"https:\/\/interamerica.org\/es\/"},{"@type":"ListItem","position":2,"name":"Nuevo Taller es desarrollado para l\u00edderes de las Escuelas B\u00edblicas de Vacaciones"}]},{"@type":"WebSite","@id":"https:\/\/interamerica.org\/es\/#website","url":"https:\/\/interamerica.org\/es\/","name":"Iglesia Adventista del S\u00e9ptimo D\u00eda - Divisi\u00f3n Interamericana","description":"","potentialAction":[{"@type":"SearchAction","target":{"@type":"EntryPoint","urlTemplate":"https:\/\/interamerica.org\/es\/?s={search_term_string}"},"query-input":{"@type":"PropertyValueSpecification","valueRequired":true,"valueName":"search_term_string"}}],"inLanguage":"es"},{"@type":"Person","@id":"https:\/\/interamerica.org\/es\/#\/schema\/person\/68ede8bdc292885bb76c1e3810e73c39","name":"Lorenzo Verduzco","image":{"@type":"ImageObject","inLanguage":"es","@id":"https:\/\/secure.gravatar.com\/avatar\/fb81a55b6218459490a9c1dc841a34909185b81904c5337b4b27f7a6fd60c49e?s=96&d=mm&r=g","url":"https:\/\/secure.gravatar.com\/avatar\/fb81a55b6218459490a9c1dc841a34909185b81904c5337b4b27f7a6fd60c49e?s=96&d=mm&r=g","contentUrl":"https:\/\/secure.gravatar.com\/avatar\/fb81a55b6218459490a9c1dc841a34909185b81904c5337b4b27f7a6fd60c49e?s=96&d=mm&r=g","caption":"Lorenzo Verduzco"}}]}},"_links":{"self":[{"href":"https:\/\/interamerica.org\/es\/wp-json\/wp\/v2\/posts\/10456","targetHints":{"allow":["GET"]}}],"collection":[{"href":"https:\/\/interamerica.org\/es\/wp-json\/wp\/v2\/posts"}],"about":[{"href":"https:\/\/interamerica.org\/es\/wp-json\/wp\/v2\/types\/post"}],"author":[{"embeddable":true,"href":"https:\/\/interamerica.org\/es\/wp-json\/wp\/v2\/users\/1"}],"replies":[{"embeddable":true,"href":"https:\/\/interamerica.org\/es\/wp-json\/wp\/v2\/comments?post=10456"}],"version-history":[{"count":0,"href":"https:\/\/interamerica.org\/es\/wp-json\/wp\/v2\/posts\/10456\/revisions"}],"wp:attachment":[{"href":"https:\/\/interamerica.org\/es\/wp-json\/wp\/v2\/media?parent=10456"}],"wp:term":[{"taxonomy":"category","embeddable":true,"href":"https:\/\/interamerica.org\/es\/wp-json\/wp\/v2\/categories?post=10456"},{"taxonomy":"post_tag","embeddable":true,"href":"https:\/\/interamerica.org\/es\/wp-json\/wp\/v2\/tags?post=10456"}],"curies":[{"name":"wp","href":"https:\/\/api.w.org\/{rel}","templated":true}]}}