{"id":104560,"date":"2023-10-10T19:13:50","date_gmt":"2023-10-10T23:13:50","guid":{"rendered":"https:\/\/interamerica.org\/?p=104560"},"modified":"2023-10-10T20:48:28","modified_gmt":"2023-10-11T00:48:28","slug":"hoy-estamos-aqui-porque-dios-creo-el-universo","status":"publish","type":"post","link":"https:\/\/interamerica.org\/es\/2023\/10\/hoy-estamos-aqui-porque-dios-creo-el-universo\/","title":{"rendered":"\u201cHoy estamos aqu\u00ed porque Dios cre\u00f3 el universo\u201d"},"content":{"rendered":"<h4>El Instituto de Investigaciones en Geociencia destaca la obra de los cient\u00edficos que creen en la Biblia.<\/h4>\n<p>10 de octubre de 2023 | Silver Spring, Maryland, Estados Unidos | Marcos Paseggi, Adventist Review<\/p>\n<p>El informe del Instituto de Investigaciones en Geociencia (GRI) en el Concilio Anual de la Iglesia Adventista del S\u00e9ptimo D\u00eda 2023 les record\u00f3 a cientos de l\u00edderes de iglesia sobre el impacto de la organizaci\u00f3n financiada por la Asociaci\u00f3n General para los cristianos que a\u00fan creen en la creaci\u00f3n b\u00edblica.<\/p>\n<p>El 8 de octubre, el director del GRI Ronny Nalin comparti\u00f3 las actividades y planes del instituto, destacando algunas de las implicaciones teol\u00f3gicas de la obra que lleva a cabo.<\/p>\n<p>La declaraci\u00f3n de misi\u00f3n del GRI es la de \u201cexplorar el mundo natural, buscando desarrollar y compartir una comprensi\u00f3n de la naturaleza consistente con la ense\u00f1anza b\u00edblica seg\u00fan se expresa en la declaraci\u00f3n de la iglesia sobre la creencia fundamental en la creaci\u00f3n\u201d, ley\u00f3 Nalin. Y a\u00f1adi\u00f3: \u201cEsta es la br\u00fajula que dirige nuestra actividad y planificaci\u00f3n\u201d.<\/p>\n<p>Nalin explic\u00f3 que la obra del GRI incluye dos funciones: explorar y desarrollar una comprensi\u00f3n, y compartir esa comprensi\u00f3n con otros. En los siguientes minutos, especific\u00f3 de qu\u00e9 manera el GRI cumple con esas dos funciones.<\/p>\n<p><div id=\"attachment_104538\" style=\"width: 869px\" class=\"wp-caption aligncenter\"><img fetchpriority=\"high\" decoding=\"async\" aria-describedby=\"caption-attachment-104538\" class=\" wp-image-104536\" src=\"https:\/\/interamerica.org\/wp-content\/uploads\/2023\/10\/ac2023-gri-ame-100125374-general-conference-annual-council-2023-897-mpr.jpeg\" alt=\"\" width=\"859\" height=\"573\" srcset=\"https:\/\/interamerica.org\/wp-content\/uploads\/2023\/10\/ac2023-gri-ame-100125374-general-conference-annual-council-2023-897-mpr.jpeg 1000w, https:\/\/interamerica.org\/wp-content\/uploads\/2023\/10\/ac2023-gri-ame-100125374-general-conference-annual-council-2023-897-mpr-300x200.jpeg 300w, https:\/\/interamerica.org\/wp-content\/uploads\/2023\/10\/ac2023-gri-ame-100125374-general-conference-annual-council-2023-897-mpr-768x512.jpeg 768w\" sizes=\"(max-width: 859px) 100vw, 859px\" \/><p id=\"caption-attachment-104538\" class=\"wp-caption-text\">Ronny Nalin, director del Instituto de Investigaciones en Geociencia, dijo que la base del mensaje adventista es llevar a las personas a que den gloria a Dios como el Creador. [Fotograf\u00eda: Lucas Cardino\/ AME (CC BY 4.0)]<\/p><\/div><strong>Explorar y desarrollar una comprensi\u00f3n del tema<\/strong><\/p>\n<p>El GRI cumple con su misi\u00f3n mediante investigaciones cient\u00edficas originales sobre temas que son relevantes para la perspectiva b\u00edblica sobre los or\u00edgenes, record\u00f3 Nalin a los l\u00edderes de la iglesia. \u201cCumplimos esa misi\u00f3n al trabajar en colaboraci\u00f3n, como mentores, y con una discusi\u00f3n erudita sobre cuestiones cient\u00edficas\u201d, dijo Nalin. Asimismo, implica \u201cproducir recursos educacionales, ense\u00f1ar clases, y organizar programas educacionales para docentes, pastores, estudiantes universitarios, y el p\u00fablico interesado\u201d.<\/p>\n<p>Nalin a\u00f1adi\u00f3 que el GRI sirve como recurso consultivo de la iglesia en lo que respecta a su comprensi\u00f3n sobre la relaci\u00f3n de la creaci\u00f3n con la ciencia.<\/p>\n<p>En el presente, el GRI incluye cuatro cient\u00edficos de tiempo completo que se dedican a investigaciones originales en \u00e1reas de gran significaci\u00f3n para la historia de la tierra y su relaci\u00f3n con el relato b\u00edblico de los or\u00edgenes. \u201cCada uno de ellos ha sido preparado por Dios para una misi\u00f3n sumamente especial\u201d, dijo Nalin. \u201cDedican sus vidas, su capacitaci\u00f3n y sus habilidades para dar gloria a Dios mediante la investigaci\u00f3n y los estudios sistem\u00e1ticos\u201d.<\/p>\n<p>Nalin explic\u00f3 asimismo que todos los cient\u00edficos del GRI participan de investigaciones originales en \u00e1reas de gran significaci\u00f3n para la historia de la tierra y su relaci\u00f3n con el relato b\u00edblico de los or\u00edgenes. Algunas de esas \u00e1reas son la geocronolog\u00eda (la dataci\u00f3n radiom\u00e9trica); la actividad \u00edgnea (los volcanes) en el espacio y el tiempo; el registro f\u00f3sil (en especial las condiciones para la formaci\u00f3n de las huellas de los dinosaurios); los procesos que llevaron a las generalizadas formaciones de rocas y dep\u00f3sitos; la fuente de variabilidad gen\u00e9tica en las especies insulares end\u00e9micas; y el proceso de especiaci\u00f3n r\u00e1pida.<\/p>\n<p><div id=\"attachment_104526\" style=\"width: 478px\" class=\"wp-caption aligncenter\"><img decoding=\"async\" aria-describedby=\"caption-attachment-104526\" class=\"size-full wp-image-104524\" src=\"https:\/\/interamerica.org\/wp-content\/uploads\/2023\/10\/ac2023-picture2.png\" alt=\"\" width=\"468\" height=\"459\" srcset=\"https:\/\/interamerica.org\/wp-content\/uploads\/2023\/10\/ac2023-picture2.png 468w, https:\/\/interamerica.org\/wp-content\/uploads\/2023\/10\/ac2023-picture2-300x294.png 300w\" sizes=\"(max-width: 468px) 100vw, 468px\" \/><p id=\"caption-attachment-104526\" class=\"wp-caption-text\">Ilustraci\u00f3n para el S\u00e1bado de la Creaci\u00f3n 2023 a cargo de Steve Creitz. [Ilustraci\u00f3n: Steve Creitz]<\/p><\/div>\u201cEsta tarea a menudo se basa en el trabajo de campo, por lo que incluye cierto nivel de aventura en los lugares m\u00e1s dis\u00edmiles del planeta\u201d, cont\u00f3 Nalin.<\/p>\n<p>Los resultados de los proyectos de investigaci\u00f3n de los cient\u00edficos del GRI son publicados en revistas cient\u00edficas con revisi\u00f3n de pares, algo que, seg\u00fan Nalin, \u201cdemuestra la relevancia de la comunidad cient\u00edfica en general de nuestros estudios, la calidad de nuestro trabajo, y tambi\u00e9n de nuestro compromiso como equipo de interactuar con la comunidad cient\u00edfica, porque el ambiente acad\u00e9mico tambi\u00e9n es un lugar en el que necesitamos a personas escogidas para la misi\u00f3n\u201d.<\/p>\n<p>Este no es un emprendimiento aut\u00f3nomo, asegur\u00f3 Nalin a los miembros de la EXCOM. \u201cTenemos una red extensiva de personas que nos usan de mentores, en especial de estudiantes y cient\u00edficos j\u00f3venes que sienten pasi\u00f3n por la ciencia y el aprendizaje sobre el mundo natural, pero tambi\u00e9n comprometidos con Dios y su Palabra\u201d, expres\u00f3.<\/p>\n<p><strong>Compartir la comprensi\u00f3n adventista<\/strong><\/p>\n<p>Una de las maneras en que al GRI le gusta compartir es en las conferencias en los campos, lo que incluye \u201cactividades en las que los cient\u00edficos del GRI puede estar en el campo, analizar las rocas, estudiar los maravillosos vestigios de la historia de la tierra y la actividad creadora de Dios en la historia humana\u201d.<\/p>\n<p><div id=\"attachment_104529\" style=\"width: 862px\" class=\"wp-caption aligncenter\"><img decoding=\"async\" aria-describedby=\"caption-attachment-104529\" class=\" wp-image-104527\" src=\"https:\/\/interamerica.org\/wp-content\/uploads\/2023\/10\/gri-building-ac2023.png\" alt=\"\" width=\"852\" height=\"474\" srcset=\"https:\/\/interamerica.org\/wp-content\/uploads\/2023\/10\/gri-building-ac2023.png 800w, https:\/\/interamerica.org\/wp-content\/uploads\/2023\/10\/gri-building-ac2023-300x167.png 300w, https:\/\/interamerica.org\/wp-content\/uploads\/2023\/10\/gri-building-ac2023-768x427.png 768w\" sizes=\"(max-width: 852px) 100vw, 852px\" \/><p id=\"caption-attachment-104529\" class=\"wp-caption-text\">El Instituto de Investigaciones en Geociencia en Loma Linda, California, Estados Unidos. [Fotograf\u00eda: Universidad de Loma Linda]<\/p><\/div>Entre las conferencias recientes estuvo una en la Universidad Babcock en Nigeria en julio, a la que asistieran 1200 educadores adventistas provenientes de 22 pa\u00edses. Otra tuvo lugar en un viaje a comienzos de agosto con docentes de ciencia de toda la Divisi\u00f3n Norteamericana (NAD). Fueron, en palabras de Nalin, \u201ccincuenta docentes maravillosos, tan comprometidos y dedicados\u201d, que dedicaron tiempo en varios lugares de Arizona, Estados Unidos, incluido el Gran Ca\u00f1\u00f3n. Un pr\u00f3ximo viaje de campo con educadores se llevar\u00e1 a cabo en Tanzania para apoyar a los profesores de ciencia en la Divisi\u00f3n de \u00c1frica Centro-Oriental, inform\u00f3. \u201cCreceremos juntos, y eso tendr\u00e1 posiblemetne un efecto multiplicador en toda la divisi\u00f3n\u201d, expres\u00f3.<\/p>\n<p>Hace poco, el GRI lanz\u00f3 un certificado de posgrado en fe y ciencia en el Instituto Adventista Internacional de Estudios Avanzados (AIIAS) en las Filipinas. \u201cAhora tenemos la capacidad de ofrecer educaci\u00f3n superior en tres niveles diferentes\u201d, inform\u00f3 Nalin, \u201cgracias a este certificado en AIIAS, una maestr\u00eda en Sagunto [en Espa\u00f1a], y estudios de maestr\u00eda y doctorales en la Universidad de Loma Linda [en California, Estados Unidos]\u201d.<\/p>\n<p>Nalin tambi\u00e9n celebr\u00f3 colaboraciones que permiten que cient\u00edficos del GRI compartan lo que hacen por medio de la palabra escrita. El GRI es un colaborador peri\u00f3dico de la Adventist Review y publica libros bajo el sello editorial de Andrews University Press. Tambi\u00e9n trabaja de cerca con el Departamento de Educaci\u00f3n de la Divisi\u00f3n Norteamericana. Juntos, desarrollaron un libro de texto de biolog\u00eda para estudiantes de primaria y secundaria. \u201cSe basa en preguntas, y tambi\u00e9n afirma la belleza del Dios Creador\u201d, expres\u00f3.<\/p>\n<p>Los recursos audiovisuales son otro m\u00e9todo que usa el GRI para compartir la comprensi\u00f3n adventista de los or\u00edgenes. Incluyen, por ejemplo, la serie de video Seeking Understanding (En busca del entendimiento), que habla de la vida y la trayectoria de cient\u00edficos e investigadores que tambi\u00e9n son personas de fe.<\/p>\n<p><div id=\"attachment_104532\" style=\"width: 903px\" class=\"wp-caption aligncenter\"><img loading=\"lazy\" decoding=\"async\" aria-describedby=\"caption-attachment-104532\" class=\" wp-image-104530\" src=\"https:\/\/interamerica.org\/wp-content\/uploads\/2023\/10\/ac2023-gri-363332814-684402117066282-1458061971576058072-n-1536x865-1-1024x577.jpeg\" alt=\"\" width=\"893\" height=\"503\" srcset=\"https:\/\/interamerica.org\/wp-content\/uploads\/2023\/10\/ac2023-gri-363332814-684402117066282-1458061971576058072-n-1536x865-1-1024x577.jpeg 1024w, https:\/\/interamerica.org\/wp-content\/uploads\/2023\/10\/ac2023-gri-363332814-684402117066282-1458061971576058072-n-1536x865-1-300x169.jpeg 300w, https:\/\/interamerica.org\/wp-content\/uploads\/2023\/10\/ac2023-gri-363332814-684402117066282-1458061971576058072-n-1536x865-1-768x433.jpeg 768w, https:\/\/interamerica.org\/wp-content\/uploads\/2023\/10\/ac2023-gri-363332814-684402117066282-1458061971576058072-n-1536x865-1.jpeg 1536w\" sizes=\"(max-width: 893px) 100vw, 893px\" \/><p id=\"caption-attachment-104532\" class=\"wp-caption-text\">A comienzos de agosto, decenas de docentes adventistas de ciencias de la Divisi\u00f3n Norteamericana visitaron sitios geol\u00f3gicos y paleontol\u00f3gicos claves en Arizona, Estados Unidos. [Fotograf\u00eda: Instituto de Investigaciones en Geociencia]<\/p><\/div>Nalin record\u00f3 a los l\u00edderes de la iglesia sobre el pr\u00f3ximo S\u00e1bado de la Creaci\u00f3n el pr\u00f3ximo 28 de octubre, un d\u00eda especial en el que las iglesias locales del mundo se enfocan en actividades que enfatizan la obra de Dios como Creador. \u201cEsa es su oportunidad; ese es su s\u00e1bado\u201d, expres\u00f3. \u201cHagan planes de sumarse a esta celebraci\u00f3n global\u201d.<\/p>\n<p><strong>Una obra significativa<\/strong><\/p>\n<p>Nalin reconoci\u00f3 que el impacto del GRI ser\u00eda m\u00ednimo de no ser por sus varios centros en diversas partes del mundo. En el presente, la organizaci\u00f3n cuenta con cuatro centros en cuatro divisiones de la iglesia mundial, junto con once centros de recursos. Pronto, m\u00e1s divisiones abrir\u00e1n sus centros, dijo. Y aun las divisiones que no tienen un centro de geociencias o de recursos cuentan con representantes del GRI que sirven de enlaces con el instituto, dijo Nalin.<\/p>\n<p>Hacia el fin de su informe, Nalin les record\u00f3 a los miembros de la EXCOM de la conexi\u00f3n entre el trabajo que lleva a cabo el GRI y lo que la Iglesia Adventista ha sido llamada a llevar a cabo.<\/p>\n<p>\u201cLa realidad es que, en este mismo momento, hay mir\u00edadas de \u00e1ngeles, seres celestiales magnificentes, que est\u00e1n dando gloria a Dios, porque \u00e9l es el Creador\u201d, dijo Nalin. \u201cExistimos, y estamos aqu\u00ed \u2014 ustedes y yo \u2014 porque Dios cre\u00f3 el universo, porque Dios creo est\u00e9 mundo y lo form\u00f3 para que habitemos en \u00e9l. Estamos aqu\u00ed hoy porque Dios as\u00ed lo quiso. Estamos aqu\u00ed hoy porque \u00e9l sostiene nuestro ser\u201d.<\/p>\n<p>Nalin dijo, que si comprendemos eso, nos daremos cuenta de que \u201ceso es lo que se nos ha dado como iglesia; ese es el evangelio que tenemos que compartir. Por ello, vayamos a cont\u00e1rselo a otras personas, dici\u00e9ndole a cada persona: \u2018\u00a1T\u00fa eres especial! \u00a1Alguien te ama! Alguien quiso que existieras; alguien te dise\u00f1\u00f3. Dale tu coraz\u00f3n, y \u00e9l te guiar\u00e1\u2019. Ese es el mensaje especial que tenemos que compartir\u201d, expres\u00f3.<\/p>\n<p>Traducci\u00f3n de Marcos Paseggi<\/p>\n","protected":false},"excerpt":{"rendered":"<p>El Instituto de Investigaciones en Geociencia destaca la obra de los cient\u00edficos que creen en la Biblia. 10 de octubre de 2023 | Silver Spring, Maryland, Estados Unidos | Marcos&#8230;<\/p>\n","protected":false},"author":3,"featured_media":104538,"comment_status":"closed","ping_status":"closed","sticky":false,"template":"","format":"standard","meta":{"_acf_changed":false,"footnotes":""},"categories":[14,15],"tags":[],"class_list":["post-104560","post","type-post","status-publish","format-standard","has-post-thumbnail","hentry","category-de-la-iglesia-mundial","category-rss-espanol"],"acf":[],"yoast_head":"<!-- This site is optimized with the Yoast SEO plugin v27.3 - https:\/\/yoast.com\/product\/yoast-seo-wordpress\/ -->\n<title>\u201cHoy estamos aqu\u00ed porque Dios cre\u00f3 el universo\u201d - Iglesia Adventista del S\u00e9ptimo D\u00eda - Divisi\u00f3n Interamericana<\/title>\n<meta name=\"robots\" content=\"index, follow, max-snippet:-1, max-image-preview:large, max-video-preview:-1\" \/>\n<link rel=\"canonical\" href=\"https:\/\/interamerica.org\/es\/2023\/10\/hoy-estamos-aqui-porque-dios-creo-el-universo\/\" \/>\n<meta property=\"og:locale\" content=\"es_ES\" \/>\n<meta property=\"og:type\" content=\"article\" \/>\n<meta property=\"og:title\" content=\"\u201cHoy estamos aqu\u00ed porque Dios cre\u00f3 el universo\u201d - Iglesia Adventista del S\u00e9ptimo D\u00eda - Divisi\u00f3n Interamericana\" \/>\n<meta property=\"og:description\" content=\"El Instituto de Investigaciones en Geociencia destaca la obra de los cient\u00edficos que creen en la Biblia. 10 de octubre de 2023 | Silver Spring, Maryland, Estados Unidos | Marcos...\" \/>\n<meta property=\"og:url\" content=\"https:\/\/interamerica.org\/es\/2023\/10\/hoy-estamos-aqui-porque-dios-creo-el-universo\/\" \/>\n<meta property=\"og:site_name\" content=\"Iglesia Adventista del S\u00e9ptimo D\u00eda - Divisi\u00f3n Interamericana\" \/>\n<meta property=\"article:published_time\" content=\"2023-10-10T23:13:50+00:00\" \/>\n<meta property=\"article:modified_time\" content=\"2023-10-11T00:48:28+00:00\" \/>\n<meta property=\"og:image\" content=\"https:\/\/interamerica.org\/wp-content\/uploads\/2023\/10\/ac2023-gri-ame-100125374-general-conference-annual-council-2023-897-mpr.jpeg\" \/>\n\t<meta property=\"og:image:width\" content=\"1000\" \/>\n\t<meta property=\"og:image:height\" content=\"667\" \/>\n\t<meta property=\"og:image:type\" content=\"image\/jpeg\" \/>\n<meta name=\"author\" content=\"libna\" \/>\n<meta name=\"twitter:card\" content=\"summary_large_image\" \/>\n<meta name=\"twitter:label1\" content=\"Escrito por\" \/>\n\t<meta name=\"twitter:data1\" content=\"libna\" \/>\n\t<meta name=\"twitter:label2\" content=\"Tiempo de lectura\" \/>\n\t<meta name=\"twitter:data2\" content=\"8 minutos\" \/>\n<script type=\"application\/ld+json\" class=\"yoast-schema-graph\">{\"@context\":\"https:\\\/\\\/schema.org\",\"@graph\":[{\"@type\":\"Article\",\"@id\":\"https:\\\/\\\/interamerica.org\\\/es\\\/2023\\\/10\\\/hoy-estamos-aqui-porque-dios-creo-el-universo\\\/#article\",\"isPartOf\":{\"@id\":\"https:\\\/\\\/interamerica.org\\\/es\\\/2023\\\/10\\\/hoy-estamos-aqui-porque-dios-creo-el-universo\\\/\"},\"author\":{\"name\":\"libna\",\"@id\":\"https:\\\/\\\/interamerica.org\\\/es\\\/#\\\/schema\\\/person\\\/29998f2bc2d8bd0d38662909289b54f1\"},\"headline\":\"\u201cHoy estamos aqu\u00ed porque Dios cre\u00f3 el universo\u201d\",\"datePublished\":\"2023-10-10T23:13:50+00:00\",\"dateModified\":\"2023-10-11T00:48:28+00:00\",\"mainEntityOfPage\":{\"@id\":\"https:\\\/\\\/interamerica.org\\\/es\\\/2023\\\/10\\\/hoy-estamos-aqui-porque-dios-creo-el-universo\\\/\"},\"wordCount\":1594,\"image\":{\"@id\":\"https:\\\/\\\/interamerica.org\\\/es\\\/2023\\\/10\\\/hoy-estamos-aqui-porque-dios-creo-el-universo\\\/#primaryimage\"},\"thumbnailUrl\":\"https:\\\/\\\/interamerica.org\\\/wp-content\\\/uploads\\\/2023\\\/10\\\/ac2023-gri-ame-100125374-general-conference-annual-council-2023-897-mpr.jpeg\",\"articleSection\":[\"Desde la iglesia mundial\",\"RSS Espa\u00f1ol\"],\"inLanguage\":\"es\"},{\"@type\":\"WebPage\",\"@id\":\"https:\\\/\\\/interamerica.org\\\/es\\\/2023\\\/10\\\/hoy-estamos-aqui-porque-dios-creo-el-universo\\\/\",\"url\":\"https:\\\/\\\/interamerica.org\\\/es\\\/2023\\\/10\\\/hoy-estamos-aqui-porque-dios-creo-el-universo\\\/\",\"name\":\"\u201cHoy estamos aqu\u00ed porque Dios cre\u00f3 el universo\u201d - Iglesia Adventista del S\u00e9ptimo D\u00eda - Divisi\u00f3n Interamericana\",\"isPartOf\":{\"@id\":\"https:\\\/\\\/interamerica.org\\\/es\\\/#website\"},\"primaryImageOfPage\":{\"@id\":\"https:\\\/\\\/interamerica.org\\\/es\\\/2023\\\/10\\\/hoy-estamos-aqui-porque-dios-creo-el-universo\\\/#primaryimage\"},\"image\":{\"@id\":\"https:\\\/\\\/interamerica.org\\\/es\\\/2023\\\/10\\\/hoy-estamos-aqui-porque-dios-creo-el-universo\\\/#primaryimage\"},\"thumbnailUrl\":\"https:\\\/\\\/interamerica.org\\\/wp-content\\\/uploads\\\/2023\\\/10\\\/ac2023-gri-ame-100125374-general-conference-annual-council-2023-897-mpr.jpeg\",\"datePublished\":\"2023-10-10T23:13:50+00:00\",\"dateModified\":\"2023-10-11T00:48:28+00:00\",\"author\":{\"@id\":\"https:\\\/\\\/interamerica.org\\\/es\\\/#\\\/schema\\\/person\\\/29998f2bc2d8bd0d38662909289b54f1\"},\"breadcrumb\":{\"@id\":\"https:\\\/\\\/interamerica.org\\\/es\\\/2023\\\/10\\\/hoy-estamos-aqui-porque-dios-creo-el-universo\\\/#breadcrumb\"},\"inLanguage\":\"es\",\"potentialAction\":[{\"@type\":\"ReadAction\",\"target\":[\"https:\\\/\\\/interamerica.org\\\/es\\\/2023\\\/10\\\/hoy-estamos-aqui-porque-dios-creo-el-universo\\\/\"]}]},{\"@type\":\"ImageObject\",\"inLanguage\":\"es\",\"@id\":\"https:\\\/\\\/interamerica.org\\\/es\\\/2023\\\/10\\\/hoy-estamos-aqui-porque-dios-creo-el-universo\\\/#primaryimage\",\"url\":\"https:\\\/\\\/interamerica.org\\\/wp-content\\\/uploads\\\/2023\\\/10\\\/ac2023-gri-ame-100125374-general-conference-annual-council-2023-897-mpr.jpeg\",\"contentUrl\":\"https:\\\/\\\/interamerica.org\\\/wp-content\\\/uploads\\\/2023\\\/10\\\/ac2023-gri-ame-100125374-general-conference-annual-council-2023-897-mpr.jpeg\",\"width\":1000,\"height\":667,\"caption\":\"Ronald Nalin, Director, Geoscience Research Institute (GRI), presenting the Geoscience Research Institute Report. Afternoon Business Session, Sunday, October 8, 2023. General Conference Annual Council 2023.\"},{\"@type\":\"BreadcrumbList\",\"@id\":\"https:\\\/\\\/interamerica.org\\\/es\\\/2023\\\/10\\\/hoy-estamos-aqui-porque-dios-creo-el-universo\\\/#breadcrumb\",\"itemListElement\":[{\"@type\":\"ListItem\",\"position\":1,\"name\":\"Home\",\"item\":\"https:\\\/\\\/interamerica.org\\\/es\\\/\"},{\"@type\":\"ListItem\",\"position\":2,\"name\":\"\u201cHoy estamos aqu\u00ed porque Dios cre\u00f3 el universo\u201d\"}]},{\"@type\":\"WebSite\",\"@id\":\"https:\\\/\\\/interamerica.org\\\/es\\\/#website\",\"url\":\"https:\\\/\\\/interamerica.org\\\/es\\\/\",\"name\":\"Iglesia Adventista del S\u00e9ptimo D\u00eda - Divisi\u00f3n Interamericana\",\"description\":\"\",\"potentialAction\":[{\"@type\":\"SearchAction\",\"target\":{\"@type\":\"EntryPoint\",\"urlTemplate\":\"https:\\\/\\\/interamerica.org\\\/es\\\/?s={search_term_string}\"},\"query-input\":{\"@type\":\"PropertyValueSpecification\",\"valueRequired\":true,\"valueName\":\"search_term_string\"}}],\"inLanguage\":\"es\"},{\"@type\":\"Person\",\"@id\":\"https:\\\/\\\/interamerica.org\\\/es\\\/#\\\/schema\\\/person\\\/29998f2bc2d8bd0d38662909289b54f1\",\"name\":\"libna\",\"image\":{\"@type\":\"ImageObject\",\"inLanguage\":\"es\",\"@id\":\"https:\\\/\\\/secure.gravatar.com\\\/avatar\\\/7c5bd30ae4b47a9ba3c856590957fd1d96dc588bf3ac05719d247e126840331f?s=96&d=mm&r=g\",\"url\":\"https:\\\/\\\/secure.gravatar.com\\\/avatar\\\/7c5bd30ae4b47a9ba3c856590957fd1d96dc588bf3ac05719d247e126840331f?s=96&d=mm&r=g\",\"contentUrl\":\"https:\\\/\\\/secure.gravatar.com\\\/avatar\\\/7c5bd30ae4b47a9ba3c856590957fd1d96dc588bf3ac05719d247e126840331f?s=96&d=mm&r=g\",\"caption\":\"libna\"}}]}<\/script>\n<!-- \/ Yoast SEO plugin. -->","yoast_head_json":{"title":"\u201cHoy estamos aqu\u00ed porque Dios cre\u00f3 el universo\u201d - Iglesia Adventista del S\u00e9ptimo D\u00eda - Divisi\u00f3n Interamericana","robots":{"index":"index","follow":"follow","max-snippet":"max-snippet:-1","max-image-preview":"max-image-preview:large","max-video-preview":"max-video-preview:-1"},"canonical":"https:\/\/interamerica.org\/es\/2023\/10\/hoy-estamos-aqui-porque-dios-creo-el-universo\/","og_locale":"es_ES","og_type":"article","og_title":"\u201cHoy estamos aqu\u00ed porque Dios cre\u00f3 el universo\u201d - Iglesia Adventista del S\u00e9ptimo D\u00eda - Divisi\u00f3n Interamericana","og_description":"El Instituto de Investigaciones en Geociencia destaca la obra de los cient\u00edficos que creen en la Biblia. 10 de octubre de 2023 | Silver Spring, Maryland, Estados Unidos | Marcos...","og_url":"https:\/\/interamerica.org\/es\/2023\/10\/hoy-estamos-aqui-porque-dios-creo-el-universo\/","og_site_name":"Iglesia Adventista del S\u00e9ptimo D\u00eda - Divisi\u00f3n Interamericana","article_published_time":"2023-10-10T23:13:50+00:00","article_modified_time":"2023-10-11T00:48:28+00:00","og_image":[{"width":1000,"height":667,"url":"https:\/\/interamerica.org\/wp-content\/uploads\/2023\/10\/ac2023-gri-ame-100125374-general-conference-annual-council-2023-897-mpr.jpeg","type":"image\/jpeg"}],"author":"libna","twitter_card":"summary_large_image","twitter_misc":{"Escrito por":"libna","Tiempo de lectura":"8 minutos"},"schema":{"@context":"https:\/\/schema.org","@graph":[{"@type":"Article","@id":"https:\/\/interamerica.org\/es\/2023\/10\/hoy-estamos-aqui-porque-dios-creo-el-universo\/#article","isPartOf":{"@id":"https:\/\/interamerica.org\/es\/2023\/10\/hoy-estamos-aqui-porque-dios-creo-el-universo\/"},"author":{"name":"libna","@id":"https:\/\/interamerica.org\/es\/#\/schema\/person\/29998f2bc2d8bd0d38662909289b54f1"},"headline":"\u201cHoy estamos aqu\u00ed porque Dios cre\u00f3 el universo\u201d","datePublished":"2023-10-10T23:13:50+00:00","dateModified":"2023-10-11T00:48:28+00:00","mainEntityOfPage":{"@id":"https:\/\/interamerica.org\/es\/2023\/10\/hoy-estamos-aqui-porque-dios-creo-el-universo\/"},"wordCount":1594,"image":{"@id":"https:\/\/interamerica.org\/es\/2023\/10\/hoy-estamos-aqui-porque-dios-creo-el-universo\/#primaryimage"},"thumbnailUrl":"https:\/\/interamerica.org\/wp-content\/uploads\/2023\/10\/ac2023-gri-ame-100125374-general-conference-annual-council-2023-897-mpr.jpeg","articleSection":["Desde la iglesia mundial","RSS Espa\u00f1ol"],"inLanguage":"es"},{"@type":"WebPage","@id":"https:\/\/interamerica.org\/es\/2023\/10\/hoy-estamos-aqui-porque-dios-creo-el-universo\/","url":"https:\/\/interamerica.org\/es\/2023\/10\/hoy-estamos-aqui-porque-dios-creo-el-universo\/","name":"\u201cHoy estamos aqu\u00ed porque Dios cre\u00f3 el universo\u201d - Iglesia Adventista del S\u00e9ptimo D\u00eda - Divisi\u00f3n Interamericana","isPartOf":{"@id":"https:\/\/interamerica.org\/es\/#website"},"primaryImageOfPage":{"@id":"https:\/\/interamerica.org\/es\/2023\/10\/hoy-estamos-aqui-porque-dios-creo-el-universo\/#primaryimage"},"image":{"@id":"https:\/\/interamerica.org\/es\/2023\/10\/hoy-estamos-aqui-porque-dios-creo-el-universo\/#primaryimage"},"thumbnailUrl":"https:\/\/interamerica.org\/wp-content\/uploads\/2023\/10\/ac2023-gri-ame-100125374-general-conference-annual-council-2023-897-mpr.jpeg","datePublished":"2023-10-10T23:13:50+00:00","dateModified":"2023-10-11T00:48:28+00:00","author":{"@id":"https:\/\/interamerica.org\/es\/#\/schema\/person\/29998f2bc2d8bd0d38662909289b54f1"},"breadcrumb":{"@id":"https:\/\/interamerica.org\/es\/2023\/10\/hoy-estamos-aqui-porque-dios-creo-el-universo\/#breadcrumb"},"inLanguage":"es","potentialAction":[{"@type":"ReadAction","target":["https:\/\/interamerica.org\/es\/2023\/10\/hoy-estamos-aqui-porque-dios-creo-el-universo\/"]}]},{"@type":"ImageObject","inLanguage":"es","@id":"https:\/\/interamerica.org\/es\/2023\/10\/hoy-estamos-aqui-porque-dios-creo-el-universo\/#primaryimage","url":"https:\/\/interamerica.org\/wp-content\/uploads\/2023\/10\/ac2023-gri-ame-100125374-general-conference-annual-council-2023-897-mpr.jpeg","contentUrl":"https:\/\/interamerica.org\/wp-content\/uploads\/2023\/10\/ac2023-gri-ame-100125374-general-conference-annual-council-2023-897-mpr.jpeg","width":1000,"height":667,"caption":"Ronald Nalin, Director, Geoscience Research Institute (GRI), presenting the Geoscience Research Institute Report. Afternoon Business Session, Sunday, October 8, 2023. General Conference Annual Council 2023."},{"@type":"BreadcrumbList","@id":"https:\/\/interamerica.org\/es\/2023\/10\/hoy-estamos-aqui-porque-dios-creo-el-universo\/#breadcrumb","itemListElement":[{"@type":"ListItem","position":1,"name":"Home","item":"https:\/\/interamerica.org\/es\/"},{"@type":"ListItem","position":2,"name":"\u201cHoy estamos aqu\u00ed porque Dios cre\u00f3 el universo\u201d"}]},{"@type":"WebSite","@id":"https:\/\/interamerica.org\/es\/#website","url":"https:\/\/interamerica.org\/es\/","name":"Iglesia Adventista del S\u00e9ptimo D\u00eda - Divisi\u00f3n Interamericana","description":"","potentialAction":[{"@type":"SearchAction","target":{"@type":"EntryPoint","urlTemplate":"https:\/\/interamerica.org\/es\/?s={search_term_string}"},"query-input":{"@type":"PropertyValueSpecification","valueRequired":true,"valueName":"search_term_string"}}],"inLanguage":"es"},{"@type":"Person","@id":"https:\/\/interamerica.org\/es\/#\/schema\/person\/29998f2bc2d8bd0d38662909289b54f1","name":"libna","image":{"@type":"ImageObject","inLanguage":"es","@id":"https:\/\/secure.gravatar.com\/avatar\/7c5bd30ae4b47a9ba3c856590957fd1d96dc588bf3ac05719d247e126840331f?s=96&d=mm&r=g","url":"https:\/\/secure.gravatar.com\/avatar\/7c5bd30ae4b47a9ba3c856590957fd1d96dc588bf3ac05719d247e126840331f?s=96&d=mm&r=g","contentUrl":"https:\/\/secure.gravatar.com\/avatar\/7c5bd30ae4b47a9ba3c856590957fd1d96dc588bf3ac05719d247e126840331f?s=96&d=mm&r=g","caption":"libna"}}]}},"_links":{"self":[{"href":"https:\/\/interamerica.org\/es\/wp-json\/wp\/v2\/posts\/104560","targetHints":{"allow":["GET"]}}],"collection":[{"href":"https:\/\/interamerica.org\/es\/wp-json\/wp\/v2\/posts"}],"about":[{"href":"https:\/\/interamerica.org\/es\/wp-json\/wp\/v2\/types\/post"}],"author":[{"embeddable":true,"href":"https:\/\/interamerica.org\/es\/wp-json\/wp\/v2\/users\/3"}],"replies":[{"embeddable":true,"href":"https:\/\/interamerica.org\/es\/wp-json\/wp\/v2\/comments?post=104560"}],"version-history":[{"count":0,"href":"https:\/\/interamerica.org\/es\/wp-json\/wp\/v2\/posts\/104560\/revisions"}],"wp:featuredmedia":[{"embeddable":true,"href":"https:\/\/interamerica.org\/es\/wp-json\/wp\/v2\/media\/104538"}],"wp:attachment":[{"href":"https:\/\/interamerica.org\/es\/wp-json\/wp\/v2\/media?parent=104560"}],"wp:term":[{"taxonomy":"category","embeddable":true,"href":"https:\/\/interamerica.org\/es\/wp-json\/wp\/v2\/categories?post=104560"},{"taxonomy":"post_tag","embeddable":true,"href":"https:\/\/interamerica.org\/es\/wp-json\/wp\/v2\/tags?post=104560"}],"curies":[{"name":"wp","href":"https:\/\/api.w.org\/{rel}","templated":true}]}}