{"id":10457,"date":"2005-02-01T00:00:00","date_gmt":"2005-02-01T04:00:00","guid":{"rendered":"http:\/\/192.81.217.108\/interamerica\/2005\/02\/mexico-pastor-adventista-recibe-reconocimiento-nacional\/"},"modified":"2017-06-02T09:17:57","modified_gmt":"2017-06-02T13:17:57","slug":"mexico-pastor-adventista-recibe-reconocimiento-nacional","status":"publish","type":"post","link":"https:\/\/interamerica.org\/es\/2005\/02\/mexico-pastor-adventista-recibe-reconocimiento-nacional\/","title":{"rendered":"M\u00e9xico: Pastor Adventista Recibe Reconocimiento Nacional"},"content":{"rendered":"<p>Ciudad de M\u00e9xico&#8230; &#8230; [Libna Stevens\/DIA] Un pastor adventista estuvo entre 19 personas premiadas con el premio el \u00abMicr\u00f3fono de Oro\u00bb por la Asociaci\u00f3n Nacional Mexicana de Locutores en el Centro Art\u00edstico Polanco, en la ciudad de M\u00e9xico, M\u00e9xico, el 25 de enero.<\/p>\n<p>El pastor Baruc Lagos, quien se desempe\u00f1a como director de comunicaciones de la Uni\u00f3n Mexicana \u00cdnter Oce\u00e1nica, recibi\u00f3 el premio por su contribuci\u00f3n al organizar la Primera Cumbre Internacional de Dirigentes y Comunicadores, que se celebr\u00f3 en noviembre de 2003. La cumbre reuni\u00f3 a m\u00e1s de 800 dirigentes de iglesias de diferentes denominaciones, periodistas, profesionales y estudiantes para asistir a talleres los cuales promueven valores espirituales y morales por radio y televisi\u00f3n.<\/p>\n<p> M\u00e1s de 2000 personas asistieron a la ceremonia de premiaci\u00f3n, que fue televisada nacionalmente como parte de un evento mayor honrando a contribuyentes al desarrollo y mejoramiento de la naci\u00f3n en diferentes \u00e1reas tales como salud, deportes, gobierno, artistas y radiodifusores. <\/p>\n<p>Ning\u00fan otro pastor adventista en M\u00e9xico ha recibido antes tan alto premio como este.<\/p>\n<p>\u00abNo soy digno de recibir este premio, pero lo recibo con gozo, y sobre todo, con completa gratitud a Dios\u00bb, dijo Lagos. \u00abNo deber\u00edamos dudar de que nuestra iglesia contin\u00faa bien ubicada\u00bb. <\/p>\n<p>Lagos, de origen chileno, a\u00f1ade que est\u00e1 agradecido de trabajar en el territorio de la Divisi\u00f3n Interamericana y que el premio va dedicado a la Divisi\u00f3n. Lagos fue acompa\u00f1ado a la ceremonia por oficiales y personal de la uni\u00f3n. \u00c9l ha estado trabajando para la iglesia en M\u00e9xico desde 2001, y tiene una vasta experiencia en radio y televisi\u00f3n. <\/p><\/p>\n","protected":false},"excerpt":{"rendered":"<p>Un pastor adventista estuvo entre 19 personas premiadas con el premio \u00abMicr\u00f3fono de Oro\u00bb por la Asociaci\u00f3n Nacional Mejicana de Locutores.<\/p>\n","protected":false},"author":1,"featured_media":0,"comment_status":"closed","ping_status":"closed","sticky":false,"template":"","format":"standard","meta":{"_acf_changed":false,"footnotes":""},"categories":[8],"tags":[],"class_list":["post-10457","post","type-post","status-publish","format-standard","hentry","category-archivo"],"acf":[],"yoast_head":"<!-- This site is optimized with the Yoast SEO plugin v27.3 - https:\/\/yoast.com\/product\/yoast-seo-wordpress\/ -->\n<title>M\u00e9xico: Pastor Adventista Recibe Reconocimiento Nacional - Iglesia Adventista del S\u00e9ptimo D\u00eda - Divisi\u00f3n Interamericana<\/title>\n<meta name=\"robots\" content=\"index, follow, max-snippet:-1, max-image-preview:large, max-video-preview:-1\" \/>\n<link rel=\"canonical\" href=\"https:\/\/interamerica.org\/es\/2005\/02\/mexico-pastor-adventista-recibe-reconocimiento-nacional\/\" \/>\n<meta property=\"og:locale\" content=\"es_ES\" \/>\n<meta property=\"og:type\" content=\"article\" \/>\n<meta property=\"og:title\" content=\"M\u00e9xico: Pastor Adventista Recibe Reconocimiento Nacional - Iglesia Adventista del S\u00e9ptimo D\u00eda - Divisi\u00f3n Interamericana\" \/>\n<meta property=\"og:description\" content=\"Un pastor adventista estuvo entre 19 personas premiadas con el premio &quot;Micr\u00f3fono de Oro&quot; por la Asociaci\u00f3n Nacional Mejicana de Locutores.\" \/>\n<meta property=\"og:url\" content=\"https:\/\/interamerica.org\/es\/2005\/02\/mexico-pastor-adventista-recibe-reconocimiento-nacional\/\" \/>\n<meta property=\"og:site_name\" content=\"Iglesia Adventista del S\u00e9ptimo D\u00eda - Divisi\u00f3n Interamericana\" \/>\n<meta property=\"article:published_time\" content=\"2005-02-01T04:00:00+00:00\" \/>\n<meta property=\"article:modified_time\" content=\"2017-06-02T13:17:57+00:00\" \/>\n<meta name=\"author\" content=\"Lorenzo Verduzco\" \/>\n<meta name=\"twitter:card\" content=\"summary_large_image\" \/>\n<meta name=\"twitter:label1\" content=\"Escrito por\" \/>\n\t<meta name=\"twitter:data1\" content=\"Lorenzo Verduzco\" \/>\n\t<meta name=\"twitter:label2\" content=\"Tiempo de lectura\" \/>\n\t<meta name=\"twitter:data2\" content=\"1 minuto\" \/>\n<script type=\"application\/ld+json\" class=\"yoast-schema-graph\">{\"@context\":\"https:\\\/\\\/schema.org\",\"@graph\":[{\"@type\":\"Article\",\"@id\":\"https:\\\/\\\/interamerica.org\\\/es\\\/2005\\\/02\\\/mexico-pastor-adventista-recibe-reconocimiento-nacional\\\/#article\",\"isPartOf\":{\"@id\":\"https:\\\/\\\/interamerica.org\\\/es\\\/2005\\\/02\\\/mexico-pastor-adventista-recibe-reconocimiento-nacional\\\/\"},\"author\":{\"name\":\"Lorenzo Verduzco\",\"@id\":\"https:\\\/\\\/interamerica.org\\\/es\\\/#\\\/schema\\\/person\\\/68ede8bdc292885bb76c1e3810e73c39\"},\"headline\":\"M\u00e9xico: Pastor Adventista Recibe Reconocimiento Nacional\",\"datePublished\":\"2005-02-01T04:00:00+00:00\",\"dateModified\":\"2017-06-02T13:17:57+00:00\",\"mainEntityOfPage\":{\"@id\":\"https:\\\/\\\/interamerica.org\\\/es\\\/2005\\\/02\\\/mexico-pastor-adventista-recibe-reconocimiento-nacional\\\/\"},\"wordCount\":288,\"articleSection\":[\"Archivo\"],\"inLanguage\":\"es\"},{\"@type\":\"WebPage\",\"@id\":\"https:\\\/\\\/interamerica.org\\\/es\\\/2005\\\/02\\\/mexico-pastor-adventista-recibe-reconocimiento-nacional\\\/\",\"url\":\"https:\\\/\\\/interamerica.org\\\/es\\\/2005\\\/02\\\/mexico-pastor-adventista-recibe-reconocimiento-nacional\\\/\",\"name\":\"M\u00e9xico: Pastor Adventista Recibe Reconocimiento Nacional - Iglesia Adventista del S\u00e9ptimo D\u00eda - Divisi\u00f3n Interamericana\",\"isPartOf\":{\"@id\":\"https:\\\/\\\/interamerica.org\\\/es\\\/#website\"},\"datePublished\":\"2005-02-01T04:00:00+00:00\",\"dateModified\":\"2017-06-02T13:17:57+00:00\",\"author\":{\"@id\":\"https:\\\/\\\/interamerica.org\\\/es\\\/#\\\/schema\\\/person\\\/68ede8bdc292885bb76c1e3810e73c39\"},\"breadcrumb\":{\"@id\":\"https:\\\/\\\/interamerica.org\\\/es\\\/2005\\\/02\\\/mexico-pastor-adventista-recibe-reconocimiento-nacional\\\/#breadcrumb\"},\"inLanguage\":\"es\",\"potentialAction\":[{\"@type\":\"ReadAction\",\"target\":[\"https:\\\/\\\/interamerica.org\\\/es\\\/2005\\\/02\\\/mexico-pastor-adventista-recibe-reconocimiento-nacional\\\/\"]}]},{\"@type\":\"BreadcrumbList\",\"@id\":\"https:\\\/\\\/interamerica.org\\\/es\\\/2005\\\/02\\\/mexico-pastor-adventista-recibe-reconocimiento-nacional\\\/#breadcrumb\",\"itemListElement\":[{\"@type\":\"ListItem\",\"position\":1,\"name\":\"Home\",\"item\":\"https:\\\/\\\/interamerica.org\\\/es\\\/\"},{\"@type\":\"ListItem\",\"position\":2,\"name\":\"M\u00e9xico: Pastor Adventista Recibe Reconocimiento Nacional\"}]},{\"@type\":\"WebSite\",\"@id\":\"https:\\\/\\\/interamerica.org\\\/es\\\/#website\",\"url\":\"https:\\\/\\\/interamerica.org\\\/es\\\/\",\"name\":\"Iglesia Adventista del S\u00e9ptimo D\u00eda - Divisi\u00f3n Interamericana\",\"description\":\"\",\"potentialAction\":[{\"@type\":\"SearchAction\",\"target\":{\"@type\":\"EntryPoint\",\"urlTemplate\":\"https:\\\/\\\/interamerica.org\\\/es\\\/?s={search_term_string}\"},\"query-input\":{\"@type\":\"PropertyValueSpecification\",\"valueRequired\":true,\"valueName\":\"search_term_string\"}}],\"inLanguage\":\"es\"},{\"@type\":\"Person\",\"@id\":\"https:\\\/\\\/interamerica.org\\\/es\\\/#\\\/schema\\\/person\\\/68ede8bdc292885bb76c1e3810e73c39\",\"name\":\"Lorenzo Verduzco\",\"image\":{\"@type\":\"ImageObject\",\"inLanguage\":\"es\",\"@id\":\"https:\\\/\\\/secure.gravatar.com\\\/avatar\\\/fb81a55b6218459490a9c1dc841a34909185b81904c5337b4b27f7a6fd60c49e?s=96&d=mm&r=g\",\"url\":\"https:\\\/\\\/secure.gravatar.com\\\/avatar\\\/fb81a55b6218459490a9c1dc841a34909185b81904c5337b4b27f7a6fd60c49e?s=96&d=mm&r=g\",\"contentUrl\":\"https:\\\/\\\/secure.gravatar.com\\\/avatar\\\/fb81a55b6218459490a9c1dc841a34909185b81904c5337b4b27f7a6fd60c49e?s=96&d=mm&r=g\",\"caption\":\"Lorenzo Verduzco\"}}]}<\/script>\n<!-- \/ Yoast SEO plugin. -->","yoast_head_json":{"title":"M\u00e9xico: Pastor Adventista Recibe Reconocimiento Nacional - Iglesia Adventista del S\u00e9ptimo D\u00eda - Divisi\u00f3n Interamericana","robots":{"index":"index","follow":"follow","max-snippet":"max-snippet:-1","max-image-preview":"max-image-preview:large","max-video-preview":"max-video-preview:-1"},"canonical":"https:\/\/interamerica.org\/es\/2005\/02\/mexico-pastor-adventista-recibe-reconocimiento-nacional\/","og_locale":"es_ES","og_type":"article","og_title":"M\u00e9xico: Pastor Adventista Recibe Reconocimiento Nacional - Iglesia Adventista del S\u00e9ptimo D\u00eda - Divisi\u00f3n Interamericana","og_description":"Un pastor adventista estuvo entre 19 personas premiadas con el premio \"Micr\u00f3fono de Oro\" por la Asociaci\u00f3n Nacional Mejicana de Locutores.","og_url":"https:\/\/interamerica.org\/es\/2005\/02\/mexico-pastor-adventista-recibe-reconocimiento-nacional\/","og_site_name":"Iglesia Adventista del S\u00e9ptimo D\u00eda - Divisi\u00f3n Interamericana","article_published_time":"2005-02-01T04:00:00+00:00","article_modified_time":"2017-06-02T13:17:57+00:00","author":"Lorenzo Verduzco","twitter_card":"summary_large_image","twitter_misc":{"Escrito por":"Lorenzo Verduzco","Tiempo de lectura":"1 minuto"},"schema":{"@context":"https:\/\/schema.org","@graph":[{"@type":"Article","@id":"https:\/\/interamerica.org\/es\/2005\/02\/mexico-pastor-adventista-recibe-reconocimiento-nacional\/#article","isPartOf":{"@id":"https:\/\/interamerica.org\/es\/2005\/02\/mexico-pastor-adventista-recibe-reconocimiento-nacional\/"},"author":{"name":"Lorenzo Verduzco","@id":"https:\/\/interamerica.org\/es\/#\/schema\/person\/68ede8bdc292885bb76c1e3810e73c39"},"headline":"M\u00e9xico: Pastor Adventista Recibe Reconocimiento Nacional","datePublished":"2005-02-01T04:00:00+00:00","dateModified":"2017-06-02T13:17:57+00:00","mainEntityOfPage":{"@id":"https:\/\/interamerica.org\/es\/2005\/02\/mexico-pastor-adventista-recibe-reconocimiento-nacional\/"},"wordCount":288,"articleSection":["Archivo"],"inLanguage":"es"},{"@type":"WebPage","@id":"https:\/\/interamerica.org\/es\/2005\/02\/mexico-pastor-adventista-recibe-reconocimiento-nacional\/","url":"https:\/\/interamerica.org\/es\/2005\/02\/mexico-pastor-adventista-recibe-reconocimiento-nacional\/","name":"M\u00e9xico: Pastor Adventista Recibe Reconocimiento Nacional - Iglesia Adventista del S\u00e9ptimo D\u00eda - Divisi\u00f3n Interamericana","isPartOf":{"@id":"https:\/\/interamerica.org\/es\/#website"},"datePublished":"2005-02-01T04:00:00+00:00","dateModified":"2017-06-02T13:17:57+00:00","author":{"@id":"https:\/\/interamerica.org\/es\/#\/schema\/person\/68ede8bdc292885bb76c1e3810e73c39"},"breadcrumb":{"@id":"https:\/\/interamerica.org\/es\/2005\/02\/mexico-pastor-adventista-recibe-reconocimiento-nacional\/#breadcrumb"},"inLanguage":"es","potentialAction":[{"@type":"ReadAction","target":["https:\/\/interamerica.org\/es\/2005\/02\/mexico-pastor-adventista-recibe-reconocimiento-nacional\/"]}]},{"@type":"BreadcrumbList","@id":"https:\/\/interamerica.org\/es\/2005\/02\/mexico-pastor-adventista-recibe-reconocimiento-nacional\/#breadcrumb","itemListElement":[{"@type":"ListItem","position":1,"name":"Home","item":"https:\/\/interamerica.org\/es\/"},{"@type":"ListItem","position":2,"name":"M\u00e9xico: Pastor Adventista Recibe Reconocimiento Nacional"}]},{"@type":"WebSite","@id":"https:\/\/interamerica.org\/es\/#website","url":"https:\/\/interamerica.org\/es\/","name":"Iglesia Adventista del S\u00e9ptimo D\u00eda - Divisi\u00f3n Interamericana","description":"","potentialAction":[{"@type":"SearchAction","target":{"@type":"EntryPoint","urlTemplate":"https:\/\/interamerica.org\/es\/?s={search_term_string}"},"query-input":{"@type":"PropertyValueSpecification","valueRequired":true,"valueName":"search_term_string"}}],"inLanguage":"es"},{"@type":"Person","@id":"https:\/\/interamerica.org\/es\/#\/schema\/person\/68ede8bdc292885bb76c1e3810e73c39","name":"Lorenzo Verduzco","image":{"@type":"ImageObject","inLanguage":"es","@id":"https:\/\/secure.gravatar.com\/avatar\/fb81a55b6218459490a9c1dc841a34909185b81904c5337b4b27f7a6fd60c49e?s=96&d=mm&r=g","url":"https:\/\/secure.gravatar.com\/avatar\/fb81a55b6218459490a9c1dc841a34909185b81904c5337b4b27f7a6fd60c49e?s=96&d=mm&r=g","contentUrl":"https:\/\/secure.gravatar.com\/avatar\/fb81a55b6218459490a9c1dc841a34909185b81904c5337b4b27f7a6fd60c49e?s=96&d=mm&r=g","caption":"Lorenzo Verduzco"}}]}},"_links":{"self":[{"href":"https:\/\/interamerica.org\/es\/wp-json\/wp\/v2\/posts\/10457","targetHints":{"allow":["GET"]}}],"collection":[{"href":"https:\/\/interamerica.org\/es\/wp-json\/wp\/v2\/posts"}],"about":[{"href":"https:\/\/interamerica.org\/es\/wp-json\/wp\/v2\/types\/post"}],"author":[{"embeddable":true,"href":"https:\/\/interamerica.org\/es\/wp-json\/wp\/v2\/users\/1"}],"replies":[{"embeddable":true,"href":"https:\/\/interamerica.org\/es\/wp-json\/wp\/v2\/comments?post=10457"}],"version-history":[{"count":0,"href":"https:\/\/interamerica.org\/es\/wp-json\/wp\/v2\/posts\/10457\/revisions"}],"wp:attachment":[{"href":"https:\/\/interamerica.org\/es\/wp-json\/wp\/v2\/media?parent=10457"}],"wp:term":[{"taxonomy":"category","embeddable":true,"href":"https:\/\/interamerica.org\/es\/wp-json\/wp\/v2\/categories?post=10457"},{"taxonomy":"post_tag","embeddable":true,"href":"https:\/\/interamerica.org\/es\/wp-json\/wp\/v2\/tags?post=10457"}],"curies":[{"name":"wp","href":"https:\/\/api.w.org\/{rel}","templated":true}]}}