{"id":10462,"date":"2005-02-15T00:00:00","date_gmt":"2005-02-15T04:00:00","guid":{"rendered":"http:\/\/192.81.217.108\/interamerica\/2005\/02\/evento-de-alcance-satelital-llega-a-sede-de-la-iglesia-escuelas-se-involucaran-en-esfuerzo-evangelistico-de-gran-alcance\/"},"modified":"2017-06-02T09:17:51","modified_gmt":"2017-06-02T13:17:51","slug":"evento-de-alcance-satelital-llega-a-sede-de-la-iglesia-escuelas-se-involucaran-en-esfuerzo-evangelistico-de-gran-alcance","status":"publish","type":"post","link":"https:\/\/interamerica.org\/es\/2005\/02\/evento-de-alcance-satelital-llega-a-sede-de-la-iglesia-escuelas-se-involucaran-en-esfuerzo-evangelistico-de-gran-alcance\/","title":{"rendered":"Evento de Alcance Satelital Llega a Sede de la Iglesia; Escuelas se Involucaran en Esfuerzo Evangel\u00ecstico de Gran Alcance."},"content":{"rendered":"<p>Silver Spring, Maryland, Estados Unidos &#8230;. [Wendi Rogers\/Personal de ANN] Con la participaci\u00f3n de 16 obreros b\u00edblicos, 24 estudiantes de Amazing Facts College of Evangelism (AFCOE) yendo\u00a0puerta a puerta en el \u00e1rea de Washington D.C invitando a la gente a estudiar la Biblia y a las reuniones de RED 2005,y la proyecci\u00f2n v\u00eca sat\u00e9lite de las reuniones para todo el mundo, el evento ha sido considerado uno de los esfuerzos de mayor alcance evangel\u00edstico de la Iglesia Adventista del S\u00e9ptimo D\u00eca. \u00abEstamos uniendo manos y cubriendo el globo\u00bb, dice Jim Ayer, coordinador del evento en Estados Unidos y director de desarrollo para Amazing Facts, un ministerio de los medios que tambi\u00e9n alberga la RED del Colegio de Evangelismo.<\/p>\n<p>El orador para el 2005, Doug Batchelor presenta \u00abEl C\u00f3digo de Profec\u00eda: Secretos B\u00edblicos Revelados\u00bb, del 4 al 26\u00a0de marzo en Estados\u00a0Unidos, y el evangelista Mark Finley, director de la Oficina de Evangelismo Global de la iglesia adventista mundial, tambi\u00e8n transmitir\u00e1 a trav\u00e9s del emisferio oriental desde Kiev, Ucrania.<\/p>\n<p>\u00abDistribuimos 50,000 peri\u00f3dicos como una invitaci\u00f3n y se distribuir\u00e1n otros 50,000 poco d\u00edas antes del programa\u00bb, dice Valery Ivanov, director de comunicaciones para la iglesia en la regi\u00f3n Euroasi\u00e1tica. <\/p>\n<p>\u00abHay un tremendo potencial para alcanzar un n\u00famero incre\u00edble de personas\u00bb, dice Ayer.<\/p>\n<p>Por primera vez desde RED 1995,\u00a0primeras reuniones evangel\u00edsticas\u00a0v\u00eda sat\u00e9lite de la iglesia,\u00a0\u00e9stas ser\u00e1n tenidas en la sede de la iglesia mundial en Silver Spring, Maryland,\u00a0en las proximidades de la capital de los Estados Unidos, proveyendo una oportunidad para los obreros b\u00edblicos y estudiantes para cubrir el\u00a0\u00e1rea de Washington, D.C. con anuncios y presencia personal.<\/p>\n<p>\u00abEs emocionante saber que el evangelismo puede irradiar desde las sedes de la iglesia mundial a todo\u00a0el campo mundial\u00bb, comenta Ayer.<\/p>\n<p>\u00abEstamos\u00a0encontrando personas nuevas cada d\u00eda que desean aprender\u00a0 m\u00e1s sobre la Biblia, y estamos conociendo algunos\u00a0que fueron miembros de la iglesia en el pasado que se est\u00e1n dando cuenta de las s\u00e9\u00f1ales de los timepos y tienen inter\u00e9s en regresar a la iglesia\u00bb, dice en un art\u00edculo de la p\u00e1gina de Internet del Colegio de la Uni\u00f3n de Columbia (Columbia\u00a0Union College)\u00a0Alan Parker, director de evagelismo para Amazing\u00a0Facts.<\/p>\n<p>El personal de AFCOE dirige una escuela de evangelismo territorial\u00a0en preparaci\u00f3n para las reuniones de marzo, y ense\u00f1a dos cursos.<\/p>\n<p>\u00abEllos son practicantes\u00a0de experiencia de primera\u00bb, dice Zack Plantak, director del Departamento de Religi\u00f3n en el Colegio de la Uni\u00f3n de Columbia en el art\u00edculo, \u00abEllos conocen m\u00e1s sobre evangelismo porque lo hacen a nivel nacional e internacional. Esta es una tremenda oportunidad para los estudiantes de CUC\u00bb.<\/p>\n<p>Cerca de 22 estudiantes de la Academia Adventista Heritage en Tennessee tambi\u00e9n vienen para ayudar con el trabajo puerta a puerta y con la\u00a0visitaci\u00f3n, dice Ayer, y durante las horas del s\u00e1bado, los 16 obreros b\u00edblicos capacitan a miembros de la iglesia local para que den esudios b\u00edblicos.<\/p>\n<p>La preparaci\u00f3n evangel\u00edstica de los estudientes de AFCOE y CUC durar\u00e1 cuatro meses, que incluyen capacitaci\u00f3n, ir de puerta a puerta, visitaci\u00f3n, y seguimiento despu\u00e9s de terminadas las reuniones de la RED, dice Ayer.<\/p>\n<p>Las reuniones ser\u00e1n difundidas por sat\u00e9lite a cientos de sitios por toda la Am\u00e9rica del Norte y enviadas alrededor del mundo por una cantidad de medios de difusi\u00f3n adventistas.<\/p>\n<p>El n\u00famero de sitios de\u00a0conexi\u00f3n que se han registrado para RED 2005 supera los 1,500, y \u00abEstamos a\u00f1adiendo cerca de 26 por d\u00eda\u00bb, dice Ayer. Se han preparado cerca de 3.5 millones de volantes para ser repartidos, igualmente, invitando tanto a miembros de iglesia como a\u00a0no miembros a ver las reuniones desde diversos sitios de conexi\u00f3n y cientos de miles de tarjetas de personas interesadas en la Biblia han sido enviadas por correo, agrega \u00e9l.<\/p>\n<p><strong>Derechos reservados 2005 por RED de Noticias\u00a0Adventista (ANN).<\/strong><\/p>\n","protected":false},"excerpt":{"rendered":"<p>El evento ha sido considerado uno de los esfuerzos de mayor alcance evangel\u00edstico de la Iglesia Adventista del S\u00e9ptimo D\u00eda.<\/p>\n","protected":false},"author":1,"featured_media":0,"comment_status":"closed","ping_status":"closed","sticky":false,"template":"","format":"standard","meta":{"_acf_changed":false,"footnotes":""},"categories":[8],"tags":[],"class_list":["post-10462","post","type-post","status-publish","format-standard","hentry","category-archivo"],"acf":[],"yoast_head":"<!-- This site is optimized with the Yoast SEO plugin v27.3 - https:\/\/yoast.com\/product\/yoast-seo-wordpress\/ -->\n<title>Evento de Alcance Satelital Llega a Sede de la Iglesia; Escuelas se Involucaran en Esfuerzo Evangel\u00ecstico de Gran Alcance. - Iglesia Adventista del S\u00e9ptimo D\u00eda - Divisi\u00f3n Interamericana<\/title>\n<meta name=\"robots\" content=\"index, follow, max-snippet:-1, max-image-preview:large, max-video-preview:-1\" \/>\n<link rel=\"canonical\" href=\"https:\/\/interamerica.org\/es\/2005\/02\/evento-de-alcance-satelital-llega-a-sede-de-la-iglesia-escuelas-se-involucaran-en-esfuerzo-evangelistico-de-gran-alcance\/\" \/>\n<meta property=\"og:locale\" content=\"es_ES\" \/>\n<meta property=\"og:type\" content=\"article\" \/>\n<meta property=\"og:title\" content=\"Evento de Alcance Satelital Llega a Sede de la Iglesia; Escuelas se Involucaran en Esfuerzo Evangel\u00ecstico de Gran Alcance. - Iglesia Adventista del S\u00e9ptimo D\u00eda - Divisi\u00f3n Interamericana\" \/>\n<meta property=\"og:description\" content=\"El evento ha sido considerado uno de los esfuerzos de mayor alcance evangel\u00edstico de la Iglesia Adventista del S\u00e9ptimo D\u00eda.\" \/>\n<meta property=\"og:url\" content=\"https:\/\/interamerica.org\/es\/2005\/02\/evento-de-alcance-satelital-llega-a-sede-de-la-iglesia-escuelas-se-involucaran-en-esfuerzo-evangelistico-de-gran-alcance\/\" \/>\n<meta property=\"og:site_name\" content=\"Iglesia Adventista del S\u00e9ptimo D\u00eda - Divisi\u00f3n Interamericana\" \/>\n<meta property=\"article:published_time\" content=\"2005-02-15T04:00:00+00:00\" \/>\n<meta property=\"article:modified_time\" content=\"2017-06-02T13:17:51+00:00\" \/>\n<meta name=\"author\" content=\"Lorenzo Verduzco\" \/>\n<meta name=\"twitter:card\" content=\"summary_large_image\" \/>\n<meta name=\"twitter:label1\" content=\"Escrito por\" \/>\n\t<meta name=\"twitter:data1\" content=\"Lorenzo Verduzco\" \/>\n\t<meta name=\"twitter:label2\" content=\"Tiempo de lectura\" \/>\n\t<meta name=\"twitter:data2\" content=\"3 minutos\" \/>\n<script type=\"application\/ld+json\" class=\"yoast-schema-graph\">{\"@context\":\"https:\\\/\\\/schema.org\",\"@graph\":[{\"@type\":\"Article\",\"@id\":\"https:\\\/\\\/interamerica.org\\\/es\\\/2005\\\/02\\\/evento-de-alcance-satelital-llega-a-sede-de-la-iglesia-escuelas-se-involucaran-en-esfuerzo-evangelistico-de-gran-alcance\\\/#article\",\"isPartOf\":{\"@id\":\"https:\\\/\\\/interamerica.org\\\/es\\\/2005\\\/02\\\/evento-de-alcance-satelital-llega-a-sede-de-la-iglesia-escuelas-se-involucaran-en-esfuerzo-evangelistico-de-gran-alcance\\\/\"},\"author\":{\"name\":\"Lorenzo Verduzco\",\"@id\":\"https:\\\/\\\/interamerica.org\\\/es\\\/#\\\/schema\\\/person\\\/68ede8bdc292885bb76c1e3810e73c39\"},\"headline\":\"Evento de Alcance Satelital Llega a Sede de la Iglesia; Escuelas se Involucaran en Esfuerzo Evangel\u00ecstico de Gran Alcance.\",\"datePublished\":\"2005-02-15T04:00:00+00:00\",\"dateModified\":\"2017-06-02T13:17:51+00:00\",\"mainEntityOfPage\":{\"@id\":\"https:\\\/\\\/interamerica.org\\\/es\\\/2005\\\/02\\\/evento-de-alcance-satelital-llega-a-sede-de-la-iglesia-escuelas-se-involucaran-en-esfuerzo-evangelistico-de-gran-alcance\\\/\"},\"wordCount\":700,\"articleSection\":[\"Archivo\"],\"inLanguage\":\"es\"},{\"@type\":\"WebPage\",\"@id\":\"https:\\\/\\\/interamerica.org\\\/es\\\/2005\\\/02\\\/evento-de-alcance-satelital-llega-a-sede-de-la-iglesia-escuelas-se-involucaran-en-esfuerzo-evangelistico-de-gran-alcance\\\/\",\"url\":\"https:\\\/\\\/interamerica.org\\\/es\\\/2005\\\/02\\\/evento-de-alcance-satelital-llega-a-sede-de-la-iglesia-escuelas-se-involucaran-en-esfuerzo-evangelistico-de-gran-alcance\\\/\",\"name\":\"Evento de Alcance Satelital Llega a Sede de la Iglesia; Escuelas se Involucaran en Esfuerzo Evangel\u00ecstico de Gran Alcance. - Iglesia Adventista del S\u00e9ptimo D\u00eda - Divisi\u00f3n Interamericana\",\"isPartOf\":{\"@id\":\"https:\\\/\\\/interamerica.org\\\/es\\\/#website\"},\"datePublished\":\"2005-02-15T04:00:00+00:00\",\"dateModified\":\"2017-06-02T13:17:51+00:00\",\"author\":{\"@id\":\"https:\\\/\\\/interamerica.org\\\/es\\\/#\\\/schema\\\/person\\\/68ede8bdc292885bb76c1e3810e73c39\"},\"breadcrumb\":{\"@id\":\"https:\\\/\\\/interamerica.org\\\/es\\\/2005\\\/02\\\/evento-de-alcance-satelital-llega-a-sede-de-la-iglesia-escuelas-se-involucaran-en-esfuerzo-evangelistico-de-gran-alcance\\\/#breadcrumb\"},\"inLanguage\":\"es\",\"potentialAction\":[{\"@type\":\"ReadAction\",\"target\":[\"https:\\\/\\\/interamerica.org\\\/es\\\/2005\\\/02\\\/evento-de-alcance-satelital-llega-a-sede-de-la-iglesia-escuelas-se-involucaran-en-esfuerzo-evangelistico-de-gran-alcance\\\/\"]}]},{\"@type\":\"BreadcrumbList\",\"@id\":\"https:\\\/\\\/interamerica.org\\\/es\\\/2005\\\/02\\\/evento-de-alcance-satelital-llega-a-sede-de-la-iglesia-escuelas-se-involucaran-en-esfuerzo-evangelistico-de-gran-alcance\\\/#breadcrumb\",\"itemListElement\":[{\"@type\":\"ListItem\",\"position\":1,\"name\":\"Home\",\"item\":\"https:\\\/\\\/interamerica.org\\\/es\\\/\"},{\"@type\":\"ListItem\",\"position\":2,\"name\":\"Evento de Alcance Satelital Llega a Sede de la Iglesia; Escuelas se Involucaran en Esfuerzo Evangel\u00ecstico de Gran Alcance.\"}]},{\"@type\":\"WebSite\",\"@id\":\"https:\\\/\\\/interamerica.org\\\/es\\\/#website\",\"url\":\"https:\\\/\\\/interamerica.org\\\/es\\\/\",\"name\":\"Iglesia Adventista del S\u00e9ptimo D\u00eda - Divisi\u00f3n Interamericana\",\"description\":\"\",\"potentialAction\":[{\"@type\":\"SearchAction\",\"target\":{\"@type\":\"EntryPoint\",\"urlTemplate\":\"https:\\\/\\\/interamerica.org\\\/es\\\/?s={search_term_string}\"},\"query-input\":{\"@type\":\"PropertyValueSpecification\",\"valueRequired\":true,\"valueName\":\"search_term_string\"}}],\"inLanguage\":\"es\"},{\"@type\":\"Person\",\"@id\":\"https:\\\/\\\/interamerica.org\\\/es\\\/#\\\/schema\\\/person\\\/68ede8bdc292885bb76c1e3810e73c39\",\"name\":\"Lorenzo Verduzco\",\"image\":{\"@type\":\"ImageObject\",\"inLanguage\":\"es\",\"@id\":\"https:\\\/\\\/secure.gravatar.com\\\/avatar\\\/fb81a55b6218459490a9c1dc841a34909185b81904c5337b4b27f7a6fd60c49e?s=96&d=mm&r=g\",\"url\":\"https:\\\/\\\/secure.gravatar.com\\\/avatar\\\/fb81a55b6218459490a9c1dc841a34909185b81904c5337b4b27f7a6fd60c49e?s=96&d=mm&r=g\",\"contentUrl\":\"https:\\\/\\\/secure.gravatar.com\\\/avatar\\\/fb81a55b6218459490a9c1dc841a34909185b81904c5337b4b27f7a6fd60c49e?s=96&d=mm&r=g\",\"caption\":\"Lorenzo Verduzco\"}}]}<\/script>\n<!-- \/ Yoast SEO plugin. -->","yoast_head_json":{"title":"Evento de Alcance Satelital Llega a Sede de la Iglesia; Escuelas se Involucaran en Esfuerzo Evangel\u00ecstico de Gran Alcance. - Iglesia Adventista del S\u00e9ptimo D\u00eda - Divisi\u00f3n Interamericana","robots":{"index":"index","follow":"follow","max-snippet":"max-snippet:-1","max-image-preview":"max-image-preview:large","max-video-preview":"max-video-preview:-1"},"canonical":"https:\/\/interamerica.org\/es\/2005\/02\/evento-de-alcance-satelital-llega-a-sede-de-la-iglesia-escuelas-se-involucaran-en-esfuerzo-evangelistico-de-gran-alcance\/","og_locale":"es_ES","og_type":"article","og_title":"Evento de Alcance Satelital Llega a Sede de la Iglesia; Escuelas se Involucaran en Esfuerzo Evangel\u00ecstico de Gran Alcance. - Iglesia Adventista del S\u00e9ptimo D\u00eda - Divisi\u00f3n Interamericana","og_description":"El evento ha sido considerado uno de los esfuerzos de mayor alcance evangel\u00edstico de la Iglesia Adventista del S\u00e9ptimo D\u00eda.","og_url":"https:\/\/interamerica.org\/es\/2005\/02\/evento-de-alcance-satelital-llega-a-sede-de-la-iglesia-escuelas-se-involucaran-en-esfuerzo-evangelistico-de-gran-alcance\/","og_site_name":"Iglesia Adventista del S\u00e9ptimo D\u00eda - Divisi\u00f3n Interamericana","article_published_time":"2005-02-15T04:00:00+00:00","article_modified_time":"2017-06-02T13:17:51+00:00","author":"Lorenzo Verduzco","twitter_card":"summary_large_image","twitter_misc":{"Escrito por":"Lorenzo Verduzco","Tiempo de lectura":"3 minutos"},"schema":{"@context":"https:\/\/schema.org","@graph":[{"@type":"Article","@id":"https:\/\/interamerica.org\/es\/2005\/02\/evento-de-alcance-satelital-llega-a-sede-de-la-iglesia-escuelas-se-involucaran-en-esfuerzo-evangelistico-de-gran-alcance\/#article","isPartOf":{"@id":"https:\/\/interamerica.org\/es\/2005\/02\/evento-de-alcance-satelital-llega-a-sede-de-la-iglesia-escuelas-se-involucaran-en-esfuerzo-evangelistico-de-gran-alcance\/"},"author":{"name":"Lorenzo Verduzco","@id":"https:\/\/interamerica.org\/es\/#\/schema\/person\/68ede8bdc292885bb76c1e3810e73c39"},"headline":"Evento de Alcance Satelital Llega a Sede de la Iglesia; Escuelas se Involucaran en Esfuerzo Evangel\u00ecstico de Gran Alcance.","datePublished":"2005-02-15T04:00:00+00:00","dateModified":"2017-06-02T13:17:51+00:00","mainEntityOfPage":{"@id":"https:\/\/interamerica.org\/es\/2005\/02\/evento-de-alcance-satelital-llega-a-sede-de-la-iglesia-escuelas-se-involucaran-en-esfuerzo-evangelistico-de-gran-alcance\/"},"wordCount":700,"articleSection":["Archivo"],"inLanguage":"es"},{"@type":"WebPage","@id":"https:\/\/interamerica.org\/es\/2005\/02\/evento-de-alcance-satelital-llega-a-sede-de-la-iglesia-escuelas-se-involucaran-en-esfuerzo-evangelistico-de-gran-alcance\/","url":"https:\/\/interamerica.org\/es\/2005\/02\/evento-de-alcance-satelital-llega-a-sede-de-la-iglesia-escuelas-se-involucaran-en-esfuerzo-evangelistico-de-gran-alcance\/","name":"Evento de Alcance Satelital Llega a Sede de la Iglesia; Escuelas se Involucaran en Esfuerzo Evangel\u00ecstico de Gran Alcance. - Iglesia Adventista del S\u00e9ptimo D\u00eda - Divisi\u00f3n Interamericana","isPartOf":{"@id":"https:\/\/interamerica.org\/es\/#website"},"datePublished":"2005-02-15T04:00:00+00:00","dateModified":"2017-06-02T13:17:51+00:00","author":{"@id":"https:\/\/interamerica.org\/es\/#\/schema\/person\/68ede8bdc292885bb76c1e3810e73c39"},"breadcrumb":{"@id":"https:\/\/interamerica.org\/es\/2005\/02\/evento-de-alcance-satelital-llega-a-sede-de-la-iglesia-escuelas-se-involucaran-en-esfuerzo-evangelistico-de-gran-alcance\/#breadcrumb"},"inLanguage":"es","potentialAction":[{"@type":"ReadAction","target":["https:\/\/interamerica.org\/es\/2005\/02\/evento-de-alcance-satelital-llega-a-sede-de-la-iglesia-escuelas-se-involucaran-en-esfuerzo-evangelistico-de-gran-alcance\/"]}]},{"@type":"BreadcrumbList","@id":"https:\/\/interamerica.org\/es\/2005\/02\/evento-de-alcance-satelital-llega-a-sede-de-la-iglesia-escuelas-se-involucaran-en-esfuerzo-evangelistico-de-gran-alcance\/#breadcrumb","itemListElement":[{"@type":"ListItem","position":1,"name":"Home","item":"https:\/\/interamerica.org\/es\/"},{"@type":"ListItem","position":2,"name":"Evento de Alcance Satelital Llega a Sede de la Iglesia; Escuelas se Involucaran en Esfuerzo Evangel\u00ecstico de Gran Alcance."}]},{"@type":"WebSite","@id":"https:\/\/interamerica.org\/es\/#website","url":"https:\/\/interamerica.org\/es\/","name":"Iglesia Adventista del S\u00e9ptimo D\u00eda - Divisi\u00f3n Interamericana","description":"","potentialAction":[{"@type":"SearchAction","target":{"@type":"EntryPoint","urlTemplate":"https:\/\/interamerica.org\/es\/?s={search_term_string}"},"query-input":{"@type":"PropertyValueSpecification","valueRequired":true,"valueName":"search_term_string"}}],"inLanguage":"es"},{"@type":"Person","@id":"https:\/\/interamerica.org\/es\/#\/schema\/person\/68ede8bdc292885bb76c1e3810e73c39","name":"Lorenzo Verduzco","image":{"@type":"ImageObject","inLanguage":"es","@id":"https:\/\/secure.gravatar.com\/avatar\/fb81a55b6218459490a9c1dc841a34909185b81904c5337b4b27f7a6fd60c49e?s=96&d=mm&r=g","url":"https:\/\/secure.gravatar.com\/avatar\/fb81a55b6218459490a9c1dc841a34909185b81904c5337b4b27f7a6fd60c49e?s=96&d=mm&r=g","contentUrl":"https:\/\/secure.gravatar.com\/avatar\/fb81a55b6218459490a9c1dc841a34909185b81904c5337b4b27f7a6fd60c49e?s=96&d=mm&r=g","caption":"Lorenzo Verduzco"}}]}},"_links":{"self":[{"href":"https:\/\/interamerica.org\/es\/wp-json\/wp\/v2\/posts\/10462","targetHints":{"allow":["GET"]}}],"collection":[{"href":"https:\/\/interamerica.org\/es\/wp-json\/wp\/v2\/posts"}],"about":[{"href":"https:\/\/interamerica.org\/es\/wp-json\/wp\/v2\/types\/post"}],"author":[{"embeddable":true,"href":"https:\/\/interamerica.org\/es\/wp-json\/wp\/v2\/users\/1"}],"replies":[{"embeddable":true,"href":"https:\/\/interamerica.org\/es\/wp-json\/wp\/v2\/comments?post=10462"}],"version-history":[{"count":0,"href":"https:\/\/interamerica.org\/es\/wp-json\/wp\/v2\/posts\/10462\/revisions"}],"wp:attachment":[{"href":"https:\/\/interamerica.org\/es\/wp-json\/wp\/v2\/media?parent=10462"}],"wp:term":[{"taxonomy":"category","embeddable":true,"href":"https:\/\/interamerica.org\/es\/wp-json\/wp\/v2\/categories?post=10462"},{"taxonomy":"post_tag","embeddable":true,"href":"https:\/\/interamerica.org\/es\/wp-json\/wp\/v2\/tags?post=10462"}],"curies":[{"name":"wp","href":"https:\/\/api.w.org\/{rel}","templated":true}]}}