{"id":10464,"date":"2005-02-15T00:00:00","date_gmt":"2005-02-15T04:00:00","guid":{"rendered":"http:\/\/192.81.217.108\/interamerica\/2005\/02\/asia-del-sur-entrenando-a-los-pastores-y-capellanes-para-aconsejar-a-los-sobrevivientes-del-tsunami\/"},"modified":"2017-06-02T09:17:52","modified_gmt":"2017-06-02T13:17:52","slug":"asia-del-sur-entrenando-a-los-pastores-y-capellanes-para-aconsejar-a-los-sobrevivientes-del-tsunami","status":"publish","type":"post","link":"https:\/\/interamerica.org\/es\/2005\/02\/asia-del-sur-entrenando-a-los-pastores-y-capellanes-para-aconsejar-a-los-sobrevivientes-del-tsunami\/","title":{"rendered":"Asia del Sur: Entrenando a los Pastores y Capellanes para Aconsejar a los Sobrevivientes del Tsunami"},"content":{"rendered":"<p>Penang, Malasia\u2026 [Taashi Rowe\/ Personal de ANN]<\/p>\n<p>Reconociendo que los sobrevivientes del tsunami est\u00e1n actualmente sufriendo, no s\u00f3lo f\u00edsicamente sino en lo emocional, miembros de la Iglesia Adventista del S\u00e9ptimo D\u00eda ofrecieron un seminario de entrenamiento de dos d\u00edas, dirigido a pastores y capellanes en cuatro pa\u00edses de Asia del Sur, a partir del 19 de Enero.<\/p>\n<p>Mart\u00edn Feldbush, director de Ministerios de Capellan\u00eda Adventista para la iglesia mundial, estuvo acompa\u00f1ado por su esposa Martha, una terapeuta de lenguaje a nivel acad\u00e9mico, quien trabaja con los ni\u00f1os, y Jonathan Catolico, director de Ministerios de Capellan\u00eda Adventista para la iglesia en Asia del Sur.<\/p>\n<p>\u201cEn estas naciones, los pastores enfrentan la desalentadora tarea de ministrar un gran n\u00famero de personas traumatizadas en hospitales y escuelas\u201d, dijo Feldbush. \u00c9l contact\u00f3 a Catolico justo despu\u00e9s de la arremetida del tsunami, y discuti\u00f3 con \u00e9l la evidente necesidad de propiciar entrenamiento acerca de \u201cRespuesta Pastoral y Ministerios en la Aflicci\u00f3n\u201d.<\/p>\n<p>Feldbush dijo que un pastor le manifest\u00f3 que el entrenamiento no fue s\u00f3lo para gente a quienes ellos ayudar\u00edan, sino tambi\u00e9n para ellos mismos, porque ellos hab\u00edan vivido personalmente la misma tragedia.<\/p>\n<p>\u201cEl sesenta por ciento de la gente que muri\u00f3 era gente adulta\u201d, anot\u00f3 \u00e9l, \u201clo cual significa que miles quedaron hu\u00e9rfanos, sufriendo la p\u00e9rdida de hermanos y padres\u201d.<\/p>\n<p>Los participantes del taller discutieron la naturaleza del trauma, la naturaleza de la p\u00e9rdida de posesiones y seres queridos, y la aflicci\u00f3n, c\u00f3mo los \u201crecuerdos del trauma\u201d pueden perdurar por a\u00f1os, y aprendieron metodolog\u00edas pastorales para aconsejar a las v\u00edctimas del trauma.<\/p>\n<p>Los m\u00e9todos impartidos en los talleres fueron desarrollados por la Organizaci\u00f3n Internacional para el Apoyo a las V\u00edctimas, y son igualmente aplicables para los dirigentes religiosos de cualquier confesi\u00f3n religiosa, dijo Feldbush.\u00a0 \u201cLa forma que ello toma, siempre ser\u00e1 imbuida con la fe de la persona que ofrece la atenci\u00f3n espiritual, porque reconoce el valor de la fe de cada persona como parte de las habilidades de adaptaci\u00f3n y empat\u00eda\u201d, dijo \u00e9l.<\/p>\n<p>Los cuatro talleres fueron una colaboraci\u00f3n entre la iglesia local y los departamentos mundiales de capellan\u00eda, las iglesias locales y el Hospital Adventista de Penang.<\/p>\n<p><strong>Derechos Reservados \u00ae por Adventist News Network.<\/strong><\/p>\n","protected":false},"excerpt":{"rendered":"<p>Reconociendo que los sobrevivientes del tsunami est\u00e1n actualmente sufriendo, no s\u00f3lo f\u00edsicamente sino en lo emocional, Miembros de la Iglesia Adventista del S\u00e9ptimo D\u00eda ofrecieron un seminario de entrenamiento de dos d\u00edas, dirigido a pastores y capellanes<\/p>\n","protected":false},"author":1,"featured_media":0,"comment_status":"closed","ping_status":"closed","sticky":false,"template":"","format":"standard","meta":{"_acf_changed":false,"footnotes":""},"categories":[8],"tags":[],"class_list":["post-10464","post","type-post","status-publish","format-standard","hentry","category-archivo"],"acf":[],"yoast_head":"<!-- This site is optimized with the Yoast SEO plugin v27.3 - https:\/\/yoast.com\/product\/yoast-seo-wordpress\/ -->\n<title>Asia del Sur: Entrenando a los Pastores y Capellanes para Aconsejar a los Sobrevivientes del Tsunami - Iglesia Adventista del S\u00e9ptimo D\u00eda - Divisi\u00f3n Interamericana<\/title>\n<meta name=\"robots\" content=\"index, follow, max-snippet:-1, max-image-preview:large, max-video-preview:-1\" \/>\n<link rel=\"canonical\" href=\"https:\/\/interamerica.org\/es\/2005\/02\/asia-del-sur-entrenando-a-los-pastores-y-capellanes-para-aconsejar-a-los-sobrevivientes-del-tsunami\/\" \/>\n<meta property=\"og:locale\" content=\"es_ES\" \/>\n<meta property=\"og:type\" content=\"article\" \/>\n<meta property=\"og:title\" content=\"Asia del Sur: Entrenando a los Pastores y Capellanes para Aconsejar a los Sobrevivientes del Tsunami - Iglesia Adventista del S\u00e9ptimo D\u00eda - Divisi\u00f3n Interamericana\" \/>\n<meta property=\"og:description\" content=\"Reconociendo que los sobrevivientes del tsunami est\u00e1n actualmente sufriendo, no s\u00f3lo f\u00edsicamente sino en lo emocional, Miembros de la Iglesia Adventista del S\u00e9ptimo D\u00eda ofrecieron un seminario de entrenamiento de dos d\u00edas, dirigido a pastores y capellanes\" \/>\n<meta property=\"og:url\" content=\"https:\/\/interamerica.org\/es\/2005\/02\/asia-del-sur-entrenando-a-los-pastores-y-capellanes-para-aconsejar-a-los-sobrevivientes-del-tsunami\/\" \/>\n<meta property=\"og:site_name\" content=\"Iglesia Adventista del S\u00e9ptimo D\u00eda - Divisi\u00f3n Interamericana\" \/>\n<meta property=\"article:published_time\" content=\"2005-02-15T04:00:00+00:00\" \/>\n<meta property=\"article:modified_time\" content=\"2017-06-02T13:17:52+00:00\" \/>\n<meta name=\"author\" content=\"Lorenzo Verduzco\" \/>\n<meta name=\"twitter:card\" content=\"summary_large_image\" \/>\n<meta name=\"twitter:label1\" content=\"Escrito por\" \/>\n\t<meta name=\"twitter:data1\" content=\"Lorenzo Verduzco\" \/>\n\t<meta name=\"twitter:label2\" content=\"Tiempo de lectura\" \/>\n\t<meta name=\"twitter:data2\" content=\"2 minutos\" \/>\n<script type=\"application\/ld+json\" class=\"yoast-schema-graph\">{\"@context\":\"https:\\\/\\\/schema.org\",\"@graph\":[{\"@type\":\"Article\",\"@id\":\"https:\\\/\\\/interamerica.org\\\/es\\\/2005\\\/02\\\/asia-del-sur-entrenando-a-los-pastores-y-capellanes-para-aconsejar-a-los-sobrevivientes-del-tsunami\\\/#article\",\"isPartOf\":{\"@id\":\"https:\\\/\\\/interamerica.org\\\/es\\\/2005\\\/02\\\/asia-del-sur-entrenando-a-los-pastores-y-capellanes-para-aconsejar-a-los-sobrevivientes-del-tsunami\\\/\"},\"author\":{\"name\":\"Lorenzo Verduzco\",\"@id\":\"https:\\\/\\\/interamerica.org\\\/es\\\/#\\\/schema\\\/person\\\/68ede8bdc292885bb76c1e3810e73c39\"},\"headline\":\"Asia del Sur: Entrenando a los Pastores y Capellanes para Aconsejar a los Sobrevivientes del Tsunami\",\"datePublished\":\"2005-02-15T04:00:00+00:00\",\"dateModified\":\"2017-06-02T13:17:52+00:00\",\"mainEntityOfPage\":{\"@id\":\"https:\\\/\\\/interamerica.org\\\/es\\\/2005\\\/02\\\/asia-del-sur-entrenando-a-los-pastores-y-capellanes-para-aconsejar-a-los-sobrevivientes-del-tsunami\\\/\"},\"wordCount\":413,\"articleSection\":[\"Archivo\"],\"inLanguage\":\"es\"},{\"@type\":\"WebPage\",\"@id\":\"https:\\\/\\\/interamerica.org\\\/es\\\/2005\\\/02\\\/asia-del-sur-entrenando-a-los-pastores-y-capellanes-para-aconsejar-a-los-sobrevivientes-del-tsunami\\\/\",\"url\":\"https:\\\/\\\/interamerica.org\\\/es\\\/2005\\\/02\\\/asia-del-sur-entrenando-a-los-pastores-y-capellanes-para-aconsejar-a-los-sobrevivientes-del-tsunami\\\/\",\"name\":\"Asia del Sur: Entrenando a los Pastores y Capellanes para Aconsejar a los Sobrevivientes del Tsunami - Iglesia Adventista del S\u00e9ptimo D\u00eda - Divisi\u00f3n Interamericana\",\"isPartOf\":{\"@id\":\"https:\\\/\\\/interamerica.org\\\/es\\\/#website\"},\"datePublished\":\"2005-02-15T04:00:00+00:00\",\"dateModified\":\"2017-06-02T13:17:52+00:00\",\"author\":{\"@id\":\"https:\\\/\\\/interamerica.org\\\/es\\\/#\\\/schema\\\/person\\\/68ede8bdc292885bb76c1e3810e73c39\"},\"breadcrumb\":{\"@id\":\"https:\\\/\\\/interamerica.org\\\/es\\\/2005\\\/02\\\/asia-del-sur-entrenando-a-los-pastores-y-capellanes-para-aconsejar-a-los-sobrevivientes-del-tsunami\\\/#breadcrumb\"},\"inLanguage\":\"es\",\"potentialAction\":[{\"@type\":\"ReadAction\",\"target\":[\"https:\\\/\\\/interamerica.org\\\/es\\\/2005\\\/02\\\/asia-del-sur-entrenando-a-los-pastores-y-capellanes-para-aconsejar-a-los-sobrevivientes-del-tsunami\\\/\"]}]},{\"@type\":\"BreadcrumbList\",\"@id\":\"https:\\\/\\\/interamerica.org\\\/es\\\/2005\\\/02\\\/asia-del-sur-entrenando-a-los-pastores-y-capellanes-para-aconsejar-a-los-sobrevivientes-del-tsunami\\\/#breadcrumb\",\"itemListElement\":[{\"@type\":\"ListItem\",\"position\":1,\"name\":\"Home\",\"item\":\"https:\\\/\\\/interamerica.org\\\/es\\\/\"},{\"@type\":\"ListItem\",\"position\":2,\"name\":\"Asia del Sur: Entrenando a los Pastores y Capellanes para Aconsejar a los Sobrevivientes del Tsunami\"}]},{\"@type\":\"WebSite\",\"@id\":\"https:\\\/\\\/interamerica.org\\\/es\\\/#website\",\"url\":\"https:\\\/\\\/interamerica.org\\\/es\\\/\",\"name\":\"Iglesia Adventista del S\u00e9ptimo D\u00eda - Divisi\u00f3n Interamericana\",\"description\":\"\",\"potentialAction\":[{\"@type\":\"SearchAction\",\"target\":{\"@type\":\"EntryPoint\",\"urlTemplate\":\"https:\\\/\\\/interamerica.org\\\/es\\\/?s={search_term_string}\"},\"query-input\":{\"@type\":\"PropertyValueSpecification\",\"valueRequired\":true,\"valueName\":\"search_term_string\"}}],\"inLanguage\":\"es\"},{\"@type\":\"Person\",\"@id\":\"https:\\\/\\\/interamerica.org\\\/es\\\/#\\\/schema\\\/person\\\/68ede8bdc292885bb76c1e3810e73c39\",\"name\":\"Lorenzo Verduzco\",\"image\":{\"@type\":\"ImageObject\",\"inLanguage\":\"es\",\"@id\":\"https:\\\/\\\/secure.gravatar.com\\\/avatar\\\/fb81a55b6218459490a9c1dc841a34909185b81904c5337b4b27f7a6fd60c49e?s=96&d=mm&r=g\",\"url\":\"https:\\\/\\\/secure.gravatar.com\\\/avatar\\\/fb81a55b6218459490a9c1dc841a34909185b81904c5337b4b27f7a6fd60c49e?s=96&d=mm&r=g\",\"contentUrl\":\"https:\\\/\\\/secure.gravatar.com\\\/avatar\\\/fb81a55b6218459490a9c1dc841a34909185b81904c5337b4b27f7a6fd60c49e?s=96&d=mm&r=g\",\"caption\":\"Lorenzo Verduzco\"}}]}<\/script>\n<!-- \/ Yoast SEO plugin. -->","yoast_head_json":{"title":"Asia del Sur: Entrenando a los Pastores y Capellanes para Aconsejar a los Sobrevivientes del Tsunami - Iglesia Adventista del S\u00e9ptimo D\u00eda - Divisi\u00f3n Interamericana","robots":{"index":"index","follow":"follow","max-snippet":"max-snippet:-1","max-image-preview":"max-image-preview:large","max-video-preview":"max-video-preview:-1"},"canonical":"https:\/\/interamerica.org\/es\/2005\/02\/asia-del-sur-entrenando-a-los-pastores-y-capellanes-para-aconsejar-a-los-sobrevivientes-del-tsunami\/","og_locale":"es_ES","og_type":"article","og_title":"Asia del Sur: Entrenando a los Pastores y Capellanes para Aconsejar a los Sobrevivientes del Tsunami - Iglesia Adventista del S\u00e9ptimo D\u00eda - Divisi\u00f3n Interamericana","og_description":"Reconociendo que los sobrevivientes del tsunami est\u00e1n actualmente sufriendo, no s\u00f3lo f\u00edsicamente sino en lo emocional, Miembros de la Iglesia Adventista del S\u00e9ptimo D\u00eda ofrecieron un seminario de entrenamiento de dos d\u00edas, dirigido a pastores y capellanes","og_url":"https:\/\/interamerica.org\/es\/2005\/02\/asia-del-sur-entrenando-a-los-pastores-y-capellanes-para-aconsejar-a-los-sobrevivientes-del-tsunami\/","og_site_name":"Iglesia Adventista del S\u00e9ptimo D\u00eda - Divisi\u00f3n Interamericana","article_published_time":"2005-02-15T04:00:00+00:00","article_modified_time":"2017-06-02T13:17:52+00:00","author":"Lorenzo Verduzco","twitter_card":"summary_large_image","twitter_misc":{"Escrito por":"Lorenzo Verduzco","Tiempo de lectura":"2 minutos"},"schema":{"@context":"https:\/\/schema.org","@graph":[{"@type":"Article","@id":"https:\/\/interamerica.org\/es\/2005\/02\/asia-del-sur-entrenando-a-los-pastores-y-capellanes-para-aconsejar-a-los-sobrevivientes-del-tsunami\/#article","isPartOf":{"@id":"https:\/\/interamerica.org\/es\/2005\/02\/asia-del-sur-entrenando-a-los-pastores-y-capellanes-para-aconsejar-a-los-sobrevivientes-del-tsunami\/"},"author":{"name":"Lorenzo Verduzco","@id":"https:\/\/interamerica.org\/es\/#\/schema\/person\/68ede8bdc292885bb76c1e3810e73c39"},"headline":"Asia del Sur: Entrenando a los Pastores y Capellanes para Aconsejar a los Sobrevivientes del Tsunami","datePublished":"2005-02-15T04:00:00+00:00","dateModified":"2017-06-02T13:17:52+00:00","mainEntityOfPage":{"@id":"https:\/\/interamerica.org\/es\/2005\/02\/asia-del-sur-entrenando-a-los-pastores-y-capellanes-para-aconsejar-a-los-sobrevivientes-del-tsunami\/"},"wordCount":413,"articleSection":["Archivo"],"inLanguage":"es"},{"@type":"WebPage","@id":"https:\/\/interamerica.org\/es\/2005\/02\/asia-del-sur-entrenando-a-los-pastores-y-capellanes-para-aconsejar-a-los-sobrevivientes-del-tsunami\/","url":"https:\/\/interamerica.org\/es\/2005\/02\/asia-del-sur-entrenando-a-los-pastores-y-capellanes-para-aconsejar-a-los-sobrevivientes-del-tsunami\/","name":"Asia del Sur: Entrenando a los Pastores y Capellanes para Aconsejar a los Sobrevivientes del Tsunami - Iglesia Adventista del S\u00e9ptimo D\u00eda - Divisi\u00f3n Interamericana","isPartOf":{"@id":"https:\/\/interamerica.org\/es\/#website"},"datePublished":"2005-02-15T04:00:00+00:00","dateModified":"2017-06-02T13:17:52+00:00","author":{"@id":"https:\/\/interamerica.org\/es\/#\/schema\/person\/68ede8bdc292885bb76c1e3810e73c39"},"breadcrumb":{"@id":"https:\/\/interamerica.org\/es\/2005\/02\/asia-del-sur-entrenando-a-los-pastores-y-capellanes-para-aconsejar-a-los-sobrevivientes-del-tsunami\/#breadcrumb"},"inLanguage":"es","potentialAction":[{"@type":"ReadAction","target":["https:\/\/interamerica.org\/es\/2005\/02\/asia-del-sur-entrenando-a-los-pastores-y-capellanes-para-aconsejar-a-los-sobrevivientes-del-tsunami\/"]}]},{"@type":"BreadcrumbList","@id":"https:\/\/interamerica.org\/es\/2005\/02\/asia-del-sur-entrenando-a-los-pastores-y-capellanes-para-aconsejar-a-los-sobrevivientes-del-tsunami\/#breadcrumb","itemListElement":[{"@type":"ListItem","position":1,"name":"Home","item":"https:\/\/interamerica.org\/es\/"},{"@type":"ListItem","position":2,"name":"Asia del Sur: Entrenando a los Pastores y Capellanes para Aconsejar a los Sobrevivientes del Tsunami"}]},{"@type":"WebSite","@id":"https:\/\/interamerica.org\/es\/#website","url":"https:\/\/interamerica.org\/es\/","name":"Iglesia Adventista del S\u00e9ptimo D\u00eda - Divisi\u00f3n Interamericana","description":"","potentialAction":[{"@type":"SearchAction","target":{"@type":"EntryPoint","urlTemplate":"https:\/\/interamerica.org\/es\/?s={search_term_string}"},"query-input":{"@type":"PropertyValueSpecification","valueRequired":true,"valueName":"search_term_string"}}],"inLanguage":"es"},{"@type":"Person","@id":"https:\/\/interamerica.org\/es\/#\/schema\/person\/68ede8bdc292885bb76c1e3810e73c39","name":"Lorenzo Verduzco","image":{"@type":"ImageObject","inLanguage":"es","@id":"https:\/\/secure.gravatar.com\/avatar\/fb81a55b6218459490a9c1dc841a34909185b81904c5337b4b27f7a6fd60c49e?s=96&d=mm&r=g","url":"https:\/\/secure.gravatar.com\/avatar\/fb81a55b6218459490a9c1dc841a34909185b81904c5337b4b27f7a6fd60c49e?s=96&d=mm&r=g","contentUrl":"https:\/\/secure.gravatar.com\/avatar\/fb81a55b6218459490a9c1dc841a34909185b81904c5337b4b27f7a6fd60c49e?s=96&d=mm&r=g","caption":"Lorenzo Verduzco"}}]}},"_links":{"self":[{"href":"https:\/\/interamerica.org\/es\/wp-json\/wp\/v2\/posts\/10464","targetHints":{"allow":["GET"]}}],"collection":[{"href":"https:\/\/interamerica.org\/es\/wp-json\/wp\/v2\/posts"}],"about":[{"href":"https:\/\/interamerica.org\/es\/wp-json\/wp\/v2\/types\/post"}],"author":[{"embeddable":true,"href":"https:\/\/interamerica.org\/es\/wp-json\/wp\/v2\/users\/1"}],"replies":[{"embeddable":true,"href":"https:\/\/interamerica.org\/es\/wp-json\/wp\/v2\/comments?post=10464"}],"version-history":[{"count":0,"href":"https:\/\/interamerica.org\/es\/wp-json\/wp\/v2\/posts\/10464\/revisions"}],"wp:attachment":[{"href":"https:\/\/interamerica.org\/es\/wp-json\/wp\/v2\/media?parent=10464"}],"wp:term":[{"taxonomy":"category","embeddable":true,"href":"https:\/\/interamerica.org\/es\/wp-json\/wp\/v2\/categories?post=10464"},{"taxonomy":"post_tag","embeddable":true,"href":"https:\/\/interamerica.org\/es\/wp-json\/wp\/v2\/tags?post=10464"}],"curies":[{"name":"wp","href":"https:\/\/api.w.org\/{rel}","templated":true}]}}