{"id":10466,"date":"2005-02-16T00:00:00","date_gmt":"2005-02-16T04:00:00","guid":{"rendered":"http:\/\/192.81.217.108\/interamerica\/2005\/02\/dia-personal-de-comunicaciones-se-reune-para-un-taller\/"},"modified":"2017-06-02T09:17:50","modified_gmt":"2017-06-02T13:17:50","slug":"dia-personal-de-comunicaciones-se-reune-para-un-taller","status":"publish","type":"post","link":"https:\/\/interamerica.org\/es\/2005\/02\/dia-personal-de-comunicaciones-se-reune-para-un-taller\/","title":{"rendered":"DIA: Personal de Comunicaciones se Re\u00fane para un Taller"},"content":{"rendered":"<p>Miami, Florida, Estados Unidos&#8230;[Libna Stevens\/DIA]<\/p>\n<p>Los directores de comunicaci\u00f3n de la iglesia, provenientes del territorio de la Divisi\u00f3n Interamericana, se reunieron para un taller de comunicaciones en su sede en Miami, Florida, el 9 y 10 de febrero. El taller, que fue el segundo de su g\u00e9nero en el quinquenio actual, incluy\u00f3 seminarios acerca de relaciones de la iglesia con los medios, comunicaci\u00f3n en las crisis y relaciones p\u00fablicas.<\/p>\n<p>\u00abEste [taller] se ha hecho necesario por causa de las muchas actividades, circunstancias y eventos en constantes cambios, que hacen que para nosotros sea imperativo recalcular estrategias a fin de cumplir nuestra misi\u00f3n como directores de comnicaci\u00f3n\u00bb, dijo el pastor Leon B. Wellington, vicepresidente y director de comunicaci\u00f3n para la iglesia en Interam\u00e9rica.<\/p>\n<p>Entre los oradores invitados estuvo Ray Dabrowski, director de comunicaci\u00f3n para la iglesia mundial, quien enfatiz\u00f3 la declaraci\u00f3n de misi\u00f3n, una declaraci\u00f3n racional estrat\u00e9gica del departamento de comunicaci\u00f3n, y los principios guiadores que asegurar\u00e1n que sean implementados los planes apropiados. \u00c9l tambi\u00e9n analiz\u00f3 las expectativas de un director de comunicaci\u00f3n y el reportaje de noticias en el contexto de la iglesia.<\/p>\n<p>Tambi\u00e9n John Banks, director asociado de comunicaci\u00f3n para la iglesia mundial, habl\u00f3 a los directores de comunicaci\u00f3n de la iglesia acerca de la importancia de su funci\u00f3n en las relaciones de la iglesia con los medios, las relaciones p\u00fablicas y la comunicaci\u00f3n en las crisis, dentro de sus comunidades y territorio.<\/p>\n<p>Tambi\u00e9n estuvieron presentes algunos representantes de Adventist Television Network (Red de Televisi\u00f3n Adventista) y Adventist World Radio (Radio Mundial Adventista), quienes hablaron acerca de los programas, actualizaciones y caracter\u00edsticas de sus respectivos ministerios.<\/p>\n<p>Los asistentes al taller pudieron reportar el progreso de su obra en cada uno de sus respectivos territorios, en relaci\u00f3n con los esfuerzos de ellos por enfrentar el desaf\u00edo de representar bien a la iglesia ante los medios.<\/p>\n<p>Al final del taller, el pastor Wellington anim\u00f3 a todos los participantes del taller para compartir el conocimiento adquirido con los directores de comunicaci\u00f3n en sus respectivos territorios de Uni\u00f3n, y continuar comprometidos con el uso de la tecnolog\u00eda disponible para cumplir la misi\u00f3n de la iglesia.<\/p>\n<p>\u00abNuestra esperanza es que este taller afile sus habilidades, incremente el conocimiento y realce la comunicaci\u00f3n entre ustedes, nosotros, las agencias e indivivuos cuyo deseo com\u00fan es ver a Cristo cuando regrese\u00bb, dijo el pastor Wellington a los directores de comunicaci\u00f3n. \u00abComo directores de comunicaci\u00f3n, entonces, ustedes son fundamentales en el \u00e9xito de cualquier estrategia para el avance del Reino de Dios\u00bb, agreg\u00f3.<\/p>\n","protected":false},"excerpt":{"rendered":"<p>Los directores de comunicaci\u00f3n de la iglesia, provenientes del territorio de la Divisi\u00f3n Interamericana, se reunieron para un taller de comunicaciones en su sede en Miami, Florida, el 9 y 10 de febrero. \u00a0<\/p>\n","protected":false},"author":1,"featured_media":0,"comment_status":"closed","ping_status":"closed","sticky":false,"template":"","format":"standard","meta":{"_acf_changed":false,"footnotes":""},"categories":[8],"tags":[],"class_list":["post-10466","post","type-post","status-publish","format-standard","hentry","category-archivo"],"acf":[],"yoast_head":"<!-- This site is optimized with the Yoast SEO plugin v27.3 - https:\/\/yoast.com\/product\/yoast-seo-wordpress\/ -->\n<title>DIA: Personal de Comunicaciones se Re\u00fane para un Taller - Iglesia Adventista del S\u00e9ptimo D\u00eda - Divisi\u00f3n Interamericana<\/title>\n<meta name=\"robots\" content=\"index, follow, max-snippet:-1, max-image-preview:large, max-video-preview:-1\" \/>\n<link rel=\"canonical\" href=\"https:\/\/interamerica.org\/es\/2005\/02\/dia-personal-de-comunicaciones-se-reune-para-un-taller\/\" \/>\n<meta property=\"og:locale\" content=\"es_ES\" \/>\n<meta property=\"og:type\" content=\"article\" \/>\n<meta property=\"og:title\" content=\"DIA: Personal de Comunicaciones se Re\u00fane para un Taller - Iglesia Adventista del S\u00e9ptimo D\u00eda - Divisi\u00f3n Interamericana\" \/>\n<meta property=\"og:description\" content=\"Los directores de comunicaci\u00f3n de la iglesia, provenientes del territorio de la Divisi\u00f3n Interamericana, se reunieron para un taller de comunicaciones en su sede en Miami, Florida, el 9 y 10 de febrero. \u00a0\" \/>\n<meta property=\"og:url\" content=\"https:\/\/interamerica.org\/es\/2005\/02\/dia-personal-de-comunicaciones-se-reune-para-un-taller\/\" \/>\n<meta property=\"og:site_name\" content=\"Iglesia Adventista del S\u00e9ptimo D\u00eda - Divisi\u00f3n Interamericana\" \/>\n<meta property=\"article:published_time\" content=\"2005-02-16T04:00:00+00:00\" \/>\n<meta property=\"article:modified_time\" content=\"2017-06-02T13:17:50+00:00\" \/>\n<meta name=\"author\" content=\"Lorenzo Verduzco\" \/>\n<meta name=\"twitter:card\" content=\"summary_large_image\" \/>\n<meta name=\"twitter:label1\" content=\"Escrito por\" \/>\n\t<meta name=\"twitter:data1\" content=\"Lorenzo Verduzco\" \/>\n\t<meta name=\"twitter:label2\" content=\"Tiempo de lectura\" \/>\n\t<meta name=\"twitter:data2\" content=\"2 minutos\" \/>\n<script type=\"application\/ld+json\" class=\"yoast-schema-graph\">{\"@context\":\"https:\\\/\\\/schema.org\",\"@graph\":[{\"@type\":\"Article\",\"@id\":\"https:\\\/\\\/interamerica.org\\\/es\\\/2005\\\/02\\\/dia-personal-de-comunicaciones-se-reune-para-un-taller\\\/#article\",\"isPartOf\":{\"@id\":\"https:\\\/\\\/interamerica.org\\\/es\\\/2005\\\/02\\\/dia-personal-de-comunicaciones-se-reune-para-un-taller\\\/\"},\"author\":{\"name\":\"Lorenzo Verduzco\",\"@id\":\"https:\\\/\\\/interamerica.org\\\/es\\\/#\\\/schema\\\/person\\\/68ede8bdc292885bb76c1e3810e73c39\"},\"headline\":\"DIA: Personal de Comunicaciones se Re\u00fane para un Taller\",\"datePublished\":\"2005-02-16T04:00:00+00:00\",\"dateModified\":\"2017-06-02T13:17:50+00:00\",\"mainEntityOfPage\":{\"@id\":\"https:\\\/\\\/interamerica.org\\\/es\\\/2005\\\/02\\\/dia-personal-de-comunicaciones-se-reune-para-un-taller\\\/\"},\"wordCount\":462,\"articleSection\":[\"Archivo\"],\"inLanguage\":\"es\"},{\"@type\":\"WebPage\",\"@id\":\"https:\\\/\\\/interamerica.org\\\/es\\\/2005\\\/02\\\/dia-personal-de-comunicaciones-se-reune-para-un-taller\\\/\",\"url\":\"https:\\\/\\\/interamerica.org\\\/es\\\/2005\\\/02\\\/dia-personal-de-comunicaciones-se-reune-para-un-taller\\\/\",\"name\":\"DIA: Personal de Comunicaciones se Re\u00fane para un Taller - Iglesia Adventista del S\u00e9ptimo D\u00eda - Divisi\u00f3n Interamericana\",\"isPartOf\":{\"@id\":\"https:\\\/\\\/interamerica.org\\\/es\\\/#website\"},\"datePublished\":\"2005-02-16T04:00:00+00:00\",\"dateModified\":\"2017-06-02T13:17:50+00:00\",\"author\":{\"@id\":\"https:\\\/\\\/interamerica.org\\\/es\\\/#\\\/schema\\\/person\\\/68ede8bdc292885bb76c1e3810e73c39\"},\"breadcrumb\":{\"@id\":\"https:\\\/\\\/interamerica.org\\\/es\\\/2005\\\/02\\\/dia-personal-de-comunicaciones-se-reune-para-un-taller\\\/#breadcrumb\"},\"inLanguage\":\"es\",\"potentialAction\":[{\"@type\":\"ReadAction\",\"target\":[\"https:\\\/\\\/interamerica.org\\\/es\\\/2005\\\/02\\\/dia-personal-de-comunicaciones-se-reune-para-un-taller\\\/\"]}]},{\"@type\":\"BreadcrumbList\",\"@id\":\"https:\\\/\\\/interamerica.org\\\/es\\\/2005\\\/02\\\/dia-personal-de-comunicaciones-se-reune-para-un-taller\\\/#breadcrumb\",\"itemListElement\":[{\"@type\":\"ListItem\",\"position\":1,\"name\":\"Home\",\"item\":\"https:\\\/\\\/interamerica.org\\\/es\\\/\"},{\"@type\":\"ListItem\",\"position\":2,\"name\":\"DIA: Personal de Comunicaciones se Re\u00fane para un Taller\"}]},{\"@type\":\"WebSite\",\"@id\":\"https:\\\/\\\/interamerica.org\\\/es\\\/#website\",\"url\":\"https:\\\/\\\/interamerica.org\\\/es\\\/\",\"name\":\"Iglesia Adventista del S\u00e9ptimo D\u00eda - Divisi\u00f3n Interamericana\",\"description\":\"\",\"potentialAction\":[{\"@type\":\"SearchAction\",\"target\":{\"@type\":\"EntryPoint\",\"urlTemplate\":\"https:\\\/\\\/interamerica.org\\\/es\\\/?s={search_term_string}\"},\"query-input\":{\"@type\":\"PropertyValueSpecification\",\"valueRequired\":true,\"valueName\":\"search_term_string\"}}],\"inLanguage\":\"es\"},{\"@type\":\"Person\",\"@id\":\"https:\\\/\\\/interamerica.org\\\/es\\\/#\\\/schema\\\/person\\\/68ede8bdc292885bb76c1e3810e73c39\",\"name\":\"Lorenzo Verduzco\",\"image\":{\"@type\":\"ImageObject\",\"inLanguage\":\"es\",\"@id\":\"https:\\\/\\\/secure.gravatar.com\\\/avatar\\\/fb81a55b6218459490a9c1dc841a34909185b81904c5337b4b27f7a6fd60c49e?s=96&d=mm&r=g\",\"url\":\"https:\\\/\\\/secure.gravatar.com\\\/avatar\\\/fb81a55b6218459490a9c1dc841a34909185b81904c5337b4b27f7a6fd60c49e?s=96&d=mm&r=g\",\"contentUrl\":\"https:\\\/\\\/secure.gravatar.com\\\/avatar\\\/fb81a55b6218459490a9c1dc841a34909185b81904c5337b4b27f7a6fd60c49e?s=96&d=mm&r=g\",\"caption\":\"Lorenzo Verduzco\"}}]}<\/script>\n<!-- \/ Yoast SEO plugin. -->","yoast_head_json":{"title":"DIA: Personal de Comunicaciones se Re\u00fane para un Taller - Iglesia Adventista del S\u00e9ptimo D\u00eda - Divisi\u00f3n Interamericana","robots":{"index":"index","follow":"follow","max-snippet":"max-snippet:-1","max-image-preview":"max-image-preview:large","max-video-preview":"max-video-preview:-1"},"canonical":"https:\/\/interamerica.org\/es\/2005\/02\/dia-personal-de-comunicaciones-se-reune-para-un-taller\/","og_locale":"es_ES","og_type":"article","og_title":"DIA: Personal de Comunicaciones se Re\u00fane para un Taller - Iglesia Adventista del S\u00e9ptimo D\u00eda - Divisi\u00f3n Interamericana","og_description":"Los directores de comunicaci\u00f3n de la iglesia, provenientes del territorio de la Divisi\u00f3n Interamericana, se reunieron para un taller de comunicaciones en su sede en Miami, Florida, el 9 y 10 de febrero. \u00a0","og_url":"https:\/\/interamerica.org\/es\/2005\/02\/dia-personal-de-comunicaciones-se-reune-para-un-taller\/","og_site_name":"Iglesia Adventista del S\u00e9ptimo D\u00eda - Divisi\u00f3n Interamericana","article_published_time":"2005-02-16T04:00:00+00:00","article_modified_time":"2017-06-02T13:17:50+00:00","author":"Lorenzo Verduzco","twitter_card":"summary_large_image","twitter_misc":{"Escrito por":"Lorenzo Verduzco","Tiempo de lectura":"2 minutos"},"schema":{"@context":"https:\/\/schema.org","@graph":[{"@type":"Article","@id":"https:\/\/interamerica.org\/es\/2005\/02\/dia-personal-de-comunicaciones-se-reune-para-un-taller\/#article","isPartOf":{"@id":"https:\/\/interamerica.org\/es\/2005\/02\/dia-personal-de-comunicaciones-se-reune-para-un-taller\/"},"author":{"name":"Lorenzo Verduzco","@id":"https:\/\/interamerica.org\/es\/#\/schema\/person\/68ede8bdc292885bb76c1e3810e73c39"},"headline":"DIA: Personal de Comunicaciones se Re\u00fane para un Taller","datePublished":"2005-02-16T04:00:00+00:00","dateModified":"2017-06-02T13:17:50+00:00","mainEntityOfPage":{"@id":"https:\/\/interamerica.org\/es\/2005\/02\/dia-personal-de-comunicaciones-se-reune-para-un-taller\/"},"wordCount":462,"articleSection":["Archivo"],"inLanguage":"es"},{"@type":"WebPage","@id":"https:\/\/interamerica.org\/es\/2005\/02\/dia-personal-de-comunicaciones-se-reune-para-un-taller\/","url":"https:\/\/interamerica.org\/es\/2005\/02\/dia-personal-de-comunicaciones-se-reune-para-un-taller\/","name":"DIA: Personal de Comunicaciones se Re\u00fane para un Taller - Iglesia Adventista del S\u00e9ptimo D\u00eda - Divisi\u00f3n Interamericana","isPartOf":{"@id":"https:\/\/interamerica.org\/es\/#website"},"datePublished":"2005-02-16T04:00:00+00:00","dateModified":"2017-06-02T13:17:50+00:00","author":{"@id":"https:\/\/interamerica.org\/es\/#\/schema\/person\/68ede8bdc292885bb76c1e3810e73c39"},"breadcrumb":{"@id":"https:\/\/interamerica.org\/es\/2005\/02\/dia-personal-de-comunicaciones-se-reune-para-un-taller\/#breadcrumb"},"inLanguage":"es","potentialAction":[{"@type":"ReadAction","target":["https:\/\/interamerica.org\/es\/2005\/02\/dia-personal-de-comunicaciones-se-reune-para-un-taller\/"]}]},{"@type":"BreadcrumbList","@id":"https:\/\/interamerica.org\/es\/2005\/02\/dia-personal-de-comunicaciones-se-reune-para-un-taller\/#breadcrumb","itemListElement":[{"@type":"ListItem","position":1,"name":"Home","item":"https:\/\/interamerica.org\/es\/"},{"@type":"ListItem","position":2,"name":"DIA: Personal de Comunicaciones se Re\u00fane para un Taller"}]},{"@type":"WebSite","@id":"https:\/\/interamerica.org\/es\/#website","url":"https:\/\/interamerica.org\/es\/","name":"Iglesia Adventista del S\u00e9ptimo D\u00eda - Divisi\u00f3n Interamericana","description":"","potentialAction":[{"@type":"SearchAction","target":{"@type":"EntryPoint","urlTemplate":"https:\/\/interamerica.org\/es\/?s={search_term_string}"},"query-input":{"@type":"PropertyValueSpecification","valueRequired":true,"valueName":"search_term_string"}}],"inLanguage":"es"},{"@type":"Person","@id":"https:\/\/interamerica.org\/es\/#\/schema\/person\/68ede8bdc292885bb76c1e3810e73c39","name":"Lorenzo Verduzco","image":{"@type":"ImageObject","inLanguage":"es","@id":"https:\/\/secure.gravatar.com\/avatar\/fb81a55b6218459490a9c1dc841a34909185b81904c5337b4b27f7a6fd60c49e?s=96&d=mm&r=g","url":"https:\/\/secure.gravatar.com\/avatar\/fb81a55b6218459490a9c1dc841a34909185b81904c5337b4b27f7a6fd60c49e?s=96&d=mm&r=g","contentUrl":"https:\/\/secure.gravatar.com\/avatar\/fb81a55b6218459490a9c1dc841a34909185b81904c5337b4b27f7a6fd60c49e?s=96&d=mm&r=g","caption":"Lorenzo Verduzco"}}]}},"_links":{"self":[{"href":"https:\/\/interamerica.org\/es\/wp-json\/wp\/v2\/posts\/10466","targetHints":{"allow":["GET"]}}],"collection":[{"href":"https:\/\/interamerica.org\/es\/wp-json\/wp\/v2\/posts"}],"about":[{"href":"https:\/\/interamerica.org\/es\/wp-json\/wp\/v2\/types\/post"}],"author":[{"embeddable":true,"href":"https:\/\/interamerica.org\/es\/wp-json\/wp\/v2\/users\/1"}],"replies":[{"embeddable":true,"href":"https:\/\/interamerica.org\/es\/wp-json\/wp\/v2\/comments?post=10466"}],"version-history":[{"count":0,"href":"https:\/\/interamerica.org\/es\/wp-json\/wp\/v2\/posts\/10466\/revisions"}],"wp:attachment":[{"href":"https:\/\/interamerica.org\/es\/wp-json\/wp\/v2\/media?parent=10466"}],"wp:term":[{"taxonomy":"category","embeddable":true,"href":"https:\/\/interamerica.org\/es\/wp-json\/wp\/v2\/categories?post=10466"},{"taxonomy":"post_tag","embeddable":true,"href":"https:\/\/interamerica.org\/es\/wp-json\/wp\/v2\/tags?post=10466"}],"curies":[{"name":"wp","href":"https:\/\/api.w.org\/{rel}","templated":true}]}}