{"id":10467,"date":"2005-02-22T00:00:00","date_gmt":"2005-02-22T04:00:00","guid":{"rendered":"http:\/\/192.81.217.108\/interamerica\/2005\/02\/la-iglesia-mundial-la-juventud-adventista-adultos-jovenes-se-capacitan-para-llegar-a-la-comunidad\/"},"modified":"2017-06-02T09:17:49","modified_gmt":"2017-06-02T13:17:49","slug":"la-iglesia-mundial-la-juventud-adventista-adultos-jovenes-se-capacitan-para-llegar-a-la-comunidad","status":"publish","type":"post","link":"https:\/\/interamerica.org\/es\/2005\/02\/la-iglesia-mundial-la-juventud-adventista-adultos-jovenes-se-capacitan-para-llegar-a-la-comunidad\/","title":{"rendered":"La Iglesia Mundial: La Juventud Adventista, Adultos J\u00f3venes se Capacitan Para Llegar a la Comunidad."},"content":{"rendered":"<p>Silver Spring, Maryland, Estados Unidos &#8230;. [Taashi Rowe\/ANN] <\/p>\n<p>Evangelizar es asunto personal para 400 j\u00f3venes adventistas del s\u00e9ptimo d\u00eda de alrededor del mundo. Este grupo estar\u00e1 en las calles de San Louis, Missouri, del 29 de junio hasta el 9 de julio,  compartiendo el evangelio con otros mientras la iglesia adventista del s\u00e9ptimo d\u00eda mundial celebra su reuni\u00f3n de negocios cumbre &#8212; la Sesi\u00f3n de la Asociaci\u00f3n General &#8211; que se celebra cada cinco a\u00f1os.<\/p>\n<p>El acontecimiento de evangelismo, \u00abImpacto San Louis,\u00bb es  capacitaci\u00f3n y pr\u00e1ctica intensas de dos semanas de duraci\u00f3n usando m\u00e9todos tradicionales y no tradicionales para llegar a la gente, por ejemplo el auspiciar un caf\u00e9(restaurante econ\u00f3mico) cristiano, aprender lenguaje por se\u00f1as o usando marionetas. <\/p>\n<p>El acontecimiento est\u00e1 orientado para edades de 16 a 35 de los adventists.<\/p>\n<p>Al tiempo que el evento se lleva a cabo en Norteam\u00e9rica, la delegaci\u00f3n juvenil ser\u00e1 como la delegaci\u00f3n de la Asociaci\u00f3n General para la Sesi\u00f3n. Esto es, internacional.<\/p>\n<p>James L. Black Sr., director de ministerios juveniles para la regi\u00f3n norteamericana de la iglesia adventista, dice aue cada regi\u00f3n de la iglesia tiene un n\u00famero determinado de delegados. <\/p>\n<p>\u00abSiempre que se expone a la juventud y a los adultos j\u00f3venes a la iglesia mundial, se producir\u00e1 una bendici\u00f3n fenomemal\u00bb, dice Black. \u00abMuchos han sido expuestos solamente a sus iglesias locales. Aqu\u00ed ellos ver\u00e1n que la iglesia es m\u00e1s grande[que sus comunidades locales]\u00bb <\/p>\n<p>Este ser\u00e1 el tercer \u00abimpacto\u00bb de esa naturaleza de la ses\u00ed\u00f3n cuyo origen se remonta a la Sesi\u00f3n de la Asociaci\u00f3n General en Utrecht, Holanda. <\/p>\n<p>Un segundo se realiz\u00f3 en Toronto, Canada en el 2000; All\u00e1, 209 j\u00f3vencitos y addultos j\u00f3venes vinieron de 30 diferentes pa\u00edses para participar. <\/p>\n<p>Mi funci\u00f3n es ense\u00f1ar a estos j\u00f3venes de que ellos tienen una parte importante para desempe\u00f1ar en la vida de la iglesia\u00bb, dice Black, refiri\u00e9ndose tanto a San Louis como a su trabajo de todos los d\u00edas. <\/p>\n<p>\u00abImpacto San Louis\u00bb es muy imporante para la iglesia mundial porque preparamos los j\u00f3venes para que se involucre en la misi\u00f3n de la iglesia por medio de proyectos de servicio, proyectos orientados hacia la comunidad\u00bb, agrega Baraka Muganda, director de ministerios juveniles de la iglesia mundial.\u00bbDebemos desarrollar un estilo de vida de servicio permanente en cada iglesia\u00bb. <\/p>\n<p>Tambi\u00e9n ser\u00e1 una oportunidad para los estudientes equiparar el evangelismo con diversi\u00f3n, dice Cloveth Smith, quien trabaja con Black, su asisitente y coordinador de ministerios. \u00abEl Ministerio no es s\u00f3lo para la gente de edad y no tiene que ser aburridor\u00bb, anota ella. <\/p>\n<p>Esto ayuda para que aquellos que ense\u00f1an las clases usen este m\u00e9todo de evangelismo en sus propias comunidades de la iglesias en la localidad. <\/p>\n<p>\u00abEl mayor impcato ser\u00e1 lo que dejemos con la gente all\u00e1 en San Louis\u00bb, dice Smith, quien estuvo en Toronto hace cinco a\u00f1os. Y en el Caf\u00e9 Cristiano en Toronto, Smith dice que conoci\u00f3 a personas desamparadas, gente que viv\u00eda en albergues juveniles y gente que simplemente ten\u00eda curiosidad acerca de la Iglesia Aventista del S\u00e9ptimo D\u00eda. <\/p>\n<p>Al mismo tiempo que compart\u00edan a Dios con miles de personas en las calles de Toronto, el grupo tambi\u00e9n empac\u00f3 alimento para servir 6,000 comidas. <\/p>\n<p>\u00abEsto no es algo que hacemos para la comunidad. Es algo que hacemos con la comunidad\u00bb, enfatiza Black, al explicar que el grupo trabajar\u00e1 con las iglesias locales. Estas igleias continuar\u00e1n la labor con aquellos que muestren inter\u00e9s en aprender m\u00e1s acerca de Dios este verano. <\/p>\n<p><strong>Derrechos Reservados 2005 por  Adventist News Network<\/strong> <\/p>\n<p>\n","protected":false},"excerpt":{"rendered":"<p>Evangelizar es asunto personal para 400 j\u00f3venes adventistas del s\u00e9ptimo d\u00eda de alrededor del mundo.<\/p>\n","protected":false},"author":1,"featured_media":0,"comment_status":"closed","ping_status":"closed","sticky":false,"template":"","format":"standard","meta":{"_acf_changed":false,"footnotes":""},"categories":[8],"tags":[],"class_list":["post-10467","post","type-post","status-publish","format-standard","hentry","category-archivo"],"acf":[],"yoast_head":"<!-- This site is optimized with the Yoast SEO plugin v27.3 - https:\/\/yoast.com\/product\/yoast-seo-wordpress\/ -->\n<title>La Iglesia Mundial: La Juventud Adventista, Adultos J\u00f3venes se Capacitan Para Llegar a la Comunidad. - Iglesia Adventista del S\u00e9ptimo D\u00eda - Divisi\u00f3n Interamericana<\/title>\n<meta name=\"robots\" content=\"index, follow, max-snippet:-1, max-image-preview:large, max-video-preview:-1\" \/>\n<link rel=\"canonical\" href=\"https:\/\/interamerica.org\/es\/2005\/02\/la-iglesia-mundial-la-juventud-adventista-adultos-jovenes-se-capacitan-para-llegar-a-la-comunidad\/\" \/>\n<meta property=\"og:locale\" content=\"es_ES\" \/>\n<meta property=\"og:type\" content=\"article\" \/>\n<meta property=\"og:title\" content=\"La Iglesia Mundial: La Juventud Adventista, Adultos J\u00f3venes se Capacitan Para Llegar a la Comunidad. - Iglesia Adventista del S\u00e9ptimo D\u00eda - Divisi\u00f3n Interamericana\" \/>\n<meta property=\"og:description\" content=\"Evangelizar es asunto personal para 400 j\u00f3venes adventistas del s\u00e9ptimo d\u00eda de alrededor del mundo.\" \/>\n<meta property=\"og:url\" content=\"https:\/\/interamerica.org\/es\/2005\/02\/la-iglesia-mundial-la-juventud-adventista-adultos-jovenes-se-capacitan-para-llegar-a-la-comunidad\/\" \/>\n<meta property=\"og:site_name\" content=\"Iglesia Adventista del S\u00e9ptimo D\u00eda - Divisi\u00f3n Interamericana\" \/>\n<meta property=\"article:published_time\" content=\"2005-02-22T04:00:00+00:00\" \/>\n<meta property=\"article:modified_time\" content=\"2017-06-02T13:17:49+00:00\" \/>\n<meta name=\"author\" content=\"Lorenzo Verduzco\" \/>\n<meta name=\"twitter:card\" content=\"summary_large_image\" \/>\n<meta name=\"twitter:label1\" content=\"Escrito por\" \/>\n\t<meta name=\"twitter:data1\" content=\"Lorenzo Verduzco\" \/>\n\t<meta name=\"twitter:label2\" content=\"Tiempo de lectura\" \/>\n\t<meta name=\"twitter:data2\" content=\"3 minutos\" \/>\n<script type=\"application\/ld+json\" class=\"yoast-schema-graph\">{\"@context\":\"https:\\\/\\\/schema.org\",\"@graph\":[{\"@type\":\"Article\",\"@id\":\"https:\\\/\\\/interamerica.org\\\/es\\\/2005\\\/02\\\/la-iglesia-mundial-la-juventud-adventista-adultos-jovenes-se-capacitan-para-llegar-a-la-comunidad\\\/#article\",\"isPartOf\":{\"@id\":\"https:\\\/\\\/interamerica.org\\\/es\\\/2005\\\/02\\\/la-iglesia-mundial-la-juventud-adventista-adultos-jovenes-se-capacitan-para-llegar-a-la-comunidad\\\/\"},\"author\":{\"name\":\"Lorenzo Verduzco\",\"@id\":\"https:\\\/\\\/interamerica.org\\\/es\\\/#\\\/schema\\\/person\\\/68ede8bdc292885bb76c1e3810e73c39\"},\"headline\":\"La Iglesia Mundial: La Juventud Adventista, Adultos J\u00f3venes se Capacitan Para Llegar a la Comunidad.\",\"datePublished\":\"2005-02-22T04:00:00+00:00\",\"dateModified\":\"2017-06-02T13:17:49+00:00\",\"mainEntityOfPage\":{\"@id\":\"https:\\\/\\\/interamerica.org\\\/es\\\/2005\\\/02\\\/la-iglesia-mundial-la-juventud-adventista-adultos-jovenes-se-capacitan-para-llegar-a-la-comunidad\\\/\"},\"wordCount\":641,\"articleSection\":[\"Archivo\"],\"inLanguage\":\"es\"},{\"@type\":\"WebPage\",\"@id\":\"https:\\\/\\\/interamerica.org\\\/es\\\/2005\\\/02\\\/la-iglesia-mundial-la-juventud-adventista-adultos-jovenes-se-capacitan-para-llegar-a-la-comunidad\\\/\",\"url\":\"https:\\\/\\\/interamerica.org\\\/es\\\/2005\\\/02\\\/la-iglesia-mundial-la-juventud-adventista-adultos-jovenes-se-capacitan-para-llegar-a-la-comunidad\\\/\",\"name\":\"La Iglesia Mundial: La Juventud Adventista, Adultos J\u00f3venes se Capacitan Para Llegar a la Comunidad. - Iglesia Adventista del S\u00e9ptimo D\u00eda - Divisi\u00f3n Interamericana\",\"isPartOf\":{\"@id\":\"https:\\\/\\\/interamerica.org\\\/es\\\/#website\"},\"datePublished\":\"2005-02-22T04:00:00+00:00\",\"dateModified\":\"2017-06-02T13:17:49+00:00\",\"author\":{\"@id\":\"https:\\\/\\\/interamerica.org\\\/es\\\/#\\\/schema\\\/person\\\/68ede8bdc292885bb76c1e3810e73c39\"},\"breadcrumb\":{\"@id\":\"https:\\\/\\\/interamerica.org\\\/es\\\/2005\\\/02\\\/la-iglesia-mundial-la-juventud-adventista-adultos-jovenes-se-capacitan-para-llegar-a-la-comunidad\\\/#breadcrumb\"},\"inLanguage\":\"es\",\"potentialAction\":[{\"@type\":\"ReadAction\",\"target\":[\"https:\\\/\\\/interamerica.org\\\/es\\\/2005\\\/02\\\/la-iglesia-mundial-la-juventud-adventista-adultos-jovenes-se-capacitan-para-llegar-a-la-comunidad\\\/\"]}]},{\"@type\":\"BreadcrumbList\",\"@id\":\"https:\\\/\\\/interamerica.org\\\/es\\\/2005\\\/02\\\/la-iglesia-mundial-la-juventud-adventista-adultos-jovenes-se-capacitan-para-llegar-a-la-comunidad\\\/#breadcrumb\",\"itemListElement\":[{\"@type\":\"ListItem\",\"position\":1,\"name\":\"Home\",\"item\":\"https:\\\/\\\/interamerica.org\\\/es\\\/\"},{\"@type\":\"ListItem\",\"position\":2,\"name\":\"La Iglesia Mundial: La Juventud Adventista, Adultos J\u00f3venes se Capacitan Para Llegar a la Comunidad.\"}]},{\"@type\":\"WebSite\",\"@id\":\"https:\\\/\\\/interamerica.org\\\/es\\\/#website\",\"url\":\"https:\\\/\\\/interamerica.org\\\/es\\\/\",\"name\":\"Iglesia Adventista del S\u00e9ptimo D\u00eda - Divisi\u00f3n Interamericana\",\"description\":\"\",\"potentialAction\":[{\"@type\":\"SearchAction\",\"target\":{\"@type\":\"EntryPoint\",\"urlTemplate\":\"https:\\\/\\\/interamerica.org\\\/es\\\/?s={search_term_string}\"},\"query-input\":{\"@type\":\"PropertyValueSpecification\",\"valueRequired\":true,\"valueName\":\"search_term_string\"}}],\"inLanguage\":\"es\"},{\"@type\":\"Person\",\"@id\":\"https:\\\/\\\/interamerica.org\\\/es\\\/#\\\/schema\\\/person\\\/68ede8bdc292885bb76c1e3810e73c39\",\"name\":\"Lorenzo Verduzco\",\"image\":{\"@type\":\"ImageObject\",\"inLanguage\":\"es\",\"@id\":\"https:\\\/\\\/secure.gravatar.com\\\/avatar\\\/fb81a55b6218459490a9c1dc841a34909185b81904c5337b4b27f7a6fd60c49e?s=96&d=mm&r=g\",\"url\":\"https:\\\/\\\/secure.gravatar.com\\\/avatar\\\/fb81a55b6218459490a9c1dc841a34909185b81904c5337b4b27f7a6fd60c49e?s=96&d=mm&r=g\",\"contentUrl\":\"https:\\\/\\\/secure.gravatar.com\\\/avatar\\\/fb81a55b6218459490a9c1dc841a34909185b81904c5337b4b27f7a6fd60c49e?s=96&d=mm&r=g\",\"caption\":\"Lorenzo Verduzco\"}}]}<\/script>\n<!-- \/ Yoast SEO plugin. -->","yoast_head_json":{"title":"La Iglesia Mundial: La Juventud Adventista, Adultos J\u00f3venes se Capacitan Para Llegar a la Comunidad. - Iglesia Adventista del S\u00e9ptimo D\u00eda - Divisi\u00f3n Interamericana","robots":{"index":"index","follow":"follow","max-snippet":"max-snippet:-1","max-image-preview":"max-image-preview:large","max-video-preview":"max-video-preview:-1"},"canonical":"https:\/\/interamerica.org\/es\/2005\/02\/la-iglesia-mundial-la-juventud-adventista-adultos-jovenes-se-capacitan-para-llegar-a-la-comunidad\/","og_locale":"es_ES","og_type":"article","og_title":"La Iglesia Mundial: La Juventud Adventista, Adultos J\u00f3venes se Capacitan Para Llegar a la Comunidad. - Iglesia Adventista del S\u00e9ptimo D\u00eda - Divisi\u00f3n Interamericana","og_description":"Evangelizar es asunto personal para 400 j\u00f3venes adventistas del s\u00e9ptimo d\u00eda de alrededor del mundo.","og_url":"https:\/\/interamerica.org\/es\/2005\/02\/la-iglesia-mundial-la-juventud-adventista-adultos-jovenes-se-capacitan-para-llegar-a-la-comunidad\/","og_site_name":"Iglesia Adventista del S\u00e9ptimo D\u00eda - Divisi\u00f3n Interamericana","article_published_time":"2005-02-22T04:00:00+00:00","article_modified_time":"2017-06-02T13:17:49+00:00","author":"Lorenzo Verduzco","twitter_card":"summary_large_image","twitter_misc":{"Escrito por":"Lorenzo Verduzco","Tiempo de lectura":"3 minutos"},"schema":{"@context":"https:\/\/schema.org","@graph":[{"@type":"Article","@id":"https:\/\/interamerica.org\/es\/2005\/02\/la-iglesia-mundial-la-juventud-adventista-adultos-jovenes-se-capacitan-para-llegar-a-la-comunidad\/#article","isPartOf":{"@id":"https:\/\/interamerica.org\/es\/2005\/02\/la-iglesia-mundial-la-juventud-adventista-adultos-jovenes-se-capacitan-para-llegar-a-la-comunidad\/"},"author":{"name":"Lorenzo Verduzco","@id":"https:\/\/interamerica.org\/es\/#\/schema\/person\/68ede8bdc292885bb76c1e3810e73c39"},"headline":"La Iglesia Mundial: La Juventud Adventista, Adultos J\u00f3venes se Capacitan Para Llegar a la Comunidad.","datePublished":"2005-02-22T04:00:00+00:00","dateModified":"2017-06-02T13:17:49+00:00","mainEntityOfPage":{"@id":"https:\/\/interamerica.org\/es\/2005\/02\/la-iglesia-mundial-la-juventud-adventista-adultos-jovenes-se-capacitan-para-llegar-a-la-comunidad\/"},"wordCount":641,"articleSection":["Archivo"],"inLanguage":"es"},{"@type":"WebPage","@id":"https:\/\/interamerica.org\/es\/2005\/02\/la-iglesia-mundial-la-juventud-adventista-adultos-jovenes-se-capacitan-para-llegar-a-la-comunidad\/","url":"https:\/\/interamerica.org\/es\/2005\/02\/la-iglesia-mundial-la-juventud-adventista-adultos-jovenes-se-capacitan-para-llegar-a-la-comunidad\/","name":"La Iglesia Mundial: La Juventud Adventista, Adultos J\u00f3venes se Capacitan Para Llegar a la Comunidad. - Iglesia Adventista del S\u00e9ptimo D\u00eda - Divisi\u00f3n Interamericana","isPartOf":{"@id":"https:\/\/interamerica.org\/es\/#website"},"datePublished":"2005-02-22T04:00:00+00:00","dateModified":"2017-06-02T13:17:49+00:00","author":{"@id":"https:\/\/interamerica.org\/es\/#\/schema\/person\/68ede8bdc292885bb76c1e3810e73c39"},"breadcrumb":{"@id":"https:\/\/interamerica.org\/es\/2005\/02\/la-iglesia-mundial-la-juventud-adventista-adultos-jovenes-se-capacitan-para-llegar-a-la-comunidad\/#breadcrumb"},"inLanguage":"es","potentialAction":[{"@type":"ReadAction","target":["https:\/\/interamerica.org\/es\/2005\/02\/la-iglesia-mundial-la-juventud-adventista-adultos-jovenes-se-capacitan-para-llegar-a-la-comunidad\/"]}]},{"@type":"BreadcrumbList","@id":"https:\/\/interamerica.org\/es\/2005\/02\/la-iglesia-mundial-la-juventud-adventista-adultos-jovenes-se-capacitan-para-llegar-a-la-comunidad\/#breadcrumb","itemListElement":[{"@type":"ListItem","position":1,"name":"Home","item":"https:\/\/interamerica.org\/es\/"},{"@type":"ListItem","position":2,"name":"La Iglesia Mundial: La Juventud Adventista, Adultos J\u00f3venes se Capacitan Para Llegar a la Comunidad."}]},{"@type":"WebSite","@id":"https:\/\/interamerica.org\/es\/#website","url":"https:\/\/interamerica.org\/es\/","name":"Iglesia Adventista del S\u00e9ptimo D\u00eda - Divisi\u00f3n Interamericana","description":"","potentialAction":[{"@type":"SearchAction","target":{"@type":"EntryPoint","urlTemplate":"https:\/\/interamerica.org\/es\/?s={search_term_string}"},"query-input":{"@type":"PropertyValueSpecification","valueRequired":true,"valueName":"search_term_string"}}],"inLanguage":"es"},{"@type":"Person","@id":"https:\/\/interamerica.org\/es\/#\/schema\/person\/68ede8bdc292885bb76c1e3810e73c39","name":"Lorenzo Verduzco","image":{"@type":"ImageObject","inLanguage":"es","@id":"https:\/\/secure.gravatar.com\/avatar\/fb81a55b6218459490a9c1dc841a34909185b81904c5337b4b27f7a6fd60c49e?s=96&d=mm&r=g","url":"https:\/\/secure.gravatar.com\/avatar\/fb81a55b6218459490a9c1dc841a34909185b81904c5337b4b27f7a6fd60c49e?s=96&d=mm&r=g","contentUrl":"https:\/\/secure.gravatar.com\/avatar\/fb81a55b6218459490a9c1dc841a34909185b81904c5337b4b27f7a6fd60c49e?s=96&d=mm&r=g","caption":"Lorenzo Verduzco"}}]}},"_links":{"self":[{"href":"https:\/\/interamerica.org\/es\/wp-json\/wp\/v2\/posts\/10467","targetHints":{"allow":["GET"]}}],"collection":[{"href":"https:\/\/interamerica.org\/es\/wp-json\/wp\/v2\/posts"}],"about":[{"href":"https:\/\/interamerica.org\/es\/wp-json\/wp\/v2\/types\/post"}],"author":[{"embeddable":true,"href":"https:\/\/interamerica.org\/es\/wp-json\/wp\/v2\/users\/1"}],"replies":[{"embeddable":true,"href":"https:\/\/interamerica.org\/es\/wp-json\/wp\/v2\/comments?post=10467"}],"version-history":[{"count":0,"href":"https:\/\/interamerica.org\/es\/wp-json\/wp\/v2\/posts\/10467\/revisions"}],"wp:attachment":[{"href":"https:\/\/interamerica.org\/es\/wp-json\/wp\/v2\/media?parent=10467"}],"wp:term":[{"taxonomy":"category","embeddable":true,"href":"https:\/\/interamerica.org\/es\/wp-json\/wp\/v2\/categories?post=10467"},{"taxonomy":"post_tag","embeddable":true,"href":"https:\/\/interamerica.org\/es\/wp-json\/wp\/v2\/tags?post=10467"}],"curies":[{"name":"wp","href":"https:\/\/api.w.org\/{rel}","templated":true}]}}