{"id":10473,"date":"2005-03-08T00:00:00","date_gmt":"2005-03-08T04:00:00","guid":{"rendered":"http:\/\/192.81.217.108\/interamerica\/2005\/03\/filipinas-paulsen-elogia-la-iglesia-en-centenario-se-encuentra-con-el-pais\/"},"modified":"2017-06-02T09:17:45","modified_gmt":"2017-06-02T13:17:45","slug":"filipinas-paulsen-elogia-la-iglesia-en-centenario-se-encuentra-con-el-pais","status":"publish","type":"post","link":"https:\/\/interamerica.org\/es\/2005\/03\/filipinas-paulsen-elogia-la-iglesia-en-centenario-se-encuentra-con-el-pais\/","title":{"rendered":"Filipinas: Paulsen Elogia la Iglesia en Centenario, Se Encuentra con el Pa\u00eds."},"content":{"rendered":"<p>Manila, Filipinas &#8230; [Jonathan Catolico\/Personal ANN] <\/p>\n<p>Los Adventistas en las Filipinas &#8211; m\u00e1s de 1.3 millones de personas en la actualidad &#8211; celebraron el centenerio de la iglesia en las 7,100 islas de la rep\u00fablica del 2 al 5 de marzo.<\/p>\n<p>La presidenta de las Filipinas, Gloria Macapagal-Arroyo salud\u00f3 al Pastor Jan Paulsen, presidente mundial de la iglesia, y elogi\u00f3 su cometido al servicio social y defensa por el buen gobierno. <\/p>\n<p>\u00abSin la coraza de la fe, somos vulnerables. Como indiv\u00edduos aislados es terriblemente dif\u00edcil, pero como una comunidad somos m\u00e1s fuertes\u00bb, dijo Paulsen a una multitud de 30,000 en el Parque Rizal. Fue en este evento, el cual comenz\u00f3 con una parada desde el sitio de la iglesia adventista m\u00e1s antigua, la Iglesia de Santa Ana, donde la presidenta del estado se uni\u00f3 al pastor Paulsen. <\/p>\n<p>El pastor Paulsen elogi\u00f3 la iglesia local por haber escogido el tema, \u00abCelebrando las Bondades de Dios\u00bb, que enfoca la atenci\u00f3n en la fuente de la fortaleza adventista. <\/p>\n<p>\u00abComo un movimiento adorador misionero, celebrar nuestra vida y experiencia jam\u00e1s debe ser una celebraci\u00f3n de esas, &#8216;\u00bfa caso no lo hicimos bien?&#8217; que en s\u00ed misma es una felicitaci\u00f3n a nosotros mismos, pero m\u00e1s bien un acto de adoraci\u00f3n, que celebra al mirar hacia adelante, no olvidando c\u00f3mo hemos sido guiados en el el pasado\u00bb, dijo Paulsen. \u00abNosotros vivimos, pensamos, hacemos planes, establecemos metas y prioridades, y hacemos decisiones por lo que haremos una vez termine la celebraci\u00f3n\u00bb. <\/p>\n<p>Rosa Salazar, miembro de iglesia estaba entre los que respondieron a lo dicho por el pastor Paulsen. \u00abSu mensaje dice que jam\u00e1s trabajamos solos. Debemos continuar nuestro andar y estar ciertos de que Dios siempre est\u00e1 all\u00ed\u00bb, dijo Salazar. <\/p>\n<p>\u00abYo he establecido bien mis priorirades, para hacer lo que el Se\u00f1or quiere que haga&#8230;esto es, propagar el evangelio\u00bb, a\u00f1adi\u00f3 Don Leo Pepito.<\/p>\n<p>Y Myjiley Namoyes, miembro tambi\u00e9n, resumi\u00f3 el mensaje del d\u00eda de forma directa: \u00abDebemos hacer un doble esfuerzo en ganar almas para Dios\u00bb. <\/p>\n<p>En una conferencia de prensa anterior, Paulsen dijo que los adventistas comparten la preocupaci\u00f3n de los cristianos en todo el mundo por aquellos que son pobres. <\/p>\n<p>\u00abCreo que los cristianos de todo el mundo deben emular a Cristo quien sufri\u00f3 tanto y muri\u00f3 pobre\u00bb, dijo, seg\u00fan un informe en \u00abThe Manila Bulletin\u00bb. \u00abLos filipinos tienen la capacidad para socorrer a los pobres y el poder para enfrentar esta plaga\u00bb, a\u00f1adi\u00f3. <\/p>\n<p>Una celebraci\u00f3n simult\u00e1nea de actividades se realiz\u00f3 en las tres islas m\u00e1s grandes de la naci\u00f3n: Luz\u00f3n, Visayas y Mindanao. <\/p>\n<p>Ted N.C. Wilson, uno de los vice presidentes generales de la iglesia mundial, dirigi\u00f3 celebraciones en Ciudad Cebu en el interior de las Filipinas. All\u00e1, Wilson elogi\u00f3n la iglesia por siguir viviendo de acuerdo con el sacrificio desintersado de los pioneros. <\/p>\n<p>En Mindanao, en el Colegio de Mountain View, una multitud de 15,000 personas se uni\u00f3 a la celebraci\u00f3n con el pastor Lowell Cooper, vice presidente de la iglesia mundial y el director de publicaciones, Howard Faigao, como hu\u00e9spedes especiales.<\/p>\n<p>El passtor Cooper ret\u00f3 a su audiencia a celebrar las bondades de Dios. \u00ab100 a\u00f1os es un don inmerecido de parte de Dios\u00bb, dijo. \u00abPor medio de los pioneros y su desinteresado servicio, ahora nosotros cosechamos la victoria del mensaje\u00bb. <\/p>\n<p>La iglesia adventista lleg\u00f3 a las Filipinas por primera vez en 1905 por medio de un australiano, y misioneros estadunidenses, el primero de los cuales fue Robert Caldwell, fue uno de los primeros que distribuy\u00f3 literatura adventista en Manila y dio estudios b\u00edblicos en los hogares. <\/p>\n<p>El 6 de marzo, se celebr\u00f3 un banquete para los l\u00edderes de la iglesia y obreros conmemorando los 100 a\u00f1os. Evangelistas filipinos de otras partes, que condujeron sus camapa\u00f1as de evangelismo aqu\u00ed para el centenario, estuvieron entre los honrados y recibieron placas. Los colportores que se destacaron en ventas tambi\u00e9n recibieron premios. El banquete culmin\u00f3 el evento de tres d\u00edas, pero las celebraciones del centenario siguen. <\/p>\n<p>En sus 100 a\u00f1os de trabajo en las Filipinas, la iglesia adventista ha establecio 4,190 iglesias, siete hospitales, cientos de escuelas, incluyendo una universidad, convirti\u00e9ndola en sistema educacional protestante m\u00e1s extenso en las Filipinas. <\/p>\n<p>Una de sus principales instituciones m\u00e9dicas es el Centro M\u00e9dico Adventista de Manila que tiene 75 a\u00f1os desde su fundaci\u00f3n como el Sanatorio y Hospital Adventista de Manila, en Ciudad Psay, que est\u00e1 a la vanguardia de la medicina preventiva y alternativa. <\/p>\n<p><em><strong>Derechos Reservados 2005 por Red de Noticias Adventista (ANN).<\/strong><\/em><\/p>\n","protected":false},"excerpt":{"rendered":"<p>Los Adventistas en las Filipinas &#8211; m\u00e1s de 1.3 millones de personas en la actualidad &#8211; celebraron el centenerio de la iglesia en las 7,100 islas de la rep\u00fablica del 2 al 5 de marzo.<\/p>\n","protected":false},"author":1,"featured_media":0,"comment_status":"closed","ping_status":"closed","sticky":false,"template":"","format":"standard","meta":{"_acf_changed":false,"footnotes":""},"categories":[8],"tags":[],"class_list":["post-10473","post","type-post","status-publish","format-standard","hentry","category-archivo"],"acf":[],"yoast_head":"<!-- This site is optimized with the Yoast SEO plugin v27.3 - https:\/\/yoast.com\/product\/yoast-seo-wordpress\/ -->\n<title>Filipinas: Paulsen Elogia la Iglesia en Centenario, Se Encuentra con el Pa\u00eds. - Iglesia Adventista del S\u00e9ptimo D\u00eda - Divisi\u00f3n Interamericana<\/title>\n<meta name=\"robots\" content=\"index, follow, max-snippet:-1, max-image-preview:large, max-video-preview:-1\" \/>\n<link rel=\"canonical\" href=\"https:\/\/interamerica.org\/es\/2005\/03\/filipinas-paulsen-elogia-la-iglesia-en-centenario-se-encuentra-con-el-pais\/\" \/>\n<meta property=\"og:locale\" content=\"es_ES\" \/>\n<meta property=\"og:type\" content=\"article\" \/>\n<meta property=\"og:title\" content=\"Filipinas: Paulsen Elogia la Iglesia en Centenario, Se Encuentra con el Pa\u00eds. - Iglesia Adventista del S\u00e9ptimo D\u00eda - Divisi\u00f3n Interamericana\" \/>\n<meta property=\"og:description\" content=\"Los Adventistas en las Filipinas - m\u00e1s de 1.3 millones de personas en la actualidad - celebraron el centenerio de la iglesia en las 7,100 islas de la rep\u00fablica del 2 al 5 de marzo.\" \/>\n<meta property=\"og:url\" content=\"https:\/\/interamerica.org\/es\/2005\/03\/filipinas-paulsen-elogia-la-iglesia-en-centenario-se-encuentra-con-el-pais\/\" \/>\n<meta property=\"og:site_name\" content=\"Iglesia Adventista del S\u00e9ptimo D\u00eda - Divisi\u00f3n Interamericana\" \/>\n<meta property=\"article:published_time\" content=\"2005-03-08T04:00:00+00:00\" \/>\n<meta property=\"article:modified_time\" content=\"2017-06-02T13:17:45+00:00\" \/>\n<meta name=\"author\" content=\"Lorenzo Verduzco\" \/>\n<meta name=\"twitter:card\" content=\"summary_large_image\" \/>\n<meta name=\"twitter:label1\" content=\"Escrito por\" \/>\n\t<meta name=\"twitter:data1\" content=\"Lorenzo Verduzco\" \/>\n\t<meta name=\"twitter:label2\" content=\"Tiempo de lectura\" \/>\n\t<meta name=\"twitter:data2\" content=\"4 minutos\" \/>\n<script type=\"application\/ld+json\" class=\"yoast-schema-graph\">{\"@context\":\"https:\\\/\\\/schema.org\",\"@graph\":[{\"@type\":\"Article\",\"@id\":\"https:\\\/\\\/interamerica.org\\\/es\\\/2005\\\/03\\\/filipinas-paulsen-elogia-la-iglesia-en-centenario-se-encuentra-con-el-pais\\\/#article\",\"isPartOf\":{\"@id\":\"https:\\\/\\\/interamerica.org\\\/es\\\/2005\\\/03\\\/filipinas-paulsen-elogia-la-iglesia-en-centenario-se-encuentra-con-el-pais\\\/\"},\"author\":{\"name\":\"Lorenzo Verduzco\",\"@id\":\"https:\\\/\\\/interamerica.org\\\/es\\\/#\\\/schema\\\/person\\\/68ede8bdc292885bb76c1e3810e73c39\"},\"headline\":\"Filipinas: Paulsen Elogia la Iglesia en Centenario, Se Encuentra con el Pa\u00eds.\",\"datePublished\":\"2005-03-08T04:00:00+00:00\",\"dateModified\":\"2017-06-02T13:17:45+00:00\",\"mainEntityOfPage\":{\"@id\":\"https:\\\/\\\/interamerica.org\\\/es\\\/2005\\\/03\\\/filipinas-paulsen-elogia-la-iglesia-en-centenario-se-encuentra-con-el-pais\\\/\"},\"wordCount\":781,\"articleSection\":[\"Archivo\"],\"inLanguage\":\"es\"},{\"@type\":\"WebPage\",\"@id\":\"https:\\\/\\\/interamerica.org\\\/es\\\/2005\\\/03\\\/filipinas-paulsen-elogia-la-iglesia-en-centenario-se-encuentra-con-el-pais\\\/\",\"url\":\"https:\\\/\\\/interamerica.org\\\/es\\\/2005\\\/03\\\/filipinas-paulsen-elogia-la-iglesia-en-centenario-se-encuentra-con-el-pais\\\/\",\"name\":\"Filipinas: Paulsen Elogia la Iglesia en Centenario, Se Encuentra con el Pa\u00eds. - Iglesia Adventista del S\u00e9ptimo D\u00eda - Divisi\u00f3n Interamericana\",\"isPartOf\":{\"@id\":\"https:\\\/\\\/interamerica.org\\\/es\\\/#website\"},\"datePublished\":\"2005-03-08T04:00:00+00:00\",\"dateModified\":\"2017-06-02T13:17:45+00:00\",\"author\":{\"@id\":\"https:\\\/\\\/interamerica.org\\\/es\\\/#\\\/schema\\\/person\\\/68ede8bdc292885bb76c1e3810e73c39\"},\"breadcrumb\":{\"@id\":\"https:\\\/\\\/interamerica.org\\\/es\\\/2005\\\/03\\\/filipinas-paulsen-elogia-la-iglesia-en-centenario-se-encuentra-con-el-pais\\\/#breadcrumb\"},\"inLanguage\":\"es\",\"potentialAction\":[{\"@type\":\"ReadAction\",\"target\":[\"https:\\\/\\\/interamerica.org\\\/es\\\/2005\\\/03\\\/filipinas-paulsen-elogia-la-iglesia-en-centenario-se-encuentra-con-el-pais\\\/\"]}]},{\"@type\":\"BreadcrumbList\",\"@id\":\"https:\\\/\\\/interamerica.org\\\/es\\\/2005\\\/03\\\/filipinas-paulsen-elogia-la-iglesia-en-centenario-se-encuentra-con-el-pais\\\/#breadcrumb\",\"itemListElement\":[{\"@type\":\"ListItem\",\"position\":1,\"name\":\"Home\",\"item\":\"https:\\\/\\\/interamerica.org\\\/es\\\/\"},{\"@type\":\"ListItem\",\"position\":2,\"name\":\"Filipinas: Paulsen Elogia la Iglesia en Centenario, Se Encuentra con el Pa\u00eds.\"}]},{\"@type\":\"WebSite\",\"@id\":\"https:\\\/\\\/interamerica.org\\\/es\\\/#website\",\"url\":\"https:\\\/\\\/interamerica.org\\\/es\\\/\",\"name\":\"Iglesia Adventista del S\u00e9ptimo D\u00eda - Divisi\u00f3n Interamericana\",\"description\":\"\",\"potentialAction\":[{\"@type\":\"SearchAction\",\"target\":{\"@type\":\"EntryPoint\",\"urlTemplate\":\"https:\\\/\\\/interamerica.org\\\/es\\\/?s={search_term_string}\"},\"query-input\":{\"@type\":\"PropertyValueSpecification\",\"valueRequired\":true,\"valueName\":\"search_term_string\"}}],\"inLanguage\":\"es\"},{\"@type\":\"Person\",\"@id\":\"https:\\\/\\\/interamerica.org\\\/es\\\/#\\\/schema\\\/person\\\/68ede8bdc292885bb76c1e3810e73c39\",\"name\":\"Lorenzo Verduzco\",\"image\":{\"@type\":\"ImageObject\",\"inLanguage\":\"es\",\"@id\":\"https:\\\/\\\/secure.gravatar.com\\\/avatar\\\/fb81a55b6218459490a9c1dc841a34909185b81904c5337b4b27f7a6fd60c49e?s=96&d=mm&r=g\",\"url\":\"https:\\\/\\\/secure.gravatar.com\\\/avatar\\\/fb81a55b6218459490a9c1dc841a34909185b81904c5337b4b27f7a6fd60c49e?s=96&d=mm&r=g\",\"contentUrl\":\"https:\\\/\\\/secure.gravatar.com\\\/avatar\\\/fb81a55b6218459490a9c1dc841a34909185b81904c5337b4b27f7a6fd60c49e?s=96&d=mm&r=g\",\"caption\":\"Lorenzo Verduzco\"}}]}<\/script>\n<!-- \/ Yoast SEO plugin. -->","yoast_head_json":{"title":"Filipinas: Paulsen Elogia la Iglesia en Centenario, Se Encuentra con el Pa\u00eds. - Iglesia Adventista del S\u00e9ptimo D\u00eda - Divisi\u00f3n Interamericana","robots":{"index":"index","follow":"follow","max-snippet":"max-snippet:-1","max-image-preview":"max-image-preview:large","max-video-preview":"max-video-preview:-1"},"canonical":"https:\/\/interamerica.org\/es\/2005\/03\/filipinas-paulsen-elogia-la-iglesia-en-centenario-se-encuentra-con-el-pais\/","og_locale":"es_ES","og_type":"article","og_title":"Filipinas: Paulsen Elogia la Iglesia en Centenario, Se Encuentra con el Pa\u00eds. - Iglesia Adventista del S\u00e9ptimo D\u00eda - Divisi\u00f3n Interamericana","og_description":"Los Adventistas en las Filipinas - m\u00e1s de 1.3 millones de personas en la actualidad - celebraron el centenerio de la iglesia en las 7,100 islas de la rep\u00fablica del 2 al 5 de marzo.","og_url":"https:\/\/interamerica.org\/es\/2005\/03\/filipinas-paulsen-elogia-la-iglesia-en-centenario-se-encuentra-con-el-pais\/","og_site_name":"Iglesia Adventista del S\u00e9ptimo D\u00eda - Divisi\u00f3n Interamericana","article_published_time":"2005-03-08T04:00:00+00:00","article_modified_time":"2017-06-02T13:17:45+00:00","author":"Lorenzo Verduzco","twitter_card":"summary_large_image","twitter_misc":{"Escrito por":"Lorenzo Verduzco","Tiempo de lectura":"4 minutos"},"schema":{"@context":"https:\/\/schema.org","@graph":[{"@type":"Article","@id":"https:\/\/interamerica.org\/es\/2005\/03\/filipinas-paulsen-elogia-la-iglesia-en-centenario-se-encuentra-con-el-pais\/#article","isPartOf":{"@id":"https:\/\/interamerica.org\/es\/2005\/03\/filipinas-paulsen-elogia-la-iglesia-en-centenario-se-encuentra-con-el-pais\/"},"author":{"name":"Lorenzo Verduzco","@id":"https:\/\/interamerica.org\/es\/#\/schema\/person\/68ede8bdc292885bb76c1e3810e73c39"},"headline":"Filipinas: Paulsen Elogia la Iglesia en Centenario, Se Encuentra con el Pa\u00eds.","datePublished":"2005-03-08T04:00:00+00:00","dateModified":"2017-06-02T13:17:45+00:00","mainEntityOfPage":{"@id":"https:\/\/interamerica.org\/es\/2005\/03\/filipinas-paulsen-elogia-la-iglesia-en-centenario-se-encuentra-con-el-pais\/"},"wordCount":781,"articleSection":["Archivo"],"inLanguage":"es"},{"@type":"WebPage","@id":"https:\/\/interamerica.org\/es\/2005\/03\/filipinas-paulsen-elogia-la-iglesia-en-centenario-se-encuentra-con-el-pais\/","url":"https:\/\/interamerica.org\/es\/2005\/03\/filipinas-paulsen-elogia-la-iglesia-en-centenario-se-encuentra-con-el-pais\/","name":"Filipinas: Paulsen Elogia la Iglesia en Centenario, Se Encuentra con el Pa\u00eds. - Iglesia Adventista del S\u00e9ptimo D\u00eda - Divisi\u00f3n Interamericana","isPartOf":{"@id":"https:\/\/interamerica.org\/es\/#website"},"datePublished":"2005-03-08T04:00:00+00:00","dateModified":"2017-06-02T13:17:45+00:00","author":{"@id":"https:\/\/interamerica.org\/es\/#\/schema\/person\/68ede8bdc292885bb76c1e3810e73c39"},"breadcrumb":{"@id":"https:\/\/interamerica.org\/es\/2005\/03\/filipinas-paulsen-elogia-la-iglesia-en-centenario-se-encuentra-con-el-pais\/#breadcrumb"},"inLanguage":"es","potentialAction":[{"@type":"ReadAction","target":["https:\/\/interamerica.org\/es\/2005\/03\/filipinas-paulsen-elogia-la-iglesia-en-centenario-se-encuentra-con-el-pais\/"]}]},{"@type":"BreadcrumbList","@id":"https:\/\/interamerica.org\/es\/2005\/03\/filipinas-paulsen-elogia-la-iglesia-en-centenario-se-encuentra-con-el-pais\/#breadcrumb","itemListElement":[{"@type":"ListItem","position":1,"name":"Home","item":"https:\/\/interamerica.org\/es\/"},{"@type":"ListItem","position":2,"name":"Filipinas: Paulsen Elogia la Iglesia en Centenario, Se Encuentra con el Pa\u00eds."}]},{"@type":"WebSite","@id":"https:\/\/interamerica.org\/es\/#website","url":"https:\/\/interamerica.org\/es\/","name":"Iglesia Adventista del S\u00e9ptimo D\u00eda - Divisi\u00f3n Interamericana","description":"","potentialAction":[{"@type":"SearchAction","target":{"@type":"EntryPoint","urlTemplate":"https:\/\/interamerica.org\/es\/?s={search_term_string}"},"query-input":{"@type":"PropertyValueSpecification","valueRequired":true,"valueName":"search_term_string"}}],"inLanguage":"es"},{"@type":"Person","@id":"https:\/\/interamerica.org\/es\/#\/schema\/person\/68ede8bdc292885bb76c1e3810e73c39","name":"Lorenzo Verduzco","image":{"@type":"ImageObject","inLanguage":"es","@id":"https:\/\/secure.gravatar.com\/avatar\/fb81a55b6218459490a9c1dc841a34909185b81904c5337b4b27f7a6fd60c49e?s=96&d=mm&r=g","url":"https:\/\/secure.gravatar.com\/avatar\/fb81a55b6218459490a9c1dc841a34909185b81904c5337b4b27f7a6fd60c49e?s=96&d=mm&r=g","contentUrl":"https:\/\/secure.gravatar.com\/avatar\/fb81a55b6218459490a9c1dc841a34909185b81904c5337b4b27f7a6fd60c49e?s=96&d=mm&r=g","caption":"Lorenzo Verduzco"}}]}},"_links":{"self":[{"href":"https:\/\/interamerica.org\/es\/wp-json\/wp\/v2\/posts\/10473","targetHints":{"allow":["GET"]}}],"collection":[{"href":"https:\/\/interamerica.org\/es\/wp-json\/wp\/v2\/posts"}],"about":[{"href":"https:\/\/interamerica.org\/es\/wp-json\/wp\/v2\/types\/post"}],"author":[{"embeddable":true,"href":"https:\/\/interamerica.org\/es\/wp-json\/wp\/v2\/users\/1"}],"replies":[{"embeddable":true,"href":"https:\/\/interamerica.org\/es\/wp-json\/wp\/v2\/comments?post=10473"}],"version-history":[{"count":0,"href":"https:\/\/interamerica.org\/es\/wp-json\/wp\/v2\/posts\/10473\/revisions"}],"wp:attachment":[{"href":"https:\/\/interamerica.org\/es\/wp-json\/wp\/v2\/media?parent=10473"}],"wp:term":[{"taxonomy":"category","embeddable":true,"href":"https:\/\/interamerica.org\/es\/wp-json\/wp\/v2\/categories?post=10473"},{"taxonomy":"post_tag","embeddable":true,"href":"https:\/\/interamerica.org\/es\/wp-json\/wp\/v2\/tags?post=10473"}],"curies":[{"name":"wp","href":"https:\/\/api.w.org\/{rel}","templated":true}]}}