{"id":104736,"date":"2023-10-12T23:37:48","date_gmt":"2023-10-13T03:37:48","guid":{"rendered":"https:\/\/interamerica.org\/?p=104736"},"modified":"2023-10-13T10:42:37","modified_gmt":"2023-10-13T14:42:37","slug":"compartir-la-palabra-de-dios-con-amor","status":"publish","type":"post","link":"https:\/\/interamerica.org\/es\/2023\/10\/compartir-la-palabra-de-dios-con-amor\/","title":{"rendered":"Un mensaje especial"},"content":{"rendered":"<p>12 de octubre del\u00a0 2023 | Silver Spring, Maryland, Estados Unidos | Ted N.C. Wilson, President de la Asociaci\u00f3n General de los Adventistas del S\u00e9ptimo D\u00eda<\/p>\n<p><span style=\"font-weight: 400;\">Saludos amigos. A medida que hemos ido leyendo el libro El Conflicto de los Siglos, hemos visto c\u00f3mo ha habido personas a trav\u00e9s de los tiempos que fueron fieles a Dios y Su Palabra. Hemos le\u00eddo acerca de los reformadores que defendieron la verdad de Dios, a veces a costa de sus vidas. Algunos tradujeron minuciosamente las Escrituras a los idiomas comunes de la gente, haciendo posible que todos leyeran la Biblia por s\u00ed mismos. A pesar de los viciosos ataques de Satan\u00e1s a la Palabra de Dios, miles de personas se regocijaron en la verdad.<\/span><\/p>\n<p><span style=\"font-weight: 400;\">Sobre este fundamento tan s\u00f3lido, hoy me gustar\u00eda compartir con ustedes un mensaje especial. Como ven, amigos, Satan\u00e1s es implacable en su furia, y las claras palabras de Dios contin\u00faan siendo atacadas por todos lados.<\/span><\/p>\n<p><span style=\"font-weight: 400;\">Uno de los ataques m\u00e1s obvios hoy en d\u00eda tiene que ver con la sexualidad humana, donde se pasa por alto la Palabra de Dios y se interpreta de manera opuesta a lo que est\u00e1 escrito. Algunos de los hechos m\u00e1s b\u00e1sicos dados en las Escrituras est\u00e1n siendo ignorados o tergiversados, como <\/span><span style=\"font-weight: 400;\">G\u00e9nesis 1:27 y 28: \u201cY cre\u00f3 Dios al hombre a su imagen, a imagen de Dios lo cre\u00f3; var\u00f3n y hembra los cre\u00f3. 28 Y los bendijo Dios, y les dijo: Fructificad y multiplicaos\u2026\u201d.<\/span><\/p>\n<p><span style=\"font-weight: 400;\">Entonces, Dios bendijo a la pareja reci\u00e9n creada, y Su primera instrucci\u00f3n para ellos fue \u00abser fruct\u00edferos y multiplicarse\u00bb. Esta orden, por supuesto, s\u00f3lo puede ser cumplida entre un hombre y una mujer.<\/span><\/p>\n<p><span style=\"font-weight: 400;\">Siglos m\u00e1s tarde, Jes\u00fas se refiri\u00f3 a la Creaci\u00f3n cuando pregunt\u00f3: <\/span><span style=\"font-weight: 400;\">\u201cNo hab\u00e9is le\u00eddo que el que los hizo al principio, var\u00f3n y hembra los hizo?\u2026\u201d \u201cPor esto\u201d<\/span><span style=\"font-weight: 400;\"> enftiz\u00f3 al describir el matrimonio, \u201c\u2026<\/span><span style=\"font-weight: 400;\">el hombre dejar\u00e1 padre y madre, y se unir\u00e1 a su mujer, y los dos ser\u00e1n una sola carne? (Mateo 19:4,5).<\/span><\/p>\n<p><span style=\"font-weight: 400;\">Lamentablemente, hoy en d\u00eda hay un intento no s\u00f3lo de neutralizar la visi\u00f3n b\u00edblica del matrimonio entre un hombre y una mujer, sino tambi\u00e9n de borrar el hecho de que Dios cre\u00f3 s\u00f3lo dos g\u00e9neros: masculino y femenino.<\/span><\/p>\n<p><span style=\"font-weight: 400;\">Una forma de hacerlo es a trav\u00e9s del poder de las redes sociales, que promueven activamente una cultura muy secular, no s\u00f3lo yendo en contra de la palabra de Dios, sino creando una cultura de la verg\u00fcenza y cancelando a cualquiera que se atreva a creer y seguir la Biblia.<\/span><\/p>\n<p><span style=\"font-weight: 400;\">Como adventistas del s\u00e9ptimo d\u00eda, no queremos avergonzar ni cancelar a nadie. Queremos guiarlos a Jes\u00fas, quien es <\/span><span style=\"font-weight: 400;\">\u00abel camino, la verdad y la vida\u00bb (Juan 14:6).<\/span><span style=\"font-weight: 400;\"> Jes\u00fas vino para que podamos <\/span><span style=\"font-weight: 400;\">\u00abtener vida, y&#8230; tenerla en abundancia\u00bb (Juan 10:10).<\/span><span style=\"font-weight: 400;\"> Y la manera de experimentar esa vida abundante se describe en la Palabra de Dios, incluso en el \u00e1rea de la sexualidad humana.<\/span><\/p>\n<p><span style=\"font-weight: 400;\">\u00abAl\u00e9grate con la mujer de tu juventud,\u00bb<\/span><span style=\"font-weight: 400;\"> leemos en <\/span><span style=\"font-weight: 400;\">Proverbios 5:18, \u201cSus caricias te satisfagan en todo tiempo,\u00a0 Y en su amor recr\u00e9ate siempre.\u00a0 \u00bfY por qu\u00e9, hijo m\u00edo, andar\u00e1s ciego con la mujer ajena,\u00a0 Y abrazar\u00e1s el seno de la extra\u00f1a?\u00bb (vss. 19, 20).<\/span><\/p>\n<p><span style=\"font-weight: 400;\">En el Nuevo Testamento leemos, <\/span><span style=\"font-weight: 400;\">\u201cHonroso sea en todos el matrimonio, y el lecho sin mancilla; pero a los fornicarios y a los ad\u00falteros los juzgar\u00e1 Dios.\u201d (Heb. 13:4)<\/span><span style=\"font-weight: 400;\">. \u00bfQui\u00e9nes son los fornicarios y ad\u00falteros? Son aquellos que realizan actos sexuales fuera de un matrimonio mon\u00f3gamo entre un hombre y una mujer.<\/span><\/p>\n<p><span style=\"font-weight: 400;\">Amigos, Dios anhela que todos disfrutemos de una vida abundante aqu\u00ed y ahora, as\u00ed como en la eternidad. Las aberraciones en la sexualidad humana (fornicaci\u00f3n, adulterio, homosexualidad, libertinaje, bestialidad y otras actividades sexuales no b\u00edblicas) no son aceptables para Dios porque destrozan la vida que \u00c9l anhela darnos, trayendo pecado y tristeza a su paso.<\/span><\/p>\n<p><span style=\"font-weight: 400;\">La Biblia es expl\u00edcita sobre este tema en particular. En <\/span><span style=\"font-weight: 400;\">Romanos 1:24-27<\/span><span style=\"font-weight: 400;\"> we read, <\/span><span style=\"font-weight: 400;\">\u201cPor lo cual tambi\u00e9n Dios los entreg\u00f3 a la inmundicia, en las concupiscencias de sus corazones, de modo que deshonraron entre s\u00ed sus propios cuerpos, ya que cambiaron la verdad de Dios por la mentira, honrando y dando culto a las criaturas antes que al Creador\u2026 Por esto Dios los entreg\u00f3 a pasiones vergonzosas; pues aun sus mujeres cambiaron el uso natural por el que es contra naturaleza, y de igual modo tambi\u00e9n los hombres, dejando el uso natural de la mujer, se encendieron en su lascivia unos con otros, cometiendo hechos vergonzosos hombres con hombres, y recibiendo en s\u00ed mismos la retribuci\u00f3n debida a su extrav\u00edo.\u201d<\/span><\/p>\n<p><span style=\"font-weight: 400;\">Sin embargo, debemos notar que este pasaje no solo identifica los pecados sexuales, sino que da una larga lista de conductas pecaminosas: codicia, envidia, asesinato, contiendas, enga\u00f1o, calumniadores, aborrecedores de Dios, violentos, orgullosos, indignos de confianza, sin amor, implacables, sin misericordia (vs. 29-31), y muchos m\u00e1s. Esto nos recuerda que todo pecado es aborrecible para Dios y que todos somos pecadores y necesitamos un Salvador.<\/span><\/p>\n<p><span style=\"font-weight: 400;\">Un pasaje tremendamente esperanzador se encuentra en <\/span><span style=\"font-weight: 400;\">1 Corintios 6:9-11<\/span><span style=\"font-weight: 400;\">, donde encontramos una lista similar de pecados, seguida de una maravillosa promesa. <\/span><span style=\"font-weight: 400;\">\u201c\u00bfNo sab\u00e9is que los injustos no heredar\u00e1n el reino de Dios? No err\u00e9is; ni los fornicarios, ni los id\u00f3latras, ni los ad\u00falteros, ni los afeminados, ni los que se echan con varones, ni los ladrones, ni los avaros, ni los borrachos, ni los maldicientes, ni los estafadores, heredar\u00e1n el reino de Dios.\u201d<\/span><\/p>\n<p><span style=\"font-weight: 400;\">Y ahora tenemos un vers\u00edculo lleno de esperanza: <\/span><span style=\"font-weight: 400;\">\u201cY esto erais algunos; mas ya hab\u00e9is sido lavados, ya hab\u00e9is sido santificados, ya hab\u00e9is sido justificados en el nombre del Se\u00f1or Jes\u00fas, y por el Esp\u00edritu de nuestro Dios.\u201d<\/span><\/p>\n<p><span style=\"font-weight: 400;\">\u00a1Alabado sea Dios, nada es demasiado dif\u00edcil para \u00c9l! <\/span><span style=\"font-weight: 400;\">\u00abSi confesamos nuestros pecados, \u00e9l es fiel y justo para perdonarnos nuestros pecados y limpiarnos de toda maldad\u00bb (1 Juan 1:9).<\/span><\/p>\n<p><span style=\"font-weight: 400;\">\u00a0<\/span> <span style=\"font-weight: 400;\">Cuando nos apoyamos completamente en el poder y los m\u00e9ritos de Jesucristo, se produce el cambio. Por eso los borrachos se vuelven sobrios. Por eso las personas ego\u00edstas se vuelven generosas. Por eso los drogadictos se vuelven limpios. Es por eso que las personas inmorales se convierten en est\u00e1ndares de moralidad, debido al poder sobrenatural de Dios mismo, que act\u00faa en una vida. Entonces, si alguien dice: \u00abOh, yo soy as\u00ed\u00bb, est\u00e1 negando el poder mismo de Dios que nos da la victoria.<\/span><\/p>\n<p><span style=\"font-weight: 400;\">\u00a0<\/span> <span style=\"font-weight: 400;\">Aqu\u00ed hay una promesa asombrosa que me gustar\u00eda compartir con ustedes del libro Ministerio de Curaci\u00f3n: <\/span><span style=\"font-weight: 400;\">\u201cQuienes conf\u00edan en Cristo no han de ser esclavos de tendencias y h\u00e1bitos hereditarios o adquiridos. En vez de quedar sujetos a la naturaleza inferior, han de dominar sus apetitos y pasiones. Dios no deja que peleemos contra el mal con nuestras fuerzas limitadas. Cualesquiera que sean las tendencias al mal, que hayamos heredado o cultivado, podemos vencerlas mediante la fuerza que Dios est\u00e1 pronto a darnos.\u201d (MC 131.1).<\/span><\/p>\n<p><span style=\"font-weight: 400;\">\u00a0<\/span> <span style=\"font-weight: 400;\">Y cuando captamos su asombroso poder, nos convertimos en nuevas criaturas en Cristo. Leemos en 2 Corintios 5:17: <\/span><span style=\"font-weight: 400;\">\u201cDe modo que si alguno est\u00e1 en Cristo\u201d<\/span><span style=\"font-weight: 400;\"> y aqu\u00ed est\u00e1 la clave, <\/span><span style=\"font-weight: 400;\">\u201cnueva criatura es; las cosas viejas pasaron; he aqu\u00ed todas son hechas nuevas.\u201d<\/span><span style=\"font-weight: 400;\"> Podemos creer lo que Dios nos promete en Su Palabra.<\/span><\/p>\n<p><span style=\"font-weight: 400;\">\u00a0<\/span> <span style=\"font-weight: 400;\">Mis hermanas y hermanos, ahora es el momento de ser proactivos en el amor, en el respeto, en el cuidado, compartiendo con las personas lo que dice la Biblia; compartiendo la maravillosa verdad de que Jes\u00fas nos salva plena y completamente cuando nos rendimos a \u00c9l. Es el mensaje m\u00e1s amoroso que podemos dar.<\/span><\/p>\n<p><span style=\"font-weight: 400;\">Seamos de valor. La Palabra de Dios no fallar\u00e1. \u00c9l tiene el control y har\u00e1 que Su Iglesia salga adelante. Seamos amables, cuidadosos y amorosos. Pero es hora de compartir lo que la Biblia tiene que decir, porque Jes\u00fas vendr\u00e1 pronto.<\/span><\/p>\n<p>Los invito a orar conmigo ahora mismo.<\/p>\n<p><span style=\"font-weight: 400;\">Padre Celestial, gu\u00edanos a cada uno de nosotros mientras guiamos a las personas a qui\u00e9n puede cambiar nuestras vidas maravillosamente. Al que puede tomar a aquellos que est\u00e1n en pecado, en dilemas y frustraciones y convertir sus vidas en algo hermoso. Siguiendo los principios b\u00edblicos de las instrucciones celestiales de Dios. Se\u00f1or, te pedimos que nos des poder para vivir puros en vidas adulteradas, no por nuestro propio poder, sino por el poder del Esp\u00edritu Santo que vive en nosotros.<\/span><\/p>\n<p><span style=\"font-weight: 400;\">Gracias por escucharnos en esta oraci\u00f3n. Gu\u00edanos mientras te seguimos y seguimos tu palabra escrita. Permite que la palabra cambie nuestras vidas a trav\u00e9s de una conexi\u00f3n con el cielo. Gracias por darnos la victoria en Jes\u00fas. Todo esto te lo pedimos en nombre de nuestro maravilloso Se\u00f1or y Salvador, aquel que puede hacernos nuevas criaturas. Nuestro Se\u00f1or y Salvador Jesucristo. Am\u00e9n.\u00a0<\/span><\/p>\n","protected":false},"excerpt":{"rendered":"<p>12 de octubre del\u00a0 2023 | Silver Spring, Maryland, Estados Unidos | Ted N.C. Wilson, President de la Asociaci\u00f3n General de los Adventistas del S\u00e9ptimo D\u00eda Saludos amigos. A medida&#8230;<\/p>\n","protected":false},"author":3,"featured_media":104771,"comment_status":"closed","ping_status":"closed","sticky":false,"template":"","format":"standard","meta":{"_acf_changed":false,"footnotes":""},"categories":[14,15],"tags":[],"class_list":["post-104736","post","type-post","status-publish","format-standard","has-post-thumbnail","hentry","category-de-la-iglesia-mundial","category-rss-espanol"],"acf":[],"yoast_head":"<!-- This site is optimized with the Yoast SEO plugin v27.3 - https:\/\/yoast.com\/product\/yoast-seo-wordpress\/ -->\n<title>Un mensaje especial - Iglesia Adventista del S\u00e9ptimo D\u00eda - Divisi\u00f3n Interamericana<\/title>\n<meta name=\"robots\" content=\"index, follow, max-snippet:-1, max-image-preview:large, max-video-preview:-1\" \/>\n<link rel=\"canonical\" href=\"https:\/\/interamerica.org\/es\/2023\/10\/compartir-la-palabra-de-dios-con-amor\/\" \/>\n<meta property=\"og:locale\" content=\"es_ES\" \/>\n<meta property=\"og:type\" content=\"article\" \/>\n<meta property=\"og:title\" content=\"Un mensaje especial - Iglesia Adventista del S\u00e9ptimo D\u00eda - Divisi\u00f3n Interamericana\" \/>\n<meta property=\"og:description\" content=\"12 de octubre del\u00a0 2023 | Silver Spring, Maryland, Estados Unidos | Ted N.C. Wilson, President de la Asociaci\u00f3n General de los Adventistas del S\u00e9ptimo D\u00eda Saludos amigos. A medida...\" \/>\n<meta property=\"og:url\" content=\"https:\/\/interamerica.org\/es\/2023\/10\/compartir-la-palabra-de-dios-con-amor\/\" \/>\n<meta property=\"og:site_name\" content=\"Iglesia Adventista del S\u00e9ptimo D\u00eda - Divisi\u00f3n Interamericana\" \/>\n<meta property=\"article:published_time\" content=\"2023-10-13T03:37:48+00:00\" \/>\n<meta property=\"article:modified_time\" content=\"2023-10-13T14:42:37+00:00\" \/>\n<meta property=\"og:image\" content=\"https:\/\/interamerica.org\/wp-content\/uploads\/2023\/10\/a-special-message-from-elder-wilson.jpg\" \/>\n\t<meta property=\"og:image:width\" content=\"1334\" \/>\n\t<meta property=\"og:image:height\" content=\"750\" \/>\n\t<meta property=\"og:image:type\" content=\"image\/jpeg\" \/>\n<meta name=\"author\" content=\"libna\" \/>\n<meta name=\"twitter:card\" content=\"summary_large_image\" \/>\n<meta name=\"twitter:label1\" content=\"Escrito por\" \/>\n\t<meta name=\"twitter:data1\" content=\"libna\" \/>\n\t<meta name=\"twitter:label2\" content=\"Tiempo de lectura\" \/>\n\t<meta name=\"twitter:data2\" content=\"7 minutos\" \/>\n<script type=\"application\/ld+json\" class=\"yoast-schema-graph\">{\"@context\":\"https:\\\/\\\/schema.org\",\"@graph\":[{\"@type\":\"Article\",\"@id\":\"https:\\\/\\\/interamerica.org\\\/es\\\/2023\\\/10\\\/compartir-la-palabra-de-dios-con-amor\\\/#article\",\"isPartOf\":{\"@id\":\"https:\\\/\\\/interamerica.org\\\/es\\\/2023\\\/10\\\/compartir-la-palabra-de-dios-con-amor\\\/\"},\"author\":{\"name\":\"libna\",\"@id\":\"https:\\\/\\\/interamerica.org\\\/es\\\/#\\\/schema\\\/person\\\/29998f2bc2d8bd0d38662909289b54f1\"},\"headline\":\"Un mensaje especial\",\"datePublished\":\"2023-10-13T03:37:48+00:00\",\"dateModified\":\"2023-10-13T14:42:37+00:00\",\"mainEntityOfPage\":{\"@id\":\"https:\\\/\\\/interamerica.org\\\/es\\\/2023\\\/10\\\/compartir-la-palabra-de-dios-con-amor\\\/\"},\"wordCount\":1512,\"image\":{\"@id\":\"https:\\\/\\\/interamerica.org\\\/es\\\/2023\\\/10\\\/compartir-la-palabra-de-dios-con-amor\\\/#primaryimage\"},\"thumbnailUrl\":\"https:\\\/\\\/interamerica.org\\\/wp-content\\\/uploads\\\/2023\\\/10\\\/a-special-message-from-elder-wilson.jpg\",\"articleSection\":[\"Desde la iglesia mundial\",\"RSS Espa\u00f1ol\"],\"inLanguage\":\"es\"},{\"@type\":\"WebPage\",\"@id\":\"https:\\\/\\\/interamerica.org\\\/es\\\/2023\\\/10\\\/compartir-la-palabra-de-dios-con-amor\\\/\",\"url\":\"https:\\\/\\\/interamerica.org\\\/es\\\/2023\\\/10\\\/compartir-la-palabra-de-dios-con-amor\\\/\",\"name\":\"Un mensaje especial - Iglesia Adventista del S\u00e9ptimo D\u00eda - Divisi\u00f3n Interamericana\",\"isPartOf\":{\"@id\":\"https:\\\/\\\/interamerica.org\\\/es\\\/#website\"},\"primaryImageOfPage\":{\"@id\":\"https:\\\/\\\/interamerica.org\\\/es\\\/2023\\\/10\\\/compartir-la-palabra-de-dios-con-amor\\\/#primaryimage\"},\"image\":{\"@id\":\"https:\\\/\\\/interamerica.org\\\/es\\\/2023\\\/10\\\/compartir-la-palabra-de-dios-con-amor\\\/#primaryimage\"},\"thumbnailUrl\":\"https:\\\/\\\/interamerica.org\\\/wp-content\\\/uploads\\\/2023\\\/10\\\/a-special-message-from-elder-wilson.jpg\",\"datePublished\":\"2023-10-13T03:37:48+00:00\",\"dateModified\":\"2023-10-13T14:42:37+00:00\",\"author\":{\"@id\":\"https:\\\/\\\/interamerica.org\\\/es\\\/#\\\/schema\\\/person\\\/29998f2bc2d8bd0d38662909289b54f1\"},\"breadcrumb\":{\"@id\":\"https:\\\/\\\/interamerica.org\\\/es\\\/2023\\\/10\\\/compartir-la-palabra-de-dios-con-amor\\\/#breadcrumb\"},\"inLanguage\":\"es\",\"potentialAction\":[{\"@type\":\"ReadAction\",\"target\":[\"https:\\\/\\\/interamerica.org\\\/es\\\/2023\\\/10\\\/compartir-la-palabra-de-dios-con-amor\\\/\"]}]},{\"@type\":\"ImageObject\",\"inLanguage\":\"es\",\"@id\":\"https:\\\/\\\/interamerica.org\\\/es\\\/2023\\\/10\\\/compartir-la-palabra-de-dios-con-amor\\\/#primaryimage\",\"url\":\"https:\\\/\\\/interamerica.org\\\/wp-content\\\/uploads\\\/2023\\\/10\\\/a-special-message-from-elder-wilson.jpg\",\"contentUrl\":\"https:\\\/\\\/interamerica.org\\\/wp-content\\\/uploads\\\/2023\\\/10\\\/a-special-message-from-elder-wilson.jpg\",\"width\":1334,\"height\":750},{\"@type\":\"BreadcrumbList\",\"@id\":\"https:\\\/\\\/interamerica.org\\\/es\\\/2023\\\/10\\\/compartir-la-palabra-de-dios-con-amor\\\/#breadcrumb\",\"itemListElement\":[{\"@type\":\"ListItem\",\"position\":1,\"name\":\"Home\",\"item\":\"https:\\\/\\\/interamerica.org\\\/es\\\/\"},{\"@type\":\"ListItem\",\"position\":2,\"name\":\"Un mensaje especial\"}]},{\"@type\":\"WebSite\",\"@id\":\"https:\\\/\\\/interamerica.org\\\/es\\\/#website\",\"url\":\"https:\\\/\\\/interamerica.org\\\/es\\\/\",\"name\":\"Iglesia Adventista del S\u00e9ptimo D\u00eda - Divisi\u00f3n Interamericana\",\"description\":\"\",\"potentialAction\":[{\"@type\":\"SearchAction\",\"target\":{\"@type\":\"EntryPoint\",\"urlTemplate\":\"https:\\\/\\\/interamerica.org\\\/es\\\/?s={search_term_string}\"},\"query-input\":{\"@type\":\"PropertyValueSpecification\",\"valueRequired\":true,\"valueName\":\"search_term_string\"}}],\"inLanguage\":\"es\"},{\"@type\":\"Person\",\"@id\":\"https:\\\/\\\/interamerica.org\\\/es\\\/#\\\/schema\\\/person\\\/29998f2bc2d8bd0d38662909289b54f1\",\"name\":\"libna\",\"image\":{\"@type\":\"ImageObject\",\"inLanguage\":\"es\",\"@id\":\"https:\\\/\\\/secure.gravatar.com\\\/avatar\\\/7c5bd30ae4b47a9ba3c856590957fd1d96dc588bf3ac05719d247e126840331f?s=96&d=mm&r=g\",\"url\":\"https:\\\/\\\/secure.gravatar.com\\\/avatar\\\/7c5bd30ae4b47a9ba3c856590957fd1d96dc588bf3ac05719d247e126840331f?s=96&d=mm&r=g\",\"contentUrl\":\"https:\\\/\\\/secure.gravatar.com\\\/avatar\\\/7c5bd30ae4b47a9ba3c856590957fd1d96dc588bf3ac05719d247e126840331f?s=96&d=mm&r=g\",\"caption\":\"libna\"}}]}<\/script>\n<!-- \/ Yoast SEO plugin. -->","yoast_head_json":{"title":"Un mensaje especial - Iglesia Adventista del S\u00e9ptimo D\u00eda - Divisi\u00f3n Interamericana","robots":{"index":"index","follow":"follow","max-snippet":"max-snippet:-1","max-image-preview":"max-image-preview:large","max-video-preview":"max-video-preview:-1"},"canonical":"https:\/\/interamerica.org\/es\/2023\/10\/compartir-la-palabra-de-dios-con-amor\/","og_locale":"es_ES","og_type":"article","og_title":"Un mensaje especial - Iglesia Adventista del S\u00e9ptimo D\u00eda - Divisi\u00f3n Interamericana","og_description":"12 de octubre del\u00a0 2023 | Silver Spring, Maryland, Estados Unidos | Ted N.C. Wilson, President de la Asociaci\u00f3n General de los Adventistas del S\u00e9ptimo D\u00eda Saludos amigos. A medida...","og_url":"https:\/\/interamerica.org\/es\/2023\/10\/compartir-la-palabra-de-dios-con-amor\/","og_site_name":"Iglesia Adventista del S\u00e9ptimo D\u00eda - Divisi\u00f3n Interamericana","article_published_time":"2023-10-13T03:37:48+00:00","article_modified_time":"2023-10-13T14:42:37+00:00","og_image":[{"width":1334,"height":750,"url":"https:\/\/interamerica.org\/wp-content\/uploads\/2023\/10\/a-special-message-from-elder-wilson.jpg","type":"image\/jpeg"}],"author":"libna","twitter_card":"summary_large_image","twitter_misc":{"Escrito por":"libna","Tiempo de lectura":"7 minutos"},"schema":{"@context":"https:\/\/schema.org","@graph":[{"@type":"Article","@id":"https:\/\/interamerica.org\/es\/2023\/10\/compartir-la-palabra-de-dios-con-amor\/#article","isPartOf":{"@id":"https:\/\/interamerica.org\/es\/2023\/10\/compartir-la-palabra-de-dios-con-amor\/"},"author":{"name":"libna","@id":"https:\/\/interamerica.org\/es\/#\/schema\/person\/29998f2bc2d8bd0d38662909289b54f1"},"headline":"Un mensaje especial","datePublished":"2023-10-13T03:37:48+00:00","dateModified":"2023-10-13T14:42:37+00:00","mainEntityOfPage":{"@id":"https:\/\/interamerica.org\/es\/2023\/10\/compartir-la-palabra-de-dios-con-amor\/"},"wordCount":1512,"image":{"@id":"https:\/\/interamerica.org\/es\/2023\/10\/compartir-la-palabra-de-dios-con-amor\/#primaryimage"},"thumbnailUrl":"https:\/\/interamerica.org\/wp-content\/uploads\/2023\/10\/a-special-message-from-elder-wilson.jpg","articleSection":["Desde la iglesia mundial","RSS Espa\u00f1ol"],"inLanguage":"es"},{"@type":"WebPage","@id":"https:\/\/interamerica.org\/es\/2023\/10\/compartir-la-palabra-de-dios-con-amor\/","url":"https:\/\/interamerica.org\/es\/2023\/10\/compartir-la-palabra-de-dios-con-amor\/","name":"Un mensaje especial - Iglesia Adventista del S\u00e9ptimo D\u00eda - Divisi\u00f3n Interamericana","isPartOf":{"@id":"https:\/\/interamerica.org\/es\/#website"},"primaryImageOfPage":{"@id":"https:\/\/interamerica.org\/es\/2023\/10\/compartir-la-palabra-de-dios-con-amor\/#primaryimage"},"image":{"@id":"https:\/\/interamerica.org\/es\/2023\/10\/compartir-la-palabra-de-dios-con-amor\/#primaryimage"},"thumbnailUrl":"https:\/\/interamerica.org\/wp-content\/uploads\/2023\/10\/a-special-message-from-elder-wilson.jpg","datePublished":"2023-10-13T03:37:48+00:00","dateModified":"2023-10-13T14:42:37+00:00","author":{"@id":"https:\/\/interamerica.org\/es\/#\/schema\/person\/29998f2bc2d8bd0d38662909289b54f1"},"breadcrumb":{"@id":"https:\/\/interamerica.org\/es\/2023\/10\/compartir-la-palabra-de-dios-con-amor\/#breadcrumb"},"inLanguage":"es","potentialAction":[{"@type":"ReadAction","target":["https:\/\/interamerica.org\/es\/2023\/10\/compartir-la-palabra-de-dios-con-amor\/"]}]},{"@type":"ImageObject","inLanguage":"es","@id":"https:\/\/interamerica.org\/es\/2023\/10\/compartir-la-palabra-de-dios-con-amor\/#primaryimage","url":"https:\/\/interamerica.org\/wp-content\/uploads\/2023\/10\/a-special-message-from-elder-wilson.jpg","contentUrl":"https:\/\/interamerica.org\/wp-content\/uploads\/2023\/10\/a-special-message-from-elder-wilson.jpg","width":1334,"height":750},{"@type":"BreadcrumbList","@id":"https:\/\/interamerica.org\/es\/2023\/10\/compartir-la-palabra-de-dios-con-amor\/#breadcrumb","itemListElement":[{"@type":"ListItem","position":1,"name":"Home","item":"https:\/\/interamerica.org\/es\/"},{"@type":"ListItem","position":2,"name":"Un mensaje especial"}]},{"@type":"WebSite","@id":"https:\/\/interamerica.org\/es\/#website","url":"https:\/\/interamerica.org\/es\/","name":"Iglesia Adventista del S\u00e9ptimo D\u00eda - Divisi\u00f3n Interamericana","description":"","potentialAction":[{"@type":"SearchAction","target":{"@type":"EntryPoint","urlTemplate":"https:\/\/interamerica.org\/es\/?s={search_term_string}"},"query-input":{"@type":"PropertyValueSpecification","valueRequired":true,"valueName":"search_term_string"}}],"inLanguage":"es"},{"@type":"Person","@id":"https:\/\/interamerica.org\/es\/#\/schema\/person\/29998f2bc2d8bd0d38662909289b54f1","name":"libna","image":{"@type":"ImageObject","inLanguage":"es","@id":"https:\/\/secure.gravatar.com\/avatar\/7c5bd30ae4b47a9ba3c856590957fd1d96dc588bf3ac05719d247e126840331f?s=96&d=mm&r=g","url":"https:\/\/secure.gravatar.com\/avatar\/7c5bd30ae4b47a9ba3c856590957fd1d96dc588bf3ac05719d247e126840331f?s=96&d=mm&r=g","contentUrl":"https:\/\/secure.gravatar.com\/avatar\/7c5bd30ae4b47a9ba3c856590957fd1d96dc588bf3ac05719d247e126840331f?s=96&d=mm&r=g","caption":"libna"}}]}},"_links":{"self":[{"href":"https:\/\/interamerica.org\/es\/wp-json\/wp\/v2\/posts\/104736","targetHints":{"allow":["GET"]}}],"collection":[{"href":"https:\/\/interamerica.org\/es\/wp-json\/wp\/v2\/posts"}],"about":[{"href":"https:\/\/interamerica.org\/es\/wp-json\/wp\/v2\/types\/post"}],"author":[{"embeddable":true,"href":"https:\/\/interamerica.org\/es\/wp-json\/wp\/v2\/users\/3"}],"replies":[{"embeddable":true,"href":"https:\/\/interamerica.org\/es\/wp-json\/wp\/v2\/comments?post=104736"}],"version-history":[{"count":0,"href":"https:\/\/interamerica.org\/es\/wp-json\/wp\/v2\/posts\/104736\/revisions"}],"wp:featuredmedia":[{"embeddable":true,"href":"https:\/\/interamerica.org\/es\/wp-json\/wp\/v2\/media\/104771"}],"wp:attachment":[{"href":"https:\/\/interamerica.org\/es\/wp-json\/wp\/v2\/media?parent=104736"}],"wp:term":[{"taxonomy":"category","embeddable":true,"href":"https:\/\/interamerica.org\/es\/wp-json\/wp\/v2\/categories?post=104736"},{"taxonomy":"post_tag","embeddable":true,"href":"https:\/\/interamerica.org\/es\/wp-json\/wp\/v2\/tags?post=104736"}],"curies":[{"name":"wp","href":"https:\/\/api.w.org\/{rel}","templated":true}]}}