{"id":104760,"date":"2023-10-12T15:33:29","date_gmt":"2023-10-12T19:33:29","guid":{"rendered":"https:\/\/interamerica.org\/?p=104760"},"modified":"2023-10-13T11:31:17","modified_gmt":"2023-10-13T15:31:17","slug":"programa-anual-de-certificacion-pastoral-concluye-durante-evento-en-linea","status":"publish","type":"post","link":"https:\/\/interamerica.org\/es\/2023\/10\/programa-anual-de-certificacion-pastoral-concluye-durante-evento-en-linea\/","title":{"rendered":"Programa anual de certificaci\u00f3n pastoral concluye durante evento en l\u00ednea"},"content":{"rendered":"<p>12 de octubre de 2023 | Miami, Florida, Estados Unidos | Libna Stevens, Noticias de la Divisi\u00f3n Interamericana<\/p>\n<p>Los pastores adventistas del s\u00e9ptimo d\u00eda de distrito local en toda la Divisi\u00f3n Interamericana [DIA] celebrar\u00e1n el 25 de octubre de 2023 la culminaci\u00f3n del programa de certificaci\u00f3n de entrenamiento llevado a cabo en todo el territorio, este a\u00f1o. Este evento anual es parte de un amplio programa de certificaci\u00f3n cuyo prop\u00f3sito es equipar mejor a los pastores al ministrar en favor de m\u00e1s de 23,000 iglesias en el territorio.<\/p>\n<p>Este a\u00f1o, el evento en l\u00ednea de una hora y media de duraci\u00f3n, enfatizar\u00e1 el programa de crecimiento en liderazgo de discipulado que se lleva a cabo en todo el territorio, dijo el pastor Josney Rodr\u00edguez, secretario de la asociaci\u00f3n ministerial de la DIA. \u201cA trav\u00e9s de estos meses hemos estado reafirmando la importancia de permitirle al Esp\u00edritu Santo actuar en lo referente a reavivamiento y reforma en el crecimiento espiritual de cada miembro de la iglesia\u201d, dijo el pastor Rodr\u00edguez. \u00abEs importante trabajar unidos como ministros, ancianos de iglesia y dirigentes de la iglesia, bajo la direcci\u00f3n del Esp\u00edritu Santo, a fin de mantener ese ambiente de crecimiento espiritual y discipulado que se necesita a fin de que el mensaje del evangelio pueda continuar esparci\u00e9ndose en cada comunidad. No se trata de una iniciativa, programa o evento, sino de la unci\u00f3n del Esp\u00edritu Santo\u201d, a\u00f1adi\u00f3.<\/p>\n<p><div id=\"attachment_104710\" style=\"width: 546px\" class=\"wp-caption aligncenter\"><img fetchpriority=\"high\" decoding=\"async\" aria-describedby=\"caption-attachment-104710\" class=\" wp-image-104710\" src=\"https:\/\/interamerica.org\/wp-content\/uploads\/2023\/05\/empoderados-682x1024.jpeg\" alt=\"\" width=\"536\" height=\"804\" srcset=\"https:\/\/interamerica.org\/wp-content\/uploads\/2023\/05\/empoderados-682x1024.jpeg 682w, https:\/\/interamerica.org\/wp-content\/uploads\/2023\/05\/empoderados-200x300.jpeg 200w, https:\/\/interamerica.org\/wp-content\/uploads\/2023\/05\/empoderados-768x1153.jpeg 768w, https:\/\/interamerica.org\/wp-content\/uploads\/2023\/05\/empoderados-1023x1536.jpeg 1023w, https:\/\/interamerica.org\/wp-content\/uploads\/2023\/05\/empoderados.jpeg 1066w\" sizes=\"(max-width: 536px) 100vw, 536px\" \/><p id=\"caption-attachment-104710\" class=\"wp-caption-text\">[Imagen: Secretaria Ministerial DIA]<\/p><\/div>Los pastores y sus esposas recibir\u00e1n su certificado de haber cursado las 20 horas de instrucci\u00f3n que recibieron como parte de un programa especial certificado por el Seminario Teol\u00f3gico Adventista de la Divisi\u00f3n Interamericana durante los pasados cuatro a\u00f1os.<\/p>\n<p>Con el tema \u201cEmpoderados \u2013 Secretos de Reavivamiento y Crecimiento Espiritual en el Reino de Dios\u201d, la ceremonia de certificaci\u00f3n incluir\u00e1 mensajes principales por parte de dirigentes de la DIA e incluir\u00e1 tambi\u00e9n una ceremonia especial en honor de pastores de distrito y sus familias por su dedicaci\u00f3n y entrega a la misi\u00f3n.<\/p>\n<p>Este programa cae en un mes en el cual las congregaciones de la iglesia en todo el territorio toman tiempo para honrar y mostrar su aprecio por el ministerio de su pastor y la familia pastoral. La mayor\u00eda de los pastores de la DIA dirigen dos, cinco, doce y hasta 20 congregaciones, explic\u00f3 el pastor Rodr\u00edguez. \u201cEste evento es una buena oportunidad para mostrarles aprecio por su liderazgo y entrega cada d\u00eda\u201d.<\/p>\n<p>Para ver este programa en vivo el mi\u00e9rcoles 25 de octubre, de 4:00 p.m. a 5:30 p.m. tiempo de Miami, Florida, en ingl\u00e9s, espa\u00f1ol y franc\u00e9s, pulsa <a href=\"https:\/\/www.youtube.com\/c\/InterAmericanDivision\">webcast.interamerica.org<\/a><\/p>\n<p>Traducci\u00f3n \u2013 Gloria A. Castrej\u00f3n<\/p>\n","protected":false},"excerpt":{"rendered":"<p>12 de octubre de 2023 | Miami, Florida, Estados Unidos | Libna Stevens, Noticias de la Divisi\u00f3n Interamericana Los pastores adventistas del s\u00e9ptimo d\u00eda de distrito local en toda la&#8230;<\/p>\n","protected":false},"author":3,"featured_media":104693,"comment_status":"closed","ping_status":"closed","sticky":false,"template":"","format":"standard","meta":{"_acf_changed":false,"footnotes":""},"categories":[16,15],"tags":[],"class_list":["post-104760","post","type-post","status-publish","format-standard","has-post-thumbnail","hentry","category-desde-la-sede","category-rss-espanol"],"acf":[],"yoast_head":"<!-- This site is optimized with the Yoast SEO plugin v27.3 - https:\/\/yoast.com\/product\/yoast-seo-wordpress\/ -->\n<title>Programa anual de certificaci\u00f3n pastoral concluye durante evento en l\u00ednea - Iglesia Adventista del S\u00e9ptimo D\u00eda - Divisi\u00f3n Interamericana<\/title>\n<meta name=\"robots\" content=\"index, follow, max-snippet:-1, max-image-preview:large, max-video-preview:-1\" \/>\n<link rel=\"canonical\" href=\"https:\/\/interamerica.org\/es\/2023\/10\/programa-anual-de-certificacion-pastoral-concluye-durante-evento-en-linea\/\" \/>\n<meta property=\"og:locale\" content=\"es_ES\" \/>\n<meta property=\"og:type\" content=\"article\" \/>\n<meta property=\"og:title\" content=\"Programa anual de certificaci\u00f3n pastoral concluye durante evento en l\u00ednea - Iglesia Adventista del S\u00e9ptimo D\u00eda - Divisi\u00f3n Interamericana\" \/>\n<meta property=\"og:description\" content=\"12 de octubre de 2023 | Miami, Florida, Estados Unidos | Libna Stevens, Noticias de la Divisi\u00f3n Interamericana Los pastores adventistas del s\u00e9ptimo d\u00eda de distrito local en toda la...\" \/>\n<meta property=\"og:url\" content=\"https:\/\/interamerica.org\/es\/2023\/10\/programa-anual-de-certificacion-pastoral-concluye-durante-evento-en-linea\/\" \/>\n<meta property=\"og:site_name\" content=\"Iglesia Adventista del S\u00e9ptimo D\u00eda - Divisi\u00f3n Interamericana\" \/>\n<meta property=\"article:published_time\" content=\"2023-10-12T19:33:29+00:00\" \/>\n<meta property=\"article:modified_time\" content=\"2023-10-13T15:31:17+00:00\" \/>\n<meta property=\"og:image\" content=\"https:\/\/interamerica.org\/wp-content\/uploads\/2023\/10\/jeshoots-com-ltnvqhdkkmw-unsplash-scaled.jpg\" \/>\n\t<meta property=\"og:image:width\" content=\"2560\" \/>\n\t<meta property=\"og:image:height\" content=\"1707\" \/>\n\t<meta property=\"og:image:type\" content=\"image\/jpeg\" \/>\n<meta name=\"author\" content=\"libna\" \/>\n<meta name=\"twitter:card\" content=\"summary_large_image\" \/>\n<meta name=\"twitter:label1\" content=\"Escrito por\" \/>\n\t<meta name=\"twitter:data1\" content=\"libna\" \/>\n\t<meta name=\"twitter:label2\" content=\"Tiempo de lectura\" \/>\n\t<meta name=\"twitter:data2\" content=\"3 minutos\" \/>\n<script type=\"application\/ld+json\" class=\"yoast-schema-graph\">{\"@context\":\"https:\\\/\\\/schema.org\",\"@graph\":[{\"@type\":\"Article\",\"@id\":\"https:\\\/\\\/interamerica.org\\\/es\\\/2023\\\/10\\\/programa-anual-de-certificacion-pastoral-concluye-durante-evento-en-linea\\\/#article\",\"isPartOf\":{\"@id\":\"https:\\\/\\\/interamerica.org\\\/es\\\/2023\\\/10\\\/programa-anual-de-certificacion-pastoral-concluye-durante-evento-en-linea\\\/\"},\"author\":{\"name\":\"libna\",\"@id\":\"https:\\\/\\\/interamerica.org\\\/es\\\/#\\\/schema\\\/person\\\/29998f2bc2d8bd0d38662909289b54f1\"},\"headline\":\"Programa anual de certificaci\u00f3n pastoral concluye durante evento en l\u00ednea\",\"datePublished\":\"2023-10-12T19:33:29+00:00\",\"dateModified\":\"2023-10-13T15:31:17+00:00\",\"mainEntityOfPage\":{\"@id\":\"https:\\\/\\\/interamerica.org\\\/es\\\/2023\\\/10\\\/programa-anual-de-certificacion-pastoral-concluye-durante-evento-en-linea\\\/\"},\"wordCount\":487,\"image\":{\"@id\":\"https:\\\/\\\/interamerica.org\\\/es\\\/2023\\\/10\\\/programa-anual-de-certificacion-pastoral-concluye-durante-evento-en-linea\\\/#primaryimage\"},\"thumbnailUrl\":\"https:\\\/\\\/interamerica.org\\\/wp-content\\\/uploads\\\/2023\\\/10\\\/jeshoots-com-ltnvqhdkkmw-unsplash-scaled.jpg\",\"articleSection\":[\"Desde la sede\",\"RSS Espa\u00f1ol\"],\"inLanguage\":\"es\"},{\"@type\":\"WebPage\",\"@id\":\"https:\\\/\\\/interamerica.org\\\/es\\\/2023\\\/10\\\/programa-anual-de-certificacion-pastoral-concluye-durante-evento-en-linea\\\/\",\"url\":\"https:\\\/\\\/interamerica.org\\\/es\\\/2023\\\/10\\\/programa-anual-de-certificacion-pastoral-concluye-durante-evento-en-linea\\\/\",\"name\":\"Programa anual de certificaci\u00f3n pastoral concluye durante evento en l\u00ednea - Iglesia Adventista del S\u00e9ptimo D\u00eda - Divisi\u00f3n Interamericana\",\"isPartOf\":{\"@id\":\"https:\\\/\\\/interamerica.org\\\/es\\\/#website\"},\"primaryImageOfPage\":{\"@id\":\"https:\\\/\\\/interamerica.org\\\/es\\\/2023\\\/10\\\/programa-anual-de-certificacion-pastoral-concluye-durante-evento-en-linea\\\/#primaryimage\"},\"image\":{\"@id\":\"https:\\\/\\\/interamerica.org\\\/es\\\/2023\\\/10\\\/programa-anual-de-certificacion-pastoral-concluye-durante-evento-en-linea\\\/#primaryimage\"},\"thumbnailUrl\":\"https:\\\/\\\/interamerica.org\\\/wp-content\\\/uploads\\\/2023\\\/10\\\/jeshoots-com-ltnvqhdkkmw-unsplash-scaled.jpg\",\"datePublished\":\"2023-10-12T19:33:29+00:00\",\"dateModified\":\"2023-10-13T15:31:17+00:00\",\"author\":{\"@id\":\"https:\\\/\\\/interamerica.org\\\/es\\\/#\\\/schema\\\/person\\\/29998f2bc2d8bd0d38662909289b54f1\"},\"breadcrumb\":{\"@id\":\"https:\\\/\\\/interamerica.org\\\/es\\\/2023\\\/10\\\/programa-anual-de-certificacion-pastoral-concluye-durante-evento-en-linea\\\/#breadcrumb\"},\"inLanguage\":\"es\",\"potentialAction\":[{\"@type\":\"ReadAction\",\"target\":[\"https:\\\/\\\/interamerica.org\\\/es\\\/2023\\\/10\\\/programa-anual-de-certificacion-pastoral-concluye-durante-evento-en-linea\\\/\"]}]},{\"@type\":\"ImageObject\",\"inLanguage\":\"es\",\"@id\":\"https:\\\/\\\/interamerica.org\\\/es\\\/2023\\\/10\\\/programa-anual-de-certificacion-pastoral-concluye-durante-evento-en-linea\\\/#primaryimage\",\"url\":\"https:\\\/\\\/interamerica.org\\\/wp-content\\\/uploads\\\/2023\\\/10\\\/jeshoots-com-ltnvqhdkkmw-unsplash-scaled.jpg\",\"contentUrl\":\"https:\\\/\\\/interamerica.org\\\/wp-content\\\/uploads\\\/2023\\\/10\\\/jeshoots-com-ltnvqhdkkmw-unsplash-scaled.jpg\",\"width\":2560,\"height\":1707,\"caption\":\"[Photo: Jeshoots \\\/ Unsplash]\"},{\"@type\":\"BreadcrumbList\",\"@id\":\"https:\\\/\\\/interamerica.org\\\/es\\\/2023\\\/10\\\/programa-anual-de-certificacion-pastoral-concluye-durante-evento-en-linea\\\/#breadcrumb\",\"itemListElement\":[{\"@type\":\"ListItem\",\"position\":1,\"name\":\"Home\",\"item\":\"https:\\\/\\\/interamerica.org\\\/es\\\/\"},{\"@type\":\"ListItem\",\"position\":2,\"name\":\"Programa anual de certificaci\u00f3n pastoral concluye durante evento en l\u00ednea\"}]},{\"@type\":\"WebSite\",\"@id\":\"https:\\\/\\\/interamerica.org\\\/es\\\/#website\",\"url\":\"https:\\\/\\\/interamerica.org\\\/es\\\/\",\"name\":\"Iglesia Adventista del S\u00e9ptimo D\u00eda - Divisi\u00f3n Interamericana\",\"description\":\"\",\"potentialAction\":[{\"@type\":\"SearchAction\",\"target\":{\"@type\":\"EntryPoint\",\"urlTemplate\":\"https:\\\/\\\/interamerica.org\\\/es\\\/?s={search_term_string}\"},\"query-input\":{\"@type\":\"PropertyValueSpecification\",\"valueRequired\":true,\"valueName\":\"search_term_string\"}}],\"inLanguage\":\"es\"},{\"@type\":\"Person\",\"@id\":\"https:\\\/\\\/interamerica.org\\\/es\\\/#\\\/schema\\\/person\\\/29998f2bc2d8bd0d38662909289b54f1\",\"name\":\"libna\",\"image\":{\"@type\":\"ImageObject\",\"inLanguage\":\"es\",\"@id\":\"https:\\\/\\\/secure.gravatar.com\\\/avatar\\\/7c5bd30ae4b47a9ba3c856590957fd1d96dc588bf3ac05719d247e126840331f?s=96&d=mm&r=g\",\"url\":\"https:\\\/\\\/secure.gravatar.com\\\/avatar\\\/7c5bd30ae4b47a9ba3c856590957fd1d96dc588bf3ac05719d247e126840331f?s=96&d=mm&r=g\",\"contentUrl\":\"https:\\\/\\\/secure.gravatar.com\\\/avatar\\\/7c5bd30ae4b47a9ba3c856590957fd1d96dc588bf3ac05719d247e126840331f?s=96&d=mm&r=g\",\"caption\":\"libna\"}}]}<\/script>\n<!-- \/ Yoast SEO plugin. -->","yoast_head_json":{"title":"Programa anual de certificaci\u00f3n pastoral concluye durante evento en l\u00ednea - Iglesia Adventista del S\u00e9ptimo D\u00eda - Divisi\u00f3n Interamericana","robots":{"index":"index","follow":"follow","max-snippet":"max-snippet:-1","max-image-preview":"max-image-preview:large","max-video-preview":"max-video-preview:-1"},"canonical":"https:\/\/interamerica.org\/es\/2023\/10\/programa-anual-de-certificacion-pastoral-concluye-durante-evento-en-linea\/","og_locale":"es_ES","og_type":"article","og_title":"Programa anual de certificaci\u00f3n pastoral concluye durante evento en l\u00ednea - Iglesia Adventista del S\u00e9ptimo D\u00eda - Divisi\u00f3n Interamericana","og_description":"12 de octubre de 2023 | Miami, Florida, Estados Unidos | Libna Stevens, Noticias de la Divisi\u00f3n Interamericana Los pastores adventistas del s\u00e9ptimo d\u00eda de distrito local en toda la...","og_url":"https:\/\/interamerica.org\/es\/2023\/10\/programa-anual-de-certificacion-pastoral-concluye-durante-evento-en-linea\/","og_site_name":"Iglesia Adventista del S\u00e9ptimo D\u00eda - Divisi\u00f3n Interamericana","article_published_time":"2023-10-12T19:33:29+00:00","article_modified_time":"2023-10-13T15:31:17+00:00","og_image":[{"width":2560,"height":1707,"url":"https:\/\/interamerica.org\/wp-content\/uploads\/2023\/10\/jeshoots-com-ltnvqhdkkmw-unsplash-scaled.jpg","type":"image\/jpeg"}],"author":"libna","twitter_card":"summary_large_image","twitter_misc":{"Escrito por":"libna","Tiempo de lectura":"3 minutos"},"schema":{"@context":"https:\/\/schema.org","@graph":[{"@type":"Article","@id":"https:\/\/interamerica.org\/es\/2023\/10\/programa-anual-de-certificacion-pastoral-concluye-durante-evento-en-linea\/#article","isPartOf":{"@id":"https:\/\/interamerica.org\/es\/2023\/10\/programa-anual-de-certificacion-pastoral-concluye-durante-evento-en-linea\/"},"author":{"name":"libna","@id":"https:\/\/interamerica.org\/es\/#\/schema\/person\/29998f2bc2d8bd0d38662909289b54f1"},"headline":"Programa anual de certificaci\u00f3n pastoral concluye durante evento en l\u00ednea","datePublished":"2023-10-12T19:33:29+00:00","dateModified":"2023-10-13T15:31:17+00:00","mainEntityOfPage":{"@id":"https:\/\/interamerica.org\/es\/2023\/10\/programa-anual-de-certificacion-pastoral-concluye-durante-evento-en-linea\/"},"wordCount":487,"image":{"@id":"https:\/\/interamerica.org\/es\/2023\/10\/programa-anual-de-certificacion-pastoral-concluye-durante-evento-en-linea\/#primaryimage"},"thumbnailUrl":"https:\/\/interamerica.org\/wp-content\/uploads\/2023\/10\/jeshoots-com-ltnvqhdkkmw-unsplash-scaled.jpg","articleSection":["Desde la sede","RSS Espa\u00f1ol"],"inLanguage":"es"},{"@type":"WebPage","@id":"https:\/\/interamerica.org\/es\/2023\/10\/programa-anual-de-certificacion-pastoral-concluye-durante-evento-en-linea\/","url":"https:\/\/interamerica.org\/es\/2023\/10\/programa-anual-de-certificacion-pastoral-concluye-durante-evento-en-linea\/","name":"Programa anual de certificaci\u00f3n pastoral concluye durante evento en l\u00ednea - Iglesia Adventista del S\u00e9ptimo D\u00eda - Divisi\u00f3n Interamericana","isPartOf":{"@id":"https:\/\/interamerica.org\/es\/#website"},"primaryImageOfPage":{"@id":"https:\/\/interamerica.org\/es\/2023\/10\/programa-anual-de-certificacion-pastoral-concluye-durante-evento-en-linea\/#primaryimage"},"image":{"@id":"https:\/\/interamerica.org\/es\/2023\/10\/programa-anual-de-certificacion-pastoral-concluye-durante-evento-en-linea\/#primaryimage"},"thumbnailUrl":"https:\/\/interamerica.org\/wp-content\/uploads\/2023\/10\/jeshoots-com-ltnvqhdkkmw-unsplash-scaled.jpg","datePublished":"2023-10-12T19:33:29+00:00","dateModified":"2023-10-13T15:31:17+00:00","author":{"@id":"https:\/\/interamerica.org\/es\/#\/schema\/person\/29998f2bc2d8bd0d38662909289b54f1"},"breadcrumb":{"@id":"https:\/\/interamerica.org\/es\/2023\/10\/programa-anual-de-certificacion-pastoral-concluye-durante-evento-en-linea\/#breadcrumb"},"inLanguage":"es","potentialAction":[{"@type":"ReadAction","target":["https:\/\/interamerica.org\/es\/2023\/10\/programa-anual-de-certificacion-pastoral-concluye-durante-evento-en-linea\/"]}]},{"@type":"ImageObject","inLanguage":"es","@id":"https:\/\/interamerica.org\/es\/2023\/10\/programa-anual-de-certificacion-pastoral-concluye-durante-evento-en-linea\/#primaryimage","url":"https:\/\/interamerica.org\/wp-content\/uploads\/2023\/10\/jeshoots-com-ltnvqhdkkmw-unsplash-scaled.jpg","contentUrl":"https:\/\/interamerica.org\/wp-content\/uploads\/2023\/10\/jeshoots-com-ltnvqhdkkmw-unsplash-scaled.jpg","width":2560,"height":1707,"caption":"[Photo: Jeshoots \/ Unsplash]"},{"@type":"BreadcrumbList","@id":"https:\/\/interamerica.org\/es\/2023\/10\/programa-anual-de-certificacion-pastoral-concluye-durante-evento-en-linea\/#breadcrumb","itemListElement":[{"@type":"ListItem","position":1,"name":"Home","item":"https:\/\/interamerica.org\/es\/"},{"@type":"ListItem","position":2,"name":"Programa anual de certificaci\u00f3n pastoral concluye durante evento en l\u00ednea"}]},{"@type":"WebSite","@id":"https:\/\/interamerica.org\/es\/#website","url":"https:\/\/interamerica.org\/es\/","name":"Iglesia Adventista del S\u00e9ptimo D\u00eda - Divisi\u00f3n Interamericana","description":"","potentialAction":[{"@type":"SearchAction","target":{"@type":"EntryPoint","urlTemplate":"https:\/\/interamerica.org\/es\/?s={search_term_string}"},"query-input":{"@type":"PropertyValueSpecification","valueRequired":true,"valueName":"search_term_string"}}],"inLanguage":"es"},{"@type":"Person","@id":"https:\/\/interamerica.org\/es\/#\/schema\/person\/29998f2bc2d8bd0d38662909289b54f1","name":"libna","image":{"@type":"ImageObject","inLanguage":"es","@id":"https:\/\/secure.gravatar.com\/avatar\/7c5bd30ae4b47a9ba3c856590957fd1d96dc588bf3ac05719d247e126840331f?s=96&d=mm&r=g","url":"https:\/\/secure.gravatar.com\/avatar\/7c5bd30ae4b47a9ba3c856590957fd1d96dc588bf3ac05719d247e126840331f?s=96&d=mm&r=g","contentUrl":"https:\/\/secure.gravatar.com\/avatar\/7c5bd30ae4b47a9ba3c856590957fd1d96dc588bf3ac05719d247e126840331f?s=96&d=mm&r=g","caption":"libna"}}]}},"_links":{"self":[{"href":"https:\/\/interamerica.org\/es\/wp-json\/wp\/v2\/posts\/104760","targetHints":{"allow":["GET"]}}],"collection":[{"href":"https:\/\/interamerica.org\/es\/wp-json\/wp\/v2\/posts"}],"about":[{"href":"https:\/\/interamerica.org\/es\/wp-json\/wp\/v2\/types\/post"}],"author":[{"embeddable":true,"href":"https:\/\/interamerica.org\/es\/wp-json\/wp\/v2\/users\/3"}],"replies":[{"embeddable":true,"href":"https:\/\/interamerica.org\/es\/wp-json\/wp\/v2\/comments?post=104760"}],"version-history":[{"count":0,"href":"https:\/\/interamerica.org\/es\/wp-json\/wp\/v2\/posts\/104760\/revisions"}],"wp:featuredmedia":[{"embeddable":true,"href":"https:\/\/interamerica.org\/es\/wp-json\/wp\/v2\/media\/104693"}],"wp:attachment":[{"href":"https:\/\/interamerica.org\/es\/wp-json\/wp\/v2\/media?parent=104760"}],"wp:term":[{"taxonomy":"category","embeddable":true,"href":"https:\/\/interamerica.org\/es\/wp-json\/wp\/v2\/categories?post=104760"},{"taxonomy":"post_tag","embeddable":true,"href":"https:\/\/interamerica.org\/es\/wp-json\/wp\/v2\/tags?post=104760"}],"curies":[{"name":"wp","href":"https:\/\/api.w.org\/{rel}","templated":true}]}}