{"id":10479,"date":"2005-03-22T00:00:00","date_gmt":"2005-03-22T04:00:00","guid":{"rendered":"http:\/\/192.81.217.108\/interamerica\/2005\/03\/turkmenistan-se-permiten-continuar-servicios-a-la-iglesia-adventista\/"},"modified":"2017-06-02T09:17:41","modified_gmt":"2017-06-02T13:17:41","slug":"turkmenistan-se-permiten-continuar-servicios-a-la-iglesia-adventista","status":"publish","type":"post","link":"https:\/\/interamerica.org\/es\/2005\/03\/turkmenistan-se-permiten-continuar-servicios-a-la-iglesia-adventista\/","title":{"rendered":"Turkmenist\u00e1n:\u00a0 Se Permiten Continuar Servicios a la Iglesia Adventista"},"content":{"rendered":"<p>Ashkhabad, Turkmenist\u00e1n &#8230;. [Mark A. Kellner\/ANN]<\/p>\n<p>Cinco a\u00f1os y cuatro meses despu\u00e9s de que demolieran un edificio de la iglesia Adventista del S\u00e9ptimo D\u00eda, el gobierno de Turkmenist\u00e1n permiti\u00f3 que la congregaci\u00f3n local tenga servicios de adoraci\u00f3n un S\u00e1bado semanal, o d\u00eda de reposo.<\/p>\n<p>La Iglesia anunci\u00f3 que entre 75 y 80 personas asistieron al primer servicio, incluyendo oficiales locales de la ciudad de Ashkhabad.<\/p>\n<p>\u00abSe nos permiti\u00f3 alquilar un lugar que permanecer\u00e1 disponible hasta el final de este a\u00f1o,\u00bb dijo Pavel Fedotov, presidente de la Iglesia Adventista en Turkmenist\u00e1n, en un mensaje a los l\u00edderes de la iglesia.<\/p>\n<p>\u00abTambi\u00e9n vinieron unos hu\u00e9spedes oficiales de la administraci\u00f3n de la ciudad, y felicitaron nuestra iglesia por su primera reuni\u00f3n en este sal\u00f3n,\u00bb dijo Fedotov.<\/p>\n<p>\u00abLa reacci\u00f3n de los miembros dio animo\u00bb, agreg\u00f3 \u00e9l, \u00abA todos nos gust\u00f3 este lugar, pues hemos estado ansiosos por reunirnos y fue un d\u00eda de fiesta muy grande para todos nosotros.\u00bb<\/p>\n<p>La reanudaci\u00f3n de la adoraci\u00f3n p\u00fablica semanal para la Iglesia Adventista en Turkmenist\u00e1n puede representar otro escal\u00f3n hacia la libertad religiosa all\u00ed.\u00a0 Lo que para muchas partes del mundo se de por sentado &#8212; el derecho de reunirse en forma pacifica para servicios de adoraci\u00f3n y a la propiedad de un edificio para la iglesia &#8212; ha sido un tema de gran dificultad en el estado, anteriormente sovi\u00e9tico, ahora es una rep\u00fablica, que se situa en el Asia Central, al borde del Mar Caspio, entre Ir\u00e1n y Kazakhstan.<\/p>\n<p>En noviembre de 1999, una niveladora comenz\u00f3 la demolici\u00f3n de la Iglesia Adventista del S\u00e9ptimo D\u00eda en la ciudad de Ashkhabad.\u00a0 Sin embargo, el a\u00f1o pasado, las cosas comenzaron a cambiar.\u00a0 En junio, la iglesia Adventista recibi\u00f3 el registro n\u00famero 0001, la primera congregaci\u00f3n protestante registrada por el ministerio judicial del pa\u00eds, dijeron los l\u00edderes de la iglesia.<\/p>\n<p>\u00abContinuamos orando para que cada persona que vive en los 12 pa\u00edses de nuestro territorio tenga la oportunidad de saber sobre el amor de Dios, y as\u00ed hacer su decisi\u00f3n de acuerdo a su conciencia,\u00bb dijo el Pastor Billy Biaggi, tesorero para la iglesia Adventista en la regi\u00f3n Euro-Asi\u00e1tica. \u00abDamos gracias por los esfuerzos del Departamento de Asuntos P\u00fablicos y Libertad Religiosa de la iglesia mundial y de la Asociaci\u00f3n Internacional de la Libertad Religiosa que nos ha ayudado con esta aplicaci\u00f3n a los derechos humanos a trav\u00e9s de todos los pa\u00edses del mundo.\u00bb<\/p>\n<p>Juan Graz, director de Asuntos P\u00fablicos y Libertad Religiosa para la iglesia mundial, agreg\u00f3, \u00abEsto es un movimiento hist\u00f3rico que confirma el registro de la iglesia el a\u00f1o pasado.\u00a0 Viene despu\u00e9s de una larga serie de intervenciones de parte de nuestra oficina y la buena cooperaci\u00f3n dentro de la iglesia en Euro-Asia y con organizaciones internacionales.\u00bb<\/p>\n","protected":false},"excerpt":{"rendered":"<p>Cinco a\u00f1os y cuatro meses despu\u00e9s de que\u00a0demolieran un edificio de la iglesia\u00a0Adventista del S\u00e9ptimo D\u00eda&#8230;<\/p>\n","protected":false},"author":1,"featured_media":0,"comment_status":"closed","ping_status":"closed","sticky":false,"template":"","format":"standard","meta":{"_acf_changed":false,"footnotes":""},"categories":[8],"tags":[],"class_list":["post-10479","post","type-post","status-publish","format-standard","hentry","category-archivo"],"acf":[],"yoast_head":"<!-- This site is optimized with the Yoast SEO plugin v27.3 - https:\/\/yoast.com\/product\/yoast-seo-wordpress\/ -->\n<title>Turkmenist\u00e1n:\u00a0 Se Permiten Continuar Servicios a la Iglesia Adventista - Iglesia Adventista del S\u00e9ptimo D\u00eda - Divisi\u00f3n Interamericana<\/title>\n<meta name=\"robots\" content=\"index, follow, max-snippet:-1, max-image-preview:large, max-video-preview:-1\" \/>\n<link rel=\"canonical\" href=\"https:\/\/interamerica.org\/es\/2005\/03\/turkmenistan-se-permiten-continuar-servicios-a-la-iglesia-adventista\/\" \/>\n<meta property=\"og:locale\" content=\"es_ES\" \/>\n<meta property=\"og:type\" content=\"article\" \/>\n<meta property=\"og:title\" content=\"Turkmenist\u00e1n:\u00a0 Se Permiten Continuar Servicios a la Iglesia Adventista - Iglesia Adventista del S\u00e9ptimo D\u00eda - Divisi\u00f3n Interamericana\" \/>\n<meta property=\"og:description\" content=\"Cinco a\u00f1os y cuatro meses despu\u00e9s de que\u00a0demolieran un edificio de la iglesia\u00a0Adventista del S\u00e9ptimo D\u00eda...\" \/>\n<meta property=\"og:url\" content=\"https:\/\/interamerica.org\/es\/2005\/03\/turkmenistan-se-permiten-continuar-servicios-a-la-iglesia-adventista\/\" \/>\n<meta property=\"og:site_name\" content=\"Iglesia Adventista del S\u00e9ptimo D\u00eda - Divisi\u00f3n Interamericana\" \/>\n<meta property=\"article:published_time\" content=\"2005-03-22T04:00:00+00:00\" \/>\n<meta property=\"article:modified_time\" content=\"2017-06-02T13:17:41+00:00\" \/>\n<meta name=\"author\" content=\"Lorenzo Verduzco\" \/>\n<meta name=\"twitter:card\" content=\"summary_large_image\" \/>\n<meta name=\"twitter:label1\" content=\"Escrito por\" \/>\n\t<meta name=\"twitter:data1\" content=\"Lorenzo Verduzco\" \/>\n\t<meta name=\"twitter:label2\" content=\"Tiempo de lectura\" \/>\n\t<meta name=\"twitter:data2\" content=\"2 minutos\" \/>\n<script type=\"application\/ld+json\" class=\"yoast-schema-graph\">{\"@context\":\"https:\\\/\\\/schema.org\",\"@graph\":[{\"@type\":\"Article\",\"@id\":\"https:\\\/\\\/interamerica.org\\\/es\\\/2005\\\/03\\\/turkmenistan-se-permiten-continuar-servicios-a-la-iglesia-adventista\\\/#article\",\"isPartOf\":{\"@id\":\"https:\\\/\\\/interamerica.org\\\/es\\\/2005\\\/03\\\/turkmenistan-se-permiten-continuar-servicios-a-la-iglesia-adventista\\\/\"},\"author\":{\"name\":\"Lorenzo Verduzco\",\"@id\":\"https:\\\/\\\/interamerica.org\\\/es\\\/#\\\/schema\\\/person\\\/68ede8bdc292885bb76c1e3810e73c39\"},\"headline\":\"Turkmenist\u00e1n:\u00a0 Se Permiten Continuar Servicios a la Iglesia Adventista\",\"datePublished\":\"2005-03-22T04:00:00+00:00\",\"dateModified\":\"2017-06-02T13:17:41+00:00\",\"mainEntityOfPage\":{\"@id\":\"https:\\\/\\\/interamerica.org\\\/es\\\/2005\\\/03\\\/turkmenistan-se-permiten-continuar-servicios-a-la-iglesia-adventista\\\/\"},\"wordCount\":507,\"articleSection\":[\"Archivo\"],\"inLanguage\":\"es\"},{\"@type\":\"WebPage\",\"@id\":\"https:\\\/\\\/interamerica.org\\\/es\\\/2005\\\/03\\\/turkmenistan-se-permiten-continuar-servicios-a-la-iglesia-adventista\\\/\",\"url\":\"https:\\\/\\\/interamerica.org\\\/es\\\/2005\\\/03\\\/turkmenistan-se-permiten-continuar-servicios-a-la-iglesia-adventista\\\/\",\"name\":\"Turkmenist\u00e1n:\u00a0 Se Permiten Continuar Servicios a la Iglesia Adventista - Iglesia Adventista del S\u00e9ptimo D\u00eda - Divisi\u00f3n Interamericana\",\"isPartOf\":{\"@id\":\"https:\\\/\\\/interamerica.org\\\/es\\\/#website\"},\"datePublished\":\"2005-03-22T04:00:00+00:00\",\"dateModified\":\"2017-06-02T13:17:41+00:00\",\"author\":{\"@id\":\"https:\\\/\\\/interamerica.org\\\/es\\\/#\\\/schema\\\/person\\\/68ede8bdc292885bb76c1e3810e73c39\"},\"breadcrumb\":{\"@id\":\"https:\\\/\\\/interamerica.org\\\/es\\\/2005\\\/03\\\/turkmenistan-se-permiten-continuar-servicios-a-la-iglesia-adventista\\\/#breadcrumb\"},\"inLanguage\":\"es\",\"potentialAction\":[{\"@type\":\"ReadAction\",\"target\":[\"https:\\\/\\\/interamerica.org\\\/es\\\/2005\\\/03\\\/turkmenistan-se-permiten-continuar-servicios-a-la-iglesia-adventista\\\/\"]}]},{\"@type\":\"BreadcrumbList\",\"@id\":\"https:\\\/\\\/interamerica.org\\\/es\\\/2005\\\/03\\\/turkmenistan-se-permiten-continuar-servicios-a-la-iglesia-adventista\\\/#breadcrumb\",\"itemListElement\":[{\"@type\":\"ListItem\",\"position\":1,\"name\":\"Home\",\"item\":\"https:\\\/\\\/interamerica.org\\\/es\\\/\"},{\"@type\":\"ListItem\",\"position\":2,\"name\":\"Turkmenist\u00e1n:\u00a0 Se Permiten Continuar Servicios a la Iglesia Adventista\"}]},{\"@type\":\"WebSite\",\"@id\":\"https:\\\/\\\/interamerica.org\\\/es\\\/#website\",\"url\":\"https:\\\/\\\/interamerica.org\\\/es\\\/\",\"name\":\"Iglesia Adventista del S\u00e9ptimo D\u00eda - Divisi\u00f3n Interamericana\",\"description\":\"\",\"potentialAction\":[{\"@type\":\"SearchAction\",\"target\":{\"@type\":\"EntryPoint\",\"urlTemplate\":\"https:\\\/\\\/interamerica.org\\\/es\\\/?s={search_term_string}\"},\"query-input\":{\"@type\":\"PropertyValueSpecification\",\"valueRequired\":true,\"valueName\":\"search_term_string\"}}],\"inLanguage\":\"es\"},{\"@type\":\"Person\",\"@id\":\"https:\\\/\\\/interamerica.org\\\/es\\\/#\\\/schema\\\/person\\\/68ede8bdc292885bb76c1e3810e73c39\",\"name\":\"Lorenzo Verduzco\",\"image\":{\"@type\":\"ImageObject\",\"inLanguage\":\"es\",\"@id\":\"https:\\\/\\\/secure.gravatar.com\\\/avatar\\\/fb81a55b6218459490a9c1dc841a34909185b81904c5337b4b27f7a6fd60c49e?s=96&d=mm&r=g\",\"url\":\"https:\\\/\\\/secure.gravatar.com\\\/avatar\\\/fb81a55b6218459490a9c1dc841a34909185b81904c5337b4b27f7a6fd60c49e?s=96&d=mm&r=g\",\"contentUrl\":\"https:\\\/\\\/secure.gravatar.com\\\/avatar\\\/fb81a55b6218459490a9c1dc841a34909185b81904c5337b4b27f7a6fd60c49e?s=96&d=mm&r=g\",\"caption\":\"Lorenzo Verduzco\"}}]}<\/script>\n<!-- \/ Yoast SEO plugin. -->","yoast_head_json":{"title":"Turkmenist\u00e1n:\u00a0 Se Permiten Continuar Servicios a la Iglesia Adventista - Iglesia Adventista del S\u00e9ptimo D\u00eda - Divisi\u00f3n Interamericana","robots":{"index":"index","follow":"follow","max-snippet":"max-snippet:-1","max-image-preview":"max-image-preview:large","max-video-preview":"max-video-preview:-1"},"canonical":"https:\/\/interamerica.org\/es\/2005\/03\/turkmenistan-se-permiten-continuar-servicios-a-la-iglesia-adventista\/","og_locale":"es_ES","og_type":"article","og_title":"Turkmenist\u00e1n:\u00a0 Se Permiten Continuar Servicios a la Iglesia Adventista - Iglesia Adventista del S\u00e9ptimo D\u00eda - Divisi\u00f3n Interamericana","og_description":"Cinco a\u00f1os y cuatro meses despu\u00e9s de que\u00a0demolieran un edificio de la iglesia\u00a0Adventista del S\u00e9ptimo D\u00eda...","og_url":"https:\/\/interamerica.org\/es\/2005\/03\/turkmenistan-se-permiten-continuar-servicios-a-la-iglesia-adventista\/","og_site_name":"Iglesia Adventista del S\u00e9ptimo D\u00eda - Divisi\u00f3n Interamericana","article_published_time":"2005-03-22T04:00:00+00:00","article_modified_time":"2017-06-02T13:17:41+00:00","author":"Lorenzo Verduzco","twitter_card":"summary_large_image","twitter_misc":{"Escrito por":"Lorenzo Verduzco","Tiempo de lectura":"2 minutos"},"schema":{"@context":"https:\/\/schema.org","@graph":[{"@type":"Article","@id":"https:\/\/interamerica.org\/es\/2005\/03\/turkmenistan-se-permiten-continuar-servicios-a-la-iglesia-adventista\/#article","isPartOf":{"@id":"https:\/\/interamerica.org\/es\/2005\/03\/turkmenistan-se-permiten-continuar-servicios-a-la-iglesia-adventista\/"},"author":{"name":"Lorenzo Verduzco","@id":"https:\/\/interamerica.org\/es\/#\/schema\/person\/68ede8bdc292885bb76c1e3810e73c39"},"headline":"Turkmenist\u00e1n:\u00a0 Se Permiten Continuar Servicios a la Iglesia Adventista","datePublished":"2005-03-22T04:00:00+00:00","dateModified":"2017-06-02T13:17:41+00:00","mainEntityOfPage":{"@id":"https:\/\/interamerica.org\/es\/2005\/03\/turkmenistan-se-permiten-continuar-servicios-a-la-iglesia-adventista\/"},"wordCount":507,"articleSection":["Archivo"],"inLanguage":"es"},{"@type":"WebPage","@id":"https:\/\/interamerica.org\/es\/2005\/03\/turkmenistan-se-permiten-continuar-servicios-a-la-iglesia-adventista\/","url":"https:\/\/interamerica.org\/es\/2005\/03\/turkmenistan-se-permiten-continuar-servicios-a-la-iglesia-adventista\/","name":"Turkmenist\u00e1n:\u00a0 Se Permiten Continuar Servicios a la Iglesia Adventista - Iglesia Adventista del S\u00e9ptimo D\u00eda - Divisi\u00f3n Interamericana","isPartOf":{"@id":"https:\/\/interamerica.org\/es\/#website"},"datePublished":"2005-03-22T04:00:00+00:00","dateModified":"2017-06-02T13:17:41+00:00","author":{"@id":"https:\/\/interamerica.org\/es\/#\/schema\/person\/68ede8bdc292885bb76c1e3810e73c39"},"breadcrumb":{"@id":"https:\/\/interamerica.org\/es\/2005\/03\/turkmenistan-se-permiten-continuar-servicios-a-la-iglesia-adventista\/#breadcrumb"},"inLanguage":"es","potentialAction":[{"@type":"ReadAction","target":["https:\/\/interamerica.org\/es\/2005\/03\/turkmenistan-se-permiten-continuar-servicios-a-la-iglesia-adventista\/"]}]},{"@type":"BreadcrumbList","@id":"https:\/\/interamerica.org\/es\/2005\/03\/turkmenistan-se-permiten-continuar-servicios-a-la-iglesia-adventista\/#breadcrumb","itemListElement":[{"@type":"ListItem","position":1,"name":"Home","item":"https:\/\/interamerica.org\/es\/"},{"@type":"ListItem","position":2,"name":"Turkmenist\u00e1n:\u00a0 Se Permiten Continuar Servicios a la Iglesia Adventista"}]},{"@type":"WebSite","@id":"https:\/\/interamerica.org\/es\/#website","url":"https:\/\/interamerica.org\/es\/","name":"Iglesia Adventista del S\u00e9ptimo D\u00eda - Divisi\u00f3n Interamericana","description":"","potentialAction":[{"@type":"SearchAction","target":{"@type":"EntryPoint","urlTemplate":"https:\/\/interamerica.org\/es\/?s={search_term_string}"},"query-input":{"@type":"PropertyValueSpecification","valueRequired":true,"valueName":"search_term_string"}}],"inLanguage":"es"},{"@type":"Person","@id":"https:\/\/interamerica.org\/es\/#\/schema\/person\/68ede8bdc292885bb76c1e3810e73c39","name":"Lorenzo Verduzco","image":{"@type":"ImageObject","inLanguage":"es","@id":"https:\/\/secure.gravatar.com\/avatar\/fb81a55b6218459490a9c1dc841a34909185b81904c5337b4b27f7a6fd60c49e?s=96&d=mm&r=g","url":"https:\/\/secure.gravatar.com\/avatar\/fb81a55b6218459490a9c1dc841a34909185b81904c5337b4b27f7a6fd60c49e?s=96&d=mm&r=g","contentUrl":"https:\/\/secure.gravatar.com\/avatar\/fb81a55b6218459490a9c1dc841a34909185b81904c5337b4b27f7a6fd60c49e?s=96&d=mm&r=g","caption":"Lorenzo Verduzco"}}]}},"_links":{"self":[{"href":"https:\/\/interamerica.org\/es\/wp-json\/wp\/v2\/posts\/10479","targetHints":{"allow":["GET"]}}],"collection":[{"href":"https:\/\/interamerica.org\/es\/wp-json\/wp\/v2\/posts"}],"about":[{"href":"https:\/\/interamerica.org\/es\/wp-json\/wp\/v2\/types\/post"}],"author":[{"embeddable":true,"href":"https:\/\/interamerica.org\/es\/wp-json\/wp\/v2\/users\/1"}],"replies":[{"embeddable":true,"href":"https:\/\/interamerica.org\/es\/wp-json\/wp\/v2\/comments?post=10479"}],"version-history":[{"count":0,"href":"https:\/\/interamerica.org\/es\/wp-json\/wp\/v2\/posts\/10479\/revisions"}],"wp:attachment":[{"href":"https:\/\/interamerica.org\/es\/wp-json\/wp\/v2\/media?parent=10479"}],"wp:term":[{"taxonomy":"category","embeddable":true,"href":"https:\/\/interamerica.org\/es\/wp-json\/wp\/v2\/categories?post=10479"},{"taxonomy":"post_tag","embeddable":true,"href":"https:\/\/interamerica.org\/es\/wp-json\/wp\/v2\/tags?post=10479"}],"curies":[{"name":"wp","href":"https:\/\/api.w.org\/{rel}","templated":true}]}}