{"id":10480,"date":"2005-03-22T00:00:00","date_gmt":"2005-03-22T04:00:00","guid":{"rendered":"http:\/\/192.81.217.108\/interamerica\/2005\/03\/guam-paulsen-lideres-rededican-estudios-de-radio-adventista-mundial\/"},"modified":"2017-06-02T09:17:42","modified_gmt":"2017-06-02T13:17:42","slug":"guam-paulsen-lideres-rededican-estudios-de-radio-adventista-mundial","status":"publish","type":"post","link":"https:\/\/interamerica.org\/es\/2005\/03\/guam-paulsen-lideres-rededican-estudios-de-radio-adventista-mundial\/","title":{"rendered":"Guam: Paulsen, L\u00edderes\u00a0Rededican Estudios de Radio Adventista Mundial"},"content":{"rendered":"<p>Agat, Guam &#8230;. [Shelley Nolan Freesland\/Personal ANN] <\/p>\n<p>Numerosos partidarios de Radio Adventista Mundial se unieron al presidente mundial de los Adventistas del S\u00e9ptimo D\u00eda y los ejecutivos de AWR para una celebraci\u00f3n de rededicaci\u00f3n de los renovados servicios de la estaci\u00f3n de onda corta en Guam el 26 de febrero. <\/p>\n<p>\u00abEl ministerio de RAM&#8230; est\u00e1 ocupado en propagar un testigo y testimonio que no tenga que pasar por puestos de control de pasaportes en ninguna fronteras,\u00bb dijo Pastor Paulsen.\u00a0 \u00abEsa [se\u00f1al ] puede entrar a cualquier pa\u00eds, cualquier parte del mundo y\u00a0dejar un testimonio\u00bb.<\/p>\n<p>Agreg\u00f3 que \u00abRAM es un socio inestimable en la misi\u00f3n de la iglesia.\u00a0 <\/p>\n<p>La iglesia\u00a0Adventista del S\u00e9ptimo-d\u00eda&#8230; no pod\u00eda comenzar posiblemente a acabar la asignaci\u00f3n dada a nosotros sin el servicio, sin el ministerio de AWR\u00bb.<\/p>\n<p>Actualmente, las difusiones en m\u00e1s de dos\u00a0docenas de idiomas\u00a0se emiten de la estaci\u00f3n en Guam a diversas partes del mundo.\u00a0 \u00abGuam es nuestra estaci\u00f3n de avanzada primordial\u00a0a trav\u00e9s del mundo,\u00bb dijo Benjamin Schoun, presidente de AWR.\u00a0 <\/p>\n<p>Schoun dijo a los asistentes a la rededicaci\u00f3n, \u00abDurante el a\u00f1o entrante y el siguiente, tenemos otros 15 idiomas que queremos empezar a usar.\u00a0 Un n\u00famero de ellos\u00a0estar\u00e1 transmitiendo desde nuestra estaci\u00f3n en Guam\u00bb.<\/p>\n<p>Desde un servicio vespertino auspiciado por la Iglesia Adventista del S\u00e9ptimo D\u00eda de Agana Heights bajo la direcci\u00f3n del pastor local Kyran John,\u00a0hasta el discurso de rededicaci\u00f3n principal por Paulsen, los asistentes expresaron sus apreciaciones de ver tan diversos niveles de la iglesia representado en varios programas realizados\u00a0durante todo el fin de semana.<\/p>\n<p>La iglesia en Guam-Micronesia auspici\u00f3 un servicio que cubr\u00eda toda la isla, el cual inclu\u00eda presentaciones musicales por el Equipo de Alabanza del Departamento de Correcci\u00f3n de la iglesia local y presentaciones de\u00a0l\u00edderes de la region de Asia-Pac\u00edfico Meridional, Alberto Gulfan, Jr., presidente, y Jonat\u00e1n Catolico, director de comunicaci\u00f3n.<\/p>\n<p>Algo destacado del programa de rededicaci\u00f3n fue el orador Djoko Soewarse, un antiguo musulm\u00e1n de Indonesia que es ahora el director de comunicaciones y orador de RMA para la iglesia adventista en Indonesia Occidental. \u00c9l describi\u00f3 la efectividad de la aproximaci\u00f3n de RMA al ministerio, donde\u00a0 productores locales &#8212; nativos que hablan el idioma local y entienden la cultura y mentalidad de los oyentes a los cuales se dirigen &#8212; crear programas.<\/p>\n<p>\u00a0\u00abEn t\u00e9rminos de esta estaci\u00f3n maravillosa, son ladrillos y morteros\u00bb, dijo N. C. Wilson, vice presiente general de la iglesia mundial adventista. Es una masa de actividad e instalaci\u00f3n electr\u00f3nicas complicadas, complejas. Son muchos alambres, torres, antenas, pero tienen un prop\u00f3sito. Y es el de ensalzar a Jes\u00fas y las nuevas de su segunda venida. \u00a0No es s\u00f3lo un arreglo\u00a0mec\u00e1nico agradable, sino que\u00a0en este preciso momento\u00a0provee a la gente de la esperanza que tenemos en Jes\u00fas.\u00bb <\/p>\n<p>RMA difunde actualmente programas en 64 idiomas por todo el mundo. Estas difusiones recorren miles de kil\u00f3metros por onda corta, alcanzando oyentes en pa\u00edses tales como China, Camboya, y las Filipinas, y tan distantes como la India.<\/p>\n<p><strong>Copyright \u00a9 2005 by Adventist News Network<\/strong>.<\/p>\n","protected":false},"excerpt":{"rendered":"<p>Numerosos partidarios de Radio Adventista Mundial se unieron al presidente mundial de los Adventistas del S\u00e9ptimo D\u00eda y los ejecutivos de AWR para una celebraci\u00f3n de rededicaci\u00f3n de los renovados servicios de la estaci\u00f3n de onda corta en Guam el 26 de feb<\/p>\n","protected":false},"author":1,"featured_media":0,"comment_status":"closed","ping_status":"closed","sticky":false,"template":"","format":"standard","meta":{"_acf_changed":false,"footnotes":""},"categories":[8],"tags":[],"class_list":["post-10480","post","type-post","status-publish","format-standard","hentry","category-archivo"],"acf":[],"yoast_head":"<!-- This site is optimized with the Yoast SEO plugin v27.3 - https:\/\/yoast.com\/product\/yoast-seo-wordpress\/ -->\n<title>Guam: Paulsen, L\u00edderes\u00a0Rededican Estudios de Radio Adventista Mundial - Iglesia Adventista del S\u00e9ptimo D\u00eda - Divisi\u00f3n Interamericana<\/title>\n<meta name=\"robots\" content=\"index, follow, max-snippet:-1, max-image-preview:large, max-video-preview:-1\" \/>\n<link rel=\"canonical\" href=\"https:\/\/interamerica.org\/es\/2005\/03\/guam-paulsen-lideres-rededican-estudios-de-radio-adventista-mundial\/\" \/>\n<meta property=\"og:locale\" content=\"es_ES\" \/>\n<meta property=\"og:type\" content=\"article\" \/>\n<meta property=\"og:title\" content=\"Guam: Paulsen, L\u00edderes\u00a0Rededican Estudios de Radio Adventista Mundial - Iglesia Adventista del S\u00e9ptimo D\u00eda - Divisi\u00f3n Interamericana\" \/>\n<meta property=\"og:description\" content=\"Numerosos partidarios de Radio Adventista Mundial se unieron al presidente mundial de los Adventistas del S\u00e9ptimo D\u00eda y los ejecutivos de AWR para una celebraci\u00f3n de rededicaci\u00f3n de los renovados servicios de la estaci\u00f3n de onda corta en Guam el 26 de feb\" \/>\n<meta property=\"og:url\" content=\"https:\/\/interamerica.org\/es\/2005\/03\/guam-paulsen-lideres-rededican-estudios-de-radio-adventista-mundial\/\" \/>\n<meta property=\"og:site_name\" content=\"Iglesia Adventista del S\u00e9ptimo D\u00eda - Divisi\u00f3n Interamericana\" \/>\n<meta property=\"article:published_time\" content=\"2005-03-22T04:00:00+00:00\" \/>\n<meta property=\"article:modified_time\" content=\"2017-06-02T13:17:42+00:00\" \/>\n<meta name=\"author\" content=\"Lorenzo Verduzco\" \/>\n<meta name=\"twitter:card\" content=\"summary_large_image\" \/>\n<meta name=\"twitter:label1\" content=\"Escrito por\" \/>\n\t<meta name=\"twitter:data1\" content=\"Lorenzo Verduzco\" \/>\n\t<meta name=\"twitter:label2\" content=\"Tiempo de lectura\" \/>\n\t<meta name=\"twitter:data2\" content=\"3 minutos\" \/>\n<script type=\"application\/ld+json\" class=\"yoast-schema-graph\">{\"@context\":\"https:\\\/\\\/schema.org\",\"@graph\":[{\"@type\":\"Article\",\"@id\":\"https:\\\/\\\/interamerica.org\\\/es\\\/2005\\\/03\\\/guam-paulsen-lideres-rededican-estudios-de-radio-adventista-mundial\\\/#article\",\"isPartOf\":{\"@id\":\"https:\\\/\\\/interamerica.org\\\/es\\\/2005\\\/03\\\/guam-paulsen-lideres-rededican-estudios-de-radio-adventista-mundial\\\/\"},\"author\":{\"name\":\"Lorenzo Verduzco\",\"@id\":\"https:\\\/\\\/interamerica.org\\\/es\\\/#\\\/schema\\\/person\\\/68ede8bdc292885bb76c1e3810e73c39\"},\"headline\":\"Guam: Paulsen, L\u00edderes\u00a0Rededican Estudios de Radio Adventista Mundial\",\"datePublished\":\"2005-03-22T04:00:00+00:00\",\"dateModified\":\"2017-06-02T13:17:42+00:00\",\"mainEntityOfPage\":{\"@id\":\"https:\\\/\\\/interamerica.org\\\/es\\\/2005\\\/03\\\/guam-paulsen-lideres-rededican-estudios-de-radio-adventista-mundial\\\/\"},\"wordCount\":555,\"articleSection\":[\"Archivo\"],\"inLanguage\":\"es\"},{\"@type\":\"WebPage\",\"@id\":\"https:\\\/\\\/interamerica.org\\\/es\\\/2005\\\/03\\\/guam-paulsen-lideres-rededican-estudios-de-radio-adventista-mundial\\\/\",\"url\":\"https:\\\/\\\/interamerica.org\\\/es\\\/2005\\\/03\\\/guam-paulsen-lideres-rededican-estudios-de-radio-adventista-mundial\\\/\",\"name\":\"Guam: Paulsen, L\u00edderes\u00a0Rededican Estudios de Radio Adventista Mundial - Iglesia Adventista del S\u00e9ptimo D\u00eda - Divisi\u00f3n Interamericana\",\"isPartOf\":{\"@id\":\"https:\\\/\\\/interamerica.org\\\/es\\\/#website\"},\"datePublished\":\"2005-03-22T04:00:00+00:00\",\"dateModified\":\"2017-06-02T13:17:42+00:00\",\"author\":{\"@id\":\"https:\\\/\\\/interamerica.org\\\/es\\\/#\\\/schema\\\/person\\\/68ede8bdc292885bb76c1e3810e73c39\"},\"breadcrumb\":{\"@id\":\"https:\\\/\\\/interamerica.org\\\/es\\\/2005\\\/03\\\/guam-paulsen-lideres-rededican-estudios-de-radio-adventista-mundial\\\/#breadcrumb\"},\"inLanguage\":\"es\",\"potentialAction\":[{\"@type\":\"ReadAction\",\"target\":[\"https:\\\/\\\/interamerica.org\\\/es\\\/2005\\\/03\\\/guam-paulsen-lideres-rededican-estudios-de-radio-adventista-mundial\\\/\"]}]},{\"@type\":\"BreadcrumbList\",\"@id\":\"https:\\\/\\\/interamerica.org\\\/es\\\/2005\\\/03\\\/guam-paulsen-lideres-rededican-estudios-de-radio-adventista-mundial\\\/#breadcrumb\",\"itemListElement\":[{\"@type\":\"ListItem\",\"position\":1,\"name\":\"Home\",\"item\":\"https:\\\/\\\/interamerica.org\\\/es\\\/\"},{\"@type\":\"ListItem\",\"position\":2,\"name\":\"Guam: Paulsen, L\u00edderes\u00a0Rededican Estudios de Radio Adventista Mundial\"}]},{\"@type\":\"WebSite\",\"@id\":\"https:\\\/\\\/interamerica.org\\\/es\\\/#website\",\"url\":\"https:\\\/\\\/interamerica.org\\\/es\\\/\",\"name\":\"Iglesia Adventista del S\u00e9ptimo D\u00eda - Divisi\u00f3n Interamericana\",\"description\":\"\",\"potentialAction\":[{\"@type\":\"SearchAction\",\"target\":{\"@type\":\"EntryPoint\",\"urlTemplate\":\"https:\\\/\\\/interamerica.org\\\/es\\\/?s={search_term_string}\"},\"query-input\":{\"@type\":\"PropertyValueSpecification\",\"valueRequired\":true,\"valueName\":\"search_term_string\"}}],\"inLanguage\":\"es\"},{\"@type\":\"Person\",\"@id\":\"https:\\\/\\\/interamerica.org\\\/es\\\/#\\\/schema\\\/person\\\/68ede8bdc292885bb76c1e3810e73c39\",\"name\":\"Lorenzo Verduzco\",\"image\":{\"@type\":\"ImageObject\",\"inLanguage\":\"es\",\"@id\":\"https:\\\/\\\/secure.gravatar.com\\\/avatar\\\/fb81a55b6218459490a9c1dc841a34909185b81904c5337b4b27f7a6fd60c49e?s=96&d=mm&r=g\",\"url\":\"https:\\\/\\\/secure.gravatar.com\\\/avatar\\\/fb81a55b6218459490a9c1dc841a34909185b81904c5337b4b27f7a6fd60c49e?s=96&d=mm&r=g\",\"contentUrl\":\"https:\\\/\\\/secure.gravatar.com\\\/avatar\\\/fb81a55b6218459490a9c1dc841a34909185b81904c5337b4b27f7a6fd60c49e?s=96&d=mm&r=g\",\"caption\":\"Lorenzo Verduzco\"}}]}<\/script>\n<!-- \/ Yoast SEO plugin. -->","yoast_head_json":{"title":"Guam: Paulsen, L\u00edderes\u00a0Rededican Estudios de Radio Adventista Mundial - Iglesia Adventista del S\u00e9ptimo D\u00eda - Divisi\u00f3n Interamericana","robots":{"index":"index","follow":"follow","max-snippet":"max-snippet:-1","max-image-preview":"max-image-preview:large","max-video-preview":"max-video-preview:-1"},"canonical":"https:\/\/interamerica.org\/es\/2005\/03\/guam-paulsen-lideres-rededican-estudios-de-radio-adventista-mundial\/","og_locale":"es_ES","og_type":"article","og_title":"Guam: Paulsen, L\u00edderes\u00a0Rededican Estudios de Radio Adventista Mundial - Iglesia Adventista del S\u00e9ptimo D\u00eda - Divisi\u00f3n Interamericana","og_description":"Numerosos partidarios de Radio Adventista Mundial se unieron al presidente mundial de los Adventistas del S\u00e9ptimo D\u00eda y los ejecutivos de AWR para una celebraci\u00f3n de rededicaci\u00f3n de los renovados servicios de la estaci\u00f3n de onda corta en Guam el 26 de feb","og_url":"https:\/\/interamerica.org\/es\/2005\/03\/guam-paulsen-lideres-rededican-estudios-de-radio-adventista-mundial\/","og_site_name":"Iglesia Adventista del S\u00e9ptimo D\u00eda - Divisi\u00f3n Interamericana","article_published_time":"2005-03-22T04:00:00+00:00","article_modified_time":"2017-06-02T13:17:42+00:00","author":"Lorenzo Verduzco","twitter_card":"summary_large_image","twitter_misc":{"Escrito por":"Lorenzo Verduzco","Tiempo de lectura":"3 minutos"},"schema":{"@context":"https:\/\/schema.org","@graph":[{"@type":"Article","@id":"https:\/\/interamerica.org\/es\/2005\/03\/guam-paulsen-lideres-rededican-estudios-de-radio-adventista-mundial\/#article","isPartOf":{"@id":"https:\/\/interamerica.org\/es\/2005\/03\/guam-paulsen-lideres-rededican-estudios-de-radio-adventista-mundial\/"},"author":{"name":"Lorenzo Verduzco","@id":"https:\/\/interamerica.org\/es\/#\/schema\/person\/68ede8bdc292885bb76c1e3810e73c39"},"headline":"Guam: Paulsen, L\u00edderes\u00a0Rededican Estudios de Radio Adventista Mundial","datePublished":"2005-03-22T04:00:00+00:00","dateModified":"2017-06-02T13:17:42+00:00","mainEntityOfPage":{"@id":"https:\/\/interamerica.org\/es\/2005\/03\/guam-paulsen-lideres-rededican-estudios-de-radio-adventista-mundial\/"},"wordCount":555,"articleSection":["Archivo"],"inLanguage":"es"},{"@type":"WebPage","@id":"https:\/\/interamerica.org\/es\/2005\/03\/guam-paulsen-lideres-rededican-estudios-de-radio-adventista-mundial\/","url":"https:\/\/interamerica.org\/es\/2005\/03\/guam-paulsen-lideres-rededican-estudios-de-radio-adventista-mundial\/","name":"Guam: Paulsen, L\u00edderes\u00a0Rededican Estudios de Radio Adventista Mundial - Iglesia Adventista del S\u00e9ptimo D\u00eda - Divisi\u00f3n Interamericana","isPartOf":{"@id":"https:\/\/interamerica.org\/es\/#website"},"datePublished":"2005-03-22T04:00:00+00:00","dateModified":"2017-06-02T13:17:42+00:00","author":{"@id":"https:\/\/interamerica.org\/es\/#\/schema\/person\/68ede8bdc292885bb76c1e3810e73c39"},"breadcrumb":{"@id":"https:\/\/interamerica.org\/es\/2005\/03\/guam-paulsen-lideres-rededican-estudios-de-radio-adventista-mundial\/#breadcrumb"},"inLanguage":"es","potentialAction":[{"@type":"ReadAction","target":["https:\/\/interamerica.org\/es\/2005\/03\/guam-paulsen-lideres-rededican-estudios-de-radio-adventista-mundial\/"]}]},{"@type":"BreadcrumbList","@id":"https:\/\/interamerica.org\/es\/2005\/03\/guam-paulsen-lideres-rededican-estudios-de-radio-adventista-mundial\/#breadcrumb","itemListElement":[{"@type":"ListItem","position":1,"name":"Home","item":"https:\/\/interamerica.org\/es\/"},{"@type":"ListItem","position":2,"name":"Guam: Paulsen, L\u00edderes\u00a0Rededican Estudios de Radio Adventista Mundial"}]},{"@type":"WebSite","@id":"https:\/\/interamerica.org\/es\/#website","url":"https:\/\/interamerica.org\/es\/","name":"Iglesia Adventista del S\u00e9ptimo D\u00eda - Divisi\u00f3n Interamericana","description":"","potentialAction":[{"@type":"SearchAction","target":{"@type":"EntryPoint","urlTemplate":"https:\/\/interamerica.org\/es\/?s={search_term_string}"},"query-input":{"@type":"PropertyValueSpecification","valueRequired":true,"valueName":"search_term_string"}}],"inLanguage":"es"},{"@type":"Person","@id":"https:\/\/interamerica.org\/es\/#\/schema\/person\/68ede8bdc292885bb76c1e3810e73c39","name":"Lorenzo Verduzco","image":{"@type":"ImageObject","inLanguage":"es","@id":"https:\/\/secure.gravatar.com\/avatar\/fb81a55b6218459490a9c1dc841a34909185b81904c5337b4b27f7a6fd60c49e?s=96&d=mm&r=g","url":"https:\/\/secure.gravatar.com\/avatar\/fb81a55b6218459490a9c1dc841a34909185b81904c5337b4b27f7a6fd60c49e?s=96&d=mm&r=g","contentUrl":"https:\/\/secure.gravatar.com\/avatar\/fb81a55b6218459490a9c1dc841a34909185b81904c5337b4b27f7a6fd60c49e?s=96&d=mm&r=g","caption":"Lorenzo Verduzco"}}]}},"_links":{"self":[{"href":"https:\/\/interamerica.org\/es\/wp-json\/wp\/v2\/posts\/10480","targetHints":{"allow":["GET"]}}],"collection":[{"href":"https:\/\/interamerica.org\/es\/wp-json\/wp\/v2\/posts"}],"about":[{"href":"https:\/\/interamerica.org\/es\/wp-json\/wp\/v2\/types\/post"}],"author":[{"embeddable":true,"href":"https:\/\/interamerica.org\/es\/wp-json\/wp\/v2\/users\/1"}],"replies":[{"embeddable":true,"href":"https:\/\/interamerica.org\/es\/wp-json\/wp\/v2\/comments?post=10480"}],"version-history":[{"count":0,"href":"https:\/\/interamerica.org\/es\/wp-json\/wp\/v2\/posts\/10480\/revisions"}],"wp:attachment":[{"href":"https:\/\/interamerica.org\/es\/wp-json\/wp\/v2\/media?parent=10480"}],"wp:term":[{"taxonomy":"category","embeddable":true,"href":"https:\/\/interamerica.org\/es\/wp-json\/wp\/v2\/categories?post=10480"},{"taxonomy":"post_tag","embeddable":true,"href":"https:\/\/interamerica.org\/es\/wp-json\/wp\/v2\/tags?post=10480"}],"curies":[{"name":"wp","href":"https:\/\/api.w.org\/{rel}","templated":true}]}}