{"id":10481,"date":"2005-03-22T00:00:00","date_gmt":"2005-03-22T04:00:00","guid":{"rendered":"http:\/\/192.81.217.108\/interamerica\/2005\/03\/portugal-muchos-alcanzados-por-nuevos-medios-de-difusion\/"},"modified":"2017-06-02T09:17:42","modified_gmt":"2017-06-02T13:17:42","slug":"portugal-muchos-alcanzados-por-nuevos-medios-de-difusion","status":"publish","type":"post","link":"https:\/\/interamerica.org\/es\/2005\/03\/portugal-muchos-alcanzados-por-nuevos-medios-de-difusion\/","title":{"rendered":"Portugal: Muchos Alcanzados por Nuevos Medios de Difusi\u00f3n"},"content":{"rendered":"<p>Lisboa, Portugal\u2026[Ray Dabrowski\/ANN]<\/p>\n<p>La idea comenz\u00f3 con una persona. Pronto otros se unieron, y ahora el disco compacto de Bible World (El Mundo de la Biblia) es aclamado en el ambiente cristiano de Portugal, de acuerdo con Arthur Machado, director de comunicaci\u00f3n para la Iglesia Adventista del S\u00e9ptimo d\u00eda en Portugal.<\/p>\n<\/p>\n<p>Distribuido gratuitamente, el disco compacto provee un enlace de Internet e incluye el texto de la Biblia, Comentario B\u00edblico, fotograf\u00edas de lugares mencionados en la Biblia, as\u00ed como materiales de v\u00eddeo acerca de las tierras b\u00edblicas, antig\u00fcedades y cultura.<\/p>\n<\/p>\n<p>\u201cFue una iniciativa privada de Joao Miguel, de una compa\u00f1\u00eda de computaci\u00f3n. Ideias Sem Fin (Ideas sin Fin), lo que uni\u00f3 muchas organizaciones, incluyendo una sociedad b\u00edblica, la Embajada de Israel y nuestra iglesia. Actualmente, estamos trabajando en una nueva versi\u00f3n con m\u00e1s opciones de b\u00fasqueda\u201d, dijo Machado.<\/p>\n<\/p>\n<p>El material tecnol\u00f3gico fue hecho por productores israel\u00edes, y provisto a trav\u00e9s de un convenio con la Embajada de Israel en Lisboa, Machado dijo que, debido a que han sido distribuidos varios miles de copias, ellos ahora est\u00e1n haciendo planes para la nueva versi\u00f3n del CD, la cual incluir\u00e1 materiales adicionales, entre ellos una enciclopedia b\u00edblica, y m\u00e1s versiones de las Escrituras.<\/p>\n<\/p>\n<p>La iniciativa se inici\u00f3 como un proyecto misionero para \u201cagradecer a Dios por proveer \u00e9xito comercial a los propietarios de una compa\u00f1\u00eda de computadores\u201d, dijo Machado.<\/p>\n<\/p>\n<p>El proyecto recibi\u00f3 la atenci\u00f3n de los medios de comunicaci\u00f3n, entre ellos un programa nacional de televisi\u00f3n, y ahora est\u00e1 recibiendo propaganda por Internet, y en congregaciones.<\/p>\n<\/p>\n<p>En Portugal, el proyecto es la \u00faltima de las nuevas iniciativas misioneras que est\u00e1n siendo desarrolladas por la Iglesia Adventista por toda Europa.<\/p>\n<\/p>\n<p>Debido a que hay desaf\u00edos que la obra misionera est\u00e1 enfrentando en su pa\u00eds, Mario Brito, presidente de la Iglesia Adventista en Portugal, dijo que la obra misionera de la actualidad requiere nueva metodolog\u00eda.<\/p>\n<\/p>\n<p>Para hacer que el cristianismo sea atractivo y persuasivo para la poblaci\u00f3n posmodernista de la actualidad, \u201cnecesitamos alcanzarlos con m\u00e9todos diferentes a los que hemos usado en el pasado. Antes, las conferencias p\u00fablicas y la testificaci\u00f3n eran diferentes. Ahora, la tecnolog\u00eda provee una plataforma contempor\u00e1nea en la cual la gente est\u00e1 buscando respuestas a sus dilemas, y como iglesia debemos estar en esa plataforma\u201d, coment\u00f3 Brito.<\/p>\n<\/p>\n<p><strong>Derechos Reservados \u00ae 2005 por Adventist News Network.<\/strong><\/p>\n","protected":false},"excerpt":{"rendered":"<p>La idea comenz\u00f3 con una sola persona. Pronto otros se unieron, y ahora el disco compacto de Bible World (El Mundo de la Biblia) est\u00e1 siendo aclamado en el ambiente cristiano de Portugal&#8230; \u00a0<\/p>\n","protected":false},"author":1,"featured_media":0,"comment_status":"closed","ping_status":"closed","sticky":false,"template":"","format":"standard","meta":{"_acf_changed":false,"footnotes":""},"categories":[8],"tags":[],"class_list":["post-10481","post","type-post","status-publish","format-standard","hentry","category-archivo"],"acf":[],"yoast_head":"<!-- This site is optimized with the Yoast SEO plugin v27.3 - https:\/\/yoast.com\/product\/yoast-seo-wordpress\/ -->\n<title>Portugal: Muchos Alcanzados por Nuevos Medios de Difusi\u00f3n - Iglesia Adventista del S\u00e9ptimo D\u00eda - Divisi\u00f3n Interamericana<\/title>\n<meta name=\"robots\" content=\"index, follow, max-snippet:-1, max-image-preview:large, max-video-preview:-1\" \/>\n<link rel=\"canonical\" href=\"https:\/\/interamerica.org\/es\/2005\/03\/portugal-muchos-alcanzados-por-nuevos-medios-de-difusion\/\" \/>\n<meta property=\"og:locale\" content=\"es_ES\" \/>\n<meta property=\"og:type\" content=\"article\" \/>\n<meta property=\"og:title\" content=\"Portugal: Muchos Alcanzados por Nuevos Medios de Difusi\u00f3n - Iglesia Adventista del S\u00e9ptimo D\u00eda - Divisi\u00f3n Interamericana\" \/>\n<meta property=\"og:description\" content=\"La idea comenz\u00f3 con una sola persona. Pronto otros se unieron, y ahora el disco compacto de Bible World (El Mundo de la Biblia) est\u00e1 siendo aclamado en el ambiente cristiano de Portugal... \u00a0\" \/>\n<meta property=\"og:url\" content=\"https:\/\/interamerica.org\/es\/2005\/03\/portugal-muchos-alcanzados-por-nuevos-medios-de-difusion\/\" \/>\n<meta property=\"og:site_name\" content=\"Iglesia Adventista del S\u00e9ptimo D\u00eda - Divisi\u00f3n Interamericana\" \/>\n<meta property=\"article:published_time\" content=\"2005-03-22T04:00:00+00:00\" \/>\n<meta property=\"article:modified_time\" content=\"2017-06-02T13:17:42+00:00\" \/>\n<meta name=\"author\" content=\"Lorenzo Verduzco\" \/>\n<meta name=\"twitter:card\" content=\"summary_large_image\" \/>\n<meta name=\"twitter:label1\" content=\"Escrito por\" \/>\n\t<meta name=\"twitter:data1\" content=\"Lorenzo Verduzco\" \/>\n\t<meta name=\"twitter:label2\" content=\"Tiempo de lectura\" \/>\n\t<meta name=\"twitter:data2\" content=\"2 minutos\" \/>\n<script type=\"application\/ld+json\" class=\"yoast-schema-graph\">{\"@context\":\"https:\\\/\\\/schema.org\",\"@graph\":[{\"@type\":\"Article\",\"@id\":\"https:\\\/\\\/interamerica.org\\\/es\\\/2005\\\/03\\\/portugal-muchos-alcanzados-por-nuevos-medios-de-difusion\\\/#article\",\"isPartOf\":{\"@id\":\"https:\\\/\\\/interamerica.org\\\/es\\\/2005\\\/03\\\/portugal-muchos-alcanzados-por-nuevos-medios-de-difusion\\\/\"},\"author\":{\"name\":\"Lorenzo Verduzco\",\"@id\":\"https:\\\/\\\/interamerica.org\\\/es\\\/#\\\/schema\\\/person\\\/68ede8bdc292885bb76c1e3810e73c39\"},\"headline\":\"Portugal: Muchos Alcanzados por Nuevos Medios de Difusi\u00f3n\",\"datePublished\":\"2005-03-22T04:00:00+00:00\",\"dateModified\":\"2017-06-02T13:17:42+00:00\",\"mainEntityOfPage\":{\"@id\":\"https:\\\/\\\/interamerica.org\\\/es\\\/2005\\\/03\\\/portugal-muchos-alcanzados-por-nuevos-medios-de-difusion\\\/\"},\"wordCount\":428,\"articleSection\":[\"Archivo\"],\"inLanguage\":\"es\"},{\"@type\":\"WebPage\",\"@id\":\"https:\\\/\\\/interamerica.org\\\/es\\\/2005\\\/03\\\/portugal-muchos-alcanzados-por-nuevos-medios-de-difusion\\\/\",\"url\":\"https:\\\/\\\/interamerica.org\\\/es\\\/2005\\\/03\\\/portugal-muchos-alcanzados-por-nuevos-medios-de-difusion\\\/\",\"name\":\"Portugal: Muchos Alcanzados por Nuevos Medios de Difusi\u00f3n - Iglesia Adventista del S\u00e9ptimo D\u00eda - Divisi\u00f3n Interamericana\",\"isPartOf\":{\"@id\":\"https:\\\/\\\/interamerica.org\\\/es\\\/#website\"},\"datePublished\":\"2005-03-22T04:00:00+00:00\",\"dateModified\":\"2017-06-02T13:17:42+00:00\",\"author\":{\"@id\":\"https:\\\/\\\/interamerica.org\\\/es\\\/#\\\/schema\\\/person\\\/68ede8bdc292885bb76c1e3810e73c39\"},\"breadcrumb\":{\"@id\":\"https:\\\/\\\/interamerica.org\\\/es\\\/2005\\\/03\\\/portugal-muchos-alcanzados-por-nuevos-medios-de-difusion\\\/#breadcrumb\"},\"inLanguage\":\"es\",\"potentialAction\":[{\"@type\":\"ReadAction\",\"target\":[\"https:\\\/\\\/interamerica.org\\\/es\\\/2005\\\/03\\\/portugal-muchos-alcanzados-por-nuevos-medios-de-difusion\\\/\"]}]},{\"@type\":\"BreadcrumbList\",\"@id\":\"https:\\\/\\\/interamerica.org\\\/es\\\/2005\\\/03\\\/portugal-muchos-alcanzados-por-nuevos-medios-de-difusion\\\/#breadcrumb\",\"itemListElement\":[{\"@type\":\"ListItem\",\"position\":1,\"name\":\"Home\",\"item\":\"https:\\\/\\\/interamerica.org\\\/es\\\/\"},{\"@type\":\"ListItem\",\"position\":2,\"name\":\"Portugal: Muchos Alcanzados por Nuevos Medios de Difusi\u00f3n\"}]},{\"@type\":\"WebSite\",\"@id\":\"https:\\\/\\\/interamerica.org\\\/es\\\/#website\",\"url\":\"https:\\\/\\\/interamerica.org\\\/es\\\/\",\"name\":\"Iglesia Adventista del S\u00e9ptimo D\u00eda - Divisi\u00f3n Interamericana\",\"description\":\"\",\"potentialAction\":[{\"@type\":\"SearchAction\",\"target\":{\"@type\":\"EntryPoint\",\"urlTemplate\":\"https:\\\/\\\/interamerica.org\\\/es\\\/?s={search_term_string}\"},\"query-input\":{\"@type\":\"PropertyValueSpecification\",\"valueRequired\":true,\"valueName\":\"search_term_string\"}}],\"inLanguage\":\"es\"},{\"@type\":\"Person\",\"@id\":\"https:\\\/\\\/interamerica.org\\\/es\\\/#\\\/schema\\\/person\\\/68ede8bdc292885bb76c1e3810e73c39\",\"name\":\"Lorenzo Verduzco\",\"image\":{\"@type\":\"ImageObject\",\"inLanguage\":\"es\",\"@id\":\"https:\\\/\\\/secure.gravatar.com\\\/avatar\\\/fb81a55b6218459490a9c1dc841a34909185b81904c5337b4b27f7a6fd60c49e?s=96&d=mm&r=g\",\"url\":\"https:\\\/\\\/secure.gravatar.com\\\/avatar\\\/fb81a55b6218459490a9c1dc841a34909185b81904c5337b4b27f7a6fd60c49e?s=96&d=mm&r=g\",\"contentUrl\":\"https:\\\/\\\/secure.gravatar.com\\\/avatar\\\/fb81a55b6218459490a9c1dc841a34909185b81904c5337b4b27f7a6fd60c49e?s=96&d=mm&r=g\",\"caption\":\"Lorenzo Verduzco\"}}]}<\/script>\n<!-- \/ Yoast SEO plugin. -->","yoast_head_json":{"title":"Portugal: Muchos Alcanzados por Nuevos Medios de Difusi\u00f3n - Iglesia Adventista del S\u00e9ptimo D\u00eda - Divisi\u00f3n Interamericana","robots":{"index":"index","follow":"follow","max-snippet":"max-snippet:-1","max-image-preview":"max-image-preview:large","max-video-preview":"max-video-preview:-1"},"canonical":"https:\/\/interamerica.org\/es\/2005\/03\/portugal-muchos-alcanzados-por-nuevos-medios-de-difusion\/","og_locale":"es_ES","og_type":"article","og_title":"Portugal: Muchos Alcanzados por Nuevos Medios de Difusi\u00f3n - Iglesia Adventista del S\u00e9ptimo D\u00eda - Divisi\u00f3n Interamericana","og_description":"La idea comenz\u00f3 con una sola persona. Pronto otros se unieron, y ahora el disco compacto de Bible World (El Mundo de la Biblia) est\u00e1 siendo aclamado en el ambiente cristiano de Portugal... \u00a0","og_url":"https:\/\/interamerica.org\/es\/2005\/03\/portugal-muchos-alcanzados-por-nuevos-medios-de-difusion\/","og_site_name":"Iglesia Adventista del S\u00e9ptimo D\u00eda - Divisi\u00f3n Interamericana","article_published_time":"2005-03-22T04:00:00+00:00","article_modified_time":"2017-06-02T13:17:42+00:00","author":"Lorenzo Verduzco","twitter_card":"summary_large_image","twitter_misc":{"Escrito por":"Lorenzo Verduzco","Tiempo de lectura":"2 minutos"},"schema":{"@context":"https:\/\/schema.org","@graph":[{"@type":"Article","@id":"https:\/\/interamerica.org\/es\/2005\/03\/portugal-muchos-alcanzados-por-nuevos-medios-de-difusion\/#article","isPartOf":{"@id":"https:\/\/interamerica.org\/es\/2005\/03\/portugal-muchos-alcanzados-por-nuevos-medios-de-difusion\/"},"author":{"name":"Lorenzo Verduzco","@id":"https:\/\/interamerica.org\/es\/#\/schema\/person\/68ede8bdc292885bb76c1e3810e73c39"},"headline":"Portugal: Muchos Alcanzados por Nuevos Medios de Difusi\u00f3n","datePublished":"2005-03-22T04:00:00+00:00","dateModified":"2017-06-02T13:17:42+00:00","mainEntityOfPage":{"@id":"https:\/\/interamerica.org\/es\/2005\/03\/portugal-muchos-alcanzados-por-nuevos-medios-de-difusion\/"},"wordCount":428,"articleSection":["Archivo"],"inLanguage":"es"},{"@type":"WebPage","@id":"https:\/\/interamerica.org\/es\/2005\/03\/portugal-muchos-alcanzados-por-nuevos-medios-de-difusion\/","url":"https:\/\/interamerica.org\/es\/2005\/03\/portugal-muchos-alcanzados-por-nuevos-medios-de-difusion\/","name":"Portugal: Muchos Alcanzados por Nuevos Medios de Difusi\u00f3n - Iglesia Adventista del S\u00e9ptimo D\u00eda - Divisi\u00f3n Interamericana","isPartOf":{"@id":"https:\/\/interamerica.org\/es\/#website"},"datePublished":"2005-03-22T04:00:00+00:00","dateModified":"2017-06-02T13:17:42+00:00","author":{"@id":"https:\/\/interamerica.org\/es\/#\/schema\/person\/68ede8bdc292885bb76c1e3810e73c39"},"breadcrumb":{"@id":"https:\/\/interamerica.org\/es\/2005\/03\/portugal-muchos-alcanzados-por-nuevos-medios-de-difusion\/#breadcrumb"},"inLanguage":"es","potentialAction":[{"@type":"ReadAction","target":["https:\/\/interamerica.org\/es\/2005\/03\/portugal-muchos-alcanzados-por-nuevos-medios-de-difusion\/"]}]},{"@type":"BreadcrumbList","@id":"https:\/\/interamerica.org\/es\/2005\/03\/portugal-muchos-alcanzados-por-nuevos-medios-de-difusion\/#breadcrumb","itemListElement":[{"@type":"ListItem","position":1,"name":"Home","item":"https:\/\/interamerica.org\/es\/"},{"@type":"ListItem","position":2,"name":"Portugal: Muchos Alcanzados por Nuevos Medios de Difusi\u00f3n"}]},{"@type":"WebSite","@id":"https:\/\/interamerica.org\/es\/#website","url":"https:\/\/interamerica.org\/es\/","name":"Iglesia Adventista del S\u00e9ptimo D\u00eda - Divisi\u00f3n Interamericana","description":"","potentialAction":[{"@type":"SearchAction","target":{"@type":"EntryPoint","urlTemplate":"https:\/\/interamerica.org\/es\/?s={search_term_string}"},"query-input":{"@type":"PropertyValueSpecification","valueRequired":true,"valueName":"search_term_string"}}],"inLanguage":"es"},{"@type":"Person","@id":"https:\/\/interamerica.org\/es\/#\/schema\/person\/68ede8bdc292885bb76c1e3810e73c39","name":"Lorenzo Verduzco","image":{"@type":"ImageObject","inLanguage":"es","@id":"https:\/\/secure.gravatar.com\/avatar\/fb81a55b6218459490a9c1dc841a34909185b81904c5337b4b27f7a6fd60c49e?s=96&d=mm&r=g","url":"https:\/\/secure.gravatar.com\/avatar\/fb81a55b6218459490a9c1dc841a34909185b81904c5337b4b27f7a6fd60c49e?s=96&d=mm&r=g","contentUrl":"https:\/\/secure.gravatar.com\/avatar\/fb81a55b6218459490a9c1dc841a34909185b81904c5337b4b27f7a6fd60c49e?s=96&d=mm&r=g","caption":"Lorenzo Verduzco"}}]}},"_links":{"self":[{"href":"https:\/\/interamerica.org\/es\/wp-json\/wp\/v2\/posts\/10481","targetHints":{"allow":["GET"]}}],"collection":[{"href":"https:\/\/interamerica.org\/es\/wp-json\/wp\/v2\/posts"}],"about":[{"href":"https:\/\/interamerica.org\/es\/wp-json\/wp\/v2\/types\/post"}],"author":[{"embeddable":true,"href":"https:\/\/interamerica.org\/es\/wp-json\/wp\/v2\/users\/1"}],"replies":[{"embeddable":true,"href":"https:\/\/interamerica.org\/es\/wp-json\/wp\/v2\/comments?post=10481"}],"version-history":[{"count":0,"href":"https:\/\/interamerica.org\/es\/wp-json\/wp\/v2\/posts\/10481\/revisions"}],"wp:attachment":[{"href":"https:\/\/interamerica.org\/es\/wp-json\/wp\/v2\/media?parent=10481"}],"wp:term":[{"taxonomy":"category","embeddable":true,"href":"https:\/\/interamerica.org\/es\/wp-json\/wp\/v2\/categories?post=10481"},{"taxonomy":"post_tag","embeddable":true,"href":"https:\/\/interamerica.org\/es\/wp-json\/wp\/v2\/tags?post=10481"}],"curies":[{"name":"wp","href":"https:\/\/api.w.org\/{rel}","templated":true}]}}