{"id":10482,"date":"2005-03-29T00:00:00","date_gmt":"2005-03-29T04:00:00","guid":{"rendered":"http:\/\/192.81.217.108\/interamerica\/2005\/03\/kiribatirector-de-colegio-adventista-es-rescatado-luego-de-22-dias-a-la-deriva-en-el-mar\/"},"modified":"2017-06-02T09:17:40","modified_gmt":"2017-06-02T13:17:40","slug":"kiribatirector-de-colegio-adventista-es-rescatado-luego-de-22-dias-a-la-deriva-en-el-mar","status":"publish","type":"post","link":"https:\/\/interamerica.org\/es\/2005\/03\/kiribatirector-de-colegio-adventista-es-rescatado-luego-de-22-dias-a-la-deriva-en-el-mar\/","title":{"rendered":"Kiribati:Rector de Colegio Adventista es rescatado, luego de 22 d\u00edas a la deriva en el mar."},"content":{"rendered":"<p>Kauma, Kiribati &#8230;. [Joe Talemaitoga\/personal de ANN]<\/p>\n<p>Dedicados a su misi\u00f3n de proveer educaci\u00f3n de calidad, los administradores de instituciones educativas a menudo van m\u00e1s all\u00e1 de sus deberes regulares para alcanzar a quienes pudieran beneficiarse del aprendizaje. Pero Tekemau Ribabaiti podr\u00eda verdaderamente ser \u00fanico en su especie: por segunda vez, el rector del Colegio Adventista de Kauma fue rescatado despu\u00e9s de semanas a la deriva en el mar.<\/p>\n<p>Ribabaiti hab\u00eda estado perdido desde el 16 de febrero mientras iba de isla en isla reclutando estudiantes para su instituci\u00f3n. Estaba en un peque\u00f1o bote de aluminio de 4 metros cuando fue rescatado por Volt Venture, un buque extranjero de pesca. Fue transferido a un buque perteneciente al gobierno de Kiribati, y reunido con su familia al d\u00eda siguiente.<\/p>\n<p>\u201cNos hemos asegurado de que el Sr. Ribabaiti, aunque bastante d\u00e9bil, no obstante estaba de buen \u00e1nimo y saludable cuando la Volt Venture lo rescat\u00f3 en las aguas de Kiribati\u201d, dice Kevin Brown, presidente de la Iglesia Adventista del S\u00e9ptimo D\u00eda en Kiribati y Nauru.<\/p>\n<p>Esta es la segunda ocasi\u00f3n cuando Ribabaiti, un pescador experimentado, ha sido rescatado despu\u00e9s de estar perdido en el mar. Sin embargo, su confianza en la educaci\u00f3n cristiana contin\u00faa impuls\u00e1ndole a reclutar estudiantes desde las islas, usando la \u00fanica embarcaci\u00f3n que posee, dicen quienes le conocen.<\/p>\n<p>\u201cEste hombre es un verdadero h\u00e9roe\u201d, dice Brown. \u201c\u00bfCu\u00e1ntas personas han mostrado habilidad y tenacidad, esp\u00edritu humano invencible y fe en Dios, demostradas al sobrevivir tan incre\u00edbles dificultades como lo ha hecho este hombre? Alabemos al Se\u00f1or por un hombre como Tekemau\u201d.<\/p>\n<p><strong>Derechos Reservados \u00ae 2005 por Adventist News Network.<\/strong><\/p>\n","protected":false},"excerpt":{"rendered":"<p>Dedicados a su misi\u00f3n de proveer educaci\u00f3n de calidad, los administradores de instituciones educativas a menudo van m\u00e1s all\u00e1 de sus deberes regulares para alcanzar a quienes pudieran beneficiarse del aprendizaje.<\/p>\n","protected":false},"author":1,"featured_media":0,"comment_status":"closed","ping_status":"closed","sticky":false,"template":"","format":"standard","meta":{"_acf_changed":false,"footnotes":""},"categories":[8],"tags":[],"class_list":["post-10482","post","type-post","status-publish","format-standard","hentry","category-archivo"],"acf":[],"yoast_head":"<!-- This site is optimized with the Yoast SEO plugin v27.3 - https:\/\/yoast.com\/product\/yoast-seo-wordpress\/ -->\n<title>Kiribati:Rector de Colegio Adventista es rescatado, luego de 22 d\u00edas a la deriva en el mar. - Iglesia Adventista del S\u00e9ptimo D\u00eda - Divisi\u00f3n Interamericana<\/title>\n<meta name=\"robots\" content=\"index, follow, max-snippet:-1, max-image-preview:large, max-video-preview:-1\" \/>\n<link rel=\"canonical\" href=\"https:\/\/interamerica.org\/es\/2005\/03\/kiribatirector-de-colegio-adventista-es-rescatado-luego-de-22-dias-a-la-deriva-en-el-mar\/\" \/>\n<meta property=\"og:locale\" content=\"es_ES\" \/>\n<meta property=\"og:type\" content=\"article\" \/>\n<meta property=\"og:title\" content=\"Kiribati:Rector de Colegio Adventista es rescatado, luego de 22 d\u00edas a la deriva en el mar. - Iglesia Adventista del S\u00e9ptimo D\u00eda - Divisi\u00f3n Interamericana\" \/>\n<meta property=\"og:description\" content=\"Dedicados a su misi\u00f3n de proveer educaci\u00f3n de calidad, los administradores de instituciones educativas a menudo van m\u00e1s all\u00e1 de sus deberes regulares para alcanzar a quienes pudieran beneficiarse del aprendizaje.\" \/>\n<meta property=\"og:url\" content=\"https:\/\/interamerica.org\/es\/2005\/03\/kiribatirector-de-colegio-adventista-es-rescatado-luego-de-22-dias-a-la-deriva-en-el-mar\/\" \/>\n<meta property=\"og:site_name\" content=\"Iglesia Adventista del S\u00e9ptimo D\u00eda - Divisi\u00f3n Interamericana\" \/>\n<meta property=\"article:published_time\" content=\"2005-03-29T04:00:00+00:00\" \/>\n<meta property=\"article:modified_time\" content=\"2017-06-02T13:17:40+00:00\" \/>\n<meta name=\"author\" content=\"Lorenzo Verduzco\" \/>\n<meta name=\"twitter:card\" content=\"summary_large_image\" \/>\n<meta name=\"twitter:label1\" content=\"Escrito por\" \/>\n\t<meta name=\"twitter:data1\" content=\"Lorenzo Verduzco\" \/>\n\t<meta name=\"twitter:label2\" content=\"Tiempo de lectura\" \/>\n\t<meta name=\"twitter:data2\" content=\"1 minuto\" \/>\n<script type=\"application\/ld+json\" class=\"yoast-schema-graph\">{\"@context\":\"https:\\\/\\\/schema.org\",\"@graph\":[{\"@type\":\"Article\",\"@id\":\"https:\\\/\\\/interamerica.org\\\/es\\\/2005\\\/03\\\/kiribatirector-de-colegio-adventista-es-rescatado-luego-de-22-dias-a-la-deriva-en-el-mar\\\/#article\",\"isPartOf\":{\"@id\":\"https:\\\/\\\/interamerica.org\\\/es\\\/2005\\\/03\\\/kiribatirector-de-colegio-adventista-es-rescatado-luego-de-22-dias-a-la-deriva-en-el-mar\\\/\"},\"author\":{\"name\":\"Lorenzo Verduzco\",\"@id\":\"https:\\\/\\\/interamerica.org\\\/es\\\/#\\\/schema\\\/person\\\/68ede8bdc292885bb76c1e3810e73c39\"},\"headline\":\"Kiribati:Rector de Colegio Adventista es rescatado, luego de 22 d\u00edas a la deriva en el mar.\",\"datePublished\":\"2005-03-29T04:00:00+00:00\",\"dateModified\":\"2017-06-02T13:17:40+00:00\",\"mainEntityOfPage\":{\"@id\":\"https:\\\/\\\/interamerica.org\\\/es\\\/2005\\\/03\\\/kiribatirector-de-colegio-adventista-es-rescatado-luego-de-22-dias-a-la-deriva-en-el-mar\\\/\"},\"wordCount\":305,\"articleSection\":[\"Archivo\"],\"inLanguage\":\"es\"},{\"@type\":\"WebPage\",\"@id\":\"https:\\\/\\\/interamerica.org\\\/es\\\/2005\\\/03\\\/kiribatirector-de-colegio-adventista-es-rescatado-luego-de-22-dias-a-la-deriva-en-el-mar\\\/\",\"url\":\"https:\\\/\\\/interamerica.org\\\/es\\\/2005\\\/03\\\/kiribatirector-de-colegio-adventista-es-rescatado-luego-de-22-dias-a-la-deriva-en-el-mar\\\/\",\"name\":\"Kiribati:Rector de Colegio Adventista es rescatado, luego de 22 d\u00edas a la deriva en el mar. - Iglesia Adventista del S\u00e9ptimo D\u00eda - Divisi\u00f3n Interamericana\",\"isPartOf\":{\"@id\":\"https:\\\/\\\/interamerica.org\\\/es\\\/#website\"},\"datePublished\":\"2005-03-29T04:00:00+00:00\",\"dateModified\":\"2017-06-02T13:17:40+00:00\",\"author\":{\"@id\":\"https:\\\/\\\/interamerica.org\\\/es\\\/#\\\/schema\\\/person\\\/68ede8bdc292885bb76c1e3810e73c39\"},\"breadcrumb\":{\"@id\":\"https:\\\/\\\/interamerica.org\\\/es\\\/2005\\\/03\\\/kiribatirector-de-colegio-adventista-es-rescatado-luego-de-22-dias-a-la-deriva-en-el-mar\\\/#breadcrumb\"},\"inLanguage\":\"es\",\"potentialAction\":[{\"@type\":\"ReadAction\",\"target\":[\"https:\\\/\\\/interamerica.org\\\/es\\\/2005\\\/03\\\/kiribatirector-de-colegio-adventista-es-rescatado-luego-de-22-dias-a-la-deriva-en-el-mar\\\/\"]}]},{\"@type\":\"BreadcrumbList\",\"@id\":\"https:\\\/\\\/interamerica.org\\\/es\\\/2005\\\/03\\\/kiribatirector-de-colegio-adventista-es-rescatado-luego-de-22-dias-a-la-deriva-en-el-mar\\\/#breadcrumb\",\"itemListElement\":[{\"@type\":\"ListItem\",\"position\":1,\"name\":\"Home\",\"item\":\"https:\\\/\\\/interamerica.org\\\/es\\\/\"},{\"@type\":\"ListItem\",\"position\":2,\"name\":\"Kiribati:Rector de Colegio Adventista es rescatado, luego de 22 d\u00edas a la deriva en el mar.\"}]},{\"@type\":\"WebSite\",\"@id\":\"https:\\\/\\\/interamerica.org\\\/es\\\/#website\",\"url\":\"https:\\\/\\\/interamerica.org\\\/es\\\/\",\"name\":\"Iglesia Adventista del S\u00e9ptimo D\u00eda - Divisi\u00f3n Interamericana\",\"description\":\"\",\"potentialAction\":[{\"@type\":\"SearchAction\",\"target\":{\"@type\":\"EntryPoint\",\"urlTemplate\":\"https:\\\/\\\/interamerica.org\\\/es\\\/?s={search_term_string}\"},\"query-input\":{\"@type\":\"PropertyValueSpecification\",\"valueRequired\":true,\"valueName\":\"search_term_string\"}}],\"inLanguage\":\"es\"},{\"@type\":\"Person\",\"@id\":\"https:\\\/\\\/interamerica.org\\\/es\\\/#\\\/schema\\\/person\\\/68ede8bdc292885bb76c1e3810e73c39\",\"name\":\"Lorenzo Verduzco\",\"image\":{\"@type\":\"ImageObject\",\"inLanguage\":\"es\",\"@id\":\"https:\\\/\\\/secure.gravatar.com\\\/avatar\\\/fb81a55b6218459490a9c1dc841a34909185b81904c5337b4b27f7a6fd60c49e?s=96&d=mm&r=g\",\"url\":\"https:\\\/\\\/secure.gravatar.com\\\/avatar\\\/fb81a55b6218459490a9c1dc841a34909185b81904c5337b4b27f7a6fd60c49e?s=96&d=mm&r=g\",\"contentUrl\":\"https:\\\/\\\/secure.gravatar.com\\\/avatar\\\/fb81a55b6218459490a9c1dc841a34909185b81904c5337b4b27f7a6fd60c49e?s=96&d=mm&r=g\",\"caption\":\"Lorenzo Verduzco\"}}]}<\/script>\n<!-- \/ Yoast SEO plugin. -->","yoast_head_json":{"title":"Kiribati:Rector de Colegio Adventista es rescatado, luego de 22 d\u00edas a la deriva en el mar. - Iglesia Adventista del S\u00e9ptimo D\u00eda - Divisi\u00f3n Interamericana","robots":{"index":"index","follow":"follow","max-snippet":"max-snippet:-1","max-image-preview":"max-image-preview:large","max-video-preview":"max-video-preview:-1"},"canonical":"https:\/\/interamerica.org\/es\/2005\/03\/kiribatirector-de-colegio-adventista-es-rescatado-luego-de-22-dias-a-la-deriva-en-el-mar\/","og_locale":"es_ES","og_type":"article","og_title":"Kiribati:Rector de Colegio Adventista es rescatado, luego de 22 d\u00edas a la deriva en el mar. - Iglesia Adventista del S\u00e9ptimo D\u00eda - Divisi\u00f3n Interamericana","og_description":"Dedicados a su misi\u00f3n de proveer educaci\u00f3n de calidad, los administradores de instituciones educativas a menudo van m\u00e1s all\u00e1 de sus deberes regulares para alcanzar a quienes pudieran beneficiarse del aprendizaje.","og_url":"https:\/\/interamerica.org\/es\/2005\/03\/kiribatirector-de-colegio-adventista-es-rescatado-luego-de-22-dias-a-la-deriva-en-el-mar\/","og_site_name":"Iglesia Adventista del S\u00e9ptimo D\u00eda - Divisi\u00f3n Interamericana","article_published_time":"2005-03-29T04:00:00+00:00","article_modified_time":"2017-06-02T13:17:40+00:00","author":"Lorenzo Verduzco","twitter_card":"summary_large_image","twitter_misc":{"Escrito por":"Lorenzo Verduzco","Tiempo de lectura":"1 minuto"},"schema":{"@context":"https:\/\/schema.org","@graph":[{"@type":"Article","@id":"https:\/\/interamerica.org\/es\/2005\/03\/kiribatirector-de-colegio-adventista-es-rescatado-luego-de-22-dias-a-la-deriva-en-el-mar\/#article","isPartOf":{"@id":"https:\/\/interamerica.org\/es\/2005\/03\/kiribatirector-de-colegio-adventista-es-rescatado-luego-de-22-dias-a-la-deriva-en-el-mar\/"},"author":{"name":"Lorenzo Verduzco","@id":"https:\/\/interamerica.org\/es\/#\/schema\/person\/68ede8bdc292885bb76c1e3810e73c39"},"headline":"Kiribati:Rector de Colegio Adventista es rescatado, luego de 22 d\u00edas a la deriva en el mar.","datePublished":"2005-03-29T04:00:00+00:00","dateModified":"2017-06-02T13:17:40+00:00","mainEntityOfPage":{"@id":"https:\/\/interamerica.org\/es\/2005\/03\/kiribatirector-de-colegio-adventista-es-rescatado-luego-de-22-dias-a-la-deriva-en-el-mar\/"},"wordCount":305,"articleSection":["Archivo"],"inLanguage":"es"},{"@type":"WebPage","@id":"https:\/\/interamerica.org\/es\/2005\/03\/kiribatirector-de-colegio-adventista-es-rescatado-luego-de-22-dias-a-la-deriva-en-el-mar\/","url":"https:\/\/interamerica.org\/es\/2005\/03\/kiribatirector-de-colegio-adventista-es-rescatado-luego-de-22-dias-a-la-deriva-en-el-mar\/","name":"Kiribati:Rector de Colegio Adventista es rescatado, luego de 22 d\u00edas a la deriva en el mar. - Iglesia Adventista del S\u00e9ptimo D\u00eda - Divisi\u00f3n Interamericana","isPartOf":{"@id":"https:\/\/interamerica.org\/es\/#website"},"datePublished":"2005-03-29T04:00:00+00:00","dateModified":"2017-06-02T13:17:40+00:00","author":{"@id":"https:\/\/interamerica.org\/es\/#\/schema\/person\/68ede8bdc292885bb76c1e3810e73c39"},"breadcrumb":{"@id":"https:\/\/interamerica.org\/es\/2005\/03\/kiribatirector-de-colegio-adventista-es-rescatado-luego-de-22-dias-a-la-deriva-en-el-mar\/#breadcrumb"},"inLanguage":"es","potentialAction":[{"@type":"ReadAction","target":["https:\/\/interamerica.org\/es\/2005\/03\/kiribatirector-de-colegio-adventista-es-rescatado-luego-de-22-dias-a-la-deriva-en-el-mar\/"]}]},{"@type":"BreadcrumbList","@id":"https:\/\/interamerica.org\/es\/2005\/03\/kiribatirector-de-colegio-adventista-es-rescatado-luego-de-22-dias-a-la-deriva-en-el-mar\/#breadcrumb","itemListElement":[{"@type":"ListItem","position":1,"name":"Home","item":"https:\/\/interamerica.org\/es\/"},{"@type":"ListItem","position":2,"name":"Kiribati:Rector de Colegio Adventista es rescatado, luego de 22 d\u00edas a la deriva en el mar."}]},{"@type":"WebSite","@id":"https:\/\/interamerica.org\/es\/#website","url":"https:\/\/interamerica.org\/es\/","name":"Iglesia Adventista del S\u00e9ptimo D\u00eda - Divisi\u00f3n Interamericana","description":"","potentialAction":[{"@type":"SearchAction","target":{"@type":"EntryPoint","urlTemplate":"https:\/\/interamerica.org\/es\/?s={search_term_string}"},"query-input":{"@type":"PropertyValueSpecification","valueRequired":true,"valueName":"search_term_string"}}],"inLanguage":"es"},{"@type":"Person","@id":"https:\/\/interamerica.org\/es\/#\/schema\/person\/68ede8bdc292885bb76c1e3810e73c39","name":"Lorenzo Verduzco","image":{"@type":"ImageObject","inLanguage":"es","@id":"https:\/\/secure.gravatar.com\/avatar\/fb81a55b6218459490a9c1dc841a34909185b81904c5337b4b27f7a6fd60c49e?s=96&d=mm&r=g","url":"https:\/\/secure.gravatar.com\/avatar\/fb81a55b6218459490a9c1dc841a34909185b81904c5337b4b27f7a6fd60c49e?s=96&d=mm&r=g","contentUrl":"https:\/\/secure.gravatar.com\/avatar\/fb81a55b6218459490a9c1dc841a34909185b81904c5337b4b27f7a6fd60c49e?s=96&d=mm&r=g","caption":"Lorenzo Verduzco"}}]}},"_links":{"self":[{"href":"https:\/\/interamerica.org\/es\/wp-json\/wp\/v2\/posts\/10482","targetHints":{"allow":["GET"]}}],"collection":[{"href":"https:\/\/interamerica.org\/es\/wp-json\/wp\/v2\/posts"}],"about":[{"href":"https:\/\/interamerica.org\/es\/wp-json\/wp\/v2\/types\/post"}],"author":[{"embeddable":true,"href":"https:\/\/interamerica.org\/es\/wp-json\/wp\/v2\/users\/1"}],"replies":[{"embeddable":true,"href":"https:\/\/interamerica.org\/es\/wp-json\/wp\/v2\/comments?post=10482"}],"version-history":[{"count":0,"href":"https:\/\/interamerica.org\/es\/wp-json\/wp\/v2\/posts\/10482\/revisions"}],"wp:attachment":[{"href":"https:\/\/interamerica.org\/es\/wp-json\/wp\/v2\/media?parent=10482"}],"wp:term":[{"taxonomy":"category","embeddable":true,"href":"https:\/\/interamerica.org\/es\/wp-json\/wp\/v2\/categories?post=10482"},{"taxonomy":"post_tag","embeddable":true,"href":"https:\/\/interamerica.org\/es\/wp-json\/wp\/v2\/tags?post=10482"}],"curies":[{"name":"wp","href":"https:\/\/api.w.org\/{rel}","templated":true}]}}