{"id":10483,"date":"2005-03-29T00:00:00","date_gmt":"2005-03-29T04:00:00","guid":{"rendered":"http:\/\/192.81.217.108\/interamerica\/2005\/03\/articulo-de-ann-muchacho-afgano-recibe-segunda-oportunidad-de-vida-de-cirujanos-de-la-universidad-de-loma-linda\/"},"modified":"2017-06-02T09:17:41","modified_gmt":"2017-06-02T13:17:41","slug":"articulo-de-ann-muchacho-afgano-recibe-segunda-oportunidad-de-vida-de-cirujanos-de-la-universidad-de-loma-linda","status":"publish","type":"post","link":"https:\/\/interamerica.org\/es\/2005\/03\/articulo-de-ann-muchacho-afgano-recibe-segunda-oportunidad-de-vida-de-cirujanos-de-la-universidad-de-loma-linda\/","title":{"rendered":"Art\u00edculo de ANN: Muchacho Afgano Recibe Segunda Oportunidad de Vida de Cirujanos de la Universidad de Loma Linda"},"content":{"rendered":"<p>Loma Linda, California, Estados Unidos [Richard B. Weismeyer\/Equipo de ANN]<\/p>\n<p>Asadullah de doce a\u00f1os de edad quiere lo que\u00a0todo adolescente sue\u00f1a, libertad. Libertad para correr y jugar con sus amigos sin preocuparse\u00a0de las facciones\u00a0en\u00a0guerra\u00a0en su natal Afganist\u00e1n, o si el agujero del tama\u00f1o de una moneda de cinco centavos norteamericanos en su coraz\u00f3n le permitir\u00e1 correr m\u00e1s\u00a0que unos pasos a\u00a0 la vez.\u00a0 <O ><\/O ><\/p>\n<p><O ><\/O ><\/p>\n<p>Gracias\u00a0mayormente a Layne Pace, un oficial asimilado\u00a0de la Guardia Nacional de Utah en los Estados Unidos, Asadullah tiene la oportunidad de vivir una vida m\u00e1s larga, m\u00e1s saludable. \u00a0Pace, que utilizaba sus horas libres\u00a0para enviar\u00a0v\u00eda a\u00e9rea a aldeanos afganos enfermos a hospitales en la Base A\u00e9rea de Bagram al norte de Kabul, encontr\u00f3 al muchacho en el pueblo de Jegdalek, a unos 80 kil\u00f3metros de Kabul.\u00a0 <O ><\/O ><\/p>\n<p><O ><\/O ><\/p>\n<p>\u00ab\u00c9l estaba azul. Siempre\u00a0andaba encorvado tratando de respirar.\u00a0\u00a0Hubiera colapsado sobre nosotros\u00bb, dice Pace. <O ><\/O ><\/p>\n<p><O ><\/O ><\/p>\n<p>Como piloto de helic\u00f3ptero de ataque Apache, Pace quiso recordar m\u00e1s que\u00a0 simplemente misiones ofensivas de su temporada en Afganist\u00e1n.\u00a0 El pueblo de\u00a0 Jegdalek que todav\u00eda lleva las cicatrices de la invasi\u00f3n sovi\u00e9tica\u00a0ocurrida hace m\u00e1s de 25 a\u00f1os, parec\u00eda un lugar apto para volar misiones humanitarias.\u00a0 Pace encontr\u00f3\u00a0a Asadullah poco despu\u00e9s de empezar sus vuelos al pueblo el oto\u00f1o pasado.\u00a0\u00a0 <O ><\/O ><\/p>\n<p><O ><\/O ><\/p>\n<p>Pace recuerda que pens\u00f3 \u00abno tener idea de c\u00f3mo ayudar\u00bb.\u00a0 El cardi\u00f3logo del ej\u00e9rcito, el Coronel Steven Jones, pudo diagnosticar que Asadullah ten\u00eda una falla en una v\u00e1lvula del coraz\u00f3n, que es una condici\u00f3n en que\u00a0la sangre oxigenada en el coraz\u00f3n se mezcla con sangre sin ox\u00edgeno que regresa desde la corriente sangu\u00edneo.\u00a0 Las pruebas confirmaron que el muchacho ten\u00eda un agujero en su coraz\u00f3n que permit\u00eda que la sangre que entra al coraz\u00f3n se mezclara con la sangre que sale del mismo. El defecto del coraz\u00f3n de Asadullah lo dejaba con aproximadamente un tercio menos de ox\u00edgeno en su torrente sangu\u00edneo.\u00a0 <O ><\/O ><\/p>\n<p><O ><\/O ><\/p>\n<p>Este problema requiere equipo m\u00e9dico avanzado necesario para apoyar\u00a0la delicada cirug\u00eda del coraz\u00f3n, equipo no disponible en Afganist\u00e1n.\u00a0 <O ><\/O ><\/p>\n<p><O ><\/O ><\/p>\n<p>Pace empez\u00f3 a enviar correos electr\u00f3nicos a su familia y amigos\u00a0en Utah.\u00a0\u00a0No ten\u00eda idea de la onda que har\u00eda\u00a0ese \u00fanico correo electr\u00f3nico. \u00a0<O ><\/O ><\/p>\n<p><O ><\/O ><\/p>\n<p>Shelby Everett pertenece a un grupo de apoyo por correo electr\u00f3nico para Afganistan y,\u00a0despu\u00e9s de ver la correspondencia de Pace, supo que el muchacho necesitaba ser llevado\u00a0al Hospital de Ni\u00f1os de la Universidad de Loma Linda.\u00a0 La instituci\u00f3n\u00a0Adventista del S\u00e9ptimo d\u00eda de cuidado de la salud tiene una reputaci\u00f3n global en cuidado de ni\u00f1os. Su esposo, el actor norteamericano de televisi\u00f3n, Chad Everett, es el portavoz de\u00a0\u00abRegalo de Vida\u00bb (\u00abGift of Life\u00bb), un programa patrocinado por el Club\u00a0Rotario International que ayuda a financiar el cuidado m\u00e9dico para ni\u00f1os alrededor del mundo.\u00a0 El programa\u00a0Regalo de Vida\u00a0ayud\u00f3 a un jovencito de Filipinas a viajar a Loma\u00a0 Linda para una cirug\u00eda a coraz\u00f3n abierto en agosto del 2004.\u00a0 <O ><\/O ><\/p>\n<p><O ><\/O ><\/p>\n<p>El programa ayud\u00f3 a crear conciencia\u00a0de la condici\u00f3n de\u00a0Asadullah, y pronto\u00a0las l\u00edneas a\u00e9reas Jet Blue y Pakistani Airlines se pusieron de acuerdo para proporcionar el vuelo de 25 horas hasta el sur de California sin costo.\u00a0 Mientras tanto en ese lugar,\u00a0el hospital y otros grupos caritativos proveyeron para\u00a0el resto de los\u00a0gastos del muchacho y los de su padre.\u00a0 <O ><\/O ><\/p>\n<p><O ><\/O ><\/p>\n<p>\u00abQuiero que\u00a0curen mi coraz\u00f3n\u00bb, dice Asadullah antes de la cirug\u00eda\u00a0a trav\u00e9s de su int\u00e9rprete, Mohd Ayub, director nacional\u00a0para el proyecto de Afganist\u00e1n en el Centro de la Universidad de Loma Linda en Kabul.\u00a0 <O ><\/O ><\/p>\n<p><O ><\/O ><\/p>\n<p>\u00ab\u00c9l no puede caminar\u00bb, dice su padre, Sarbazkhan. \u00abLe gustar\u00eda jugar.\u00a0\u00a0Espero que\u00a0puedan arreglar el coraz\u00f3n de mi hijo. Entonces asi, \u00e9l podra tener una buena vida\u00bb .\u00a0 <O ><\/O ><\/p>\n<p><O ><\/O ><\/p>\n<p>El 4 de febrero un equipo m\u00e9dico dirigido por el profesor de cirug\u00eda Dr. Leonard L. Bailey,\u00a0repar\u00f3 con \u00e9xito el agujero en el coraz\u00f3n de Asadullah.\u00a0 Asadullah\u00a0regres\u00f3 la semana pasada a su natal Afganist\u00e1n d\u00f3nde se reuni\u00f3 con su madre y ocho hermanos.\u00a0<O ><\/O ><\/p>\n","protected":false},"excerpt":{"rendered":"<p>Asadullah de doce a\u00f1os de edad, quiere lo que todo adolescente sue\u00f1a, libertad.<\/p>\n","protected":false},"author":1,"featured_media":0,"comment_status":"closed","ping_status":"closed","sticky":false,"template":"","format":"standard","meta":{"_acf_changed":false,"footnotes":""},"categories":[8],"tags":[],"class_list":["post-10483","post","type-post","status-publish","format-standard","hentry","category-archivo"],"acf":[],"yoast_head":"<!-- This site is optimized with the Yoast SEO plugin v27.3 - https:\/\/yoast.com\/product\/yoast-seo-wordpress\/ -->\n<title>Art\u00edculo de ANN: Muchacho Afgano Recibe Segunda Oportunidad de Vida de Cirujanos de la Universidad de Loma Linda - Iglesia Adventista del S\u00e9ptimo D\u00eda - Divisi\u00f3n Interamericana<\/title>\n<meta name=\"robots\" content=\"index, follow, max-snippet:-1, max-image-preview:large, max-video-preview:-1\" \/>\n<link rel=\"canonical\" href=\"https:\/\/interamerica.org\/es\/2005\/03\/articulo-de-ann-muchacho-afgano-recibe-segunda-oportunidad-de-vida-de-cirujanos-de-la-universidad-de-loma-linda\/\" \/>\n<meta property=\"og:locale\" content=\"es_ES\" \/>\n<meta property=\"og:type\" content=\"article\" \/>\n<meta property=\"og:title\" content=\"Art\u00edculo de ANN: Muchacho Afgano Recibe Segunda Oportunidad de Vida de Cirujanos de la Universidad de Loma Linda - Iglesia Adventista del S\u00e9ptimo D\u00eda - Divisi\u00f3n Interamericana\" \/>\n<meta property=\"og:description\" content=\"Asadullah de doce a\u00f1os de edad, quiere lo que todo adolescente sue\u00f1a, libertad.\" \/>\n<meta property=\"og:url\" content=\"https:\/\/interamerica.org\/es\/2005\/03\/articulo-de-ann-muchacho-afgano-recibe-segunda-oportunidad-de-vida-de-cirujanos-de-la-universidad-de-loma-linda\/\" \/>\n<meta property=\"og:site_name\" content=\"Iglesia Adventista del S\u00e9ptimo D\u00eda - Divisi\u00f3n Interamericana\" \/>\n<meta property=\"article:published_time\" content=\"2005-03-29T04:00:00+00:00\" \/>\n<meta property=\"article:modified_time\" content=\"2017-06-02T13:17:41+00:00\" \/>\n<meta name=\"author\" content=\"Lorenzo Verduzco\" \/>\n<meta name=\"twitter:card\" content=\"summary_large_image\" \/>\n<meta name=\"twitter:label1\" content=\"Escrito por\" \/>\n\t<meta name=\"twitter:data1\" content=\"Lorenzo Verduzco\" \/>\n\t<meta name=\"twitter:label2\" content=\"Tiempo de lectura\" \/>\n\t<meta name=\"twitter:data2\" content=\"4 minutos\" \/>\n<script type=\"application\/ld+json\" class=\"yoast-schema-graph\">{\"@context\":\"https:\\\/\\\/schema.org\",\"@graph\":[{\"@type\":\"Article\",\"@id\":\"https:\\\/\\\/interamerica.org\\\/es\\\/2005\\\/03\\\/articulo-de-ann-muchacho-afgano-recibe-segunda-oportunidad-de-vida-de-cirujanos-de-la-universidad-de-loma-linda\\\/#article\",\"isPartOf\":{\"@id\":\"https:\\\/\\\/interamerica.org\\\/es\\\/2005\\\/03\\\/articulo-de-ann-muchacho-afgano-recibe-segunda-oportunidad-de-vida-de-cirujanos-de-la-universidad-de-loma-linda\\\/\"},\"author\":{\"name\":\"Lorenzo Verduzco\",\"@id\":\"https:\\\/\\\/interamerica.org\\\/es\\\/#\\\/schema\\\/person\\\/68ede8bdc292885bb76c1e3810e73c39\"},\"headline\":\"Art\u00edculo de ANN: Muchacho Afgano Recibe Segunda Oportunidad de Vida de Cirujanos de la Universidad de Loma Linda\",\"datePublished\":\"2005-03-29T04:00:00+00:00\",\"dateModified\":\"2017-06-02T13:17:41+00:00\",\"mainEntityOfPage\":{\"@id\":\"https:\\\/\\\/interamerica.org\\\/es\\\/2005\\\/03\\\/articulo-de-ann-muchacho-afgano-recibe-segunda-oportunidad-de-vida-de-cirujanos-de-la-universidad-de-loma-linda\\\/\"},\"wordCount\":748,\"articleSection\":[\"Archivo\"],\"inLanguage\":\"es\"},{\"@type\":\"WebPage\",\"@id\":\"https:\\\/\\\/interamerica.org\\\/es\\\/2005\\\/03\\\/articulo-de-ann-muchacho-afgano-recibe-segunda-oportunidad-de-vida-de-cirujanos-de-la-universidad-de-loma-linda\\\/\",\"url\":\"https:\\\/\\\/interamerica.org\\\/es\\\/2005\\\/03\\\/articulo-de-ann-muchacho-afgano-recibe-segunda-oportunidad-de-vida-de-cirujanos-de-la-universidad-de-loma-linda\\\/\",\"name\":\"Art\u00edculo de ANN: Muchacho Afgano Recibe Segunda Oportunidad de Vida de Cirujanos de la Universidad de Loma Linda - Iglesia Adventista del S\u00e9ptimo D\u00eda - Divisi\u00f3n Interamericana\",\"isPartOf\":{\"@id\":\"https:\\\/\\\/interamerica.org\\\/es\\\/#website\"},\"datePublished\":\"2005-03-29T04:00:00+00:00\",\"dateModified\":\"2017-06-02T13:17:41+00:00\",\"author\":{\"@id\":\"https:\\\/\\\/interamerica.org\\\/es\\\/#\\\/schema\\\/person\\\/68ede8bdc292885bb76c1e3810e73c39\"},\"breadcrumb\":{\"@id\":\"https:\\\/\\\/interamerica.org\\\/es\\\/2005\\\/03\\\/articulo-de-ann-muchacho-afgano-recibe-segunda-oportunidad-de-vida-de-cirujanos-de-la-universidad-de-loma-linda\\\/#breadcrumb\"},\"inLanguage\":\"es\",\"potentialAction\":[{\"@type\":\"ReadAction\",\"target\":[\"https:\\\/\\\/interamerica.org\\\/es\\\/2005\\\/03\\\/articulo-de-ann-muchacho-afgano-recibe-segunda-oportunidad-de-vida-de-cirujanos-de-la-universidad-de-loma-linda\\\/\"]}]},{\"@type\":\"BreadcrumbList\",\"@id\":\"https:\\\/\\\/interamerica.org\\\/es\\\/2005\\\/03\\\/articulo-de-ann-muchacho-afgano-recibe-segunda-oportunidad-de-vida-de-cirujanos-de-la-universidad-de-loma-linda\\\/#breadcrumb\",\"itemListElement\":[{\"@type\":\"ListItem\",\"position\":1,\"name\":\"Home\",\"item\":\"https:\\\/\\\/interamerica.org\\\/es\\\/\"},{\"@type\":\"ListItem\",\"position\":2,\"name\":\"Art\u00edculo de ANN: Muchacho Afgano Recibe Segunda Oportunidad de Vida de Cirujanos de la Universidad de Loma Linda\"}]},{\"@type\":\"WebSite\",\"@id\":\"https:\\\/\\\/interamerica.org\\\/es\\\/#website\",\"url\":\"https:\\\/\\\/interamerica.org\\\/es\\\/\",\"name\":\"Iglesia Adventista del S\u00e9ptimo D\u00eda - Divisi\u00f3n Interamericana\",\"description\":\"\",\"potentialAction\":[{\"@type\":\"SearchAction\",\"target\":{\"@type\":\"EntryPoint\",\"urlTemplate\":\"https:\\\/\\\/interamerica.org\\\/es\\\/?s={search_term_string}\"},\"query-input\":{\"@type\":\"PropertyValueSpecification\",\"valueRequired\":true,\"valueName\":\"search_term_string\"}}],\"inLanguage\":\"es\"},{\"@type\":\"Person\",\"@id\":\"https:\\\/\\\/interamerica.org\\\/es\\\/#\\\/schema\\\/person\\\/68ede8bdc292885bb76c1e3810e73c39\",\"name\":\"Lorenzo Verduzco\",\"image\":{\"@type\":\"ImageObject\",\"inLanguage\":\"es\",\"@id\":\"https:\\\/\\\/secure.gravatar.com\\\/avatar\\\/fb81a55b6218459490a9c1dc841a34909185b81904c5337b4b27f7a6fd60c49e?s=96&d=mm&r=g\",\"url\":\"https:\\\/\\\/secure.gravatar.com\\\/avatar\\\/fb81a55b6218459490a9c1dc841a34909185b81904c5337b4b27f7a6fd60c49e?s=96&d=mm&r=g\",\"contentUrl\":\"https:\\\/\\\/secure.gravatar.com\\\/avatar\\\/fb81a55b6218459490a9c1dc841a34909185b81904c5337b4b27f7a6fd60c49e?s=96&d=mm&r=g\",\"caption\":\"Lorenzo Verduzco\"}}]}<\/script>\n<!-- \/ Yoast SEO plugin. -->","yoast_head_json":{"title":"Art\u00edculo de ANN: Muchacho Afgano Recibe Segunda Oportunidad de Vida de Cirujanos de la Universidad de Loma Linda - Iglesia Adventista del S\u00e9ptimo D\u00eda - Divisi\u00f3n Interamericana","robots":{"index":"index","follow":"follow","max-snippet":"max-snippet:-1","max-image-preview":"max-image-preview:large","max-video-preview":"max-video-preview:-1"},"canonical":"https:\/\/interamerica.org\/es\/2005\/03\/articulo-de-ann-muchacho-afgano-recibe-segunda-oportunidad-de-vida-de-cirujanos-de-la-universidad-de-loma-linda\/","og_locale":"es_ES","og_type":"article","og_title":"Art\u00edculo de ANN: Muchacho Afgano Recibe Segunda Oportunidad de Vida de Cirujanos de la Universidad de Loma Linda - Iglesia Adventista del S\u00e9ptimo D\u00eda - Divisi\u00f3n Interamericana","og_description":"Asadullah de doce a\u00f1os de edad, quiere lo que todo adolescente sue\u00f1a, libertad.","og_url":"https:\/\/interamerica.org\/es\/2005\/03\/articulo-de-ann-muchacho-afgano-recibe-segunda-oportunidad-de-vida-de-cirujanos-de-la-universidad-de-loma-linda\/","og_site_name":"Iglesia Adventista del S\u00e9ptimo D\u00eda - Divisi\u00f3n Interamericana","article_published_time":"2005-03-29T04:00:00+00:00","article_modified_time":"2017-06-02T13:17:41+00:00","author":"Lorenzo Verduzco","twitter_card":"summary_large_image","twitter_misc":{"Escrito por":"Lorenzo Verduzco","Tiempo de lectura":"4 minutos"},"schema":{"@context":"https:\/\/schema.org","@graph":[{"@type":"Article","@id":"https:\/\/interamerica.org\/es\/2005\/03\/articulo-de-ann-muchacho-afgano-recibe-segunda-oportunidad-de-vida-de-cirujanos-de-la-universidad-de-loma-linda\/#article","isPartOf":{"@id":"https:\/\/interamerica.org\/es\/2005\/03\/articulo-de-ann-muchacho-afgano-recibe-segunda-oportunidad-de-vida-de-cirujanos-de-la-universidad-de-loma-linda\/"},"author":{"name":"Lorenzo Verduzco","@id":"https:\/\/interamerica.org\/es\/#\/schema\/person\/68ede8bdc292885bb76c1e3810e73c39"},"headline":"Art\u00edculo de ANN: Muchacho Afgano Recibe Segunda Oportunidad de Vida de Cirujanos de la Universidad de Loma Linda","datePublished":"2005-03-29T04:00:00+00:00","dateModified":"2017-06-02T13:17:41+00:00","mainEntityOfPage":{"@id":"https:\/\/interamerica.org\/es\/2005\/03\/articulo-de-ann-muchacho-afgano-recibe-segunda-oportunidad-de-vida-de-cirujanos-de-la-universidad-de-loma-linda\/"},"wordCount":748,"articleSection":["Archivo"],"inLanguage":"es"},{"@type":"WebPage","@id":"https:\/\/interamerica.org\/es\/2005\/03\/articulo-de-ann-muchacho-afgano-recibe-segunda-oportunidad-de-vida-de-cirujanos-de-la-universidad-de-loma-linda\/","url":"https:\/\/interamerica.org\/es\/2005\/03\/articulo-de-ann-muchacho-afgano-recibe-segunda-oportunidad-de-vida-de-cirujanos-de-la-universidad-de-loma-linda\/","name":"Art\u00edculo de ANN: Muchacho Afgano Recibe Segunda Oportunidad de Vida de Cirujanos de la Universidad de Loma Linda - Iglesia Adventista del S\u00e9ptimo D\u00eda - Divisi\u00f3n Interamericana","isPartOf":{"@id":"https:\/\/interamerica.org\/es\/#website"},"datePublished":"2005-03-29T04:00:00+00:00","dateModified":"2017-06-02T13:17:41+00:00","author":{"@id":"https:\/\/interamerica.org\/es\/#\/schema\/person\/68ede8bdc292885bb76c1e3810e73c39"},"breadcrumb":{"@id":"https:\/\/interamerica.org\/es\/2005\/03\/articulo-de-ann-muchacho-afgano-recibe-segunda-oportunidad-de-vida-de-cirujanos-de-la-universidad-de-loma-linda\/#breadcrumb"},"inLanguage":"es","potentialAction":[{"@type":"ReadAction","target":["https:\/\/interamerica.org\/es\/2005\/03\/articulo-de-ann-muchacho-afgano-recibe-segunda-oportunidad-de-vida-de-cirujanos-de-la-universidad-de-loma-linda\/"]}]},{"@type":"BreadcrumbList","@id":"https:\/\/interamerica.org\/es\/2005\/03\/articulo-de-ann-muchacho-afgano-recibe-segunda-oportunidad-de-vida-de-cirujanos-de-la-universidad-de-loma-linda\/#breadcrumb","itemListElement":[{"@type":"ListItem","position":1,"name":"Home","item":"https:\/\/interamerica.org\/es\/"},{"@type":"ListItem","position":2,"name":"Art\u00edculo de ANN: Muchacho Afgano Recibe Segunda Oportunidad de Vida de Cirujanos de la Universidad de Loma Linda"}]},{"@type":"WebSite","@id":"https:\/\/interamerica.org\/es\/#website","url":"https:\/\/interamerica.org\/es\/","name":"Iglesia Adventista del S\u00e9ptimo D\u00eda - Divisi\u00f3n Interamericana","description":"","potentialAction":[{"@type":"SearchAction","target":{"@type":"EntryPoint","urlTemplate":"https:\/\/interamerica.org\/es\/?s={search_term_string}"},"query-input":{"@type":"PropertyValueSpecification","valueRequired":true,"valueName":"search_term_string"}}],"inLanguage":"es"},{"@type":"Person","@id":"https:\/\/interamerica.org\/es\/#\/schema\/person\/68ede8bdc292885bb76c1e3810e73c39","name":"Lorenzo Verduzco","image":{"@type":"ImageObject","inLanguage":"es","@id":"https:\/\/secure.gravatar.com\/avatar\/fb81a55b6218459490a9c1dc841a34909185b81904c5337b4b27f7a6fd60c49e?s=96&d=mm&r=g","url":"https:\/\/secure.gravatar.com\/avatar\/fb81a55b6218459490a9c1dc841a34909185b81904c5337b4b27f7a6fd60c49e?s=96&d=mm&r=g","contentUrl":"https:\/\/secure.gravatar.com\/avatar\/fb81a55b6218459490a9c1dc841a34909185b81904c5337b4b27f7a6fd60c49e?s=96&d=mm&r=g","caption":"Lorenzo Verduzco"}}]}},"_links":{"self":[{"href":"https:\/\/interamerica.org\/es\/wp-json\/wp\/v2\/posts\/10483","targetHints":{"allow":["GET"]}}],"collection":[{"href":"https:\/\/interamerica.org\/es\/wp-json\/wp\/v2\/posts"}],"about":[{"href":"https:\/\/interamerica.org\/es\/wp-json\/wp\/v2\/types\/post"}],"author":[{"embeddable":true,"href":"https:\/\/interamerica.org\/es\/wp-json\/wp\/v2\/users\/1"}],"replies":[{"embeddable":true,"href":"https:\/\/interamerica.org\/es\/wp-json\/wp\/v2\/comments?post=10483"}],"version-history":[{"count":0,"href":"https:\/\/interamerica.org\/es\/wp-json\/wp\/v2\/posts\/10483\/revisions"}],"wp:attachment":[{"href":"https:\/\/interamerica.org\/es\/wp-json\/wp\/v2\/media?parent=10483"}],"wp:term":[{"taxonomy":"category","embeddable":true,"href":"https:\/\/interamerica.org\/es\/wp-json\/wp\/v2\/categories?post=10483"},{"taxonomy":"post_tag","embeddable":true,"href":"https:\/\/interamerica.org\/es\/wp-json\/wp\/v2\/tags?post=10483"}],"curies":[{"name":"wp","href":"https:\/\/api.w.org\/{rel}","templated":true}]}}