{"id":10484,"date":"2005-03-30T00:00:00","date_gmt":"2005-03-30T04:00:00","guid":{"rendered":"http:\/\/192.81.217.108\/interamerica\/2005\/03\/terremoto-golpea-la-isla-nias-previamente-devastada-por-tsunami\/"},"modified":"2017-06-02T09:17:39","modified_gmt":"2017-06-02T13:17:39","slug":"terremoto-golpea-la-isla-nias-previamente-devastada-por-tsunami","status":"publish","type":"post","link":"https:\/\/interamerica.org\/es\/2005\/03\/terremoto-golpea-la-isla-nias-previamente-devastada-por-tsunami\/","title":{"rendered":"Terremoto Golpea la Isla N\u00edas Previamente Devastada por Tsunami."},"content":{"rendered":"<p>Jakarta, Indoniesia&#8230;[Jonathan Catolico\/Ray Dabrowski\/ANN] Tres meses despu\u00e9s que el tsunami del 26 de diciembre azotara el norte de Sumatra, la isla N\u00edas, con cerca de 1 mill\u00f3n de residentes, fue devastada por un terremoto el lunes 28 de marzo por la tarde, con una magnitud de 8.7 en la escala de Richter. El epicentro del terremoto se ubic\u00f3 a 18.6 millas mar adentro. <\/p>\n<p>El gobernador de Sumatra del Norte dijo que m\u00e1s de 1,000 personas hab\u00edan perecido, seg\u00fan c\u00e1lculos hasta el 29 de marzo. Inform\u00f3, adem\u00e1s, que 90 por ciento de los residentes sufrieron la devastaci\u00f3n y 80 por ciento de las casas y edificios fueron destruidos en Gunung Sitoli, capital de la isla de N\u00edas. <\/p>\n<p>Jannus Hutapea y Stefanus Suwandi, familiares de dirigentes laicos adventistas, fueron sepultados en escombros, y sus hogares estuvieron entre los devastados, seg\u00fan Djoko Suwarso, director de comunicaci\u00f3n de la iglesia adventista en Indonesia occidental.<\/p>\n<p>Igual que la reacci\u00f3n humanitaria para ayudar las v\u00edctimas del tsunami en la vecina Aceh, el terremoto de N\u00edas trajo el rostro humano de la cristiandad a todos los que se encuentran afectados por la tragedia. Inmediatamente despu\u00e9s que las noticias llegaron a Jakarta, dirigentes laicos de la iglesia en la capital reaccionaron con prontitud al solicitar la ayuda de los 10,000 miembros de inglesia en la regi\u00f3n. <\/p>\n<p>\u00abNo s\u00f3lo debemos orar, pero debemos ayudar pr\u00e1cticamente con alimentos y materiales\u00bb, dijo Tourisman Siahaan, dirigente laico en Jakarta.<\/p>\n<p>La iglesia adventista en Sumatra Central, en el distrito de Sibolga, se ha convertido en el centro de operaciones de auxilio a los sobrevivientes del desastre.<\/p>\n<p>Indonesia tiene la poblaci\u00f3n musulmana m\u00e1s grande en el mundo. Entre las denominaciones cristianas, hay cerca de 210,000 adventistas del s\u00e9ptimo d\u00eda que adoran en 1,700 congregaciones. <\/p>\n<p><em><strong>Derechos reservados 2005 por Adventist News Network<\/strong><\/em>. <\/p>\n","protected":false},"excerpt":{"rendered":"<p>Tres meses despu\u00e9s que el tsunami del 26 de diciembre golpe\u00f3 el norte de Sumatra, la isla N\u00edas, con cerca de un 1 mill\u00f3n de habitantes, fue devastada por un terremoto el lunes por la noche.<\/p>\n","protected":false},"author":1,"featured_media":0,"comment_status":"closed","ping_status":"closed","sticky":false,"template":"","format":"standard","meta":{"_acf_changed":false,"footnotes":""},"categories":[8],"tags":[],"class_list":["post-10484","post","type-post","status-publish","format-standard","hentry","category-archivo"],"acf":[],"yoast_head":"<!-- This site is optimized with the Yoast SEO plugin v27.3 - https:\/\/yoast.com\/product\/yoast-seo-wordpress\/ -->\n<title>Terremoto Golpea la Isla N\u00edas Previamente Devastada por Tsunami. - Iglesia Adventista del S\u00e9ptimo D\u00eda - Divisi\u00f3n Interamericana<\/title>\n<meta name=\"robots\" content=\"index, follow, max-snippet:-1, max-image-preview:large, max-video-preview:-1\" \/>\n<link rel=\"canonical\" href=\"https:\/\/interamerica.org\/es\/2005\/03\/terremoto-golpea-la-isla-nias-previamente-devastada-por-tsunami\/\" \/>\n<meta property=\"og:locale\" content=\"es_ES\" \/>\n<meta property=\"og:type\" content=\"article\" \/>\n<meta property=\"og:title\" content=\"Terremoto Golpea la Isla N\u00edas Previamente Devastada por Tsunami. - Iglesia Adventista del S\u00e9ptimo D\u00eda - Divisi\u00f3n Interamericana\" \/>\n<meta property=\"og:description\" content=\"Tres meses despu\u00e9s que el tsunami del 26 de diciembre golpe\u00f3 el norte de Sumatra, la isla N\u00edas, con cerca de un 1 mill\u00f3n de habitantes, fue devastada por un terremoto el lunes por la noche.\" \/>\n<meta property=\"og:url\" content=\"https:\/\/interamerica.org\/es\/2005\/03\/terremoto-golpea-la-isla-nias-previamente-devastada-por-tsunami\/\" \/>\n<meta property=\"og:site_name\" content=\"Iglesia Adventista del S\u00e9ptimo D\u00eda - Divisi\u00f3n Interamericana\" \/>\n<meta property=\"article:published_time\" content=\"2005-03-30T04:00:00+00:00\" \/>\n<meta property=\"article:modified_time\" content=\"2017-06-02T13:17:39+00:00\" \/>\n<meta name=\"author\" content=\"Lorenzo Verduzco\" \/>\n<meta name=\"twitter:card\" content=\"summary_large_image\" \/>\n<meta name=\"twitter:label1\" content=\"Escrito por\" \/>\n\t<meta name=\"twitter:data1\" content=\"Lorenzo Verduzco\" \/>\n\t<meta name=\"twitter:label2\" content=\"Tiempo de lectura\" \/>\n\t<meta name=\"twitter:data2\" content=\"2 minutos\" \/>\n<script type=\"application\/ld+json\" class=\"yoast-schema-graph\">{\"@context\":\"https:\\\/\\\/schema.org\",\"@graph\":[{\"@type\":\"Article\",\"@id\":\"https:\\\/\\\/interamerica.org\\\/es\\\/2005\\\/03\\\/terremoto-golpea-la-isla-nias-previamente-devastada-por-tsunami\\\/#article\",\"isPartOf\":{\"@id\":\"https:\\\/\\\/interamerica.org\\\/es\\\/2005\\\/03\\\/terremoto-golpea-la-isla-nias-previamente-devastada-por-tsunami\\\/\"},\"author\":{\"name\":\"Lorenzo Verduzco\",\"@id\":\"https:\\\/\\\/interamerica.org\\\/es\\\/#\\\/schema\\\/person\\\/68ede8bdc292885bb76c1e3810e73c39\"},\"headline\":\"Terremoto Golpea la Isla N\u00edas Previamente Devastada por Tsunami.\",\"datePublished\":\"2005-03-30T04:00:00+00:00\",\"dateModified\":\"2017-06-02T13:17:39+00:00\",\"mainEntityOfPage\":{\"@id\":\"https:\\\/\\\/interamerica.org\\\/es\\\/2005\\\/03\\\/terremoto-golpea-la-isla-nias-previamente-devastada-por-tsunami\\\/\"},\"wordCount\":320,\"articleSection\":[\"Archivo\"],\"inLanguage\":\"es\"},{\"@type\":\"WebPage\",\"@id\":\"https:\\\/\\\/interamerica.org\\\/es\\\/2005\\\/03\\\/terremoto-golpea-la-isla-nias-previamente-devastada-por-tsunami\\\/\",\"url\":\"https:\\\/\\\/interamerica.org\\\/es\\\/2005\\\/03\\\/terremoto-golpea-la-isla-nias-previamente-devastada-por-tsunami\\\/\",\"name\":\"Terremoto Golpea la Isla N\u00edas Previamente Devastada por Tsunami. - Iglesia Adventista del S\u00e9ptimo D\u00eda - Divisi\u00f3n Interamericana\",\"isPartOf\":{\"@id\":\"https:\\\/\\\/interamerica.org\\\/es\\\/#website\"},\"datePublished\":\"2005-03-30T04:00:00+00:00\",\"dateModified\":\"2017-06-02T13:17:39+00:00\",\"author\":{\"@id\":\"https:\\\/\\\/interamerica.org\\\/es\\\/#\\\/schema\\\/person\\\/68ede8bdc292885bb76c1e3810e73c39\"},\"breadcrumb\":{\"@id\":\"https:\\\/\\\/interamerica.org\\\/es\\\/2005\\\/03\\\/terremoto-golpea-la-isla-nias-previamente-devastada-por-tsunami\\\/#breadcrumb\"},\"inLanguage\":\"es\",\"potentialAction\":[{\"@type\":\"ReadAction\",\"target\":[\"https:\\\/\\\/interamerica.org\\\/es\\\/2005\\\/03\\\/terremoto-golpea-la-isla-nias-previamente-devastada-por-tsunami\\\/\"]}]},{\"@type\":\"BreadcrumbList\",\"@id\":\"https:\\\/\\\/interamerica.org\\\/es\\\/2005\\\/03\\\/terremoto-golpea-la-isla-nias-previamente-devastada-por-tsunami\\\/#breadcrumb\",\"itemListElement\":[{\"@type\":\"ListItem\",\"position\":1,\"name\":\"Home\",\"item\":\"https:\\\/\\\/interamerica.org\\\/es\\\/\"},{\"@type\":\"ListItem\",\"position\":2,\"name\":\"Terremoto Golpea la Isla N\u00edas Previamente Devastada por Tsunami.\"}]},{\"@type\":\"WebSite\",\"@id\":\"https:\\\/\\\/interamerica.org\\\/es\\\/#website\",\"url\":\"https:\\\/\\\/interamerica.org\\\/es\\\/\",\"name\":\"Iglesia Adventista del S\u00e9ptimo D\u00eda - Divisi\u00f3n Interamericana\",\"description\":\"\",\"potentialAction\":[{\"@type\":\"SearchAction\",\"target\":{\"@type\":\"EntryPoint\",\"urlTemplate\":\"https:\\\/\\\/interamerica.org\\\/es\\\/?s={search_term_string}\"},\"query-input\":{\"@type\":\"PropertyValueSpecification\",\"valueRequired\":true,\"valueName\":\"search_term_string\"}}],\"inLanguage\":\"es\"},{\"@type\":\"Person\",\"@id\":\"https:\\\/\\\/interamerica.org\\\/es\\\/#\\\/schema\\\/person\\\/68ede8bdc292885bb76c1e3810e73c39\",\"name\":\"Lorenzo Verduzco\",\"image\":{\"@type\":\"ImageObject\",\"inLanguage\":\"es\",\"@id\":\"https:\\\/\\\/secure.gravatar.com\\\/avatar\\\/fb81a55b6218459490a9c1dc841a34909185b81904c5337b4b27f7a6fd60c49e?s=96&d=mm&r=g\",\"url\":\"https:\\\/\\\/secure.gravatar.com\\\/avatar\\\/fb81a55b6218459490a9c1dc841a34909185b81904c5337b4b27f7a6fd60c49e?s=96&d=mm&r=g\",\"contentUrl\":\"https:\\\/\\\/secure.gravatar.com\\\/avatar\\\/fb81a55b6218459490a9c1dc841a34909185b81904c5337b4b27f7a6fd60c49e?s=96&d=mm&r=g\",\"caption\":\"Lorenzo Verduzco\"}}]}<\/script>\n<!-- \/ Yoast SEO plugin. -->","yoast_head_json":{"title":"Terremoto Golpea la Isla N\u00edas Previamente Devastada por Tsunami. - Iglesia Adventista del S\u00e9ptimo D\u00eda - Divisi\u00f3n Interamericana","robots":{"index":"index","follow":"follow","max-snippet":"max-snippet:-1","max-image-preview":"max-image-preview:large","max-video-preview":"max-video-preview:-1"},"canonical":"https:\/\/interamerica.org\/es\/2005\/03\/terremoto-golpea-la-isla-nias-previamente-devastada-por-tsunami\/","og_locale":"es_ES","og_type":"article","og_title":"Terremoto Golpea la Isla N\u00edas Previamente Devastada por Tsunami. - Iglesia Adventista del S\u00e9ptimo D\u00eda - Divisi\u00f3n Interamericana","og_description":"Tres meses despu\u00e9s que el tsunami del 26 de diciembre golpe\u00f3 el norte de Sumatra, la isla N\u00edas, con cerca de un 1 mill\u00f3n de habitantes, fue devastada por un terremoto el lunes por la noche.","og_url":"https:\/\/interamerica.org\/es\/2005\/03\/terremoto-golpea-la-isla-nias-previamente-devastada-por-tsunami\/","og_site_name":"Iglesia Adventista del S\u00e9ptimo D\u00eda - Divisi\u00f3n Interamericana","article_published_time":"2005-03-30T04:00:00+00:00","article_modified_time":"2017-06-02T13:17:39+00:00","author":"Lorenzo Verduzco","twitter_card":"summary_large_image","twitter_misc":{"Escrito por":"Lorenzo Verduzco","Tiempo de lectura":"2 minutos"},"schema":{"@context":"https:\/\/schema.org","@graph":[{"@type":"Article","@id":"https:\/\/interamerica.org\/es\/2005\/03\/terremoto-golpea-la-isla-nias-previamente-devastada-por-tsunami\/#article","isPartOf":{"@id":"https:\/\/interamerica.org\/es\/2005\/03\/terremoto-golpea-la-isla-nias-previamente-devastada-por-tsunami\/"},"author":{"name":"Lorenzo Verduzco","@id":"https:\/\/interamerica.org\/es\/#\/schema\/person\/68ede8bdc292885bb76c1e3810e73c39"},"headline":"Terremoto Golpea la Isla N\u00edas Previamente Devastada por Tsunami.","datePublished":"2005-03-30T04:00:00+00:00","dateModified":"2017-06-02T13:17:39+00:00","mainEntityOfPage":{"@id":"https:\/\/interamerica.org\/es\/2005\/03\/terremoto-golpea-la-isla-nias-previamente-devastada-por-tsunami\/"},"wordCount":320,"articleSection":["Archivo"],"inLanguage":"es"},{"@type":"WebPage","@id":"https:\/\/interamerica.org\/es\/2005\/03\/terremoto-golpea-la-isla-nias-previamente-devastada-por-tsunami\/","url":"https:\/\/interamerica.org\/es\/2005\/03\/terremoto-golpea-la-isla-nias-previamente-devastada-por-tsunami\/","name":"Terremoto Golpea la Isla N\u00edas Previamente Devastada por Tsunami. - Iglesia Adventista del S\u00e9ptimo D\u00eda - Divisi\u00f3n Interamericana","isPartOf":{"@id":"https:\/\/interamerica.org\/es\/#website"},"datePublished":"2005-03-30T04:00:00+00:00","dateModified":"2017-06-02T13:17:39+00:00","author":{"@id":"https:\/\/interamerica.org\/es\/#\/schema\/person\/68ede8bdc292885bb76c1e3810e73c39"},"breadcrumb":{"@id":"https:\/\/interamerica.org\/es\/2005\/03\/terremoto-golpea-la-isla-nias-previamente-devastada-por-tsunami\/#breadcrumb"},"inLanguage":"es","potentialAction":[{"@type":"ReadAction","target":["https:\/\/interamerica.org\/es\/2005\/03\/terremoto-golpea-la-isla-nias-previamente-devastada-por-tsunami\/"]}]},{"@type":"BreadcrumbList","@id":"https:\/\/interamerica.org\/es\/2005\/03\/terremoto-golpea-la-isla-nias-previamente-devastada-por-tsunami\/#breadcrumb","itemListElement":[{"@type":"ListItem","position":1,"name":"Home","item":"https:\/\/interamerica.org\/es\/"},{"@type":"ListItem","position":2,"name":"Terremoto Golpea la Isla N\u00edas Previamente Devastada por Tsunami."}]},{"@type":"WebSite","@id":"https:\/\/interamerica.org\/es\/#website","url":"https:\/\/interamerica.org\/es\/","name":"Iglesia Adventista del S\u00e9ptimo D\u00eda - Divisi\u00f3n Interamericana","description":"","potentialAction":[{"@type":"SearchAction","target":{"@type":"EntryPoint","urlTemplate":"https:\/\/interamerica.org\/es\/?s={search_term_string}"},"query-input":{"@type":"PropertyValueSpecification","valueRequired":true,"valueName":"search_term_string"}}],"inLanguage":"es"},{"@type":"Person","@id":"https:\/\/interamerica.org\/es\/#\/schema\/person\/68ede8bdc292885bb76c1e3810e73c39","name":"Lorenzo Verduzco","image":{"@type":"ImageObject","inLanguage":"es","@id":"https:\/\/secure.gravatar.com\/avatar\/fb81a55b6218459490a9c1dc841a34909185b81904c5337b4b27f7a6fd60c49e?s=96&d=mm&r=g","url":"https:\/\/secure.gravatar.com\/avatar\/fb81a55b6218459490a9c1dc841a34909185b81904c5337b4b27f7a6fd60c49e?s=96&d=mm&r=g","contentUrl":"https:\/\/secure.gravatar.com\/avatar\/fb81a55b6218459490a9c1dc841a34909185b81904c5337b4b27f7a6fd60c49e?s=96&d=mm&r=g","caption":"Lorenzo Verduzco"}}]}},"_links":{"self":[{"href":"https:\/\/interamerica.org\/es\/wp-json\/wp\/v2\/posts\/10484","targetHints":{"allow":["GET"]}}],"collection":[{"href":"https:\/\/interamerica.org\/es\/wp-json\/wp\/v2\/posts"}],"about":[{"href":"https:\/\/interamerica.org\/es\/wp-json\/wp\/v2\/types\/post"}],"author":[{"embeddable":true,"href":"https:\/\/interamerica.org\/es\/wp-json\/wp\/v2\/users\/1"}],"replies":[{"embeddable":true,"href":"https:\/\/interamerica.org\/es\/wp-json\/wp\/v2\/comments?post=10484"}],"version-history":[{"count":0,"href":"https:\/\/interamerica.org\/es\/wp-json\/wp\/v2\/posts\/10484\/revisions"}],"wp:attachment":[{"href":"https:\/\/interamerica.org\/es\/wp-json\/wp\/v2\/media?parent=10484"}],"wp:term":[{"taxonomy":"category","embeddable":true,"href":"https:\/\/interamerica.org\/es\/wp-json\/wp\/v2\/categories?post=10484"},{"taxonomy":"post_tag","embeddable":true,"href":"https:\/\/interamerica.org\/es\/wp-json\/wp\/v2\/tags?post=10484"}],"curies":[{"name":"wp","href":"https:\/\/api.w.org\/{rel}","templated":true}]}}