{"id":10485,"date":"2005-04-05T00:00:00","date_gmt":"2005-04-05T04:00:00","guid":{"rendered":"http:\/\/192.81.217.108\/interamerica\/2005\/04\/estados-unidos-marino-adventista-puesto-en-prision-a-pesar-de-haber-solicitado-su-condicion-de-no-combatiente-es-prontamente-libertado\/"},"modified":"2017-06-02T09:17:37","modified_gmt":"2017-06-02T13:17:37","slug":"estados-unidos-marino-adventista-puesto-en-prision-a-pesar-de-haber-solicitado-su-condicion-de-no-combatiente-es-prontamente-libertado","status":"publish","type":"post","link":"https:\/\/interamerica.org\/es\/2005\/04\/estados-unidos-marino-adventista-puesto-en-prision-a-pesar-de-haber-solicitado-su-condicion-de-no-combatiente-es-prontamente-libertado\/","title":{"rendered":"Estados Unidos: Marino adventista, puesto en prisi\u00f3n a pesar de haber solicitado su condici\u00f3n de no combatiente, es prontamente libertado"},"content":{"rendered":"<p>Camp Lejeune, Carolina del Norte, Estados Unidos\u2026 [Mark A. Kellner\/ANN]<\/p>\n<p>El marino privado Joel David Klimkewicz, juzgado por la corte marcial en diciembre de 2004, en una disputa acerca de su petici\u00f3n de un estatus de no combatiente, ser\u00e1 libertado hoy de una prisi\u00f3n en la base norteamericana Marine Corps, en Camp Lejeune, Carolina del Norte, dijo Mitchel Tyner, abogado de la Iglesia Adventista.<\/p>\n<p>Klimkewicz, de 24 a\u00f1os, era un ingeniero de combate\u00a0 en el Segundo Batall\u00f3n de Ingenieros de Combate, con sede en Camp Lejeune, y fue hecho convicto por el cargo de rehusar obedecer la orden de un oficial superior, quien pidi\u00f3 que el marino portara un arma. Klimkewicz, cuyo desempe\u00f1o militar y vida personal experimentaron un cambio dr\u00e1stico y positivo despu\u00e9s de convertirse al cristianismo, se uni\u00f3 a la Iglesia Adventista del S\u00e9ptimo D\u00eda en octubre de 2002, entonces en lista para otro viaje de trabajo. Despu\u00e9s de ese momento, el miembro de las fuerzas armadas descubri\u00f3 que la condici\u00f3n de no combatiente es la recomendaci\u00f3n de la iglesia y, con base en su reflexi\u00f3n personal, lleg\u00f3 a la conclusi\u00f3n de que no llevar\u00eda un arma para matar a otra persona. Entonces \u00e9l solicit\u00f3 que se le asignaran deberes en los que pudiera servir sin cargar un arma, postul\u00e1ndose como voluntario, por ejemplo, para trabajar en la desactivaci\u00f3n de terrenos minados en Irak.<\/p>\n<p>Marine Corps rechaz\u00f3 su petici\u00f3n, culminando en la corte marcial que redujo el rango de Klimkewicz, con cargos de mala conducta, y un r\u00e9cord de falta grave seguido de la sentencia a prisi\u00f3n. Tales acciones no son comunes en el cuerpo militar, el cual la mayor parte de las veces separan a un miembro del servicio si no es posible una acomodaci\u00f3n.<\/p>\n<p>Los movimientos en contra de Klimkewicz atrajeron la atenci\u00f3n internacional, incluyendo la cobertura de los medios m\u00e1s importantes en los Estados Unidos y de ultramar. Dos miembros del Congreso de los Estados Unidos hablaron en nombre del marino \u2013el representante Dale e. Kildee, de M\u00edchigan, y el representante Roscoe G. Bartlett, de Maryland.<\/p>\n<p>El representante Bartlett sostuvo varias reuniones con oficiales de Marine Corps acerca del asunto. Un asistente dijo a ANN que el representante Bartlett est\u00e1 feliz de o\u00edr acerca de la pronta liberaci\u00f3n de Klimkewicz.<\/p>\n<p>Al mismo tiempo, los abogados de Klimkewicz buscar\u00e1n que se revierta el veredicto de la corte marcial, limpiando el nombre del marino y su hoja de vida.<\/p>\n<p>\u201cEstamos felices de tener a Joel fuera de la prisi\u00f3n, y continuamos nuestros esfuerzos para hacer que se revierta su injusta sanci\u00f3n\u201d, dijo Tyner.<\/p>\n<p>\u201cEsta situaci\u00f3n necesita ser cuidadosamente examinada, de modo que Marine Corps no contin\u00fae empa\u00f1ando su reputaci\u00f3n\u201d, dijo Richard O. Stenbakken, un capell\u00e1n retirado de la Fuerza A\u00e9rea de los Estados Unidos, y pastor adventista del s\u00e9ptimo d\u00eda, quien hasta hace poco dirigi\u00f3 el Ministerio de Capellan\u00eda para la iglesia mundial.<\/p>\n<p>Con una membres\u00eda estimada de 13.4 millones y aproximadamente 114.000 congregaciones en 203 pa\u00edses y \u00e1reas del mundo, la Iglesia Adventista del S\u00e9ptimo D\u00eda por largo tiempo ha abogado por la no violencia y las soluciones pac\u00edficas a los conflictos. La Iglesia apoya la condici\u00f3n de no combatiente para sus miembros que sirven en las fuerzas armadas, pero deja esa decisi\u00f3n en manos de cada individuo.<\/p>\n<p><strong>Derechos Reservados \u00ae 2005 por Adventist News Network.<\/strong><\/p>\n","protected":false},"excerpt":{"rendered":"<p>El marino privado Joel David Klimkewicz, juzgado por la corte marcial en diciembre de 2004, en una disputa acerca de su petici\u00f3n de un estatus de no combatiente, ser\u00e1 libertado hoy de una prisi\u00f3n en la base norteamericana Marine Corps, en Camp Lejeune, Ca<\/p>\n","protected":false},"author":1,"featured_media":0,"comment_status":"closed","ping_status":"closed","sticky":false,"template":"","format":"standard","meta":{"_acf_changed":false,"footnotes":""},"categories":[8],"tags":[],"class_list":["post-10485","post","type-post","status-publish","format-standard","hentry","category-archivo"],"acf":[],"yoast_head":"<!-- This site is optimized with the Yoast SEO plugin v27.3 - https:\/\/yoast.com\/product\/yoast-seo-wordpress\/ -->\n<title>Estados Unidos: Marino adventista, puesto en prisi\u00f3n a pesar de haber solicitado su condici\u00f3n de no combatiente, es prontamente libertado - Iglesia Adventista del S\u00e9ptimo D\u00eda - Divisi\u00f3n Interamericana<\/title>\n<meta name=\"robots\" content=\"index, follow, max-snippet:-1, max-image-preview:large, max-video-preview:-1\" \/>\n<link rel=\"canonical\" href=\"https:\/\/interamerica.org\/es\/2005\/04\/estados-unidos-marino-adventista-puesto-en-prision-a-pesar-de-haber-solicitado-su-condicion-de-no-combatiente-es-prontamente-libertado\/\" \/>\n<meta property=\"og:locale\" content=\"es_ES\" \/>\n<meta property=\"og:type\" content=\"article\" \/>\n<meta property=\"og:title\" content=\"Estados Unidos: Marino adventista, puesto en prisi\u00f3n a pesar de haber solicitado su condici\u00f3n de no combatiente, es prontamente libertado - Iglesia Adventista del S\u00e9ptimo D\u00eda - Divisi\u00f3n Interamericana\" \/>\n<meta property=\"og:description\" content=\"El marino privado Joel David Klimkewicz, juzgado por la corte marcial en diciembre de 2004, en una disputa acerca de su petici\u00f3n de un estatus de no combatiente, ser\u00e1 libertado hoy de una prisi\u00f3n en la base norteamericana Marine Corps, en Camp Lejeune, Ca\" \/>\n<meta property=\"og:url\" content=\"https:\/\/interamerica.org\/es\/2005\/04\/estados-unidos-marino-adventista-puesto-en-prision-a-pesar-de-haber-solicitado-su-condicion-de-no-combatiente-es-prontamente-libertado\/\" \/>\n<meta property=\"og:site_name\" content=\"Iglesia Adventista del S\u00e9ptimo D\u00eda - Divisi\u00f3n Interamericana\" \/>\n<meta property=\"article:published_time\" content=\"2005-04-05T04:00:00+00:00\" \/>\n<meta property=\"article:modified_time\" content=\"2017-06-02T13:17:37+00:00\" \/>\n<meta name=\"author\" content=\"Lorenzo Verduzco\" \/>\n<meta name=\"twitter:card\" content=\"summary_large_image\" \/>\n<meta name=\"twitter:label1\" content=\"Escrito por\" \/>\n\t<meta name=\"twitter:data1\" content=\"Lorenzo Verduzco\" \/>\n\t<meta name=\"twitter:label2\" content=\"Tiempo de lectura\" \/>\n\t<meta name=\"twitter:data2\" content=\"3 minutos\" \/>\n<script type=\"application\/ld+json\" class=\"yoast-schema-graph\">{\"@context\":\"https:\\\/\\\/schema.org\",\"@graph\":[{\"@type\":\"Article\",\"@id\":\"https:\\\/\\\/interamerica.org\\\/es\\\/2005\\\/04\\\/estados-unidos-marino-adventista-puesto-en-prision-a-pesar-de-haber-solicitado-su-condicion-de-no-combatiente-es-prontamente-libertado\\\/#article\",\"isPartOf\":{\"@id\":\"https:\\\/\\\/interamerica.org\\\/es\\\/2005\\\/04\\\/estados-unidos-marino-adventista-puesto-en-prision-a-pesar-de-haber-solicitado-su-condicion-de-no-combatiente-es-prontamente-libertado\\\/\"},\"author\":{\"name\":\"Lorenzo Verduzco\",\"@id\":\"https:\\\/\\\/interamerica.org\\\/es\\\/#\\\/schema\\\/person\\\/68ede8bdc292885bb76c1e3810e73c39\"},\"headline\":\"Estados Unidos: Marino adventista, puesto en prisi\u00f3n a pesar de haber solicitado su condici\u00f3n de no combatiente, es prontamente libertado\",\"datePublished\":\"2005-04-05T04:00:00+00:00\",\"dateModified\":\"2017-06-02T13:17:37+00:00\",\"mainEntityOfPage\":{\"@id\":\"https:\\\/\\\/interamerica.org\\\/es\\\/2005\\\/04\\\/estados-unidos-marino-adventista-puesto-en-prision-a-pesar-de-haber-solicitado-su-condicion-de-no-combatiente-es-prontamente-libertado\\\/\"},\"wordCount\":610,\"articleSection\":[\"Archivo\"],\"inLanguage\":\"es\"},{\"@type\":\"WebPage\",\"@id\":\"https:\\\/\\\/interamerica.org\\\/es\\\/2005\\\/04\\\/estados-unidos-marino-adventista-puesto-en-prision-a-pesar-de-haber-solicitado-su-condicion-de-no-combatiente-es-prontamente-libertado\\\/\",\"url\":\"https:\\\/\\\/interamerica.org\\\/es\\\/2005\\\/04\\\/estados-unidos-marino-adventista-puesto-en-prision-a-pesar-de-haber-solicitado-su-condicion-de-no-combatiente-es-prontamente-libertado\\\/\",\"name\":\"Estados Unidos: Marino adventista, puesto en prisi\u00f3n a pesar de haber solicitado su condici\u00f3n de no combatiente, es prontamente libertado - Iglesia Adventista del S\u00e9ptimo D\u00eda - Divisi\u00f3n Interamericana\",\"isPartOf\":{\"@id\":\"https:\\\/\\\/interamerica.org\\\/es\\\/#website\"},\"datePublished\":\"2005-04-05T04:00:00+00:00\",\"dateModified\":\"2017-06-02T13:17:37+00:00\",\"author\":{\"@id\":\"https:\\\/\\\/interamerica.org\\\/es\\\/#\\\/schema\\\/person\\\/68ede8bdc292885bb76c1e3810e73c39\"},\"breadcrumb\":{\"@id\":\"https:\\\/\\\/interamerica.org\\\/es\\\/2005\\\/04\\\/estados-unidos-marino-adventista-puesto-en-prision-a-pesar-de-haber-solicitado-su-condicion-de-no-combatiente-es-prontamente-libertado\\\/#breadcrumb\"},\"inLanguage\":\"es\",\"potentialAction\":[{\"@type\":\"ReadAction\",\"target\":[\"https:\\\/\\\/interamerica.org\\\/es\\\/2005\\\/04\\\/estados-unidos-marino-adventista-puesto-en-prision-a-pesar-de-haber-solicitado-su-condicion-de-no-combatiente-es-prontamente-libertado\\\/\"]}]},{\"@type\":\"BreadcrumbList\",\"@id\":\"https:\\\/\\\/interamerica.org\\\/es\\\/2005\\\/04\\\/estados-unidos-marino-adventista-puesto-en-prision-a-pesar-de-haber-solicitado-su-condicion-de-no-combatiente-es-prontamente-libertado\\\/#breadcrumb\",\"itemListElement\":[{\"@type\":\"ListItem\",\"position\":1,\"name\":\"Home\",\"item\":\"https:\\\/\\\/interamerica.org\\\/es\\\/\"},{\"@type\":\"ListItem\",\"position\":2,\"name\":\"Estados Unidos: Marino adventista, puesto en prisi\u00f3n a pesar de haber solicitado su condici\u00f3n de no combatiente, es prontamente libertado\"}]},{\"@type\":\"WebSite\",\"@id\":\"https:\\\/\\\/interamerica.org\\\/es\\\/#website\",\"url\":\"https:\\\/\\\/interamerica.org\\\/es\\\/\",\"name\":\"Iglesia Adventista del S\u00e9ptimo D\u00eda - Divisi\u00f3n Interamericana\",\"description\":\"\",\"potentialAction\":[{\"@type\":\"SearchAction\",\"target\":{\"@type\":\"EntryPoint\",\"urlTemplate\":\"https:\\\/\\\/interamerica.org\\\/es\\\/?s={search_term_string}\"},\"query-input\":{\"@type\":\"PropertyValueSpecification\",\"valueRequired\":true,\"valueName\":\"search_term_string\"}}],\"inLanguage\":\"es\"},{\"@type\":\"Person\",\"@id\":\"https:\\\/\\\/interamerica.org\\\/es\\\/#\\\/schema\\\/person\\\/68ede8bdc292885bb76c1e3810e73c39\",\"name\":\"Lorenzo Verduzco\",\"image\":{\"@type\":\"ImageObject\",\"inLanguage\":\"es\",\"@id\":\"https:\\\/\\\/secure.gravatar.com\\\/avatar\\\/fb81a55b6218459490a9c1dc841a34909185b81904c5337b4b27f7a6fd60c49e?s=96&d=mm&r=g\",\"url\":\"https:\\\/\\\/secure.gravatar.com\\\/avatar\\\/fb81a55b6218459490a9c1dc841a34909185b81904c5337b4b27f7a6fd60c49e?s=96&d=mm&r=g\",\"contentUrl\":\"https:\\\/\\\/secure.gravatar.com\\\/avatar\\\/fb81a55b6218459490a9c1dc841a34909185b81904c5337b4b27f7a6fd60c49e?s=96&d=mm&r=g\",\"caption\":\"Lorenzo Verduzco\"}}]}<\/script>\n<!-- \/ Yoast SEO plugin. -->","yoast_head_json":{"title":"Estados Unidos: Marino adventista, puesto en prisi\u00f3n a pesar de haber solicitado su condici\u00f3n de no combatiente, es prontamente libertado - Iglesia Adventista del S\u00e9ptimo D\u00eda - Divisi\u00f3n Interamericana","robots":{"index":"index","follow":"follow","max-snippet":"max-snippet:-1","max-image-preview":"max-image-preview:large","max-video-preview":"max-video-preview:-1"},"canonical":"https:\/\/interamerica.org\/es\/2005\/04\/estados-unidos-marino-adventista-puesto-en-prision-a-pesar-de-haber-solicitado-su-condicion-de-no-combatiente-es-prontamente-libertado\/","og_locale":"es_ES","og_type":"article","og_title":"Estados Unidos: Marino adventista, puesto en prisi\u00f3n a pesar de haber solicitado su condici\u00f3n de no combatiente, es prontamente libertado - Iglesia Adventista del S\u00e9ptimo D\u00eda - Divisi\u00f3n Interamericana","og_description":"El marino privado Joel David Klimkewicz, juzgado por la corte marcial en diciembre de 2004, en una disputa acerca de su petici\u00f3n de un estatus de no combatiente, ser\u00e1 libertado hoy de una prisi\u00f3n en la base norteamericana Marine Corps, en Camp Lejeune, Ca","og_url":"https:\/\/interamerica.org\/es\/2005\/04\/estados-unidos-marino-adventista-puesto-en-prision-a-pesar-de-haber-solicitado-su-condicion-de-no-combatiente-es-prontamente-libertado\/","og_site_name":"Iglesia Adventista del S\u00e9ptimo D\u00eda - Divisi\u00f3n Interamericana","article_published_time":"2005-04-05T04:00:00+00:00","article_modified_time":"2017-06-02T13:17:37+00:00","author":"Lorenzo Verduzco","twitter_card":"summary_large_image","twitter_misc":{"Escrito por":"Lorenzo Verduzco","Tiempo de lectura":"3 minutos"},"schema":{"@context":"https:\/\/schema.org","@graph":[{"@type":"Article","@id":"https:\/\/interamerica.org\/es\/2005\/04\/estados-unidos-marino-adventista-puesto-en-prision-a-pesar-de-haber-solicitado-su-condicion-de-no-combatiente-es-prontamente-libertado\/#article","isPartOf":{"@id":"https:\/\/interamerica.org\/es\/2005\/04\/estados-unidos-marino-adventista-puesto-en-prision-a-pesar-de-haber-solicitado-su-condicion-de-no-combatiente-es-prontamente-libertado\/"},"author":{"name":"Lorenzo Verduzco","@id":"https:\/\/interamerica.org\/es\/#\/schema\/person\/68ede8bdc292885bb76c1e3810e73c39"},"headline":"Estados Unidos: Marino adventista, puesto en prisi\u00f3n a pesar de haber solicitado su condici\u00f3n de no combatiente, es prontamente libertado","datePublished":"2005-04-05T04:00:00+00:00","dateModified":"2017-06-02T13:17:37+00:00","mainEntityOfPage":{"@id":"https:\/\/interamerica.org\/es\/2005\/04\/estados-unidos-marino-adventista-puesto-en-prision-a-pesar-de-haber-solicitado-su-condicion-de-no-combatiente-es-prontamente-libertado\/"},"wordCount":610,"articleSection":["Archivo"],"inLanguage":"es"},{"@type":"WebPage","@id":"https:\/\/interamerica.org\/es\/2005\/04\/estados-unidos-marino-adventista-puesto-en-prision-a-pesar-de-haber-solicitado-su-condicion-de-no-combatiente-es-prontamente-libertado\/","url":"https:\/\/interamerica.org\/es\/2005\/04\/estados-unidos-marino-adventista-puesto-en-prision-a-pesar-de-haber-solicitado-su-condicion-de-no-combatiente-es-prontamente-libertado\/","name":"Estados Unidos: Marino adventista, puesto en prisi\u00f3n a pesar de haber solicitado su condici\u00f3n de no combatiente, es prontamente libertado - Iglesia Adventista del S\u00e9ptimo D\u00eda - Divisi\u00f3n Interamericana","isPartOf":{"@id":"https:\/\/interamerica.org\/es\/#website"},"datePublished":"2005-04-05T04:00:00+00:00","dateModified":"2017-06-02T13:17:37+00:00","author":{"@id":"https:\/\/interamerica.org\/es\/#\/schema\/person\/68ede8bdc292885bb76c1e3810e73c39"},"breadcrumb":{"@id":"https:\/\/interamerica.org\/es\/2005\/04\/estados-unidos-marino-adventista-puesto-en-prision-a-pesar-de-haber-solicitado-su-condicion-de-no-combatiente-es-prontamente-libertado\/#breadcrumb"},"inLanguage":"es","potentialAction":[{"@type":"ReadAction","target":["https:\/\/interamerica.org\/es\/2005\/04\/estados-unidos-marino-adventista-puesto-en-prision-a-pesar-de-haber-solicitado-su-condicion-de-no-combatiente-es-prontamente-libertado\/"]}]},{"@type":"BreadcrumbList","@id":"https:\/\/interamerica.org\/es\/2005\/04\/estados-unidos-marino-adventista-puesto-en-prision-a-pesar-de-haber-solicitado-su-condicion-de-no-combatiente-es-prontamente-libertado\/#breadcrumb","itemListElement":[{"@type":"ListItem","position":1,"name":"Home","item":"https:\/\/interamerica.org\/es\/"},{"@type":"ListItem","position":2,"name":"Estados Unidos: Marino adventista, puesto en prisi\u00f3n a pesar de haber solicitado su condici\u00f3n de no combatiente, es prontamente libertado"}]},{"@type":"WebSite","@id":"https:\/\/interamerica.org\/es\/#website","url":"https:\/\/interamerica.org\/es\/","name":"Iglesia Adventista del S\u00e9ptimo D\u00eda - Divisi\u00f3n Interamericana","description":"","potentialAction":[{"@type":"SearchAction","target":{"@type":"EntryPoint","urlTemplate":"https:\/\/interamerica.org\/es\/?s={search_term_string}"},"query-input":{"@type":"PropertyValueSpecification","valueRequired":true,"valueName":"search_term_string"}}],"inLanguage":"es"},{"@type":"Person","@id":"https:\/\/interamerica.org\/es\/#\/schema\/person\/68ede8bdc292885bb76c1e3810e73c39","name":"Lorenzo Verduzco","image":{"@type":"ImageObject","inLanguage":"es","@id":"https:\/\/secure.gravatar.com\/avatar\/fb81a55b6218459490a9c1dc841a34909185b81904c5337b4b27f7a6fd60c49e?s=96&d=mm&r=g","url":"https:\/\/secure.gravatar.com\/avatar\/fb81a55b6218459490a9c1dc841a34909185b81904c5337b4b27f7a6fd60c49e?s=96&d=mm&r=g","contentUrl":"https:\/\/secure.gravatar.com\/avatar\/fb81a55b6218459490a9c1dc841a34909185b81904c5337b4b27f7a6fd60c49e?s=96&d=mm&r=g","caption":"Lorenzo Verduzco"}}]}},"_links":{"self":[{"href":"https:\/\/interamerica.org\/es\/wp-json\/wp\/v2\/posts\/10485","targetHints":{"allow":["GET"]}}],"collection":[{"href":"https:\/\/interamerica.org\/es\/wp-json\/wp\/v2\/posts"}],"about":[{"href":"https:\/\/interamerica.org\/es\/wp-json\/wp\/v2\/types\/post"}],"author":[{"embeddable":true,"href":"https:\/\/interamerica.org\/es\/wp-json\/wp\/v2\/users\/1"}],"replies":[{"embeddable":true,"href":"https:\/\/interamerica.org\/es\/wp-json\/wp\/v2\/comments?post=10485"}],"version-history":[{"count":0,"href":"https:\/\/interamerica.org\/es\/wp-json\/wp\/v2\/posts\/10485\/revisions"}],"wp:attachment":[{"href":"https:\/\/interamerica.org\/es\/wp-json\/wp\/v2\/media?parent=10485"}],"wp:term":[{"taxonomy":"category","embeddable":true,"href":"https:\/\/interamerica.org\/es\/wp-json\/wp\/v2\/categories?post=10485"},{"taxonomy":"post_tag","embeddable":true,"href":"https:\/\/interamerica.org\/es\/wp-json\/wp\/v2\/tags?post=10485"}],"curies":[{"name":"wp","href":"https:\/\/api.w.org\/{rel}","templated":true}]}}