{"id":10486,"date":"2005-04-05T00:00:00","date_gmt":"2005-04-05T04:00:00","guid":{"rendered":"http:\/\/192.81.217.108\/interamerica\/2005\/04\/sudan-trabajadores-de-adra-secuestrados-son-puestos-en-libertad\/"},"modified":"2017-06-02T09:17:38","modified_gmt":"2017-06-02T13:17:38","slug":"sudan-trabajadores-de-adra-secuestrados-son-puestos-en-libertad","status":"publish","type":"post","link":"https:\/\/interamerica.org\/es\/2005\/04\/sudan-trabajadores-de-adra-secuestrados-son-puestos-en-libertad\/","title":{"rendered":"Sud\u00e1n: Trabajadores de ADRA secuestrados son puestos en libertad"},"content":{"rendered":"<p>Silver Spring, Maryland, Estados Unidos&#8230; [ADRA\/Personal de ANN]<\/p>\n<p>Tres obreros vinculados\u00a0a la Agencia Adventista de Desarrollo y Recursos Asistenciales (ADRA) que hab\u00edan sido secuestrados el pasado 16 de diciembre de 2004 cuando viajaban a Darfur Occidental, en Sud\u00e1n, han sido liberados y y llevados de regreso, con seguridad,\u00a0a sus hogares. <\/p>\n<p>Los tres hombres, de nacionalidad sudanesa, fueron secuestrados en Labado cuando viajaban desde Khartum, la capital de Sud\u00e1n. Fueron retenidos en la regi\u00f3n de Darfur junto con su equipo y las provisiones que llevaban a Darfur Occidental para construir fuentes de agua en beneficio de 80.000 personas desplazadas (PIDs) y de miembros de la comunidad que los albergaban. La mayor parte de los equipos del proyecto tambi\u00e9n han sido devueltos a la oficina de ADRA en Sud\u00e1n. <\/p>\n<p>\u00abLa prolongada detenci\u00f3n de nuestros talentosos y comprometidos trabajadores ha perjudicado los programas de asistencia social de ADRA en un \u00e1rea muy golpeada por la inestabilidad civil, y resulta de preocupaci\u00f3n para la comunidad internacional en general\u00bb, dice Byron Scheuneman, vicepresidente general y director de finanzas de ADRA, que ya hab\u00eda realizado una apelaci\u00f3n p\u00fablica para que los trabajadores fueran liberados. \u00abEstamos agradecidos porque regresaron ilesos, pero esta odisea sin duda ha sido ardua\u00bb. <\/p>\n<p>ADRA agradece especialmente la ayuda de Barbara Contini, la Enviada Especial Italiana, quien comenz\u00f3 las negociaciones que aseguraron la exitosa liberaci\u00f3n de los tres obreros. <\/p>\n<p>\u00abEstamos muy felices de estar de regreso con nuestras familias, y simplemente queremos pasar alg\u00fan tiempo con ellos\u00bb, dice Said Saad Mohmed, uno de los obreros secuestrados, al expresar los pensamientos y sentimientos de los tres. <\/p>\n<p>Mohmed ha trabajado con ADRA Sud\u00e1n durante16 a\u00f1os y es un miembro muy apreciado del equipo de perforaciones. <\/p>\n<p>A pesar de los desaf\u00edos de operar en un ambiente de algo riesgo, ADRA planea continuar sus 25 a\u00f1os de labor humanitaria en Sud\u00e1n. <\/p>\n<p>Presente en m\u00e1s de 120 pa\u00edses en todo el mundo, ADRA brinda desarrollo comunitario y asistencia social\u00a0en los desastres sin importar la asociaci\u00f3n pol\u00edtica o religiosa, la edad, el sexo o la raza. Si desea informaci\u00f3n adicional acerca de la agencia visite <a  href=\"http:\/\/www.adra.org\">www.adra.org<\/a>.<\/p>\n<p><strong>Derechos Reservados \u00ae 2005 por Adventist News Network.<\/strong><\/p>\n","protected":false},"excerpt":{"rendered":"<p>Tres obreros vinculados a la Agencia Adventista de Desarrollo y Recursos Asistenciales (ADRA) que hab\u00edan sido secuestrados el pasado 16 de diciembre de 2004<\/p>\n","protected":false},"author":1,"featured_media":0,"comment_status":"closed","ping_status":"closed","sticky":false,"template":"","format":"standard","meta":{"_acf_changed":false,"footnotes":""},"categories":[8],"tags":[],"class_list":["post-10486","post","type-post","status-publish","format-standard","hentry","category-archivo"],"acf":[],"yoast_head":"<!-- This site is optimized with the Yoast SEO plugin v27.3 - https:\/\/yoast.com\/product\/yoast-seo-wordpress\/ -->\n<title>Sud\u00e1n: Trabajadores de ADRA secuestrados son puestos en libertad - Iglesia Adventista del S\u00e9ptimo D\u00eda - Divisi\u00f3n Interamericana<\/title>\n<meta name=\"robots\" content=\"index, follow, max-snippet:-1, max-image-preview:large, max-video-preview:-1\" \/>\n<link rel=\"canonical\" href=\"https:\/\/interamerica.org\/es\/2005\/04\/sudan-trabajadores-de-adra-secuestrados-son-puestos-en-libertad\/\" \/>\n<meta property=\"og:locale\" content=\"es_ES\" \/>\n<meta property=\"og:type\" content=\"article\" \/>\n<meta property=\"og:title\" content=\"Sud\u00e1n: Trabajadores de ADRA secuestrados son puestos en libertad - Iglesia Adventista del S\u00e9ptimo D\u00eda - Divisi\u00f3n Interamericana\" \/>\n<meta property=\"og:description\" content=\"Tres obreros vinculados a la Agencia Adventista de Desarrollo y Recursos Asistenciales (ADRA) que hab\u00edan sido secuestrados el pasado 16 de diciembre de 2004\" \/>\n<meta property=\"og:url\" content=\"https:\/\/interamerica.org\/es\/2005\/04\/sudan-trabajadores-de-adra-secuestrados-son-puestos-en-libertad\/\" \/>\n<meta property=\"og:site_name\" content=\"Iglesia Adventista del S\u00e9ptimo D\u00eda - Divisi\u00f3n Interamericana\" \/>\n<meta property=\"article:published_time\" content=\"2005-04-05T04:00:00+00:00\" \/>\n<meta property=\"article:modified_time\" content=\"2017-06-02T13:17:38+00:00\" \/>\n<meta name=\"author\" content=\"Lorenzo Verduzco\" \/>\n<meta name=\"twitter:card\" content=\"summary_large_image\" \/>\n<meta name=\"twitter:label1\" content=\"Escrito por\" \/>\n\t<meta name=\"twitter:data1\" content=\"Lorenzo Verduzco\" \/>\n\t<meta name=\"twitter:label2\" content=\"Tiempo de lectura\" \/>\n\t<meta name=\"twitter:data2\" content=\"2 minutos\" \/>\n<script type=\"application\/ld+json\" class=\"yoast-schema-graph\">{\"@context\":\"https:\\\/\\\/schema.org\",\"@graph\":[{\"@type\":\"Article\",\"@id\":\"https:\\\/\\\/interamerica.org\\\/es\\\/2005\\\/04\\\/sudan-trabajadores-de-adra-secuestrados-son-puestos-en-libertad\\\/#article\",\"isPartOf\":{\"@id\":\"https:\\\/\\\/interamerica.org\\\/es\\\/2005\\\/04\\\/sudan-trabajadores-de-adra-secuestrados-son-puestos-en-libertad\\\/\"},\"author\":{\"name\":\"Lorenzo Verduzco\",\"@id\":\"https:\\\/\\\/interamerica.org\\\/es\\\/#\\\/schema\\\/person\\\/68ede8bdc292885bb76c1e3810e73c39\"},\"headline\":\"Sud\u00e1n: Trabajadores de ADRA secuestrados son puestos en libertad\",\"datePublished\":\"2005-04-05T04:00:00+00:00\",\"dateModified\":\"2017-06-02T13:17:38+00:00\",\"mainEntityOfPage\":{\"@id\":\"https:\\\/\\\/interamerica.org\\\/es\\\/2005\\\/04\\\/sudan-trabajadores-de-adra-secuestrados-son-puestos-en-libertad\\\/\"},\"wordCount\":387,\"articleSection\":[\"Archivo\"],\"inLanguage\":\"es\"},{\"@type\":\"WebPage\",\"@id\":\"https:\\\/\\\/interamerica.org\\\/es\\\/2005\\\/04\\\/sudan-trabajadores-de-adra-secuestrados-son-puestos-en-libertad\\\/\",\"url\":\"https:\\\/\\\/interamerica.org\\\/es\\\/2005\\\/04\\\/sudan-trabajadores-de-adra-secuestrados-son-puestos-en-libertad\\\/\",\"name\":\"Sud\u00e1n: Trabajadores de ADRA secuestrados son puestos en libertad - Iglesia Adventista del S\u00e9ptimo D\u00eda - Divisi\u00f3n Interamericana\",\"isPartOf\":{\"@id\":\"https:\\\/\\\/interamerica.org\\\/es\\\/#website\"},\"datePublished\":\"2005-04-05T04:00:00+00:00\",\"dateModified\":\"2017-06-02T13:17:38+00:00\",\"author\":{\"@id\":\"https:\\\/\\\/interamerica.org\\\/es\\\/#\\\/schema\\\/person\\\/68ede8bdc292885bb76c1e3810e73c39\"},\"breadcrumb\":{\"@id\":\"https:\\\/\\\/interamerica.org\\\/es\\\/2005\\\/04\\\/sudan-trabajadores-de-adra-secuestrados-son-puestos-en-libertad\\\/#breadcrumb\"},\"inLanguage\":\"es\",\"potentialAction\":[{\"@type\":\"ReadAction\",\"target\":[\"https:\\\/\\\/interamerica.org\\\/es\\\/2005\\\/04\\\/sudan-trabajadores-de-adra-secuestrados-son-puestos-en-libertad\\\/\"]}]},{\"@type\":\"BreadcrumbList\",\"@id\":\"https:\\\/\\\/interamerica.org\\\/es\\\/2005\\\/04\\\/sudan-trabajadores-de-adra-secuestrados-son-puestos-en-libertad\\\/#breadcrumb\",\"itemListElement\":[{\"@type\":\"ListItem\",\"position\":1,\"name\":\"Home\",\"item\":\"https:\\\/\\\/interamerica.org\\\/es\\\/\"},{\"@type\":\"ListItem\",\"position\":2,\"name\":\"Sud\u00e1n: Trabajadores de ADRA secuestrados son puestos en libertad\"}]},{\"@type\":\"WebSite\",\"@id\":\"https:\\\/\\\/interamerica.org\\\/es\\\/#website\",\"url\":\"https:\\\/\\\/interamerica.org\\\/es\\\/\",\"name\":\"Iglesia Adventista del S\u00e9ptimo D\u00eda - Divisi\u00f3n Interamericana\",\"description\":\"\",\"potentialAction\":[{\"@type\":\"SearchAction\",\"target\":{\"@type\":\"EntryPoint\",\"urlTemplate\":\"https:\\\/\\\/interamerica.org\\\/es\\\/?s={search_term_string}\"},\"query-input\":{\"@type\":\"PropertyValueSpecification\",\"valueRequired\":true,\"valueName\":\"search_term_string\"}}],\"inLanguage\":\"es\"},{\"@type\":\"Person\",\"@id\":\"https:\\\/\\\/interamerica.org\\\/es\\\/#\\\/schema\\\/person\\\/68ede8bdc292885bb76c1e3810e73c39\",\"name\":\"Lorenzo Verduzco\",\"image\":{\"@type\":\"ImageObject\",\"inLanguage\":\"es\",\"@id\":\"https:\\\/\\\/secure.gravatar.com\\\/avatar\\\/fb81a55b6218459490a9c1dc841a34909185b81904c5337b4b27f7a6fd60c49e?s=96&d=mm&r=g\",\"url\":\"https:\\\/\\\/secure.gravatar.com\\\/avatar\\\/fb81a55b6218459490a9c1dc841a34909185b81904c5337b4b27f7a6fd60c49e?s=96&d=mm&r=g\",\"contentUrl\":\"https:\\\/\\\/secure.gravatar.com\\\/avatar\\\/fb81a55b6218459490a9c1dc841a34909185b81904c5337b4b27f7a6fd60c49e?s=96&d=mm&r=g\",\"caption\":\"Lorenzo Verduzco\"}}]}<\/script>\n<!-- \/ Yoast SEO plugin. -->","yoast_head_json":{"title":"Sud\u00e1n: Trabajadores de ADRA secuestrados son puestos en libertad - Iglesia Adventista del S\u00e9ptimo D\u00eda - Divisi\u00f3n Interamericana","robots":{"index":"index","follow":"follow","max-snippet":"max-snippet:-1","max-image-preview":"max-image-preview:large","max-video-preview":"max-video-preview:-1"},"canonical":"https:\/\/interamerica.org\/es\/2005\/04\/sudan-trabajadores-de-adra-secuestrados-son-puestos-en-libertad\/","og_locale":"es_ES","og_type":"article","og_title":"Sud\u00e1n: Trabajadores de ADRA secuestrados son puestos en libertad - Iglesia Adventista del S\u00e9ptimo D\u00eda - Divisi\u00f3n Interamericana","og_description":"Tres obreros vinculados a la Agencia Adventista de Desarrollo y Recursos Asistenciales (ADRA) que hab\u00edan sido secuestrados el pasado 16 de diciembre de 2004","og_url":"https:\/\/interamerica.org\/es\/2005\/04\/sudan-trabajadores-de-adra-secuestrados-son-puestos-en-libertad\/","og_site_name":"Iglesia Adventista del S\u00e9ptimo D\u00eda - Divisi\u00f3n Interamericana","article_published_time":"2005-04-05T04:00:00+00:00","article_modified_time":"2017-06-02T13:17:38+00:00","author":"Lorenzo Verduzco","twitter_card":"summary_large_image","twitter_misc":{"Escrito por":"Lorenzo Verduzco","Tiempo de lectura":"2 minutos"},"schema":{"@context":"https:\/\/schema.org","@graph":[{"@type":"Article","@id":"https:\/\/interamerica.org\/es\/2005\/04\/sudan-trabajadores-de-adra-secuestrados-son-puestos-en-libertad\/#article","isPartOf":{"@id":"https:\/\/interamerica.org\/es\/2005\/04\/sudan-trabajadores-de-adra-secuestrados-son-puestos-en-libertad\/"},"author":{"name":"Lorenzo Verduzco","@id":"https:\/\/interamerica.org\/es\/#\/schema\/person\/68ede8bdc292885bb76c1e3810e73c39"},"headline":"Sud\u00e1n: Trabajadores de ADRA secuestrados son puestos en libertad","datePublished":"2005-04-05T04:00:00+00:00","dateModified":"2017-06-02T13:17:38+00:00","mainEntityOfPage":{"@id":"https:\/\/interamerica.org\/es\/2005\/04\/sudan-trabajadores-de-adra-secuestrados-son-puestos-en-libertad\/"},"wordCount":387,"articleSection":["Archivo"],"inLanguage":"es"},{"@type":"WebPage","@id":"https:\/\/interamerica.org\/es\/2005\/04\/sudan-trabajadores-de-adra-secuestrados-son-puestos-en-libertad\/","url":"https:\/\/interamerica.org\/es\/2005\/04\/sudan-trabajadores-de-adra-secuestrados-son-puestos-en-libertad\/","name":"Sud\u00e1n: Trabajadores de ADRA secuestrados son puestos en libertad - Iglesia Adventista del S\u00e9ptimo D\u00eda - Divisi\u00f3n Interamericana","isPartOf":{"@id":"https:\/\/interamerica.org\/es\/#website"},"datePublished":"2005-04-05T04:00:00+00:00","dateModified":"2017-06-02T13:17:38+00:00","author":{"@id":"https:\/\/interamerica.org\/es\/#\/schema\/person\/68ede8bdc292885bb76c1e3810e73c39"},"breadcrumb":{"@id":"https:\/\/interamerica.org\/es\/2005\/04\/sudan-trabajadores-de-adra-secuestrados-son-puestos-en-libertad\/#breadcrumb"},"inLanguage":"es","potentialAction":[{"@type":"ReadAction","target":["https:\/\/interamerica.org\/es\/2005\/04\/sudan-trabajadores-de-adra-secuestrados-son-puestos-en-libertad\/"]}]},{"@type":"BreadcrumbList","@id":"https:\/\/interamerica.org\/es\/2005\/04\/sudan-trabajadores-de-adra-secuestrados-son-puestos-en-libertad\/#breadcrumb","itemListElement":[{"@type":"ListItem","position":1,"name":"Home","item":"https:\/\/interamerica.org\/es\/"},{"@type":"ListItem","position":2,"name":"Sud\u00e1n: Trabajadores de ADRA secuestrados son puestos en libertad"}]},{"@type":"WebSite","@id":"https:\/\/interamerica.org\/es\/#website","url":"https:\/\/interamerica.org\/es\/","name":"Iglesia Adventista del S\u00e9ptimo D\u00eda - Divisi\u00f3n Interamericana","description":"","potentialAction":[{"@type":"SearchAction","target":{"@type":"EntryPoint","urlTemplate":"https:\/\/interamerica.org\/es\/?s={search_term_string}"},"query-input":{"@type":"PropertyValueSpecification","valueRequired":true,"valueName":"search_term_string"}}],"inLanguage":"es"},{"@type":"Person","@id":"https:\/\/interamerica.org\/es\/#\/schema\/person\/68ede8bdc292885bb76c1e3810e73c39","name":"Lorenzo Verduzco","image":{"@type":"ImageObject","inLanguage":"es","@id":"https:\/\/secure.gravatar.com\/avatar\/fb81a55b6218459490a9c1dc841a34909185b81904c5337b4b27f7a6fd60c49e?s=96&d=mm&r=g","url":"https:\/\/secure.gravatar.com\/avatar\/fb81a55b6218459490a9c1dc841a34909185b81904c5337b4b27f7a6fd60c49e?s=96&d=mm&r=g","contentUrl":"https:\/\/secure.gravatar.com\/avatar\/fb81a55b6218459490a9c1dc841a34909185b81904c5337b4b27f7a6fd60c49e?s=96&d=mm&r=g","caption":"Lorenzo Verduzco"}}]}},"_links":{"self":[{"href":"https:\/\/interamerica.org\/es\/wp-json\/wp\/v2\/posts\/10486","targetHints":{"allow":["GET"]}}],"collection":[{"href":"https:\/\/interamerica.org\/es\/wp-json\/wp\/v2\/posts"}],"about":[{"href":"https:\/\/interamerica.org\/es\/wp-json\/wp\/v2\/types\/post"}],"author":[{"embeddable":true,"href":"https:\/\/interamerica.org\/es\/wp-json\/wp\/v2\/users\/1"}],"replies":[{"embeddable":true,"href":"https:\/\/interamerica.org\/es\/wp-json\/wp\/v2\/comments?post=10486"}],"version-history":[{"count":0,"href":"https:\/\/interamerica.org\/es\/wp-json\/wp\/v2\/posts\/10486\/revisions"}],"wp:attachment":[{"href":"https:\/\/interamerica.org\/es\/wp-json\/wp\/v2\/media?parent=10486"}],"wp:term":[{"taxonomy":"category","embeddable":true,"href":"https:\/\/interamerica.org\/es\/wp-json\/wp\/v2\/categories?post=10486"},{"taxonomy":"post_tag","embeddable":true,"href":"https:\/\/interamerica.org\/es\/wp-json\/wp\/v2\/tags?post=10486"}],"curies":[{"name":"wp","href":"https:\/\/api.w.org\/{rel}","templated":true}]}}