{"id":10487,"date":"2005-04-05T00:00:00","date_gmt":"2005-04-05T04:00:00","guid":{"rendered":"http:\/\/192.81.217.108\/interamerica\/2005\/04\/filipinas-la-iglesia-adventista-logra-la-aprobacion-de-una-estampilla-postal-conmemorativa\/"},"modified":"2017-06-02T09:17:38","modified_gmt":"2017-06-02T13:17:38","slug":"filipinas-la-iglesia-adventista-logra-la-aprobacion-de-una-estampilla-postal-conmemorativa","status":"publish","type":"post","link":"https:\/\/interamerica.org\/es\/2005\/04\/filipinas-la-iglesia-adventista-logra-la-aprobacion-de-una-estampilla-postal-conmemorativa\/","title":{"rendered":"Filipinas: La Iglesia Adventista Logra la Aprobaci\u00f3n de una Estampilla Postal Conmemorativa"},"content":{"rendered":"<p>Manila, Filipinas&#8230;. [Mariju I. Pimentel\/Personal de ANN]<\/p>\n<p>Uni\u00e9ndose a la cifra de aproximadamente dos docenas de entidades, la Rep\u00fablica de Filipinas ha publicado una conmemoraci\u00f3n postal de los 100 a\u00f1os de la Iglesia Adventista del S\u00e9ptimo D\u00eda en la naci\u00f3n.<\/p>\n<\/p>\n<p>La estampilla muestra la obra \u201cDios cuida de Manila\u201d, un cuadro pintado por O.T. Navarra en 1967, que fue exhibido en el Centro M\u00e9dico Adventista de Manila. Tambi\u00e9n incluye el logo de la Iglesia Adventista del S\u00e9ptimo D\u00eda, el cual refleja los valores medulares con los cuales la iglesia est\u00e1 comprometida, y una nueva iglesia adventista en Filipinas del Norte.<\/p>\n<\/p>\n<p>Alfonso Divina, un empleado antiguo del sistema postal y miembro de la Iglesia Adventista, trabaj\u00f3 en el dise\u00f1o y la confecci\u00f3n de la estampilla. Leomer Batulayan, antiguo director de la Agencia Adventista para el Desarrollo y Recursos Asistenciales (ADRA) en las Filipinas, coordin\u00f3 el proceso de buscar la aprobaci\u00f3n para esta estampilla postal conmemorativa.<\/p>\n<\/p>\n<p>\u201cEsta es una experiencia muy emocionante, pero humilde, que formar\u00e1 parte de la celebraci\u00f3n a trav\u00e9s del talento que Dios me ha concedido\u201d, dijo Divina. \u201c\u00a1Ahora estoy feliz al retirarme del servicio al gobierno, porque he legado algo memorable para mi iglesia!\u201d.<\/p>\n<\/p>\n<p>La estampilla de 6 pesos (aproximadamente 11 centavos de d\u00f3lar americano), publicada el 16 de febrero, cubre la tarifa dom\u00e9stica b\u00e1sica en cada una de las principales regiones del pa\u00eds. La emisi\u00f3n a color de esta estampilla marc\u00f3 el siglo de historia de la iglesia en el pa\u00eds, celebrado del 2 al 5 de marzo por m\u00e1s de 1,3 millones de adventistas en la rep\u00fablica de las 7.100 islas.<\/p>\n<\/p>\n<p>Durante su reciente visita al pa\u00eds, el pastor Jan Paulsen, presidente de la Iglesia Adventista mundial, fue presentado con una l\u00e1mina enmarcada de estampillas, de acuerdo con Jonathan C. Catolico, director de comunicaci\u00f3n para la iglesia en la regi\u00f3n de Asia Pac\u00edfico Sur.<\/p>\n<\/p>\n<p>En sus 100 a\u00f1os de trabajo en las Filipinas, la Iglesia Adventista del S\u00e9ptimo D\u00eda ha establecido 4.190 congregaciones, siete hospitales, centenares de escuelas, incluyendo una universidad, convirti\u00e9ndola este hecho en el sistema educativo protestante m\u00e1s grande en las Filipinas. Una de sus destacadas instituciones m\u00e9dicas es el Centro M\u00e9dico Adventista de Manila, con 75 a\u00f1os de historia, antiguamente conocido como el Hospital y Sanatorio de Manila, en la ciudad de Pasay, el cual est\u00e1 a la vanguardia de la medicina preventiva y alternativa.<\/p>\n<\/p>\n<p>Aunque las estampillas postales adhesivas han estado circulando por 165 a\u00f1os, es solamente durante los \u00faltimos 38 a\u00f1os cuando las estampillas han mostrado temas adventistas. La primera, de Madagascar, en 1967, mostraba la sede de la iglesia en esa misi\u00f3n, y un templo en Tamatave, una ciudad de la costa este.<\/p>\n<\/p>\n<p>Uruguay, Samoa Oriental, Rusia, las Islas Norfolk y Tonga tambi\u00e9n han publicado estampillas postales que presentan actividad adventista.<\/p>\n<\/p>\n<p>Un hito en la filatelia adventista sucedi\u00f3 en el a\u00f1o 2000, cuando la Oficina Postal de Canad\u00e1 public\u00f3 una estampilla conmemorativa de 46 centavos, en honor al congreso general de la iglesia mundial en Toronto, llevado a cabo ese a\u00f1o. Andre Ouellette, presidente y dirigente ejecutivo de la Oficina Postal de Canad\u00e1, present\u00f3 la estampilla al pastor Paulsen en el evento.<\/p>\n<\/p>\n<p>El mayor n\u00famero de estampillas relacionadas con los adventistas se ha originado en una peque\u00f1a isla del pac\u00edfico. La Isla Pitcairn, cuya poblaci\u00f3n respondi\u00f3 al mensaje de la Biblia llevado en 1886 por el misionero John L. Tay, ha publicado conmemoraciones que presentan a Tay, la iglesia de la isla, un bautismo local, la embarcaci\u00f3n misionera \u201cPitcairn\u201d, y la escuela de la iglesia en la isla.<\/p>\n<\/p>\n<p><strong>Derechos Reservados \u00ae por Adventist News Network.<\/strong><\/p>\n","protected":false},"excerpt":{"rendered":"<p>Uni\u00e9ndose a la cifra de aproximadamente dos docenas de entidades, la Rep\u00fablica de Filipinas ha publicado una conmemoraci\u00f3n postal de los 100 a\u00f1os de la Iglesia Adventista del S\u00e9ptimo D\u00eda en la naci\u00f3n.<\/p>\n","protected":false},"author":1,"featured_media":0,"comment_status":"closed","ping_status":"closed","sticky":false,"template":"","format":"standard","meta":{"_acf_changed":false,"footnotes":""},"categories":[8],"tags":[],"class_list":["post-10487","post","type-post","status-publish","format-standard","hentry","category-archivo"],"acf":[],"yoast_head":"<!-- This site is optimized with the Yoast SEO plugin v27.3 - https:\/\/yoast.com\/product\/yoast-seo-wordpress\/ -->\n<title>Filipinas: La Iglesia Adventista Logra la Aprobaci\u00f3n de una Estampilla Postal Conmemorativa - Iglesia Adventista del S\u00e9ptimo D\u00eda - Divisi\u00f3n Interamericana<\/title>\n<meta name=\"robots\" content=\"index, follow, max-snippet:-1, max-image-preview:large, max-video-preview:-1\" \/>\n<link rel=\"canonical\" href=\"https:\/\/interamerica.org\/es\/2005\/04\/filipinas-la-iglesia-adventista-logra-la-aprobacion-de-una-estampilla-postal-conmemorativa\/\" \/>\n<meta property=\"og:locale\" content=\"es_ES\" \/>\n<meta property=\"og:type\" content=\"article\" \/>\n<meta property=\"og:title\" content=\"Filipinas: La Iglesia Adventista Logra la Aprobaci\u00f3n de una Estampilla Postal Conmemorativa - Iglesia Adventista del S\u00e9ptimo D\u00eda - Divisi\u00f3n Interamericana\" \/>\n<meta property=\"og:description\" content=\"Uni\u00e9ndose a la cifra de aproximadamente dos docenas de entidades, la Rep\u00fablica de Filipinas ha publicado una conmemoraci\u00f3n postal de los 100 a\u00f1os de la Iglesia Adventista del S\u00e9ptimo D\u00eda en la naci\u00f3n.\" \/>\n<meta property=\"og:url\" content=\"https:\/\/interamerica.org\/es\/2005\/04\/filipinas-la-iglesia-adventista-logra-la-aprobacion-de-una-estampilla-postal-conmemorativa\/\" \/>\n<meta property=\"og:site_name\" content=\"Iglesia Adventista del S\u00e9ptimo D\u00eda - Divisi\u00f3n Interamericana\" \/>\n<meta property=\"article:published_time\" content=\"2005-04-05T04:00:00+00:00\" \/>\n<meta property=\"article:modified_time\" content=\"2017-06-02T13:17:38+00:00\" \/>\n<meta name=\"author\" content=\"Lorenzo Verduzco\" \/>\n<meta name=\"twitter:card\" content=\"summary_large_image\" \/>\n<meta name=\"twitter:label1\" content=\"Escrito por\" \/>\n\t<meta name=\"twitter:data1\" content=\"Lorenzo Verduzco\" \/>\n\t<meta name=\"twitter:label2\" content=\"Tiempo de lectura\" \/>\n\t<meta name=\"twitter:data2\" content=\"3 minutos\" \/>\n<script type=\"application\/ld+json\" class=\"yoast-schema-graph\">{\"@context\":\"https:\\\/\\\/schema.org\",\"@graph\":[{\"@type\":\"Article\",\"@id\":\"https:\\\/\\\/interamerica.org\\\/es\\\/2005\\\/04\\\/filipinas-la-iglesia-adventista-logra-la-aprobacion-de-una-estampilla-postal-conmemorativa\\\/#article\",\"isPartOf\":{\"@id\":\"https:\\\/\\\/interamerica.org\\\/es\\\/2005\\\/04\\\/filipinas-la-iglesia-adventista-logra-la-aprobacion-de-una-estampilla-postal-conmemorativa\\\/\"},\"author\":{\"name\":\"Lorenzo Verduzco\",\"@id\":\"https:\\\/\\\/interamerica.org\\\/es\\\/#\\\/schema\\\/person\\\/68ede8bdc292885bb76c1e3810e73c39\"},\"headline\":\"Filipinas: La Iglesia Adventista Logra la Aprobaci\u00f3n de una Estampilla Postal Conmemorativa\",\"datePublished\":\"2005-04-05T04:00:00+00:00\",\"dateModified\":\"2017-06-02T13:17:38+00:00\",\"mainEntityOfPage\":{\"@id\":\"https:\\\/\\\/interamerica.org\\\/es\\\/2005\\\/04\\\/filipinas-la-iglesia-adventista-logra-la-aprobacion-de-una-estampilla-postal-conmemorativa\\\/\"},\"wordCount\":639,\"articleSection\":[\"Archivo\"],\"inLanguage\":\"es\"},{\"@type\":\"WebPage\",\"@id\":\"https:\\\/\\\/interamerica.org\\\/es\\\/2005\\\/04\\\/filipinas-la-iglesia-adventista-logra-la-aprobacion-de-una-estampilla-postal-conmemorativa\\\/\",\"url\":\"https:\\\/\\\/interamerica.org\\\/es\\\/2005\\\/04\\\/filipinas-la-iglesia-adventista-logra-la-aprobacion-de-una-estampilla-postal-conmemorativa\\\/\",\"name\":\"Filipinas: La Iglesia Adventista Logra la Aprobaci\u00f3n de una Estampilla Postal Conmemorativa - Iglesia Adventista del S\u00e9ptimo D\u00eda - Divisi\u00f3n Interamericana\",\"isPartOf\":{\"@id\":\"https:\\\/\\\/interamerica.org\\\/es\\\/#website\"},\"datePublished\":\"2005-04-05T04:00:00+00:00\",\"dateModified\":\"2017-06-02T13:17:38+00:00\",\"author\":{\"@id\":\"https:\\\/\\\/interamerica.org\\\/es\\\/#\\\/schema\\\/person\\\/68ede8bdc292885bb76c1e3810e73c39\"},\"breadcrumb\":{\"@id\":\"https:\\\/\\\/interamerica.org\\\/es\\\/2005\\\/04\\\/filipinas-la-iglesia-adventista-logra-la-aprobacion-de-una-estampilla-postal-conmemorativa\\\/#breadcrumb\"},\"inLanguage\":\"es\",\"potentialAction\":[{\"@type\":\"ReadAction\",\"target\":[\"https:\\\/\\\/interamerica.org\\\/es\\\/2005\\\/04\\\/filipinas-la-iglesia-adventista-logra-la-aprobacion-de-una-estampilla-postal-conmemorativa\\\/\"]}]},{\"@type\":\"BreadcrumbList\",\"@id\":\"https:\\\/\\\/interamerica.org\\\/es\\\/2005\\\/04\\\/filipinas-la-iglesia-adventista-logra-la-aprobacion-de-una-estampilla-postal-conmemorativa\\\/#breadcrumb\",\"itemListElement\":[{\"@type\":\"ListItem\",\"position\":1,\"name\":\"Home\",\"item\":\"https:\\\/\\\/interamerica.org\\\/es\\\/\"},{\"@type\":\"ListItem\",\"position\":2,\"name\":\"Filipinas: La Iglesia Adventista Logra la Aprobaci\u00f3n de una Estampilla Postal Conmemorativa\"}]},{\"@type\":\"WebSite\",\"@id\":\"https:\\\/\\\/interamerica.org\\\/es\\\/#website\",\"url\":\"https:\\\/\\\/interamerica.org\\\/es\\\/\",\"name\":\"Iglesia Adventista del S\u00e9ptimo D\u00eda - Divisi\u00f3n Interamericana\",\"description\":\"\",\"potentialAction\":[{\"@type\":\"SearchAction\",\"target\":{\"@type\":\"EntryPoint\",\"urlTemplate\":\"https:\\\/\\\/interamerica.org\\\/es\\\/?s={search_term_string}\"},\"query-input\":{\"@type\":\"PropertyValueSpecification\",\"valueRequired\":true,\"valueName\":\"search_term_string\"}}],\"inLanguage\":\"es\"},{\"@type\":\"Person\",\"@id\":\"https:\\\/\\\/interamerica.org\\\/es\\\/#\\\/schema\\\/person\\\/68ede8bdc292885bb76c1e3810e73c39\",\"name\":\"Lorenzo Verduzco\",\"image\":{\"@type\":\"ImageObject\",\"inLanguage\":\"es\",\"@id\":\"https:\\\/\\\/secure.gravatar.com\\\/avatar\\\/fb81a55b6218459490a9c1dc841a34909185b81904c5337b4b27f7a6fd60c49e?s=96&d=mm&r=g\",\"url\":\"https:\\\/\\\/secure.gravatar.com\\\/avatar\\\/fb81a55b6218459490a9c1dc841a34909185b81904c5337b4b27f7a6fd60c49e?s=96&d=mm&r=g\",\"contentUrl\":\"https:\\\/\\\/secure.gravatar.com\\\/avatar\\\/fb81a55b6218459490a9c1dc841a34909185b81904c5337b4b27f7a6fd60c49e?s=96&d=mm&r=g\",\"caption\":\"Lorenzo Verduzco\"}}]}<\/script>\n<!-- \/ Yoast SEO plugin. -->","yoast_head_json":{"title":"Filipinas: La Iglesia Adventista Logra la Aprobaci\u00f3n de una Estampilla Postal Conmemorativa - Iglesia Adventista del S\u00e9ptimo D\u00eda - Divisi\u00f3n Interamericana","robots":{"index":"index","follow":"follow","max-snippet":"max-snippet:-1","max-image-preview":"max-image-preview:large","max-video-preview":"max-video-preview:-1"},"canonical":"https:\/\/interamerica.org\/es\/2005\/04\/filipinas-la-iglesia-adventista-logra-la-aprobacion-de-una-estampilla-postal-conmemorativa\/","og_locale":"es_ES","og_type":"article","og_title":"Filipinas: La Iglesia Adventista Logra la Aprobaci\u00f3n de una Estampilla Postal Conmemorativa - Iglesia Adventista del S\u00e9ptimo D\u00eda - Divisi\u00f3n Interamericana","og_description":"Uni\u00e9ndose a la cifra de aproximadamente dos docenas de entidades, la Rep\u00fablica de Filipinas ha publicado una conmemoraci\u00f3n postal de los 100 a\u00f1os de la Iglesia Adventista del S\u00e9ptimo D\u00eda en la naci\u00f3n.","og_url":"https:\/\/interamerica.org\/es\/2005\/04\/filipinas-la-iglesia-adventista-logra-la-aprobacion-de-una-estampilla-postal-conmemorativa\/","og_site_name":"Iglesia Adventista del S\u00e9ptimo D\u00eda - Divisi\u00f3n Interamericana","article_published_time":"2005-04-05T04:00:00+00:00","article_modified_time":"2017-06-02T13:17:38+00:00","author":"Lorenzo Verduzco","twitter_card":"summary_large_image","twitter_misc":{"Escrito por":"Lorenzo Verduzco","Tiempo de lectura":"3 minutos"},"schema":{"@context":"https:\/\/schema.org","@graph":[{"@type":"Article","@id":"https:\/\/interamerica.org\/es\/2005\/04\/filipinas-la-iglesia-adventista-logra-la-aprobacion-de-una-estampilla-postal-conmemorativa\/#article","isPartOf":{"@id":"https:\/\/interamerica.org\/es\/2005\/04\/filipinas-la-iglesia-adventista-logra-la-aprobacion-de-una-estampilla-postal-conmemorativa\/"},"author":{"name":"Lorenzo Verduzco","@id":"https:\/\/interamerica.org\/es\/#\/schema\/person\/68ede8bdc292885bb76c1e3810e73c39"},"headline":"Filipinas: La Iglesia Adventista Logra la Aprobaci\u00f3n de una Estampilla Postal Conmemorativa","datePublished":"2005-04-05T04:00:00+00:00","dateModified":"2017-06-02T13:17:38+00:00","mainEntityOfPage":{"@id":"https:\/\/interamerica.org\/es\/2005\/04\/filipinas-la-iglesia-adventista-logra-la-aprobacion-de-una-estampilla-postal-conmemorativa\/"},"wordCount":639,"articleSection":["Archivo"],"inLanguage":"es"},{"@type":"WebPage","@id":"https:\/\/interamerica.org\/es\/2005\/04\/filipinas-la-iglesia-adventista-logra-la-aprobacion-de-una-estampilla-postal-conmemorativa\/","url":"https:\/\/interamerica.org\/es\/2005\/04\/filipinas-la-iglesia-adventista-logra-la-aprobacion-de-una-estampilla-postal-conmemorativa\/","name":"Filipinas: La Iglesia Adventista Logra la Aprobaci\u00f3n de una Estampilla Postal Conmemorativa - Iglesia Adventista del S\u00e9ptimo D\u00eda - Divisi\u00f3n Interamericana","isPartOf":{"@id":"https:\/\/interamerica.org\/es\/#website"},"datePublished":"2005-04-05T04:00:00+00:00","dateModified":"2017-06-02T13:17:38+00:00","author":{"@id":"https:\/\/interamerica.org\/es\/#\/schema\/person\/68ede8bdc292885bb76c1e3810e73c39"},"breadcrumb":{"@id":"https:\/\/interamerica.org\/es\/2005\/04\/filipinas-la-iglesia-adventista-logra-la-aprobacion-de-una-estampilla-postal-conmemorativa\/#breadcrumb"},"inLanguage":"es","potentialAction":[{"@type":"ReadAction","target":["https:\/\/interamerica.org\/es\/2005\/04\/filipinas-la-iglesia-adventista-logra-la-aprobacion-de-una-estampilla-postal-conmemorativa\/"]}]},{"@type":"BreadcrumbList","@id":"https:\/\/interamerica.org\/es\/2005\/04\/filipinas-la-iglesia-adventista-logra-la-aprobacion-de-una-estampilla-postal-conmemorativa\/#breadcrumb","itemListElement":[{"@type":"ListItem","position":1,"name":"Home","item":"https:\/\/interamerica.org\/es\/"},{"@type":"ListItem","position":2,"name":"Filipinas: La Iglesia Adventista Logra la Aprobaci\u00f3n de una Estampilla Postal Conmemorativa"}]},{"@type":"WebSite","@id":"https:\/\/interamerica.org\/es\/#website","url":"https:\/\/interamerica.org\/es\/","name":"Iglesia Adventista del S\u00e9ptimo D\u00eda - Divisi\u00f3n Interamericana","description":"","potentialAction":[{"@type":"SearchAction","target":{"@type":"EntryPoint","urlTemplate":"https:\/\/interamerica.org\/es\/?s={search_term_string}"},"query-input":{"@type":"PropertyValueSpecification","valueRequired":true,"valueName":"search_term_string"}}],"inLanguage":"es"},{"@type":"Person","@id":"https:\/\/interamerica.org\/es\/#\/schema\/person\/68ede8bdc292885bb76c1e3810e73c39","name":"Lorenzo Verduzco","image":{"@type":"ImageObject","inLanguage":"es","@id":"https:\/\/secure.gravatar.com\/avatar\/fb81a55b6218459490a9c1dc841a34909185b81904c5337b4b27f7a6fd60c49e?s=96&d=mm&r=g","url":"https:\/\/secure.gravatar.com\/avatar\/fb81a55b6218459490a9c1dc841a34909185b81904c5337b4b27f7a6fd60c49e?s=96&d=mm&r=g","contentUrl":"https:\/\/secure.gravatar.com\/avatar\/fb81a55b6218459490a9c1dc841a34909185b81904c5337b4b27f7a6fd60c49e?s=96&d=mm&r=g","caption":"Lorenzo Verduzco"}}]}},"_links":{"self":[{"href":"https:\/\/interamerica.org\/es\/wp-json\/wp\/v2\/posts\/10487","targetHints":{"allow":["GET"]}}],"collection":[{"href":"https:\/\/interamerica.org\/es\/wp-json\/wp\/v2\/posts"}],"about":[{"href":"https:\/\/interamerica.org\/es\/wp-json\/wp\/v2\/types\/post"}],"author":[{"embeddable":true,"href":"https:\/\/interamerica.org\/es\/wp-json\/wp\/v2\/users\/1"}],"replies":[{"embeddable":true,"href":"https:\/\/interamerica.org\/es\/wp-json\/wp\/v2\/comments?post=10487"}],"version-history":[{"count":0,"href":"https:\/\/interamerica.org\/es\/wp-json\/wp\/v2\/posts\/10487\/revisions"}],"wp:attachment":[{"href":"https:\/\/interamerica.org\/es\/wp-json\/wp\/v2\/media?parent=10487"}],"wp:term":[{"taxonomy":"category","embeddable":true,"href":"https:\/\/interamerica.org\/es\/wp-json\/wp\/v2\/categories?post=10487"},{"taxonomy":"post_tag","embeddable":true,"href":"https:\/\/interamerica.org\/es\/wp-json\/wp\/v2\/tags?post=10487"}],"curies":[{"name":"wp","href":"https:\/\/api.w.org\/{rel}","templated":true}]}}