{"id":10488,"date":"2005-03-06T00:00:00","date_gmt":"2005-03-06T04:00:00","guid":{"rendered":"http:\/\/192.81.217.108\/interamerica\/2005\/03\/panama-lideres-de-la-iglesia-se-reunen-para-estudiar-y-planear-el-rapido-crecimiento-de-la-iglesia\/"},"modified":"2017-06-02T09:17:47","modified_gmt":"2017-06-02T13:17:47","slug":"panama-lideres-de-la-iglesia-se-reunen-para-estudiar-y-planear-el-rapido-crecimiento-de-la-iglesia","status":"publish","type":"post","link":"https:\/\/interamerica.org\/es\/2005\/03\/panama-lideres-de-la-iglesia-se-reunen-para-estudiar-y-planear-el-rapido-crecimiento-de-la-iglesia\/","title":{"rendered":"Panam\u00e1:  L\u00edderes de la Iglesia Se Re\u00fanen Para Estudiar Y Planear  El R\u00e1pido Crecimiento de la Iglesia"},"content":{"rendered":"<p>Ciudad De Panam\u00e1, Panam\u00e1&#8230;.[Libna Stevens\/DIA]<\/p>\n<p>M\u00e1s de 60 l\u00edderes claves de la iglesia a trav\u00e9s de las 15 regiones de la Divisi\u00f3n Interamericana se reunieron para un concilio financiero con el prop\u00f3sito de examinar las pr\u00e1cticas financieras en sus organizaciones e instituciones, en la Ciudad de Panam\u00e1, el 22 yl 23 de febrero.<\/p>\n<p>Filiberto Verduzco, tesorero para la iglesia en \u00cdnter Am\u00e9rica, dirigi\u00f3 las reuniones y recalc\u00f3 la importancia de las reuniones a los administradores de la iglesia presentes.<\/p>\n<p>\u00abDeseamos establecer par\u00e1metros para solidificar la estabilidad financiera de la iglesia en los pr\u00f3ximos cinco a\u00f1os,\u00bb dice Verduzco.<\/p>\n<p>Debido al r\u00e1pido crecimiento de la membres\u00eda de la iglesia durante los \u00faltimos cinco a\u00f1os desde el a\u00f1o 2000, que incluye una membres\u00eda de 2.5 millones de personas en 15 territorios de la regi\u00f3n, se necesita un enfoque mas fuerte, seg\u00fan Verduzco.<\/p>\n<p>\u00abEl crecimiento en \u00cdnter Am\u00e9rica requiere una iglesia financieramente vigorosa para responder a las demandas de tal crecimiento,\u00bb agrega \u00e9l.<\/p>\n<p>El concilio incluy\u00f3 el establecimiento de directorios financieros, recomendaciones para el nivel de personal para cada organizaci\u00f3n basada en la membres\u00eda de cada una de ellas, la implementaci\u00f3n de un programa de diezmos y ofrendas m\u00e1s fuerte y agresivo para fortalecer la lealtad y la participaci\u00f3n financiera de los miembros.  El concilio tambi\u00e9n incluy\u00f3 el estudio de las diferentes pl\u00ecticas y practicas del seguro m\u00e9dico as\u00ed como el an\u00e1lisis del papel de la administraci\u00f3n en la auditoria para un mejor control financiero.<\/p>\n<p>El alcalde de la ciudad Juan Carlos Navarro dio la bienvenida a los l\u00edderes de la iglesia a las reuniones especiales, en lo que los presidentes de las uniones e instituciones, los secretarios ejecutivos y los tesoreros viajaban hacia el evento.<\/p>\n","protected":false},"excerpt":{"rendered":"<p>M\u00e1s de 60 l\u00edderes clave de la iglesia a trav\u00e9s de las 15 regiones de la Divisi\u00f3n Interamericana se reunieron para un concilio financiero con el prop\u00f3sito de examinar las pr\u00e1cticas financieras en sus organizaciones e instituciones, en la Ciudad de Panam\u00e1,<\/p>\n","protected":false},"author":1,"featured_media":0,"comment_status":"closed","ping_status":"closed","sticky":false,"template":"","format":"standard","meta":{"_acf_changed":false,"footnotes":""},"categories":[8],"tags":[],"class_list":["post-10488","post","type-post","status-publish","format-standard","hentry","category-archivo"],"acf":[],"yoast_head":"<!-- This site is optimized with the Yoast SEO plugin v27.3 - https:\/\/yoast.com\/product\/yoast-seo-wordpress\/ -->\n<title>Panam\u00e1: L\u00edderes de la Iglesia Se Re\u00fanen Para Estudiar Y Planear El R\u00e1pido Crecimiento de la Iglesia - Iglesia Adventista del S\u00e9ptimo D\u00eda - Divisi\u00f3n Interamericana<\/title>\n<meta name=\"robots\" content=\"index, follow, max-snippet:-1, max-image-preview:large, max-video-preview:-1\" \/>\n<link rel=\"canonical\" href=\"https:\/\/interamerica.org\/es\/2005\/03\/panama-lideres-de-la-iglesia-se-reunen-para-estudiar-y-planear-el-rapido-crecimiento-de-la-iglesia\/\" \/>\n<meta property=\"og:locale\" content=\"es_ES\" \/>\n<meta property=\"og:type\" content=\"article\" \/>\n<meta property=\"og:title\" content=\"Panam\u00e1: L\u00edderes de la Iglesia Se Re\u00fanen Para Estudiar Y Planear El R\u00e1pido Crecimiento de la Iglesia - Iglesia Adventista del S\u00e9ptimo D\u00eda - Divisi\u00f3n Interamericana\" \/>\n<meta property=\"og:description\" content=\"M\u00e1s de 60 l\u00edderes clave de la iglesia a trav\u00e9s de las 15 regiones de la Divisi\u00f3n Interamericana se reunieron para un concilio financiero con el prop\u00f3sito de examinar las pr\u00e1cticas financieras en sus organizaciones e instituciones, en la Ciudad de Panam\u00e1,\" \/>\n<meta property=\"og:url\" content=\"https:\/\/interamerica.org\/es\/2005\/03\/panama-lideres-de-la-iglesia-se-reunen-para-estudiar-y-planear-el-rapido-crecimiento-de-la-iglesia\/\" \/>\n<meta property=\"og:site_name\" content=\"Iglesia Adventista del S\u00e9ptimo D\u00eda - Divisi\u00f3n Interamericana\" \/>\n<meta property=\"article:published_time\" content=\"2005-03-06T04:00:00+00:00\" \/>\n<meta property=\"article:modified_time\" content=\"2017-06-02T13:17:47+00:00\" \/>\n<meta name=\"author\" content=\"Lorenzo Verduzco\" \/>\n<meta name=\"twitter:card\" content=\"summary_large_image\" \/>\n<meta name=\"twitter:label1\" content=\"Escrito por\" \/>\n\t<meta name=\"twitter:data1\" content=\"Lorenzo Verduzco\" \/>\n\t<meta name=\"twitter:label2\" content=\"Tiempo de lectura\" \/>\n\t<meta name=\"twitter:data2\" content=\"2 minutos\" \/>\n<script type=\"application\/ld+json\" class=\"yoast-schema-graph\">{\"@context\":\"https:\\\/\\\/schema.org\",\"@graph\":[{\"@type\":\"Article\",\"@id\":\"https:\\\/\\\/interamerica.org\\\/es\\\/2005\\\/03\\\/panama-lideres-de-la-iglesia-se-reunen-para-estudiar-y-planear-el-rapido-crecimiento-de-la-iglesia\\\/#article\",\"isPartOf\":{\"@id\":\"https:\\\/\\\/interamerica.org\\\/es\\\/2005\\\/03\\\/panama-lideres-de-la-iglesia-se-reunen-para-estudiar-y-planear-el-rapido-crecimiento-de-la-iglesia\\\/\"},\"author\":{\"name\":\"Lorenzo Verduzco\",\"@id\":\"https:\\\/\\\/interamerica.org\\\/es\\\/#\\\/schema\\\/person\\\/68ede8bdc292885bb76c1e3810e73c39\"},\"headline\":\"Panam\u00e1: L\u00edderes de la Iglesia Se Re\u00fanen Para Estudiar Y Planear El R\u00e1pido Crecimiento de la Iglesia\",\"datePublished\":\"2005-03-06T04:00:00+00:00\",\"dateModified\":\"2017-06-02T13:17:47+00:00\",\"mainEntityOfPage\":{\"@id\":\"https:\\\/\\\/interamerica.org\\\/es\\\/2005\\\/03\\\/panama-lideres-de-la-iglesia-se-reunen-para-estudiar-y-planear-el-rapido-crecimiento-de-la-iglesia\\\/\"},\"wordCount\":326,\"articleSection\":[\"Archivo\"],\"inLanguage\":\"es\"},{\"@type\":\"WebPage\",\"@id\":\"https:\\\/\\\/interamerica.org\\\/es\\\/2005\\\/03\\\/panama-lideres-de-la-iglesia-se-reunen-para-estudiar-y-planear-el-rapido-crecimiento-de-la-iglesia\\\/\",\"url\":\"https:\\\/\\\/interamerica.org\\\/es\\\/2005\\\/03\\\/panama-lideres-de-la-iglesia-se-reunen-para-estudiar-y-planear-el-rapido-crecimiento-de-la-iglesia\\\/\",\"name\":\"Panam\u00e1: L\u00edderes de la Iglesia Se Re\u00fanen Para Estudiar Y Planear El R\u00e1pido Crecimiento de la Iglesia - Iglesia Adventista del S\u00e9ptimo D\u00eda - Divisi\u00f3n Interamericana\",\"isPartOf\":{\"@id\":\"https:\\\/\\\/interamerica.org\\\/es\\\/#website\"},\"datePublished\":\"2005-03-06T04:00:00+00:00\",\"dateModified\":\"2017-06-02T13:17:47+00:00\",\"author\":{\"@id\":\"https:\\\/\\\/interamerica.org\\\/es\\\/#\\\/schema\\\/person\\\/68ede8bdc292885bb76c1e3810e73c39\"},\"breadcrumb\":{\"@id\":\"https:\\\/\\\/interamerica.org\\\/es\\\/2005\\\/03\\\/panama-lideres-de-la-iglesia-se-reunen-para-estudiar-y-planear-el-rapido-crecimiento-de-la-iglesia\\\/#breadcrumb\"},\"inLanguage\":\"es\",\"potentialAction\":[{\"@type\":\"ReadAction\",\"target\":[\"https:\\\/\\\/interamerica.org\\\/es\\\/2005\\\/03\\\/panama-lideres-de-la-iglesia-se-reunen-para-estudiar-y-planear-el-rapido-crecimiento-de-la-iglesia\\\/\"]}]},{\"@type\":\"BreadcrumbList\",\"@id\":\"https:\\\/\\\/interamerica.org\\\/es\\\/2005\\\/03\\\/panama-lideres-de-la-iglesia-se-reunen-para-estudiar-y-planear-el-rapido-crecimiento-de-la-iglesia\\\/#breadcrumb\",\"itemListElement\":[{\"@type\":\"ListItem\",\"position\":1,\"name\":\"Home\",\"item\":\"https:\\\/\\\/interamerica.org\\\/es\\\/\"},{\"@type\":\"ListItem\",\"position\":2,\"name\":\"Panam\u00e1: L\u00edderes de la Iglesia Se Re\u00fanen Para Estudiar Y Planear El R\u00e1pido Crecimiento de la Iglesia\"}]},{\"@type\":\"WebSite\",\"@id\":\"https:\\\/\\\/interamerica.org\\\/es\\\/#website\",\"url\":\"https:\\\/\\\/interamerica.org\\\/es\\\/\",\"name\":\"Iglesia Adventista del S\u00e9ptimo D\u00eda - Divisi\u00f3n Interamericana\",\"description\":\"\",\"potentialAction\":[{\"@type\":\"SearchAction\",\"target\":{\"@type\":\"EntryPoint\",\"urlTemplate\":\"https:\\\/\\\/interamerica.org\\\/es\\\/?s={search_term_string}\"},\"query-input\":{\"@type\":\"PropertyValueSpecification\",\"valueRequired\":true,\"valueName\":\"search_term_string\"}}],\"inLanguage\":\"es\"},{\"@type\":\"Person\",\"@id\":\"https:\\\/\\\/interamerica.org\\\/es\\\/#\\\/schema\\\/person\\\/68ede8bdc292885bb76c1e3810e73c39\",\"name\":\"Lorenzo Verduzco\",\"image\":{\"@type\":\"ImageObject\",\"inLanguage\":\"es\",\"@id\":\"https:\\\/\\\/secure.gravatar.com\\\/avatar\\\/fb81a55b6218459490a9c1dc841a34909185b81904c5337b4b27f7a6fd60c49e?s=96&d=mm&r=g\",\"url\":\"https:\\\/\\\/secure.gravatar.com\\\/avatar\\\/fb81a55b6218459490a9c1dc841a34909185b81904c5337b4b27f7a6fd60c49e?s=96&d=mm&r=g\",\"contentUrl\":\"https:\\\/\\\/secure.gravatar.com\\\/avatar\\\/fb81a55b6218459490a9c1dc841a34909185b81904c5337b4b27f7a6fd60c49e?s=96&d=mm&r=g\",\"caption\":\"Lorenzo Verduzco\"}}]}<\/script>\n<!-- \/ Yoast SEO plugin. -->","yoast_head_json":{"title":"Panam\u00e1: L\u00edderes de la Iglesia Se Re\u00fanen Para Estudiar Y Planear El R\u00e1pido Crecimiento de la Iglesia - Iglesia Adventista del S\u00e9ptimo D\u00eda - Divisi\u00f3n Interamericana","robots":{"index":"index","follow":"follow","max-snippet":"max-snippet:-1","max-image-preview":"max-image-preview:large","max-video-preview":"max-video-preview:-1"},"canonical":"https:\/\/interamerica.org\/es\/2005\/03\/panama-lideres-de-la-iglesia-se-reunen-para-estudiar-y-planear-el-rapido-crecimiento-de-la-iglesia\/","og_locale":"es_ES","og_type":"article","og_title":"Panam\u00e1: L\u00edderes de la Iglesia Se Re\u00fanen Para Estudiar Y Planear El R\u00e1pido Crecimiento de la Iglesia - Iglesia Adventista del S\u00e9ptimo D\u00eda - Divisi\u00f3n Interamericana","og_description":"M\u00e1s de 60 l\u00edderes clave de la iglesia a trav\u00e9s de las 15 regiones de la Divisi\u00f3n Interamericana se reunieron para un concilio financiero con el prop\u00f3sito de examinar las pr\u00e1cticas financieras en sus organizaciones e instituciones, en la Ciudad de Panam\u00e1,","og_url":"https:\/\/interamerica.org\/es\/2005\/03\/panama-lideres-de-la-iglesia-se-reunen-para-estudiar-y-planear-el-rapido-crecimiento-de-la-iglesia\/","og_site_name":"Iglesia Adventista del S\u00e9ptimo D\u00eda - Divisi\u00f3n Interamericana","article_published_time":"2005-03-06T04:00:00+00:00","article_modified_time":"2017-06-02T13:17:47+00:00","author":"Lorenzo Verduzco","twitter_card":"summary_large_image","twitter_misc":{"Escrito por":"Lorenzo Verduzco","Tiempo de lectura":"2 minutos"},"schema":{"@context":"https:\/\/schema.org","@graph":[{"@type":"Article","@id":"https:\/\/interamerica.org\/es\/2005\/03\/panama-lideres-de-la-iglesia-se-reunen-para-estudiar-y-planear-el-rapido-crecimiento-de-la-iglesia\/#article","isPartOf":{"@id":"https:\/\/interamerica.org\/es\/2005\/03\/panama-lideres-de-la-iglesia-se-reunen-para-estudiar-y-planear-el-rapido-crecimiento-de-la-iglesia\/"},"author":{"name":"Lorenzo Verduzco","@id":"https:\/\/interamerica.org\/es\/#\/schema\/person\/68ede8bdc292885bb76c1e3810e73c39"},"headline":"Panam\u00e1: L\u00edderes de la Iglesia Se Re\u00fanen Para Estudiar Y Planear El R\u00e1pido Crecimiento de la Iglesia","datePublished":"2005-03-06T04:00:00+00:00","dateModified":"2017-06-02T13:17:47+00:00","mainEntityOfPage":{"@id":"https:\/\/interamerica.org\/es\/2005\/03\/panama-lideres-de-la-iglesia-se-reunen-para-estudiar-y-planear-el-rapido-crecimiento-de-la-iglesia\/"},"wordCount":326,"articleSection":["Archivo"],"inLanguage":"es"},{"@type":"WebPage","@id":"https:\/\/interamerica.org\/es\/2005\/03\/panama-lideres-de-la-iglesia-se-reunen-para-estudiar-y-planear-el-rapido-crecimiento-de-la-iglesia\/","url":"https:\/\/interamerica.org\/es\/2005\/03\/panama-lideres-de-la-iglesia-se-reunen-para-estudiar-y-planear-el-rapido-crecimiento-de-la-iglesia\/","name":"Panam\u00e1: L\u00edderes de la Iglesia Se Re\u00fanen Para Estudiar Y Planear El R\u00e1pido Crecimiento de la Iglesia - Iglesia Adventista del S\u00e9ptimo D\u00eda - Divisi\u00f3n Interamericana","isPartOf":{"@id":"https:\/\/interamerica.org\/es\/#website"},"datePublished":"2005-03-06T04:00:00+00:00","dateModified":"2017-06-02T13:17:47+00:00","author":{"@id":"https:\/\/interamerica.org\/es\/#\/schema\/person\/68ede8bdc292885bb76c1e3810e73c39"},"breadcrumb":{"@id":"https:\/\/interamerica.org\/es\/2005\/03\/panama-lideres-de-la-iglesia-se-reunen-para-estudiar-y-planear-el-rapido-crecimiento-de-la-iglesia\/#breadcrumb"},"inLanguage":"es","potentialAction":[{"@type":"ReadAction","target":["https:\/\/interamerica.org\/es\/2005\/03\/panama-lideres-de-la-iglesia-se-reunen-para-estudiar-y-planear-el-rapido-crecimiento-de-la-iglesia\/"]}]},{"@type":"BreadcrumbList","@id":"https:\/\/interamerica.org\/es\/2005\/03\/panama-lideres-de-la-iglesia-se-reunen-para-estudiar-y-planear-el-rapido-crecimiento-de-la-iglesia\/#breadcrumb","itemListElement":[{"@type":"ListItem","position":1,"name":"Home","item":"https:\/\/interamerica.org\/es\/"},{"@type":"ListItem","position":2,"name":"Panam\u00e1: L\u00edderes de la Iglesia Se Re\u00fanen Para Estudiar Y Planear El R\u00e1pido Crecimiento de la Iglesia"}]},{"@type":"WebSite","@id":"https:\/\/interamerica.org\/es\/#website","url":"https:\/\/interamerica.org\/es\/","name":"Iglesia Adventista del S\u00e9ptimo D\u00eda - Divisi\u00f3n Interamericana","description":"","potentialAction":[{"@type":"SearchAction","target":{"@type":"EntryPoint","urlTemplate":"https:\/\/interamerica.org\/es\/?s={search_term_string}"},"query-input":{"@type":"PropertyValueSpecification","valueRequired":true,"valueName":"search_term_string"}}],"inLanguage":"es"},{"@type":"Person","@id":"https:\/\/interamerica.org\/es\/#\/schema\/person\/68ede8bdc292885bb76c1e3810e73c39","name":"Lorenzo Verduzco","image":{"@type":"ImageObject","inLanguage":"es","@id":"https:\/\/secure.gravatar.com\/avatar\/fb81a55b6218459490a9c1dc841a34909185b81904c5337b4b27f7a6fd60c49e?s=96&d=mm&r=g","url":"https:\/\/secure.gravatar.com\/avatar\/fb81a55b6218459490a9c1dc841a34909185b81904c5337b4b27f7a6fd60c49e?s=96&d=mm&r=g","contentUrl":"https:\/\/secure.gravatar.com\/avatar\/fb81a55b6218459490a9c1dc841a34909185b81904c5337b4b27f7a6fd60c49e?s=96&d=mm&r=g","caption":"Lorenzo Verduzco"}}]}},"_links":{"self":[{"href":"https:\/\/interamerica.org\/es\/wp-json\/wp\/v2\/posts\/10488","targetHints":{"allow":["GET"]}}],"collection":[{"href":"https:\/\/interamerica.org\/es\/wp-json\/wp\/v2\/posts"}],"about":[{"href":"https:\/\/interamerica.org\/es\/wp-json\/wp\/v2\/types\/post"}],"author":[{"embeddable":true,"href":"https:\/\/interamerica.org\/es\/wp-json\/wp\/v2\/users\/1"}],"replies":[{"embeddable":true,"href":"https:\/\/interamerica.org\/es\/wp-json\/wp\/v2\/comments?post=10488"}],"version-history":[{"count":0,"href":"https:\/\/interamerica.org\/es\/wp-json\/wp\/v2\/posts\/10488\/revisions"}],"wp:attachment":[{"href":"https:\/\/interamerica.org\/es\/wp-json\/wp\/v2\/media?parent=10488"}],"wp:term":[{"taxonomy":"category","embeddable":true,"href":"https:\/\/interamerica.org\/es\/wp-json\/wp\/v2\/categories?post=10488"},{"taxonomy":"post_tag","embeddable":true,"href":"https:\/\/interamerica.org\/es\/wp-json\/wp\/v2\/tags?post=10488"}],"curies":[{"name":"wp","href":"https:\/\/api.w.org\/{rel}","templated":true}]}}