{"id":104881,"date":"2023-10-16T14:49:11","date_gmt":"2023-10-16T18:49:11","guid":{"rendered":"https:\/\/interamerica.org\/?p=104881"},"modified":"2023-10-17T21:14:22","modified_gmt":"2023-10-18T01:14:22","slug":"adra-europa-incrementara-su-ayuda-a-ucrania","status":"publish","type":"post","link":"https:\/\/interamerica.org\/es\/2023\/10\/adra-europa-incrementara-su-ayuda-a-ucrania\/","title":{"rendered":"ADRA Europa incrementar\u00e1 su ayuda a Ucrania"},"content":{"rendered":"<p><strong>Una reuni\u00f3n en Oslo abord\u00f3 la necesidad de ayuda para el desarrollo.<\/strong><\/p>\n<p>16 de octubre de 2023 | Oslo, Noruega | Tor Tjeransen, Uni\u00f3n Asociaci\u00f3n Noruega y Adventist Review<\/p>\n<p>La Agencia Adventista de Desarrollo y Recursos Asistenciales (ADRA) se est\u00e1 preparando para desempe\u00f1ar un papel mucho m\u00e1s grande en la tarea de hacer llegar ayuda humanitaria a Ucrania. Este hecho se hizo muy claro despu\u00e9s de una reuni\u00f3n de alto nivel para discutir acerca de la coordinaci\u00f3n de la respuesta humanitaria a la crisis en Ucrania, llevada a cabo en Oslo, Noruega, el 26 de septiembre.<\/p>\n<p>ADRA Ucrania est\u00e1 llevando a cabo una operaci\u00f3n sustancial, particularmente en la zona oriental de Ucrania, con el fin de ayudar a las v\u00edctimas de la guerra actual. Thomas Petracek, quien dirige los programas de respuesta de emergencia en la oficina de ADRA Europa, espera que esta operaci\u00f3n aumente significativamente en los siguientes pocos meses.<\/p>\n<p><div id=\"attachment_104842\" style=\"width: 854px\" class=\"wp-caption aligncenter\"><img fetchpriority=\"high\" decoding=\"async\" aria-describedby=\"caption-attachment-104842\" class=\" wp-image-104840\" src=\"https:\/\/interamerica.org\/wp-content\/uploads\/2023\/10\/adra-ukraine-100124148scr-8fde9b874df112f-1024x683.jpeg\" alt=\"\" width=\"844\" height=\"563\" srcset=\"https:\/\/interamerica.org\/wp-content\/uploads\/2023\/10\/adra-ukraine-100124148scr-8fde9b874df112f-1024x683.jpeg 1024w, https:\/\/interamerica.org\/wp-content\/uploads\/2023\/10\/adra-ukraine-100124148scr-8fde9b874df112f-300x200.jpeg 300w, https:\/\/interamerica.org\/wp-content\/uploads\/2023\/10\/adra-ukraine-100124148scr-8fde9b874df112f-768x512.jpeg 768w, https:\/\/interamerica.org\/wp-content\/uploads\/2023\/10\/adra-ukraine-100124148scr-8fde9b874df112f.jpeg 1200w\" sizes=\"(max-width: 844px) 100vw, 844px\" \/><p id=\"caption-attachment-104842\" class=\"wp-caption-text\">Thomas Petracek (izquierda), en conversaci\u00f3n con el director del programa ADRA Noruega, \u00a0Elidon Bardhi, en la alcald\u00eda de Oslo, el 26 de septiembre. [Imagen: Tor Tjeransen\/Adventist Media Exchange (CC BY 4.0)]<\/p><\/div>Esta fue una resoluci\u00f3n clave para ADRA, despu\u00e9s de que el director Petracek asistiera a la Tercera Reuni\u00f3n Humanitaria de Altos Funcionarios en Ucrania, el 26 de septiembre, en las oficinas de la alcald\u00eda de Oslo. Esta reuni\u00f3n fue organizada por la Comisi\u00f3n Europea de Protecci\u00f3n Civil y departamento de Operaciones de Ayuda Humanitaria (ECHO) y auspiciada por el Ministerio de Relaciones Exteriores de Noruega.<\/p>\n<p><strong>Necesidades humanitarias en Ucrania<\/strong><\/p>\n<p>La reuni\u00f3n tuvo lugar a un a\u00f1o despu\u00e9s del d\u00eda en que se celebrara la primera reuni\u00f3n en la serie de conversaciones sostenidas en Bruselas, B\u00e9lgica. En esa ocasi\u00f3n, la reuni\u00f3n cont\u00f3 con la presencia de representantes del gobierno de Ucrania, miembros de los Estados miembros de la Uni\u00f3n Europea, donadores clave, organizaciones de las Naciones Unidas, la Junta Internacional de la Cruz Roja, el Banco Mundial y organizaciones humanitarias de la Uni\u00f3n Europea. Su objetivo era el de asegurar una respuesta sostenible, eficaz, eficiente y amplia a las necesidades humanitarias en Ucrania, incluyendo tanto ayuda humanitaria, como de desarrollo. La reuni\u00f3n en Oslo atrajo una participaci\u00f3n todav\u00eda m\u00e1s amplia que la primera reuni\u00f3n.<\/p>\n<p>En su discurso inaugural, el comisionado europeo para gesti\u00f3n de crisis, Janez\u00a0Lenar\u010di\u010din, destac\u00f3 la importancia de \u201cmantener la financiaci\u00f3n humanitaria, actuar en asociaci\u00f3n con agentes locales, acci\u00f3n humanitaria contra las minas y un equilibrio entre ayuda humanitaria y de recuperaci\u00f3n\u201d, de acuerdo al sitio web ECHO, en un art\u00edculo noticioso publicado en la fecha de la reuni\u00f3n.<\/p>\n<p>\u201cComo primer donador humanitario en Ucrania, la Uni\u00f3n Europea ha invitado a otras partes interesadas clave a discutir sobre las necesidades m\u00e1s apremiantes de la gente en Ucrania\u201d, se\u00f1al\u00f3 el comisionado Lenar\u010di\u010d.<\/p>\n<p><div id=\"attachment_104845\" style=\"width: 570px\" class=\"wp-caption aligncenter\"><img decoding=\"async\" aria-describedby=\"caption-attachment-104845\" class=\" wp-image-104843\" src=\"https:\/\/interamerica.org\/wp-content\/uploads\/2023\/10\/adra-ukraine-yuri-zarkoadra-768x1024.jpeg\" alt=\"\" width=\"560\" height=\"747\" srcset=\"https:\/\/interamerica.org\/wp-content\/uploads\/2023\/10\/adra-ukraine-yuri-zarkoadra-768x1024.jpeg 768w, https:\/\/interamerica.org\/wp-content\/uploads\/2023\/10\/adra-ukraine-yuri-zarkoadra-225x300.jpeg 225w, https:\/\/interamerica.org\/wp-content\/uploads\/2023\/10\/adra-ukraine-yuri-zarkoadra.jpeg 960w\" sizes=\"(max-width: 560px) 100vw, 560px\" \/><p id=\"caption-attachment-104845\" class=\"wp-caption-text\">Yuri Zarko (derecha), alcalde de Bilopillya, en Ucrania, entrega a ADRA un certificado de parte de la municipalidad en el que expresa su gratitud por la labor humanitaria de la agencia. [Imagen: ADRA Ucrania\/Adventist Media Exchange (CC BY 4.0)]<\/p><\/div>Al salir de esta reuni\u00f3n de alto nivel en Oslo, el representante de ADRA Europa explic\u00f3 la forma en que ADRA Europa, en conexi\u00f3n con la Uni\u00f3n Europea, Estados miembros y la ONU, estar\u00e1n participando en conjunto con ellos en la implementaci\u00f3n de ayuda humanitaria y de desarrollo en Ucrania.<\/p>\n<p><strong>Operaciones de ADRA en Ucrania<\/strong><\/p>\n<p>La operaci\u00f3n de ADRA en Ucrania ya ha invertido a la fecha US$ 18 millones, apoyada en varias agencias gubernamentales. En la reuni\u00f3n en Oslo, se hizo muy claro que la comunidad internacional aumentar\u00e1 su apoyo financiero de ayuda a Ucrania. La agencia ADRA jugar\u00e1 un papel de suma importancia en esta labor y estar\u00e1 solicitando fondos monetarios para proyectos de ayuda que ADRA Ucrania est\u00e1 especialmente bien capacitada para poner en pr\u00e1ctica, dijeron los dirigentes de la organizaci\u00f3n.<\/p>\n<p>\u201cLo m\u00e1s probable es que ADRA concentre sus esfuerzos en tres o cuatro zonas cerca de la l\u00ednea de frente y enfoque su atenci\u00f3n en salud y educaci\u00f3n, pero que comience tambi\u00e9n a trabajar en el aspecto de rehabilitaci\u00f3n\u201d dijo el director Petracek despu\u00e9s de la reuni\u00f3n.<\/p>\n<p>Hizo notar tambi\u00e9n que hay la tendencia dentro del sector de ayuda en la que las organizaciones no gubernamentales est\u00e1n jugando un papel m\u00e1s importante en la implementaci\u00f3n de ayuda. \u00a0ADRA Ucrania, como organizaci\u00f3n no gubernamental, est\u00e1 muy bien capacitada para jugar ese papel. ADRA Ucrania cuenta actualmente con alrededor de 300 empleados y cientos de voluntarios en todo el pa\u00eds.<\/p>\n<p>Las oficinas donadoras de ADRA Europa, tales como ADRA Rep\u00fablica Checa, ADRA Dinamarca, ADRA Alemania y ADRA Eslovaquia, est\u00e1n ahora en di\u00e1logo con sus gobiernos y es muy probable que reciban fondos financieros para proyectos de ayuda en Ucrania.<\/p>\n<p>Para recibir financiaci\u00f3n de parte de la Uni\u00f3n Europea a trav\u00e9s del departamento de Protecci\u00f3n Civil y Operaciones de Ayuda Humanitaria de la Comisi\u00f3n Europea (ECHO), las oficinas de ADRA deben estar certificadas. ADRA Rep\u00fablica Checa, ADRA Dinamarca y ADRA Alemania est\u00e1n ya certificadas. ADRA Noruega est\u00e1 en proceso de ser certificada.<\/p>\n<p>La <a href=\"https:\/\/www.adventist.no\/nyheter\/adra-europa-trapper-opp-bistanden-til-ukraina\/\">versi\u00f3n original <\/a>de esta historia la public\u00f3 la <a href=\"https:\/\/www.adventist.no\/\">Uni\u00f3n Asociaci\u00f3n de Noruega. <\/a><\/p>\n<p>Traducci\u00f3n \u2013 Gloria A. Castrej\u00f3n<\/p>\n<p>&nbsp;<\/p>\n","protected":false},"excerpt":{"rendered":"<p>Una reuni\u00f3n en Oslo abord\u00f3 la necesidad de ayuda para el desarrollo. 16 de octubre de 2023 | Oslo, Noruega | Tor Tjeransen, Uni\u00f3n Asociaci\u00f3n Noruega y Adventist Review La&#8230;<\/p>\n","protected":false},"author":3,"featured_media":104842,"comment_status":"closed","ping_status":"closed","sticky":false,"template":"","format":"standard","meta":{"_acf_changed":false,"footnotes":""},"categories":[14,15],"tags":[],"class_list":["post-104881","post","type-post","status-publish","format-standard","has-post-thumbnail","hentry","category-de-la-iglesia-mundial","category-rss-espanol"],"acf":[],"yoast_head":"<!-- This site is optimized with the Yoast SEO plugin v27.3 - https:\/\/yoast.com\/product\/yoast-seo-wordpress\/ -->\n<title>ADRA Europa incrementar\u00e1 su ayuda a Ucrania - Iglesia Adventista del S\u00e9ptimo D\u00eda - Divisi\u00f3n Interamericana<\/title>\n<meta name=\"robots\" content=\"index, follow, max-snippet:-1, max-image-preview:large, max-video-preview:-1\" \/>\n<link rel=\"canonical\" href=\"https:\/\/interamerica.org\/es\/2023\/10\/adra-europa-incrementara-su-ayuda-a-ucrania\/\" \/>\n<meta property=\"og:locale\" content=\"es_ES\" \/>\n<meta property=\"og:type\" content=\"article\" \/>\n<meta property=\"og:title\" content=\"ADRA Europa incrementar\u00e1 su ayuda a Ucrania - Iglesia Adventista del S\u00e9ptimo D\u00eda - Divisi\u00f3n Interamericana\" \/>\n<meta property=\"og:description\" content=\"Una reuni\u00f3n en Oslo abord\u00f3 la necesidad de ayuda para el desarrollo. 16 de octubre de 2023 | Oslo, Noruega | Tor Tjeransen, Uni\u00f3n Asociaci\u00f3n Noruega y Adventist Review La...\" \/>\n<meta property=\"og:url\" content=\"https:\/\/interamerica.org\/es\/2023\/10\/adra-europa-incrementara-su-ayuda-a-ucrania\/\" \/>\n<meta property=\"og:site_name\" content=\"Iglesia Adventista del S\u00e9ptimo D\u00eda - Divisi\u00f3n Interamericana\" \/>\n<meta property=\"article:published_time\" content=\"2023-10-16T18:49:11+00:00\" \/>\n<meta property=\"article:modified_time\" content=\"2023-10-18T01:14:22+00:00\" \/>\n<meta property=\"og:image\" content=\"https:\/\/interamerica.org\/wp-content\/uploads\/2023\/10\/adra-ukraine-100124148scr-8fde9b874df112f.jpeg\" \/>\n\t<meta property=\"og:image:width\" content=\"1200\" \/>\n\t<meta property=\"og:image:height\" content=\"800\" \/>\n\t<meta property=\"og:image:type\" content=\"image\/jpeg\" \/>\n<meta name=\"author\" content=\"libna\" \/>\n<meta name=\"twitter:card\" content=\"summary_large_image\" \/>\n<meta name=\"twitter:label1\" content=\"Escrito por\" \/>\n\t<meta name=\"twitter:data1\" content=\"libna\" \/>\n\t<meta name=\"twitter:label2\" content=\"Tiempo de lectura\" \/>\n\t<meta name=\"twitter:data2\" content=\"5 minutos\" \/>\n<script type=\"application\/ld+json\" class=\"yoast-schema-graph\">{\"@context\":\"https:\\\/\\\/schema.org\",\"@graph\":[{\"@type\":\"Article\",\"@id\":\"https:\\\/\\\/interamerica.org\\\/es\\\/2023\\\/10\\\/adra-europa-incrementara-su-ayuda-a-ucrania\\\/#article\",\"isPartOf\":{\"@id\":\"https:\\\/\\\/interamerica.org\\\/es\\\/2023\\\/10\\\/adra-europa-incrementara-su-ayuda-a-ucrania\\\/\"},\"author\":{\"name\":\"libna\",\"@id\":\"https:\\\/\\\/interamerica.org\\\/es\\\/#\\\/schema\\\/person\\\/29998f2bc2d8bd0d38662909289b54f1\"},\"headline\":\"ADRA Europa incrementar\u00e1 su ayuda a Ucrania\",\"datePublished\":\"2023-10-16T18:49:11+00:00\",\"dateModified\":\"2023-10-18T01:14:22+00:00\",\"mainEntityOfPage\":{\"@id\":\"https:\\\/\\\/interamerica.org\\\/es\\\/2023\\\/10\\\/adra-europa-incrementara-su-ayuda-a-ucrania\\\/\"},\"wordCount\":943,\"image\":{\"@id\":\"https:\\\/\\\/interamerica.org\\\/es\\\/2023\\\/10\\\/adra-europa-incrementara-su-ayuda-a-ucrania\\\/#primaryimage\"},\"thumbnailUrl\":\"https:\\\/\\\/interamerica.org\\\/wp-content\\\/uploads\\\/2023\\\/10\\\/adra-ukraine-100124148scr-8fde9b874df112f.jpeg\",\"articleSection\":[\"Desde la iglesia mundial\",\"RSS Espa\u00f1ol\"],\"inLanguage\":\"es\"},{\"@type\":\"WebPage\",\"@id\":\"https:\\\/\\\/interamerica.org\\\/es\\\/2023\\\/10\\\/adra-europa-incrementara-su-ayuda-a-ucrania\\\/\",\"url\":\"https:\\\/\\\/interamerica.org\\\/es\\\/2023\\\/10\\\/adra-europa-incrementara-su-ayuda-a-ucrania\\\/\",\"name\":\"ADRA Europa incrementar\u00e1 su ayuda a Ucrania - Iglesia Adventista del S\u00e9ptimo D\u00eda - Divisi\u00f3n Interamericana\",\"isPartOf\":{\"@id\":\"https:\\\/\\\/interamerica.org\\\/es\\\/#website\"},\"primaryImageOfPage\":{\"@id\":\"https:\\\/\\\/interamerica.org\\\/es\\\/2023\\\/10\\\/adra-europa-incrementara-su-ayuda-a-ucrania\\\/#primaryimage\"},\"image\":{\"@id\":\"https:\\\/\\\/interamerica.org\\\/es\\\/2023\\\/10\\\/adra-europa-incrementara-su-ayuda-a-ucrania\\\/#primaryimage\"},\"thumbnailUrl\":\"https:\\\/\\\/interamerica.org\\\/wp-content\\\/uploads\\\/2023\\\/10\\\/adra-ukraine-100124148scr-8fde9b874df112f.jpeg\",\"datePublished\":\"2023-10-16T18:49:11+00:00\",\"dateModified\":\"2023-10-18T01:14:22+00:00\",\"author\":{\"@id\":\"https:\\\/\\\/interamerica.org\\\/es\\\/#\\\/schema\\\/person\\\/29998f2bc2d8bd0d38662909289b54f1\"},\"breadcrumb\":{\"@id\":\"https:\\\/\\\/interamerica.org\\\/es\\\/2023\\\/10\\\/adra-europa-incrementara-su-ayuda-a-ucrania\\\/#breadcrumb\"},\"inLanguage\":\"es\",\"potentialAction\":[{\"@type\":\"ReadAction\",\"target\":[\"https:\\\/\\\/interamerica.org\\\/es\\\/2023\\\/10\\\/adra-europa-incrementara-su-ayuda-a-ucrania\\\/\"]}]},{\"@type\":\"ImageObject\",\"inLanguage\":\"es\",\"@id\":\"https:\\\/\\\/interamerica.org\\\/es\\\/2023\\\/10\\\/adra-europa-incrementara-su-ayuda-a-ucrania\\\/#primaryimage\",\"url\":\"https:\\\/\\\/interamerica.org\\\/wp-content\\\/uploads\\\/2023\\\/10\\\/adra-ukraine-100124148scr-8fde9b874df112f.jpeg\",\"contentUrl\":\"https:\\\/\\\/interamerica.org\\\/wp-content\\\/uploads\\\/2023\\\/10\\\/adra-ukraine-100124148scr-8fde9b874df112f.jpeg\",\"width\":1200,\"height\":800,\"caption\":\"Thomas Petracek (left) in conversation with ADRA Norway program director Elidon Bardhi at the Oslo City Hall on September 26. [Photo: Tor Tjeransen\\\/Adventist Media Exchange (CC BY 4.0)]\"},{\"@type\":\"BreadcrumbList\",\"@id\":\"https:\\\/\\\/interamerica.org\\\/es\\\/2023\\\/10\\\/adra-europa-incrementara-su-ayuda-a-ucrania\\\/#breadcrumb\",\"itemListElement\":[{\"@type\":\"ListItem\",\"position\":1,\"name\":\"Home\",\"item\":\"https:\\\/\\\/interamerica.org\\\/es\\\/\"},{\"@type\":\"ListItem\",\"position\":2,\"name\":\"ADRA Europa incrementar\u00e1 su ayuda a Ucrania\"}]},{\"@type\":\"WebSite\",\"@id\":\"https:\\\/\\\/interamerica.org\\\/es\\\/#website\",\"url\":\"https:\\\/\\\/interamerica.org\\\/es\\\/\",\"name\":\"Iglesia Adventista del S\u00e9ptimo D\u00eda - Divisi\u00f3n Interamericana\",\"description\":\"\",\"potentialAction\":[{\"@type\":\"SearchAction\",\"target\":{\"@type\":\"EntryPoint\",\"urlTemplate\":\"https:\\\/\\\/interamerica.org\\\/es\\\/?s={search_term_string}\"},\"query-input\":{\"@type\":\"PropertyValueSpecification\",\"valueRequired\":true,\"valueName\":\"search_term_string\"}}],\"inLanguage\":\"es\"},{\"@type\":\"Person\",\"@id\":\"https:\\\/\\\/interamerica.org\\\/es\\\/#\\\/schema\\\/person\\\/29998f2bc2d8bd0d38662909289b54f1\",\"name\":\"libna\",\"image\":{\"@type\":\"ImageObject\",\"inLanguage\":\"es\",\"@id\":\"https:\\\/\\\/secure.gravatar.com\\\/avatar\\\/7c5bd30ae4b47a9ba3c856590957fd1d96dc588bf3ac05719d247e126840331f?s=96&d=mm&r=g\",\"url\":\"https:\\\/\\\/secure.gravatar.com\\\/avatar\\\/7c5bd30ae4b47a9ba3c856590957fd1d96dc588bf3ac05719d247e126840331f?s=96&d=mm&r=g\",\"contentUrl\":\"https:\\\/\\\/secure.gravatar.com\\\/avatar\\\/7c5bd30ae4b47a9ba3c856590957fd1d96dc588bf3ac05719d247e126840331f?s=96&d=mm&r=g\",\"caption\":\"libna\"}}]}<\/script>\n<!-- \/ Yoast SEO plugin. -->","yoast_head_json":{"title":"ADRA Europa incrementar\u00e1 su ayuda a Ucrania - Iglesia Adventista del S\u00e9ptimo D\u00eda - Divisi\u00f3n Interamericana","robots":{"index":"index","follow":"follow","max-snippet":"max-snippet:-1","max-image-preview":"max-image-preview:large","max-video-preview":"max-video-preview:-1"},"canonical":"https:\/\/interamerica.org\/es\/2023\/10\/adra-europa-incrementara-su-ayuda-a-ucrania\/","og_locale":"es_ES","og_type":"article","og_title":"ADRA Europa incrementar\u00e1 su ayuda a Ucrania - Iglesia Adventista del S\u00e9ptimo D\u00eda - Divisi\u00f3n Interamericana","og_description":"Una reuni\u00f3n en Oslo abord\u00f3 la necesidad de ayuda para el desarrollo. 16 de octubre de 2023 | Oslo, Noruega | Tor Tjeransen, Uni\u00f3n Asociaci\u00f3n Noruega y Adventist Review La...","og_url":"https:\/\/interamerica.org\/es\/2023\/10\/adra-europa-incrementara-su-ayuda-a-ucrania\/","og_site_name":"Iglesia Adventista del S\u00e9ptimo D\u00eda - Divisi\u00f3n Interamericana","article_published_time":"2023-10-16T18:49:11+00:00","article_modified_time":"2023-10-18T01:14:22+00:00","og_image":[{"width":1200,"height":800,"url":"https:\/\/interamerica.org\/wp-content\/uploads\/2023\/10\/adra-ukraine-100124148scr-8fde9b874df112f.jpeg","type":"image\/jpeg"}],"author":"libna","twitter_card":"summary_large_image","twitter_misc":{"Escrito por":"libna","Tiempo de lectura":"5 minutos"},"schema":{"@context":"https:\/\/schema.org","@graph":[{"@type":"Article","@id":"https:\/\/interamerica.org\/es\/2023\/10\/adra-europa-incrementara-su-ayuda-a-ucrania\/#article","isPartOf":{"@id":"https:\/\/interamerica.org\/es\/2023\/10\/adra-europa-incrementara-su-ayuda-a-ucrania\/"},"author":{"name":"libna","@id":"https:\/\/interamerica.org\/es\/#\/schema\/person\/29998f2bc2d8bd0d38662909289b54f1"},"headline":"ADRA Europa incrementar\u00e1 su ayuda a Ucrania","datePublished":"2023-10-16T18:49:11+00:00","dateModified":"2023-10-18T01:14:22+00:00","mainEntityOfPage":{"@id":"https:\/\/interamerica.org\/es\/2023\/10\/adra-europa-incrementara-su-ayuda-a-ucrania\/"},"wordCount":943,"image":{"@id":"https:\/\/interamerica.org\/es\/2023\/10\/adra-europa-incrementara-su-ayuda-a-ucrania\/#primaryimage"},"thumbnailUrl":"https:\/\/interamerica.org\/wp-content\/uploads\/2023\/10\/adra-ukraine-100124148scr-8fde9b874df112f.jpeg","articleSection":["Desde la iglesia mundial","RSS Espa\u00f1ol"],"inLanguage":"es"},{"@type":"WebPage","@id":"https:\/\/interamerica.org\/es\/2023\/10\/adra-europa-incrementara-su-ayuda-a-ucrania\/","url":"https:\/\/interamerica.org\/es\/2023\/10\/adra-europa-incrementara-su-ayuda-a-ucrania\/","name":"ADRA Europa incrementar\u00e1 su ayuda a Ucrania - Iglesia Adventista del S\u00e9ptimo D\u00eda - Divisi\u00f3n Interamericana","isPartOf":{"@id":"https:\/\/interamerica.org\/es\/#website"},"primaryImageOfPage":{"@id":"https:\/\/interamerica.org\/es\/2023\/10\/adra-europa-incrementara-su-ayuda-a-ucrania\/#primaryimage"},"image":{"@id":"https:\/\/interamerica.org\/es\/2023\/10\/adra-europa-incrementara-su-ayuda-a-ucrania\/#primaryimage"},"thumbnailUrl":"https:\/\/interamerica.org\/wp-content\/uploads\/2023\/10\/adra-ukraine-100124148scr-8fde9b874df112f.jpeg","datePublished":"2023-10-16T18:49:11+00:00","dateModified":"2023-10-18T01:14:22+00:00","author":{"@id":"https:\/\/interamerica.org\/es\/#\/schema\/person\/29998f2bc2d8bd0d38662909289b54f1"},"breadcrumb":{"@id":"https:\/\/interamerica.org\/es\/2023\/10\/adra-europa-incrementara-su-ayuda-a-ucrania\/#breadcrumb"},"inLanguage":"es","potentialAction":[{"@type":"ReadAction","target":["https:\/\/interamerica.org\/es\/2023\/10\/adra-europa-incrementara-su-ayuda-a-ucrania\/"]}]},{"@type":"ImageObject","inLanguage":"es","@id":"https:\/\/interamerica.org\/es\/2023\/10\/adra-europa-incrementara-su-ayuda-a-ucrania\/#primaryimage","url":"https:\/\/interamerica.org\/wp-content\/uploads\/2023\/10\/adra-ukraine-100124148scr-8fde9b874df112f.jpeg","contentUrl":"https:\/\/interamerica.org\/wp-content\/uploads\/2023\/10\/adra-ukraine-100124148scr-8fde9b874df112f.jpeg","width":1200,"height":800,"caption":"Thomas Petracek (left) in conversation with ADRA Norway program director Elidon Bardhi at the Oslo City Hall on September 26. [Photo: Tor Tjeransen\/Adventist Media Exchange (CC BY 4.0)]"},{"@type":"BreadcrumbList","@id":"https:\/\/interamerica.org\/es\/2023\/10\/adra-europa-incrementara-su-ayuda-a-ucrania\/#breadcrumb","itemListElement":[{"@type":"ListItem","position":1,"name":"Home","item":"https:\/\/interamerica.org\/es\/"},{"@type":"ListItem","position":2,"name":"ADRA Europa incrementar\u00e1 su ayuda a Ucrania"}]},{"@type":"WebSite","@id":"https:\/\/interamerica.org\/es\/#website","url":"https:\/\/interamerica.org\/es\/","name":"Iglesia Adventista del S\u00e9ptimo D\u00eda - Divisi\u00f3n Interamericana","description":"","potentialAction":[{"@type":"SearchAction","target":{"@type":"EntryPoint","urlTemplate":"https:\/\/interamerica.org\/es\/?s={search_term_string}"},"query-input":{"@type":"PropertyValueSpecification","valueRequired":true,"valueName":"search_term_string"}}],"inLanguage":"es"},{"@type":"Person","@id":"https:\/\/interamerica.org\/es\/#\/schema\/person\/29998f2bc2d8bd0d38662909289b54f1","name":"libna","image":{"@type":"ImageObject","inLanguage":"es","@id":"https:\/\/secure.gravatar.com\/avatar\/7c5bd30ae4b47a9ba3c856590957fd1d96dc588bf3ac05719d247e126840331f?s=96&d=mm&r=g","url":"https:\/\/secure.gravatar.com\/avatar\/7c5bd30ae4b47a9ba3c856590957fd1d96dc588bf3ac05719d247e126840331f?s=96&d=mm&r=g","contentUrl":"https:\/\/secure.gravatar.com\/avatar\/7c5bd30ae4b47a9ba3c856590957fd1d96dc588bf3ac05719d247e126840331f?s=96&d=mm&r=g","caption":"libna"}}]}},"_links":{"self":[{"href":"https:\/\/interamerica.org\/es\/wp-json\/wp\/v2\/posts\/104881","targetHints":{"allow":["GET"]}}],"collection":[{"href":"https:\/\/interamerica.org\/es\/wp-json\/wp\/v2\/posts"}],"about":[{"href":"https:\/\/interamerica.org\/es\/wp-json\/wp\/v2\/types\/post"}],"author":[{"embeddable":true,"href":"https:\/\/interamerica.org\/es\/wp-json\/wp\/v2\/users\/3"}],"replies":[{"embeddable":true,"href":"https:\/\/interamerica.org\/es\/wp-json\/wp\/v2\/comments?post=104881"}],"version-history":[{"count":0,"href":"https:\/\/interamerica.org\/es\/wp-json\/wp\/v2\/posts\/104881\/revisions"}],"wp:featuredmedia":[{"embeddable":true,"href":"https:\/\/interamerica.org\/es\/wp-json\/wp\/v2\/media\/104842"}],"wp:attachment":[{"href":"https:\/\/interamerica.org\/es\/wp-json\/wp\/v2\/media?parent=104881"}],"wp:term":[{"taxonomy":"category","embeddable":true,"href":"https:\/\/interamerica.org\/es\/wp-json\/wp\/v2\/categories?post=104881"},{"taxonomy":"post_tag","embeddable":true,"href":"https:\/\/interamerica.org\/es\/wp-json\/wp\/v2\/tags?post=104881"}],"curies":[{"name":"wp","href":"https:\/\/api.w.org\/{rel}","templated":true}]}}