{"id":10489,"date":"2005-04-06T00:00:00","date_gmt":"2005-04-06T04:00:00","guid":{"rendered":"http:\/\/192.81.217.108\/interamerica\/2005\/04\/jamaica-la-iglesia-lleva-a-cabo-dia-de-ayuno-y-oracion-en-contra-de-la-violencia\/"},"modified":"2017-06-02T09:17:37","modified_gmt":"2017-06-02T13:17:37","slug":"jamaica-la-iglesia-lleva-a-cabo-dia-de-ayuno-y-oracion-en-contra-de-la-violencia","status":"publish","type":"post","link":"https:\/\/interamerica.org\/es\/2005\/04\/jamaica-la-iglesia-lleva-a-cabo-dia-de-ayuno-y-oracion-en-contra-de-la-violencia\/","title":{"rendered":"Jamaica: La Iglesia Lleva a Cabo D\u00eda de Ayuno y Oraci\u00f3n en Contra de la Violencia"},"content":{"rendered":"<p>Kingston, Jamaica\u2026 [Uni\u00f3n de las Indias Occidentales\/DIA]<\/p>\n<\/p>\n<p>Los adventistas del s\u00e9ptimo d\u00eda en m\u00e1s de 600 iglesias en toda Jamaica dedicaron el s\u00e1bado 5 de marzo de 2005 como d\u00eda de ayuno y oraci\u00f3n, para buscar la intervenci\u00f3n del Se\u00f1or en el problema creciente relacionado con el crimen y la violencia en Jamaica.<\/p>\n<\/p>\n<p>En el primero de dos servicios especiales llevados a cabo en la Iglesia Adventista del S\u00e9ptimo D\u00eda en Memoria de Andrews, y en la Iglesia Adventista del S\u00e9ptimo D\u00eda de Meadowvale, el pastor Patrick Allen, presidente de la Uni\u00f3n\/Misi\u00f3n de las Indias Occidentales de los Adventistas del S\u00e9ptimo D\u00eda, amonest\u00f3 a la congregaci\u00f3n a \u201ccreer en Dios y mantenerse firmes\u201d. Dijo que \u201ccomo comunidad de fe, estamos involucrados en varias iniciativas en nombre de nuestra naci\u00f3n para ayudar a combatir la plaga del crimen y la violencia, pero tambi\u00e9n hay un arma a nuestra disposici\u00f3n, la cual a menudo no usamos de una manera p\u00fablica y corporativa para demostrar nuestra preocupaci\u00f3n. Esa arma es la oraci\u00f3n\u201d.<\/p>\n<\/p>\n<p>\u00c9l insisti\u00f3 en que \u201ccomo cristianos, no podemos mostrar ninguna forma de desesperaci\u00f3n o un sentido de desesperanza, inclusive cuando andamos en el oscuro valle de la muerte, porque sabemos qui\u00e9n camina al lado de nosotros, qui\u00e9n controla el futuro, y qui\u00e9n sostiene nuestras manos. Necesitamos comunicar esta fe a nuestra comunidad y a la naci\u00f3n, de que al fin de cuentas, Dios est\u00e1 en el control\u201d.<\/p>\n<\/p>\n<p>El ayuno y la oraci\u00f3n, los cuales comenzaron a la puesta del sol del viernes y finalizaron a la puesta del sol del s\u00e1bado, hicieron que los guardadores del s\u00e1bado estuviesen reunidos \u201cafligiendo sus almas\u201d, derramando su agon\u00eda y desesperaci\u00f3n ante Dios en su adoraci\u00f3n, en nombre de la naci\u00f3n y su gente.<\/p>\n<\/p>\n<p>El pastor Allen record\u00f3 a la congregaci\u00f3n, que inclu\u00eda a miembros del gobierno, la oposici\u00f3n y otros oficiales, acerca de un n\u00famero de actos violentos provenientes de conflictos callejeros, asesinatos, y tiros de medianoche, hechos perpetrados en Jamaica durante los \u00faltimos dos a\u00f1os y medio, y subray\u00f3 muchas iniciativas para combatir el crimen y la violencia, en la promoci\u00f3n de valores, la consejer\u00eda, la participaci\u00f3n del gobierno, la iglesia y los l\u00edderes y miembros de la comunidad.<\/p>\n<\/p>\n<p>El pastor Allen anim\u00f3 a su audiencia al declarar que \u201cnuestra l\u00ednea de defensa es nuestra confianza en Dios, su direcci\u00f3n y sabidur\u00eda, mientras dirigimos los asuntos de nuestra naci\u00f3n, y mientras vivimos nuestra vida diaria. No podemos comportarnos como los de\u00edstas, quienes rechazan la creencia en lo sobrenatural, y en la autoridad de la Biblia, escogiendo en su lugar depender de la raz\u00f3n humana\u201d, agreg\u00f3.<\/p>\n<\/p>\n<p>Al cierre de su mensaje, el pastor present\u00f3 el ant\u00eddoto para la repugnante violencia y el crimen que hay en el pa\u00eds, recomendando la Palabra de Dios: \u201cAl enfrentar momentos de dificultad en este pa\u00eds y en nuestra vida personal, les recomiendo la Palabra de Dios como una l\u00e1mpara delante de los pies de ustedes, y como una lumbrera a su camino\u201d.<\/p>\n<\/p>\n<p>En servicio en la Iglesia en Memoria de Andrews, que inici\u00f3 a las 8:00 a.m., vio la primera lecci\u00f3n siendo le\u00edda por  el senador Burchel Whiteman, Ministro de Informaci\u00f3n, y la segunda por el senador Bruce Holding, l\u00edder de Jamaica Labour Party. Otros invitados asistentes incluyeron a los senadores Floyd Morris y Dwight Nelson, el comandante Richard Reese, director del Servicio Correccional, la Sra. Yvonne Coke, fundadora de Hands Across Jamaica (Manos Unidas en torno a Jamaica), el Sr. Winston Rickgard, Administrador General de LOVE 101, el reverendo Courtney Stewart, Director de TBC Radio, el reverendo Lenworth Anglin, director designado de la Iglesia de Dios en Jamaica, el Sr. Pearnel Charles M.P., y la Sra. Lorna Golding.<\/p><\/p>\n","protected":false},"excerpt":{"rendered":"<p>Los adventistas del s\u00e9ptimo d\u00eda en m\u00e1s de 600 iglesias en toda Jamaica dedicaron el s\u00e1bado 5 de marzo de 2005 como d\u00eda de ayuno y oraci\u00f3n, para buscar la intervenci\u00f3n del Se\u00f1or en el problema creciente relacionado con el crimen y la violencia en Ja<\/p>\n","protected":false},"author":1,"featured_media":0,"comment_status":"closed","ping_status":"closed","sticky":false,"template":"","format":"standard","meta":{"_acf_changed":false,"footnotes":""},"categories":[8],"tags":[],"class_list":["post-10489","post","type-post","status-publish","format-standard","hentry","category-archivo"],"acf":[],"yoast_head":"<!-- This site is optimized with the Yoast SEO plugin v27.3 - https:\/\/yoast.com\/product\/yoast-seo-wordpress\/ -->\n<title>Jamaica: La Iglesia Lleva a Cabo D\u00eda de Ayuno y Oraci\u00f3n en Contra de la Violencia - Iglesia Adventista del S\u00e9ptimo D\u00eda - Divisi\u00f3n Interamericana<\/title>\n<meta name=\"robots\" content=\"index, follow, max-snippet:-1, max-image-preview:large, max-video-preview:-1\" \/>\n<link rel=\"canonical\" href=\"https:\/\/interamerica.org\/es\/2005\/04\/jamaica-la-iglesia-lleva-a-cabo-dia-de-ayuno-y-oracion-en-contra-de-la-violencia\/\" \/>\n<meta property=\"og:locale\" content=\"es_ES\" \/>\n<meta property=\"og:type\" content=\"article\" \/>\n<meta property=\"og:title\" content=\"Jamaica: La Iglesia Lleva a Cabo D\u00eda de Ayuno y Oraci\u00f3n en Contra de la Violencia - Iglesia Adventista del S\u00e9ptimo D\u00eda - Divisi\u00f3n Interamericana\" \/>\n<meta property=\"og:description\" content=\"Los adventistas del s\u00e9ptimo d\u00eda en m\u00e1s de 600 iglesias en toda Jamaica dedicaron el s\u00e1bado 5 de marzo de 2005 como d\u00eda de ayuno y oraci\u00f3n, para buscar la intervenci\u00f3n del Se\u00f1or en el problema creciente relacionado con el crimen y la violencia en Ja\" \/>\n<meta property=\"og:url\" content=\"https:\/\/interamerica.org\/es\/2005\/04\/jamaica-la-iglesia-lleva-a-cabo-dia-de-ayuno-y-oracion-en-contra-de-la-violencia\/\" \/>\n<meta property=\"og:site_name\" content=\"Iglesia Adventista del S\u00e9ptimo D\u00eda - Divisi\u00f3n Interamericana\" \/>\n<meta property=\"article:published_time\" content=\"2005-04-06T04:00:00+00:00\" \/>\n<meta property=\"article:modified_time\" content=\"2017-06-02T13:17:37+00:00\" \/>\n<meta name=\"author\" content=\"Lorenzo Verduzco\" \/>\n<meta name=\"twitter:card\" content=\"summary_large_image\" \/>\n<meta name=\"twitter:label1\" content=\"Escrito por\" \/>\n\t<meta name=\"twitter:data1\" content=\"Lorenzo Verduzco\" \/>\n\t<meta name=\"twitter:label2\" content=\"Tiempo de lectura\" \/>\n\t<meta name=\"twitter:data2\" content=\"3 minutos\" \/>\n<script type=\"application\/ld+json\" class=\"yoast-schema-graph\">{\"@context\":\"https:\\\/\\\/schema.org\",\"@graph\":[{\"@type\":\"Article\",\"@id\":\"https:\\\/\\\/interamerica.org\\\/es\\\/2005\\\/04\\\/jamaica-la-iglesia-lleva-a-cabo-dia-de-ayuno-y-oracion-en-contra-de-la-violencia\\\/#article\",\"isPartOf\":{\"@id\":\"https:\\\/\\\/interamerica.org\\\/es\\\/2005\\\/04\\\/jamaica-la-iglesia-lleva-a-cabo-dia-de-ayuno-y-oracion-en-contra-de-la-violencia\\\/\"},\"author\":{\"name\":\"Lorenzo Verduzco\",\"@id\":\"https:\\\/\\\/interamerica.org\\\/es\\\/#\\\/schema\\\/person\\\/68ede8bdc292885bb76c1e3810e73c39\"},\"headline\":\"Jamaica: La Iglesia Lleva a Cabo D\u00eda de Ayuno y Oraci\u00f3n en Contra de la Violencia\",\"datePublished\":\"2005-04-06T04:00:00+00:00\",\"dateModified\":\"2017-06-02T13:17:37+00:00\",\"mainEntityOfPage\":{\"@id\":\"https:\\\/\\\/interamerica.org\\\/es\\\/2005\\\/04\\\/jamaica-la-iglesia-lleva-a-cabo-dia-de-ayuno-y-oracion-en-contra-de-la-violencia\\\/\"},\"wordCount\":687,\"articleSection\":[\"Archivo\"],\"inLanguage\":\"es\"},{\"@type\":\"WebPage\",\"@id\":\"https:\\\/\\\/interamerica.org\\\/es\\\/2005\\\/04\\\/jamaica-la-iglesia-lleva-a-cabo-dia-de-ayuno-y-oracion-en-contra-de-la-violencia\\\/\",\"url\":\"https:\\\/\\\/interamerica.org\\\/es\\\/2005\\\/04\\\/jamaica-la-iglesia-lleva-a-cabo-dia-de-ayuno-y-oracion-en-contra-de-la-violencia\\\/\",\"name\":\"Jamaica: La Iglesia Lleva a Cabo D\u00eda de Ayuno y Oraci\u00f3n en Contra de la Violencia - Iglesia Adventista del S\u00e9ptimo D\u00eda - Divisi\u00f3n Interamericana\",\"isPartOf\":{\"@id\":\"https:\\\/\\\/interamerica.org\\\/es\\\/#website\"},\"datePublished\":\"2005-04-06T04:00:00+00:00\",\"dateModified\":\"2017-06-02T13:17:37+00:00\",\"author\":{\"@id\":\"https:\\\/\\\/interamerica.org\\\/es\\\/#\\\/schema\\\/person\\\/68ede8bdc292885bb76c1e3810e73c39\"},\"breadcrumb\":{\"@id\":\"https:\\\/\\\/interamerica.org\\\/es\\\/2005\\\/04\\\/jamaica-la-iglesia-lleva-a-cabo-dia-de-ayuno-y-oracion-en-contra-de-la-violencia\\\/#breadcrumb\"},\"inLanguage\":\"es\",\"potentialAction\":[{\"@type\":\"ReadAction\",\"target\":[\"https:\\\/\\\/interamerica.org\\\/es\\\/2005\\\/04\\\/jamaica-la-iglesia-lleva-a-cabo-dia-de-ayuno-y-oracion-en-contra-de-la-violencia\\\/\"]}]},{\"@type\":\"BreadcrumbList\",\"@id\":\"https:\\\/\\\/interamerica.org\\\/es\\\/2005\\\/04\\\/jamaica-la-iglesia-lleva-a-cabo-dia-de-ayuno-y-oracion-en-contra-de-la-violencia\\\/#breadcrumb\",\"itemListElement\":[{\"@type\":\"ListItem\",\"position\":1,\"name\":\"Home\",\"item\":\"https:\\\/\\\/interamerica.org\\\/es\\\/\"},{\"@type\":\"ListItem\",\"position\":2,\"name\":\"Jamaica: La Iglesia Lleva a Cabo D\u00eda de Ayuno y Oraci\u00f3n en Contra de la Violencia\"}]},{\"@type\":\"WebSite\",\"@id\":\"https:\\\/\\\/interamerica.org\\\/es\\\/#website\",\"url\":\"https:\\\/\\\/interamerica.org\\\/es\\\/\",\"name\":\"Iglesia Adventista del S\u00e9ptimo D\u00eda - Divisi\u00f3n Interamericana\",\"description\":\"\",\"potentialAction\":[{\"@type\":\"SearchAction\",\"target\":{\"@type\":\"EntryPoint\",\"urlTemplate\":\"https:\\\/\\\/interamerica.org\\\/es\\\/?s={search_term_string}\"},\"query-input\":{\"@type\":\"PropertyValueSpecification\",\"valueRequired\":true,\"valueName\":\"search_term_string\"}}],\"inLanguage\":\"es\"},{\"@type\":\"Person\",\"@id\":\"https:\\\/\\\/interamerica.org\\\/es\\\/#\\\/schema\\\/person\\\/68ede8bdc292885bb76c1e3810e73c39\",\"name\":\"Lorenzo Verduzco\",\"image\":{\"@type\":\"ImageObject\",\"inLanguage\":\"es\",\"@id\":\"https:\\\/\\\/secure.gravatar.com\\\/avatar\\\/fb81a55b6218459490a9c1dc841a34909185b81904c5337b4b27f7a6fd60c49e?s=96&d=mm&r=g\",\"url\":\"https:\\\/\\\/secure.gravatar.com\\\/avatar\\\/fb81a55b6218459490a9c1dc841a34909185b81904c5337b4b27f7a6fd60c49e?s=96&d=mm&r=g\",\"contentUrl\":\"https:\\\/\\\/secure.gravatar.com\\\/avatar\\\/fb81a55b6218459490a9c1dc841a34909185b81904c5337b4b27f7a6fd60c49e?s=96&d=mm&r=g\",\"caption\":\"Lorenzo Verduzco\"}}]}<\/script>\n<!-- \/ Yoast SEO plugin. -->","yoast_head_json":{"title":"Jamaica: La Iglesia Lleva a Cabo D\u00eda de Ayuno y Oraci\u00f3n en Contra de la Violencia - Iglesia Adventista del S\u00e9ptimo D\u00eda - Divisi\u00f3n Interamericana","robots":{"index":"index","follow":"follow","max-snippet":"max-snippet:-1","max-image-preview":"max-image-preview:large","max-video-preview":"max-video-preview:-1"},"canonical":"https:\/\/interamerica.org\/es\/2005\/04\/jamaica-la-iglesia-lleva-a-cabo-dia-de-ayuno-y-oracion-en-contra-de-la-violencia\/","og_locale":"es_ES","og_type":"article","og_title":"Jamaica: La Iglesia Lleva a Cabo D\u00eda de Ayuno y Oraci\u00f3n en Contra de la Violencia - Iglesia Adventista del S\u00e9ptimo D\u00eda - Divisi\u00f3n Interamericana","og_description":"Los adventistas del s\u00e9ptimo d\u00eda en m\u00e1s de 600 iglesias en toda Jamaica dedicaron el s\u00e1bado 5 de marzo de 2005 como d\u00eda de ayuno y oraci\u00f3n, para buscar la intervenci\u00f3n del Se\u00f1or en el problema creciente relacionado con el crimen y la violencia en Ja","og_url":"https:\/\/interamerica.org\/es\/2005\/04\/jamaica-la-iglesia-lleva-a-cabo-dia-de-ayuno-y-oracion-en-contra-de-la-violencia\/","og_site_name":"Iglesia Adventista del S\u00e9ptimo D\u00eda - Divisi\u00f3n Interamericana","article_published_time":"2005-04-06T04:00:00+00:00","article_modified_time":"2017-06-02T13:17:37+00:00","author":"Lorenzo Verduzco","twitter_card":"summary_large_image","twitter_misc":{"Escrito por":"Lorenzo Verduzco","Tiempo de lectura":"3 minutos"},"schema":{"@context":"https:\/\/schema.org","@graph":[{"@type":"Article","@id":"https:\/\/interamerica.org\/es\/2005\/04\/jamaica-la-iglesia-lleva-a-cabo-dia-de-ayuno-y-oracion-en-contra-de-la-violencia\/#article","isPartOf":{"@id":"https:\/\/interamerica.org\/es\/2005\/04\/jamaica-la-iglesia-lleva-a-cabo-dia-de-ayuno-y-oracion-en-contra-de-la-violencia\/"},"author":{"name":"Lorenzo Verduzco","@id":"https:\/\/interamerica.org\/es\/#\/schema\/person\/68ede8bdc292885bb76c1e3810e73c39"},"headline":"Jamaica: La Iglesia Lleva a Cabo D\u00eda de Ayuno y Oraci\u00f3n en Contra de la Violencia","datePublished":"2005-04-06T04:00:00+00:00","dateModified":"2017-06-02T13:17:37+00:00","mainEntityOfPage":{"@id":"https:\/\/interamerica.org\/es\/2005\/04\/jamaica-la-iglesia-lleva-a-cabo-dia-de-ayuno-y-oracion-en-contra-de-la-violencia\/"},"wordCount":687,"articleSection":["Archivo"],"inLanguage":"es"},{"@type":"WebPage","@id":"https:\/\/interamerica.org\/es\/2005\/04\/jamaica-la-iglesia-lleva-a-cabo-dia-de-ayuno-y-oracion-en-contra-de-la-violencia\/","url":"https:\/\/interamerica.org\/es\/2005\/04\/jamaica-la-iglesia-lleva-a-cabo-dia-de-ayuno-y-oracion-en-contra-de-la-violencia\/","name":"Jamaica: La Iglesia Lleva a Cabo D\u00eda de Ayuno y Oraci\u00f3n en Contra de la Violencia - Iglesia Adventista del S\u00e9ptimo D\u00eda - Divisi\u00f3n Interamericana","isPartOf":{"@id":"https:\/\/interamerica.org\/es\/#website"},"datePublished":"2005-04-06T04:00:00+00:00","dateModified":"2017-06-02T13:17:37+00:00","author":{"@id":"https:\/\/interamerica.org\/es\/#\/schema\/person\/68ede8bdc292885bb76c1e3810e73c39"},"breadcrumb":{"@id":"https:\/\/interamerica.org\/es\/2005\/04\/jamaica-la-iglesia-lleva-a-cabo-dia-de-ayuno-y-oracion-en-contra-de-la-violencia\/#breadcrumb"},"inLanguage":"es","potentialAction":[{"@type":"ReadAction","target":["https:\/\/interamerica.org\/es\/2005\/04\/jamaica-la-iglesia-lleva-a-cabo-dia-de-ayuno-y-oracion-en-contra-de-la-violencia\/"]}]},{"@type":"BreadcrumbList","@id":"https:\/\/interamerica.org\/es\/2005\/04\/jamaica-la-iglesia-lleva-a-cabo-dia-de-ayuno-y-oracion-en-contra-de-la-violencia\/#breadcrumb","itemListElement":[{"@type":"ListItem","position":1,"name":"Home","item":"https:\/\/interamerica.org\/es\/"},{"@type":"ListItem","position":2,"name":"Jamaica: La Iglesia Lleva a Cabo D\u00eda de Ayuno y Oraci\u00f3n en Contra de la Violencia"}]},{"@type":"WebSite","@id":"https:\/\/interamerica.org\/es\/#website","url":"https:\/\/interamerica.org\/es\/","name":"Iglesia Adventista del S\u00e9ptimo D\u00eda - Divisi\u00f3n Interamericana","description":"","potentialAction":[{"@type":"SearchAction","target":{"@type":"EntryPoint","urlTemplate":"https:\/\/interamerica.org\/es\/?s={search_term_string}"},"query-input":{"@type":"PropertyValueSpecification","valueRequired":true,"valueName":"search_term_string"}}],"inLanguage":"es"},{"@type":"Person","@id":"https:\/\/interamerica.org\/es\/#\/schema\/person\/68ede8bdc292885bb76c1e3810e73c39","name":"Lorenzo Verduzco","image":{"@type":"ImageObject","inLanguage":"es","@id":"https:\/\/secure.gravatar.com\/avatar\/fb81a55b6218459490a9c1dc841a34909185b81904c5337b4b27f7a6fd60c49e?s=96&d=mm&r=g","url":"https:\/\/secure.gravatar.com\/avatar\/fb81a55b6218459490a9c1dc841a34909185b81904c5337b4b27f7a6fd60c49e?s=96&d=mm&r=g","contentUrl":"https:\/\/secure.gravatar.com\/avatar\/fb81a55b6218459490a9c1dc841a34909185b81904c5337b4b27f7a6fd60c49e?s=96&d=mm&r=g","caption":"Lorenzo Verduzco"}}]}},"_links":{"self":[{"href":"https:\/\/interamerica.org\/es\/wp-json\/wp\/v2\/posts\/10489","targetHints":{"allow":["GET"]}}],"collection":[{"href":"https:\/\/interamerica.org\/es\/wp-json\/wp\/v2\/posts"}],"about":[{"href":"https:\/\/interamerica.org\/es\/wp-json\/wp\/v2\/types\/post"}],"author":[{"embeddable":true,"href":"https:\/\/interamerica.org\/es\/wp-json\/wp\/v2\/users\/1"}],"replies":[{"embeddable":true,"href":"https:\/\/interamerica.org\/es\/wp-json\/wp\/v2\/comments?post=10489"}],"version-history":[{"count":0,"href":"https:\/\/interamerica.org\/es\/wp-json\/wp\/v2\/posts\/10489\/revisions"}],"wp:attachment":[{"href":"https:\/\/interamerica.org\/es\/wp-json\/wp\/v2\/media?parent=10489"}],"wp:term":[{"taxonomy":"category","embeddable":true,"href":"https:\/\/interamerica.org\/es\/wp-json\/wp\/v2\/categories?post=10489"},{"taxonomy":"post_tag","embeddable":true,"href":"https:\/\/interamerica.org\/es\/wp-json\/wp\/v2\/tags?post=10489"}],"curies":[{"name":"wp","href":"https:\/\/api.w.org\/{rel}","templated":true}]}}