{"id":10490,"date":"2005-04-05T00:00:00","date_gmt":"2005-04-05T04:00:00","guid":{"rendered":"http:\/\/192.81.217.108\/interamerica\/2005\/04\/trinidad-miles-celebran-festival-de-laicato-por-cinco-dias\/"},"modified":"2017-06-02T09:17:39","modified_gmt":"2017-06-02T13:17:39","slug":"trinidad-miles-celebran-festival-de-laicato-por-cinco-dias","status":"publish","type":"post","link":"https:\/\/interamerica.org\/es\/2005\/04\/trinidad-miles-celebran-festival-de-laicato-por-cinco-dias\/","title":{"rendered":"Trinidad:\u00a0Miles\u00a0Celebran Festival de\u00a0Laicato\u00a0por Cinco D\u00edas\u00a0"},"content":{"rendered":"<p>Macoya, Trinidad&#8230; [Libna Stevens\/Personal DIA]<\/p>\n<p>Miles se reunieron en un Festival de Laicato de cinco d\u00edas, evento para honrar y fortalecer el trabajo realizado por predicadores laicos adventistas en la Uni\u00f3n del Caribe.  El festival se llev\u00f3 a cabo entre miles de delegados y l\u00edderes y miembros de la iglesia de todo el territorio, quienes del 22 al 26 de marzo, abarrotaron los 5,000 asientos del Centro a la Excelencia en Macoya, Trinidad.<\/p>\n<p>Con el tema \u00abMano con Mano, Coraz\u00f3n con Coraz\u00f3n, Proclamando la Venida del Se\u00f1or,\u00bb tanto l\u00edderes de la Iglesia Adventista del S\u00e9ptimo D\u00eda, asi como l\u00edderes de la iglesia local, le dieron la bienvenida a cientos de predicadores, instructores b\u00edblicos y testigos, todos laicos, representantes de las ocho regiones que componen el territorio caribe\u00f1o.  El evento empez\u00f3 el jueves 22 de marzo por la noche.  El Primer Ministro de Trinidad, Patrick Manning, estuvo presente en la ceremonia de apertura.<\/p>\n<p>El Pastor Israel Leito, presidente de la Iglesia Adventista en Interam\u00e9rica, habl\u00f3 a los delegados y los exhort\u00f3 a continuar trabajando en unidad y bajo la direcci\u00f3n del Esp\u00edritu Santo mientras esparcen el Evangelio.<\/p>\n<p>\u00abEste es un asunto espiritual, y ustedes deben graduarse de la escuela de la espiritualidad,\u00bb enfatiz\u00f3 el Pastor Leito a la asamblea.  \u00abNo es posible servir al Se\u00f1or como debi\u00e9ramos, a menos que entendamos los principios de su Reino.  No es posible tener los resultados deseados a menos que le permitamos a \u00e9l crear el ambiente apropiado para su liderazgo.\u00bb<\/p>\n<p>\u00abEl ambiente espiritual es primordial en el trabajo de ganar almas.\u00bb  Continu\u00f3 el Pastor Leito.  \u00abLa ganancia de las almas no es un encuentro de cricket, una ecuaci\u00f3n matem\u00e1tica, un experimento cient\u00edfico, un medio de entretenimiento.  Es un esfuerzo altamente espiritual en donde el Esp\u00edritu Santo es primordial.  Usted debe aceptar el desaf\u00edo de recibir el Esp\u00edritu de unidad, estar convencido del trabajo y no separarse del Maestro&#8230; Mano con mano, coraz\u00f3n con coraz\u00f3n, proclamando nuestra fe eterna.\u00bb<\/p>\n<p>Seg\u00fan el Pastor Carlyle Bayne, director de Ministerios Personales y Escuela Sab\u00e1tica para la iglesia en Interam\u00e9rica, el festival fue un rotundo \u00e9xito y con un muy alto nivel de entusiasmo y compromiso.<\/p>\n<p>Este fue el primer Festival de Laicato en la Uni\u00f3n del Caribe.  El Pastor Bayne dice que el evento fue de mucha emoci\u00f3n para los 800 laicos delegados que representaban a miles de miembros laicos voluntarios.<\/p>\n<p>\u00abEl festival dio oportunidad para que los laicos informaran de la ganancia de almas durante un per\u00edodo de cuatro a\u00f1os en su territorio por medio de una gama de actividades misioneras para la comunidad, destacados y reconocidos predicadores laicos y permitiendo futuras capacitaciones de t\u00e9cnicas de predicaci\u00f3n y testificaci\u00f3n,\u00bb agrega.  <\/p>\n<p>Los delegados tuvieron la oportunidad de informar del progreso de la iglesia en sus comunidades.  Tambi\u00e9n asistieron a seminarios de predicaci\u00f3n laica avanzada, c\u00f3mo mejorar su vasta experiencia, c\u00f3mo llevar a miles al bautizmo, c\u00f3mo predicar mejor, c\u00f3mo mejorar su econom\u00eda personal, y m\u00e1s.<\/p>\n<p>El Pastor Leito dice que los laicos y pastores en el caribe han aceptado el desaf\u00edo de llevar uni\u00f3n din\u00e1mica a m\u00e1s de 200,000 miembros antes de finales del 2006.  Con el r\u00e1pido crecimiento de la membres\u00eda en las islas del caribe, \u00e9l dice que \u00abla uni\u00f3n est\u00e1 explorando la posibilidad futura de facilitar el ministerio de la iglesia creando un nuevo campo sumado a los ocho que ya componen la regi\u00f3n.\u00bb<\/p>\n<p>\u00abEsta es una urgente necesidad para dar una mejor atenci\u00f3n al crecimiento de una membres\u00eda compleja en la regi\u00f3n,\u00bb agrega.<\/p>\n<p>Entre lo m\u00e1s sobresaliente del evento estuvo una ceremonia especial en reconocimiento al Pastor Sergio Moctezuma, quien por m\u00e1s de 26 a\u00f1os prepar\u00f3 y fortaleci\u00f3n a los laicos en Interam\u00e9rica para un sobresaliente crecimiento.<\/p>\n<p>Aunque Interam\u00e9rica tiene m\u00e1s de 2.5 millones de miembros de iglesia, debido en parte al trabajo de los predicadores laicos e instructores b\u00edblicos, el Pastor Bayne dice que no se trata de n\u00fameros o cifras.<\/p>\n<p>\u00abAunque amamos nuestras metas, y las metas son buenas para la cr\u00edtica constructiva, no es asunto de n\u00fameros si no de alcanzar a todo el mundo,\u00bb dice el Pastor Bayne.  \u00abEl Esp\u00edritu de Dios est\u00e1 trabajando en toda la Divisi\u00f3n.  Hay mucho de qu\u00e9 hablar en cuanto a la terminaci\u00f3n de la obra&#8230; nuestro trabajo es tener personas para que esuchen la verdad y este impulso est\u00e1 cambiando&#8230; a otro nivel y este fue el \u00e9nfasis del Festival de Laicato.\u00bb <\/p>\n<p>Por a\u00f1os la Divisi\u00f3n Interamericana ha realizado estos festivales reuniendo a varios territorios en uno solo.  Sin embargo, los l\u00edderes de la iglesia han dejado de convocar este tipo de reuniones con el prop\u00f3sito de darle a las uniones locales la oportunidad de estar juntas y facilitar su propio programa y permitir una mayor participaci\u00f3n de los laicos a nivel local, explica el Pastor Bayne.<\/p>\n<p>Hay m\u00e1s de 12,000 predicadores laicos e instructores b\u00edblicos Adventistas del S\u00e9ptimo dia entre los territorios de la Uni\u00f3n del Caribe y 188,000 miembros de iglesia que adoran en 541 iglesias y congregaciones.<\/p>\n","protected":false},"excerpt":{"rendered":"<p>Miles se reunieron\u00a0en\u00a0un Festival de Laicato de\u00a0cinco d\u00edas, evento para honrar y fortalecer el trabajo realizado por predicadores laicos\u00a0adventistas en la Uni\u00f3n\u00a0del Caribe.\u00a0<\/p>\n","protected":false},"author":1,"featured_media":0,"comment_status":"closed","ping_status":"closed","sticky":false,"template":"","format":"standard","meta":{"_acf_changed":false,"footnotes":""},"categories":[8],"tags":[],"class_list":["post-10490","post","type-post","status-publish","format-standard","hentry","category-archivo"],"acf":[],"yoast_head":"<!-- This site is optimized with the Yoast SEO plugin v27.3 - https:\/\/yoast.com\/product\/yoast-seo-wordpress\/ -->\n<title>Trinidad:\u00a0Miles\u00a0Celebran Festival de\u00a0Laicato\u00a0por Cinco D\u00edas\u00a0 - Iglesia Adventista del S\u00e9ptimo D\u00eda - Divisi\u00f3n Interamericana<\/title>\n<meta name=\"robots\" content=\"index, follow, max-snippet:-1, max-image-preview:large, max-video-preview:-1\" \/>\n<link rel=\"canonical\" href=\"https:\/\/interamerica.org\/es\/2005\/04\/trinidad-miles-celebran-festival-de-laicato-por-cinco-dias\/\" \/>\n<meta property=\"og:locale\" content=\"es_ES\" \/>\n<meta property=\"og:type\" content=\"article\" \/>\n<meta property=\"og:title\" content=\"Trinidad:\u00a0Miles\u00a0Celebran Festival de\u00a0Laicato\u00a0por Cinco D\u00edas\u00a0 - Iglesia Adventista del S\u00e9ptimo D\u00eda - Divisi\u00f3n Interamericana\" \/>\n<meta property=\"og:description\" content=\"Miles se reunieron\u00a0en\u00a0un Festival de Laicato de\u00a0cinco d\u00edas, evento para honrar y fortalecer el trabajo realizado por predicadores laicos\u00a0adventistas en la Uni\u00f3n\u00a0del Caribe.\u00a0\" \/>\n<meta property=\"og:url\" content=\"https:\/\/interamerica.org\/es\/2005\/04\/trinidad-miles-celebran-festival-de-laicato-por-cinco-dias\/\" \/>\n<meta property=\"og:site_name\" content=\"Iglesia Adventista del S\u00e9ptimo D\u00eda - Divisi\u00f3n Interamericana\" \/>\n<meta property=\"article:published_time\" content=\"2005-04-05T04:00:00+00:00\" \/>\n<meta property=\"article:modified_time\" content=\"2017-06-02T13:17:39+00:00\" \/>\n<meta name=\"author\" content=\"Lorenzo Verduzco\" \/>\n<meta name=\"twitter:card\" content=\"summary_large_image\" \/>\n<meta name=\"twitter:label1\" content=\"Escrito por\" \/>\n\t<meta name=\"twitter:data1\" content=\"Lorenzo Verduzco\" \/>\n\t<meta name=\"twitter:label2\" content=\"Tiempo de lectura\" \/>\n\t<meta name=\"twitter:data2\" content=\"4 minutos\" \/>\n<script type=\"application\/ld+json\" class=\"yoast-schema-graph\">{\"@context\":\"https:\\\/\\\/schema.org\",\"@graph\":[{\"@type\":\"Article\",\"@id\":\"https:\\\/\\\/interamerica.org\\\/es\\\/2005\\\/04\\\/trinidad-miles-celebran-festival-de-laicato-por-cinco-dias\\\/#article\",\"isPartOf\":{\"@id\":\"https:\\\/\\\/interamerica.org\\\/es\\\/2005\\\/04\\\/trinidad-miles-celebran-festival-de-laicato-por-cinco-dias\\\/\"},\"author\":{\"name\":\"Lorenzo Verduzco\",\"@id\":\"https:\\\/\\\/interamerica.org\\\/es\\\/#\\\/schema\\\/person\\\/68ede8bdc292885bb76c1e3810e73c39\"},\"headline\":\"Trinidad:\u00a0Miles\u00a0Celebran Festival de\u00a0Laicato\u00a0por Cinco D\u00edas\u00a0\",\"datePublished\":\"2005-04-05T04:00:00+00:00\",\"dateModified\":\"2017-06-02T13:17:39+00:00\",\"mainEntityOfPage\":{\"@id\":\"https:\\\/\\\/interamerica.org\\\/es\\\/2005\\\/04\\\/trinidad-miles-celebran-festival-de-laicato-por-cinco-dias\\\/\"},\"wordCount\":902,\"articleSection\":[\"Archivo\"],\"inLanguage\":\"es\"},{\"@type\":\"WebPage\",\"@id\":\"https:\\\/\\\/interamerica.org\\\/es\\\/2005\\\/04\\\/trinidad-miles-celebran-festival-de-laicato-por-cinco-dias\\\/\",\"url\":\"https:\\\/\\\/interamerica.org\\\/es\\\/2005\\\/04\\\/trinidad-miles-celebran-festival-de-laicato-por-cinco-dias\\\/\",\"name\":\"Trinidad:\u00a0Miles\u00a0Celebran Festival de\u00a0Laicato\u00a0por Cinco D\u00edas\u00a0 - Iglesia Adventista del S\u00e9ptimo D\u00eda - Divisi\u00f3n Interamericana\",\"isPartOf\":{\"@id\":\"https:\\\/\\\/interamerica.org\\\/es\\\/#website\"},\"datePublished\":\"2005-04-05T04:00:00+00:00\",\"dateModified\":\"2017-06-02T13:17:39+00:00\",\"author\":{\"@id\":\"https:\\\/\\\/interamerica.org\\\/es\\\/#\\\/schema\\\/person\\\/68ede8bdc292885bb76c1e3810e73c39\"},\"breadcrumb\":{\"@id\":\"https:\\\/\\\/interamerica.org\\\/es\\\/2005\\\/04\\\/trinidad-miles-celebran-festival-de-laicato-por-cinco-dias\\\/#breadcrumb\"},\"inLanguage\":\"es\",\"potentialAction\":[{\"@type\":\"ReadAction\",\"target\":[\"https:\\\/\\\/interamerica.org\\\/es\\\/2005\\\/04\\\/trinidad-miles-celebran-festival-de-laicato-por-cinco-dias\\\/\"]}]},{\"@type\":\"BreadcrumbList\",\"@id\":\"https:\\\/\\\/interamerica.org\\\/es\\\/2005\\\/04\\\/trinidad-miles-celebran-festival-de-laicato-por-cinco-dias\\\/#breadcrumb\",\"itemListElement\":[{\"@type\":\"ListItem\",\"position\":1,\"name\":\"Home\",\"item\":\"https:\\\/\\\/interamerica.org\\\/es\\\/\"},{\"@type\":\"ListItem\",\"position\":2,\"name\":\"Trinidad:\u00a0Miles\u00a0Celebran Festival de\u00a0Laicato\u00a0por Cinco D\u00edas\u00a0\"}]},{\"@type\":\"WebSite\",\"@id\":\"https:\\\/\\\/interamerica.org\\\/es\\\/#website\",\"url\":\"https:\\\/\\\/interamerica.org\\\/es\\\/\",\"name\":\"Iglesia Adventista del S\u00e9ptimo D\u00eda - Divisi\u00f3n Interamericana\",\"description\":\"\",\"potentialAction\":[{\"@type\":\"SearchAction\",\"target\":{\"@type\":\"EntryPoint\",\"urlTemplate\":\"https:\\\/\\\/interamerica.org\\\/es\\\/?s={search_term_string}\"},\"query-input\":{\"@type\":\"PropertyValueSpecification\",\"valueRequired\":true,\"valueName\":\"search_term_string\"}}],\"inLanguage\":\"es\"},{\"@type\":\"Person\",\"@id\":\"https:\\\/\\\/interamerica.org\\\/es\\\/#\\\/schema\\\/person\\\/68ede8bdc292885bb76c1e3810e73c39\",\"name\":\"Lorenzo Verduzco\",\"image\":{\"@type\":\"ImageObject\",\"inLanguage\":\"es\",\"@id\":\"https:\\\/\\\/secure.gravatar.com\\\/avatar\\\/fb81a55b6218459490a9c1dc841a34909185b81904c5337b4b27f7a6fd60c49e?s=96&d=mm&r=g\",\"url\":\"https:\\\/\\\/secure.gravatar.com\\\/avatar\\\/fb81a55b6218459490a9c1dc841a34909185b81904c5337b4b27f7a6fd60c49e?s=96&d=mm&r=g\",\"contentUrl\":\"https:\\\/\\\/secure.gravatar.com\\\/avatar\\\/fb81a55b6218459490a9c1dc841a34909185b81904c5337b4b27f7a6fd60c49e?s=96&d=mm&r=g\",\"caption\":\"Lorenzo Verduzco\"}}]}<\/script>\n<!-- \/ Yoast SEO plugin. -->","yoast_head_json":{"title":"Trinidad:\u00a0Miles\u00a0Celebran Festival de\u00a0Laicato\u00a0por Cinco D\u00edas\u00a0 - Iglesia Adventista del S\u00e9ptimo D\u00eda - Divisi\u00f3n Interamericana","robots":{"index":"index","follow":"follow","max-snippet":"max-snippet:-1","max-image-preview":"max-image-preview:large","max-video-preview":"max-video-preview:-1"},"canonical":"https:\/\/interamerica.org\/es\/2005\/04\/trinidad-miles-celebran-festival-de-laicato-por-cinco-dias\/","og_locale":"es_ES","og_type":"article","og_title":"Trinidad:\u00a0Miles\u00a0Celebran Festival de\u00a0Laicato\u00a0por Cinco D\u00edas\u00a0 - Iglesia Adventista del S\u00e9ptimo D\u00eda - Divisi\u00f3n Interamericana","og_description":"Miles se reunieron\u00a0en\u00a0un Festival de Laicato de\u00a0cinco d\u00edas, evento para honrar y fortalecer el trabajo realizado por predicadores laicos\u00a0adventistas en la Uni\u00f3n\u00a0del Caribe.\u00a0","og_url":"https:\/\/interamerica.org\/es\/2005\/04\/trinidad-miles-celebran-festival-de-laicato-por-cinco-dias\/","og_site_name":"Iglesia Adventista del S\u00e9ptimo D\u00eda - Divisi\u00f3n Interamericana","article_published_time":"2005-04-05T04:00:00+00:00","article_modified_time":"2017-06-02T13:17:39+00:00","author":"Lorenzo Verduzco","twitter_card":"summary_large_image","twitter_misc":{"Escrito por":"Lorenzo Verduzco","Tiempo de lectura":"4 minutos"},"schema":{"@context":"https:\/\/schema.org","@graph":[{"@type":"Article","@id":"https:\/\/interamerica.org\/es\/2005\/04\/trinidad-miles-celebran-festival-de-laicato-por-cinco-dias\/#article","isPartOf":{"@id":"https:\/\/interamerica.org\/es\/2005\/04\/trinidad-miles-celebran-festival-de-laicato-por-cinco-dias\/"},"author":{"name":"Lorenzo Verduzco","@id":"https:\/\/interamerica.org\/es\/#\/schema\/person\/68ede8bdc292885bb76c1e3810e73c39"},"headline":"Trinidad:\u00a0Miles\u00a0Celebran Festival de\u00a0Laicato\u00a0por Cinco D\u00edas\u00a0","datePublished":"2005-04-05T04:00:00+00:00","dateModified":"2017-06-02T13:17:39+00:00","mainEntityOfPage":{"@id":"https:\/\/interamerica.org\/es\/2005\/04\/trinidad-miles-celebran-festival-de-laicato-por-cinco-dias\/"},"wordCount":902,"articleSection":["Archivo"],"inLanguage":"es"},{"@type":"WebPage","@id":"https:\/\/interamerica.org\/es\/2005\/04\/trinidad-miles-celebran-festival-de-laicato-por-cinco-dias\/","url":"https:\/\/interamerica.org\/es\/2005\/04\/trinidad-miles-celebran-festival-de-laicato-por-cinco-dias\/","name":"Trinidad:\u00a0Miles\u00a0Celebran Festival de\u00a0Laicato\u00a0por Cinco D\u00edas\u00a0 - Iglesia Adventista del S\u00e9ptimo D\u00eda - Divisi\u00f3n Interamericana","isPartOf":{"@id":"https:\/\/interamerica.org\/es\/#website"},"datePublished":"2005-04-05T04:00:00+00:00","dateModified":"2017-06-02T13:17:39+00:00","author":{"@id":"https:\/\/interamerica.org\/es\/#\/schema\/person\/68ede8bdc292885bb76c1e3810e73c39"},"breadcrumb":{"@id":"https:\/\/interamerica.org\/es\/2005\/04\/trinidad-miles-celebran-festival-de-laicato-por-cinco-dias\/#breadcrumb"},"inLanguage":"es","potentialAction":[{"@type":"ReadAction","target":["https:\/\/interamerica.org\/es\/2005\/04\/trinidad-miles-celebran-festival-de-laicato-por-cinco-dias\/"]}]},{"@type":"BreadcrumbList","@id":"https:\/\/interamerica.org\/es\/2005\/04\/trinidad-miles-celebran-festival-de-laicato-por-cinco-dias\/#breadcrumb","itemListElement":[{"@type":"ListItem","position":1,"name":"Home","item":"https:\/\/interamerica.org\/es\/"},{"@type":"ListItem","position":2,"name":"Trinidad:\u00a0Miles\u00a0Celebran Festival de\u00a0Laicato\u00a0por Cinco D\u00edas\u00a0"}]},{"@type":"WebSite","@id":"https:\/\/interamerica.org\/es\/#website","url":"https:\/\/interamerica.org\/es\/","name":"Iglesia Adventista del S\u00e9ptimo D\u00eda - Divisi\u00f3n Interamericana","description":"","potentialAction":[{"@type":"SearchAction","target":{"@type":"EntryPoint","urlTemplate":"https:\/\/interamerica.org\/es\/?s={search_term_string}"},"query-input":{"@type":"PropertyValueSpecification","valueRequired":true,"valueName":"search_term_string"}}],"inLanguage":"es"},{"@type":"Person","@id":"https:\/\/interamerica.org\/es\/#\/schema\/person\/68ede8bdc292885bb76c1e3810e73c39","name":"Lorenzo Verduzco","image":{"@type":"ImageObject","inLanguage":"es","@id":"https:\/\/secure.gravatar.com\/avatar\/fb81a55b6218459490a9c1dc841a34909185b81904c5337b4b27f7a6fd60c49e?s=96&d=mm&r=g","url":"https:\/\/secure.gravatar.com\/avatar\/fb81a55b6218459490a9c1dc841a34909185b81904c5337b4b27f7a6fd60c49e?s=96&d=mm&r=g","contentUrl":"https:\/\/secure.gravatar.com\/avatar\/fb81a55b6218459490a9c1dc841a34909185b81904c5337b4b27f7a6fd60c49e?s=96&d=mm&r=g","caption":"Lorenzo Verduzco"}}]}},"_links":{"self":[{"href":"https:\/\/interamerica.org\/es\/wp-json\/wp\/v2\/posts\/10490","targetHints":{"allow":["GET"]}}],"collection":[{"href":"https:\/\/interamerica.org\/es\/wp-json\/wp\/v2\/posts"}],"about":[{"href":"https:\/\/interamerica.org\/es\/wp-json\/wp\/v2\/types\/post"}],"author":[{"embeddable":true,"href":"https:\/\/interamerica.org\/es\/wp-json\/wp\/v2\/users\/1"}],"replies":[{"embeddable":true,"href":"https:\/\/interamerica.org\/es\/wp-json\/wp\/v2\/comments?post=10490"}],"version-history":[{"count":0,"href":"https:\/\/interamerica.org\/es\/wp-json\/wp\/v2\/posts\/10490\/revisions"}],"wp:attachment":[{"href":"https:\/\/interamerica.org\/es\/wp-json\/wp\/v2\/media?parent=10490"}],"wp:term":[{"taxonomy":"category","embeddable":true,"href":"https:\/\/interamerica.org\/es\/wp-json\/wp\/v2\/categories?post=10490"},{"taxonomy":"post_tag","embeddable":true,"href":"https:\/\/interamerica.org\/es\/wp-json\/wp\/v2\/tags?post=10490"}],"curies":[{"name":"wp","href":"https:\/\/api.w.org\/{rel}","templated":true}]}}