{"id":10491,"date":"2005-04-08T00:00:00","date_gmt":"2005-04-08T04:00:00","guid":{"rendered":"http:\/\/192.81.217.108\/interamerica\/2005\/04\/kofi-annan-de-las-naciones-unidas-hace-un-llamado-para-un-mejor-tratamiento-de-los-derechos-humanos\/"},"modified":"2017-06-02T09:17:35","modified_gmt":"2017-06-02T13:17:35","slug":"kofi-annan-de-las-naciones-unidas-hace-un-llamado-para-un-mejor-tratamiento-de-los-derechos-humanos","status":"publish","type":"post","link":"https:\/\/interamerica.org\/es\/2005\/04\/kofi-annan-de-las-naciones-unidas-hace-un-llamado-para-un-mejor-tratamiento-de-los-derechos-humanos\/","title":{"rendered":"Kofi Annan, de las Naciones Unidas, hace un llamado para un mejor tratamiento de los Derechos Humanos."},"content":{"rendered":"<p>Genova, Suiza\u2026 [Asuntos P\u00fablicos y Libertad Religiosa\/ANN]<\/p>\n<p>El Secretario General de las Naciones Unidas, Kofi Annan, hizo un llamado para llevar a cabo cambios sustanciales en la manera como los derechos humanos son investigados y aplicados, diciendo que la Comisi\u00f3n de las Naciones Unidas para los Derechos Humanos en la actualidad ha sido \u201cdesestabilizada por la politizaci\u00f3n de sus reuniones\u201d, y su \u201cdeclinante credibilidad ha puesto una sombra sobre la reputaci\u00f3n del sistema de las Naciones Unidas como un todo\u201d.<\/p>\n<\/p>\n<p>Hablando a la concurrencia actual de la Comisi\u00f3n de Derechos Humanos este 7 de abril, Annan propuso nuevos m\u00e9todos para una mejor implementaci\u00f3n de los reglamentos existentes, asegurando que los estados realmente respeten los derechos humanos. Para cumplir esto, Annan recomend\u00f3 un nuevo Concilio sobre Derechos Humanos en el m\u00e1s alto nivel de la ONU, \u201cel cual debe ser una asociaci\u00f3n de los que est\u00e1n comprometidos\u201d. Sus miembros electos \u201cdeben tener un r\u00e9cord s\u00f3lido de compromiso con los m\u00e1s elevados est\u00e1ndares de derechos humanos\u201d, dijo.<\/p>\n<\/p>\n<p>La alternativa es dar continuidad a un sistema del cual generalmente se reconoce que tiene un masivo \u201chueco de credibilidad\u201d, porque algunas naciones bien conocidas como violadoras de los derechos humanos se sientan en la Comisi\u00f3n como jueces de otros.<\/p>\n<\/p>\n<p>\u201cLa brecha entre lo que parecemos prometer y lo que realmente entregamos, ha crecido\u201d, concluy\u00f3 Annan. \u201cLa soluci\u00f3n no es retractarnos de una agenda ambiciosa de derechos humanos, sino hacer las mejoras que capacitar\u00e1n a nuestra maquinaria para satisfacer las expectativas del mundo. Nuestros constituyentes no entender\u00e1n ni aceptar\u00e1n ninguna excusa si fallamos al actuar\u201d.<\/p>\n<\/p>\n<p>\u201cCon certeza, algo debe ser hecho para darle a la Comisi\u00f3n una mayor fortaleza y credibilidad\u201d, dijo Jonathan Galagher, representante de la Iglesia Adventista del S\u00e9ptimo D\u00eda para las Naciones Unidas. \u00c9l est\u00e1 asistiendo a las reuniones de la Comisi\u00f3n.<\/p>\n<\/p>\n<p>\u201cEl asunto se convierte en una farsa cuando algunos estados con historiales pobres en relaci\u00f3n con los derechos humanos son aceptados en una Comisi\u00f3n reguladora tan importante. Estamos profundamente comprometidos con los derechos humanos fundamentales, especialmente con la libertad de conciencia y religi\u00f3n, y apoyamos los esfuerzos para hacer llamados a las naciones, a fin de que rindan cuentas cuando violan estas libertades vitales\u201d.<\/p>\n<\/p>\n<p>La Iglesia Adventista del S\u00e9ptimo D\u00eda tiene un estatus consultivo especial en las Naciones Unidas, lo cual le permite hacer declaraciones a la Comisi\u00f3n, asistir a las conferencias y reuniones de la ONU, y pronunciarse respecto a temas de importancia como la libertad religiosa, los principios de salud y los derechos de la familia.<\/p>\n<\/p>\n<p><strong>Derechos Reservados \u00ae 2005 por Adventist News Network. <\/strong><\/p>\n","protected":false},"excerpt":{"rendered":"<p>El Secretario General de las Naciones Unidas, Koffi Annan, hizo un llamado para llevar a cabo cambios sustanciales en la manera como los derechos humanos son investigados y aplicados, diciendo que la Comisi\u00f3n de las Naciones Unidas para los Derechos Human<\/p>\n","protected":false},"author":1,"featured_media":0,"comment_status":"closed","ping_status":"closed","sticky":false,"template":"","format":"standard","meta":{"_acf_changed":false,"footnotes":""},"categories":[8],"tags":[],"class_list":["post-10491","post","type-post","status-publish","format-standard","hentry","category-archivo"],"acf":[],"yoast_head":"<!-- This site is optimized with the Yoast SEO plugin v27.3 - https:\/\/yoast.com\/product\/yoast-seo-wordpress\/ -->\n<title>Kofi Annan, de las Naciones Unidas, hace un llamado para un mejor tratamiento de los Derechos Humanos. - Iglesia Adventista del S\u00e9ptimo D\u00eda - Divisi\u00f3n Interamericana<\/title>\n<meta name=\"robots\" content=\"index, follow, max-snippet:-1, max-image-preview:large, max-video-preview:-1\" \/>\n<link rel=\"canonical\" href=\"https:\/\/interamerica.org\/es\/2005\/04\/kofi-annan-de-las-naciones-unidas-hace-un-llamado-para-un-mejor-tratamiento-de-los-derechos-humanos\/\" \/>\n<meta property=\"og:locale\" content=\"es_ES\" \/>\n<meta property=\"og:type\" content=\"article\" \/>\n<meta property=\"og:title\" content=\"Kofi Annan, de las Naciones Unidas, hace un llamado para un mejor tratamiento de los Derechos Humanos. - Iglesia Adventista del S\u00e9ptimo D\u00eda - Divisi\u00f3n Interamericana\" \/>\n<meta property=\"og:description\" content=\"El Secretario General de las Naciones Unidas, Koffi Annan, hizo un llamado para llevar a cabo cambios sustanciales en la manera como los derechos humanos son investigados y aplicados, diciendo que la Comisi\u00f3n de las Naciones Unidas para los Derechos Human\" \/>\n<meta property=\"og:url\" content=\"https:\/\/interamerica.org\/es\/2005\/04\/kofi-annan-de-las-naciones-unidas-hace-un-llamado-para-un-mejor-tratamiento-de-los-derechos-humanos\/\" \/>\n<meta property=\"og:site_name\" content=\"Iglesia Adventista del S\u00e9ptimo D\u00eda - Divisi\u00f3n Interamericana\" \/>\n<meta property=\"article:published_time\" content=\"2005-04-08T04:00:00+00:00\" \/>\n<meta property=\"article:modified_time\" content=\"2017-06-02T13:17:35+00:00\" \/>\n<meta name=\"author\" content=\"Lorenzo Verduzco\" \/>\n<meta name=\"twitter:card\" content=\"summary_large_image\" \/>\n<meta name=\"twitter:label1\" content=\"Escrito por\" \/>\n\t<meta name=\"twitter:data1\" content=\"Lorenzo Verduzco\" \/>\n\t<meta name=\"twitter:label2\" content=\"Tiempo de lectura\" \/>\n\t<meta name=\"twitter:data2\" content=\"2 minutos\" \/>\n<script type=\"application\/ld+json\" class=\"yoast-schema-graph\">{\"@context\":\"https:\\\/\\\/schema.org\",\"@graph\":[{\"@type\":\"Article\",\"@id\":\"https:\\\/\\\/interamerica.org\\\/es\\\/2005\\\/04\\\/kofi-annan-de-las-naciones-unidas-hace-un-llamado-para-un-mejor-tratamiento-de-los-derechos-humanos\\\/#article\",\"isPartOf\":{\"@id\":\"https:\\\/\\\/interamerica.org\\\/es\\\/2005\\\/04\\\/kofi-annan-de-las-naciones-unidas-hace-un-llamado-para-un-mejor-tratamiento-de-los-derechos-humanos\\\/\"},\"author\":{\"name\":\"Lorenzo Verduzco\",\"@id\":\"https:\\\/\\\/interamerica.org\\\/es\\\/#\\\/schema\\\/person\\\/68ede8bdc292885bb76c1e3810e73c39\"},\"headline\":\"Kofi Annan, de las Naciones Unidas, hace un llamado para un mejor tratamiento de los Derechos Humanos.\",\"datePublished\":\"2005-04-08T04:00:00+00:00\",\"dateModified\":\"2017-06-02T13:17:35+00:00\",\"mainEntityOfPage\":{\"@id\":\"https:\\\/\\\/interamerica.org\\\/es\\\/2005\\\/04\\\/kofi-annan-de-las-naciones-unidas-hace-un-llamado-para-un-mejor-tratamiento-de-los-derechos-humanos\\\/\"},\"wordCount\":470,\"articleSection\":[\"Archivo\"],\"inLanguage\":\"es\"},{\"@type\":\"WebPage\",\"@id\":\"https:\\\/\\\/interamerica.org\\\/es\\\/2005\\\/04\\\/kofi-annan-de-las-naciones-unidas-hace-un-llamado-para-un-mejor-tratamiento-de-los-derechos-humanos\\\/\",\"url\":\"https:\\\/\\\/interamerica.org\\\/es\\\/2005\\\/04\\\/kofi-annan-de-las-naciones-unidas-hace-un-llamado-para-un-mejor-tratamiento-de-los-derechos-humanos\\\/\",\"name\":\"Kofi Annan, de las Naciones Unidas, hace un llamado para un mejor tratamiento de los Derechos Humanos. - Iglesia Adventista del S\u00e9ptimo D\u00eda - Divisi\u00f3n Interamericana\",\"isPartOf\":{\"@id\":\"https:\\\/\\\/interamerica.org\\\/es\\\/#website\"},\"datePublished\":\"2005-04-08T04:00:00+00:00\",\"dateModified\":\"2017-06-02T13:17:35+00:00\",\"author\":{\"@id\":\"https:\\\/\\\/interamerica.org\\\/es\\\/#\\\/schema\\\/person\\\/68ede8bdc292885bb76c1e3810e73c39\"},\"breadcrumb\":{\"@id\":\"https:\\\/\\\/interamerica.org\\\/es\\\/2005\\\/04\\\/kofi-annan-de-las-naciones-unidas-hace-un-llamado-para-un-mejor-tratamiento-de-los-derechos-humanos\\\/#breadcrumb\"},\"inLanguage\":\"es\",\"potentialAction\":[{\"@type\":\"ReadAction\",\"target\":[\"https:\\\/\\\/interamerica.org\\\/es\\\/2005\\\/04\\\/kofi-annan-de-las-naciones-unidas-hace-un-llamado-para-un-mejor-tratamiento-de-los-derechos-humanos\\\/\"]}]},{\"@type\":\"BreadcrumbList\",\"@id\":\"https:\\\/\\\/interamerica.org\\\/es\\\/2005\\\/04\\\/kofi-annan-de-las-naciones-unidas-hace-un-llamado-para-un-mejor-tratamiento-de-los-derechos-humanos\\\/#breadcrumb\",\"itemListElement\":[{\"@type\":\"ListItem\",\"position\":1,\"name\":\"Home\",\"item\":\"https:\\\/\\\/interamerica.org\\\/es\\\/\"},{\"@type\":\"ListItem\",\"position\":2,\"name\":\"Kofi Annan, de las Naciones Unidas, hace un llamado para un mejor tratamiento de los Derechos Humanos.\"}]},{\"@type\":\"WebSite\",\"@id\":\"https:\\\/\\\/interamerica.org\\\/es\\\/#website\",\"url\":\"https:\\\/\\\/interamerica.org\\\/es\\\/\",\"name\":\"Iglesia Adventista del S\u00e9ptimo D\u00eda - Divisi\u00f3n Interamericana\",\"description\":\"\",\"potentialAction\":[{\"@type\":\"SearchAction\",\"target\":{\"@type\":\"EntryPoint\",\"urlTemplate\":\"https:\\\/\\\/interamerica.org\\\/es\\\/?s={search_term_string}\"},\"query-input\":{\"@type\":\"PropertyValueSpecification\",\"valueRequired\":true,\"valueName\":\"search_term_string\"}}],\"inLanguage\":\"es\"},{\"@type\":\"Person\",\"@id\":\"https:\\\/\\\/interamerica.org\\\/es\\\/#\\\/schema\\\/person\\\/68ede8bdc292885bb76c1e3810e73c39\",\"name\":\"Lorenzo Verduzco\",\"image\":{\"@type\":\"ImageObject\",\"inLanguage\":\"es\",\"@id\":\"https:\\\/\\\/secure.gravatar.com\\\/avatar\\\/fb81a55b6218459490a9c1dc841a34909185b81904c5337b4b27f7a6fd60c49e?s=96&d=mm&r=g\",\"url\":\"https:\\\/\\\/secure.gravatar.com\\\/avatar\\\/fb81a55b6218459490a9c1dc841a34909185b81904c5337b4b27f7a6fd60c49e?s=96&d=mm&r=g\",\"contentUrl\":\"https:\\\/\\\/secure.gravatar.com\\\/avatar\\\/fb81a55b6218459490a9c1dc841a34909185b81904c5337b4b27f7a6fd60c49e?s=96&d=mm&r=g\",\"caption\":\"Lorenzo Verduzco\"}}]}<\/script>\n<!-- \/ Yoast SEO plugin. -->","yoast_head_json":{"title":"Kofi Annan, de las Naciones Unidas, hace un llamado para un mejor tratamiento de los Derechos Humanos. - Iglesia Adventista del S\u00e9ptimo D\u00eda - Divisi\u00f3n Interamericana","robots":{"index":"index","follow":"follow","max-snippet":"max-snippet:-1","max-image-preview":"max-image-preview:large","max-video-preview":"max-video-preview:-1"},"canonical":"https:\/\/interamerica.org\/es\/2005\/04\/kofi-annan-de-las-naciones-unidas-hace-un-llamado-para-un-mejor-tratamiento-de-los-derechos-humanos\/","og_locale":"es_ES","og_type":"article","og_title":"Kofi Annan, de las Naciones Unidas, hace un llamado para un mejor tratamiento de los Derechos Humanos. - Iglesia Adventista del S\u00e9ptimo D\u00eda - Divisi\u00f3n Interamericana","og_description":"El Secretario General de las Naciones Unidas, Koffi Annan, hizo un llamado para llevar a cabo cambios sustanciales en la manera como los derechos humanos son investigados y aplicados, diciendo que la Comisi\u00f3n de las Naciones Unidas para los Derechos Human","og_url":"https:\/\/interamerica.org\/es\/2005\/04\/kofi-annan-de-las-naciones-unidas-hace-un-llamado-para-un-mejor-tratamiento-de-los-derechos-humanos\/","og_site_name":"Iglesia Adventista del S\u00e9ptimo D\u00eda - Divisi\u00f3n Interamericana","article_published_time":"2005-04-08T04:00:00+00:00","article_modified_time":"2017-06-02T13:17:35+00:00","author":"Lorenzo Verduzco","twitter_card":"summary_large_image","twitter_misc":{"Escrito por":"Lorenzo Verduzco","Tiempo de lectura":"2 minutos"},"schema":{"@context":"https:\/\/schema.org","@graph":[{"@type":"Article","@id":"https:\/\/interamerica.org\/es\/2005\/04\/kofi-annan-de-las-naciones-unidas-hace-un-llamado-para-un-mejor-tratamiento-de-los-derechos-humanos\/#article","isPartOf":{"@id":"https:\/\/interamerica.org\/es\/2005\/04\/kofi-annan-de-las-naciones-unidas-hace-un-llamado-para-un-mejor-tratamiento-de-los-derechos-humanos\/"},"author":{"name":"Lorenzo Verduzco","@id":"https:\/\/interamerica.org\/es\/#\/schema\/person\/68ede8bdc292885bb76c1e3810e73c39"},"headline":"Kofi Annan, de las Naciones Unidas, hace un llamado para un mejor tratamiento de los Derechos Humanos.","datePublished":"2005-04-08T04:00:00+00:00","dateModified":"2017-06-02T13:17:35+00:00","mainEntityOfPage":{"@id":"https:\/\/interamerica.org\/es\/2005\/04\/kofi-annan-de-las-naciones-unidas-hace-un-llamado-para-un-mejor-tratamiento-de-los-derechos-humanos\/"},"wordCount":470,"articleSection":["Archivo"],"inLanguage":"es"},{"@type":"WebPage","@id":"https:\/\/interamerica.org\/es\/2005\/04\/kofi-annan-de-las-naciones-unidas-hace-un-llamado-para-un-mejor-tratamiento-de-los-derechos-humanos\/","url":"https:\/\/interamerica.org\/es\/2005\/04\/kofi-annan-de-las-naciones-unidas-hace-un-llamado-para-un-mejor-tratamiento-de-los-derechos-humanos\/","name":"Kofi Annan, de las Naciones Unidas, hace un llamado para un mejor tratamiento de los Derechos Humanos. - Iglesia Adventista del S\u00e9ptimo D\u00eda - Divisi\u00f3n Interamericana","isPartOf":{"@id":"https:\/\/interamerica.org\/es\/#website"},"datePublished":"2005-04-08T04:00:00+00:00","dateModified":"2017-06-02T13:17:35+00:00","author":{"@id":"https:\/\/interamerica.org\/es\/#\/schema\/person\/68ede8bdc292885bb76c1e3810e73c39"},"breadcrumb":{"@id":"https:\/\/interamerica.org\/es\/2005\/04\/kofi-annan-de-las-naciones-unidas-hace-un-llamado-para-un-mejor-tratamiento-de-los-derechos-humanos\/#breadcrumb"},"inLanguage":"es","potentialAction":[{"@type":"ReadAction","target":["https:\/\/interamerica.org\/es\/2005\/04\/kofi-annan-de-las-naciones-unidas-hace-un-llamado-para-un-mejor-tratamiento-de-los-derechos-humanos\/"]}]},{"@type":"BreadcrumbList","@id":"https:\/\/interamerica.org\/es\/2005\/04\/kofi-annan-de-las-naciones-unidas-hace-un-llamado-para-un-mejor-tratamiento-de-los-derechos-humanos\/#breadcrumb","itemListElement":[{"@type":"ListItem","position":1,"name":"Home","item":"https:\/\/interamerica.org\/es\/"},{"@type":"ListItem","position":2,"name":"Kofi Annan, de las Naciones Unidas, hace un llamado para un mejor tratamiento de los Derechos Humanos."}]},{"@type":"WebSite","@id":"https:\/\/interamerica.org\/es\/#website","url":"https:\/\/interamerica.org\/es\/","name":"Iglesia Adventista del S\u00e9ptimo D\u00eda - Divisi\u00f3n Interamericana","description":"","potentialAction":[{"@type":"SearchAction","target":{"@type":"EntryPoint","urlTemplate":"https:\/\/interamerica.org\/es\/?s={search_term_string}"},"query-input":{"@type":"PropertyValueSpecification","valueRequired":true,"valueName":"search_term_string"}}],"inLanguage":"es"},{"@type":"Person","@id":"https:\/\/interamerica.org\/es\/#\/schema\/person\/68ede8bdc292885bb76c1e3810e73c39","name":"Lorenzo Verduzco","image":{"@type":"ImageObject","inLanguage":"es","@id":"https:\/\/secure.gravatar.com\/avatar\/fb81a55b6218459490a9c1dc841a34909185b81904c5337b4b27f7a6fd60c49e?s=96&d=mm&r=g","url":"https:\/\/secure.gravatar.com\/avatar\/fb81a55b6218459490a9c1dc841a34909185b81904c5337b4b27f7a6fd60c49e?s=96&d=mm&r=g","contentUrl":"https:\/\/secure.gravatar.com\/avatar\/fb81a55b6218459490a9c1dc841a34909185b81904c5337b4b27f7a6fd60c49e?s=96&d=mm&r=g","caption":"Lorenzo Verduzco"}}]}},"_links":{"self":[{"href":"https:\/\/interamerica.org\/es\/wp-json\/wp\/v2\/posts\/10491","targetHints":{"allow":["GET"]}}],"collection":[{"href":"https:\/\/interamerica.org\/es\/wp-json\/wp\/v2\/posts"}],"about":[{"href":"https:\/\/interamerica.org\/es\/wp-json\/wp\/v2\/types\/post"}],"author":[{"embeddable":true,"href":"https:\/\/interamerica.org\/es\/wp-json\/wp\/v2\/users\/1"}],"replies":[{"embeddable":true,"href":"https:\/\/interamerica.org\/es\/wp-json\/wp\/v2\/comments?post=10491"}],"version-history":[{"count":0,"href":"https:\/\/interamerica.org\/es\/wp-json\/wp\/v2\/posts\/10491\/revisions"}],"wp:attachment":[{"href":"https:\/\/interamerica.org\/es\/wp-json\/wp\/v2\/media?parent=10491"}],"wp:term":[{"taxonomy":"category","embeddable":true,"href":"https:\/\/interamerica.org\/es\/wp-json\/wp\/v2\/categories?post=10491"},{"taxonomy":"post_tag","embeddable":true,"href":"https:\/\/interamerica.org\/es\/wp-json\/wp\/v2\/tags?post=10491"}],"curies":[{"name":"wp","href":"https:\/\/api.w.org\/{rel}","templated":true}]}}