{"id":10495,"date":"2005-04-12T00:00:00","date_gmt":"2005-04-12T04:00:00","guid":{"rendered":"http:\/\/192.81.217.108\/interamerica\/2005\/04\/iglesia-mundial-los-lideres-misiologos-discuten-asuntos-relacionados-con-el-trabajo-misional-de-avanzada\/"},"modified":"2017-06-02T09:17:34","modified_gmt":"2017-06-02T13:17:34","slug":"iglesia-mundial-los-lideres-misiologos-discuten-asuntos-relacionados-con-el-trabajo-misional-de-avanzada","status":"publish","type":"post","link":"https:\/\/interamerica.org\/es\/2005\/04\/iglesia-mundial-los-lideres-misiologos-discuten-asuntos-relacionados-con-el-trabajo-misional-de-avanzada\/","title":{"rendered":"Iglesia Mundial: Los l\u00edderes, Misi\u00f3logos Discuten Asuntos Relacionados con el Trabajo Misional de Avanzada"},"content":{"rendered":"<p>Silver Spring, Maryland, Estados Unidos &#8230;. [Rick Kajiura\/Personal ANN] <\/p>\n<p>En un mundo de seis billones de habitantes \u2013 incluyendo 25 millones que asisten semanalmente a los servicios de adoraci\u00f3n de la iglesia Adventista \u2013 se sabe que hay otros grupos de cristianos que observan el d\u00eda de reposo, o s\u00e1bado semanal, como su d\u00eda de adoraci\u00f3n. La pregunta de los adventistas es c\u00f3mo tratar con estos grupos de creyentes que operan fuera de la estructura organizacional tradicional de la iglesia. <\/p>\n<p>Este fue uno de los asuntos que surgi\u00f3 en la reuni\u00f3n anual del Comit\u00e9 de Asuntos de Misi\u00f3n Global celebrado del 4 &#8211; 5 de abril en la sede mundial de la iglesia. Los delegados discutieron puntos clave que enfrenta los obreros de avanzada de las misiones alrededor del mundo, incluyendo c\u00f3mo trabajar con los grupos no adventistas observadores del d\u00eda de reposo. <\/p>\n<p>El comit\u00e9 reconoci\u00f3 dos categor\u00edas de estos grupos: Aquellos que buscan cooperaci\u00f3n completa con la iglesia adventista del s\u00e9ptimo d\u00eda, pero no pueden cumplir debido a presiones exteriores; y aquellos que siguen las ense\u00f1anzas y creencias de la iglesia, pero por varias razones, puede que no est\u00e9n al tanto de la iglesia adventista del s\u00e9ptimo d\u00eda oficial. <\/p>\n<p>Hace tiempo, la iglesia ha hecho provisiones para los grupos en la primera categor\u00eda, y el comit\u00e9 recomend\u00f3 estrategias para mejorar el enlace entre estos grupos y la iglesia \u2013 con el objetivo de una completa integraci\u00f3n, cuando las circunstancias lo permitan. Aunque reconociendo que individuos en la segunda categor\u00eda no son todav\u00eca oficialmente adventistas, el comit\u00e9 recomend\u00f3 que la iglesia les provea de recursos adicionales para ambos adiestramientos de liderazgo y desarrollo de creencias. <\/p>\n<p>\u00abYa por muchos a\u00f1os, Misi\u00f3n Global ha estado en lo m\u00e1s al d\u00eda sobre llegar a la gente de una gran variedad de fondos culturales\u201d, dijo Mike Rysan, vice presidente de la iglesia mundial y director de la oficina de Misi\u00f3n Global. \u201cNecesitamos ser sensitivos a las diferentes culturas, y evitar la aproximaci\u00f3n de &#8216;una medida para todas&#8217; a nuestra metodolog\u00eda\u201d. <\/p>\n<p>Bruce Bauer, jefe del departamento de Misi\u00f3n Global para el Seminario Teol\u00f3gico de la iglesia adventista del s\u00e9ptimo d\u00eda en Michigan, Estados Unidos, present\u00f3 un documento acerca de c\u00f3mo los obreros de misi\u00f3n deben adaptarse a su metodolog\u00eda para una mejor comunicaci\u00f3n con las personas en las diferentes culturas, sin comprometer el mensaje. <\/p>\n<p>\u201cSi vamos a . . . llegar a las partes no alcanzadas del mundo, tenemos que ser flexibles. Pero, tenemos que encontrar formas de asegurar que el sincretismo y la herej\u00eda no entren\u201d, dijo Pat Gustin, directora del Instituto de Misi\u00f3n Mundial de la iglesia adventista. <\/p>\n<p>El Comit\u00e9 de Asuntos de Misi\u00f3n Global se reuni\u00f3 por primera vez en 1998 y fue establecido para proveer consejo y direcci\u00f3n a las personas que trabajan en las l\u00edneas de avanzada. Los miembros del comit\u00e9 incluyen administradores de la sede mundial de la iglesia adventista; presidentes de varias organizaciones regionales de la iglesia; expertos en misi\u00f3n; representantes del Instituto B\u00edblico de Investigaci\u00f3n; y el personal de Misi\u00f3n Global. <\/p>\n<p>Hay m\u00e1s informaci\u00f3n disponible en la Internet sobre el Comit\u00e9 de Asuntos de Misi\u00f3n Global y la iniciativa de Misi\u00f3n Global de la iglesia: <a  href=\"http:\/\/www.global-mission.org\">www.global-mission.org<\/a>. <\/p>\n<p><strong>Derechos reservados \u00a9 2005 por la Red de Noticias Adventistas. <\/strong><\/p>\n","protected":false},"excerpt":{"rendered":"<p>En un mundo de seis billones de habitantes \u2013 incluyendo 25 millones que asisten semanalmente a los servicios de adoraci\u00f3n de la iglesia Adventista \u2013 se sabe que hay otros grupos de cristianos que observan el d\u00eda de reposo, s\u00e1bado semanal.<\/p>\n","protected":false},"author":1,"featured_media":0,"comment_status":"closed","ping_status":"closed","sticky":false,"template":"","format":"standard","meta":{"_acf_changed":false,"footnotes":""},"categories":[8],"tags":[],"class_list":["post-10495","post","type-post","status-publish","format-standard","hentry","category-archivo"],"acf":[],"yoast_head":"<!-- This site is optimized with the Yoast SEO plugin v27.3 - https:\/\/yoast.com\/product\/yoast-seo-wordpress\/ -->\n<title>Iglesia Mundial: Los l\u00edderes, Misi\u00f3logos Discuten Asuntos Relacionados con el Trabajo Misional de Avanzada - Iglesia Adventista del S\u00e9ptimo D\u00eda - Divisi\u00f3n Interamericana<\/title>\n<meta name=\"robots\" content=\"index, follow, max-snippet:-1, max-image-preview:large, max-video-preview:-1\" \/>\n<link rel=\"canonical\" href=\"https:\/\/interamerica.org\/es\/2005\/04\/iglesia-mundial-los-lideres-misiologos-discuten-asuntos-relacionados-con-el-trabajo-misional-de-avanzada\/\" \/>\n<meta property=\"og:locale\" content=\"es_ES\" \/>\n<meta property=\"og:type\" content=\"article\" \/>\n<meta property=\"og:title\" content=\"Iglesia Mundial: Los l\u00edderes, Misi\u00f3logos Discuten Asuntos Relacionados con el Trabajo Misional de Avanzada - Iglesia Adventista del S\u00e9ptimo D\u00eda - Divisi\u00f3n Interamericana\" \/>\n<meta property=\"og:description\" content=\"En un mundo de seis billones de habitantes \u2013 incluyendo 25 millones que asisten semanalmente a los servicios de adoraci\u00f3n de la iglesia Adventista \u2013 se sabe que hay otros grupos de cristianos que observan el d\u00eda de reposo, s\u00e1bado semanal.\" \/>\n<meta property=\"og:url\" content=\"https:\/\/interamerica.org\/es\/2005\/04\/iglesia-mundial-los-lideres-misiologos-discuten-asuntos-relacionados-con-el-trabajo-misional-de-avanzada\/\" \/>\n<meta property=\"og:site_name\" content=\"Iglesia Adventista del S\u00e9ptimo D\u00eda - Divisi\u00f3n Interamericana\" \/>\n<meta property=\"article:published_time\" content=\"2005-04-12T04:00:00+00:00\" \/>\n<meta property=\"article:modified_time\" content=\"2017-06-02T13:17:34+00:00\" \/>\n<meta name=\"author\" content=\"Lorenzo Verduzco\" \/>\n<meta name=\"twitter:card\" content=\"summary_large_image\" \/>\n<meta name=\"twitter:label1\" content=\"Escrito por\" \/>\n\t<meta name=\"twitter:data1\" content=\"Lorenzo Verduzco\" \/>\n\t<meta name=\"twitter:label2\" content=\"Tiempo de lectura\" \/>\n\t<meta name=\"twitter:data2\" content=\"3 minutos\" \/>\n<script type=\"application\/ld+json\" class=\"yoast-schema-graph\">{\"@context\":\"https:\\\/\\\/schema.org\",\"@graph\":[{\"@type\":\"Article\",\"@id\":\"https:\\\/\\\/interamerica.org\\\/es\\\/2005\\\/04\\\/iglesia-mundial-los-lideres-misiologos-discuten-asuntos-relacionados-con-el-trabajo-misional-de-avanzada\\\/#article\",\"isPartOf\":{\"@id\":\"https:\\\/\\\/interamerica.org\\\/es\\\/2005\\\/04\\\/iglesia-mundial-los-lideres-misiologos-discuten-asuntos-relacionados-con-el-trabajo-misional-de-avanzada\\\/\"},\"author\":{\"name\":\"Lorenzo Verduzco\",\"@id\":\"https:\\\/\\\/interamerica.org\\\/es\\\/#\\\/schema\\\/person\\\/68ede8bdc292885bb76c1e3810e73c39\"},\"headline\":\"Iglesia Mundial: Los l\u00edderes, Misi\u00f3logos Discuten Asuntos Relacionados con el Trabajo Misional de Avanzada\",\"datePublished\":\"2005-04-12T04:00:00+00:00\",\"dateModified\":\"2017-06-02T13:17:34+00:00\",\"mainEntityOfPage\":{\"@id\":\"https:\\\/\\\/interamerica.org\\\/es\\\/2005\\\/04\\\/iglesia-mundial-los-lideres-misiologos-discuten-asuntos-relacionados-con-el-trabajo-misional-de-avanzada\\\/\"},\"wordCount\":595,\"articleSection\":[\"Archivo\"],\"inLanguage\":\"es\"},{\"@type\":\"WebPage\",\"@id\":\"https:\\\/\\\/interamerica.org\\\/es\\\/2005\\\/04\\\/iglesia-mundial-los-lideres-misiologos-discuten-asuntos-relacionados-con-el-trabajo-misional-de-avanzada\\\/\",\"url\":\"https:\\\/\\\/interamerica.org\\\/es\\\/2005\\\/04\\\/iglesia-mundial-los-lideres-misiologos-discuten-asuntos-relacionados-con-el-trabajo-misional-de-avanzada\\\/\",\"name\":\"Iglesia Mundial: Los l\u00edderes, Misi\u00f3logos Discuten Asuntos Relacionados con el Trabajo Misional de Avanzada - Iglesia Adventista del S\u00e9ptimo D\u00eda - Divisi\u00f3n Interamericana\",\"isPartOf\":{\"@id\":\"https:\\\/\\\/interamerica.org\\\/es\\\/#website\"},\"datePublished\":\"2005-04-12T04:00:00+00:00\",\"dateModified\":\"2017-06-02T13:17:34+00:00\",\"author\":{\"@id\":\"https:\\\/\\\/interamerica.org\\\/es\\\/#\\\/schema\\\/person\\\/68ede8bdc292885bb76c1e3810e73c39\"},\"breadcrumb\":{\"@id\":\"https:\\\/\\\/interamerica.org\\\/es\\\/2005\\\/04\\\/iglesia-mundial-los-lideres-misiologos-discuten-asuntos-relacionados-con-el-trabajo-misional-de-avanzada\\\/#breadcrumb\"},\"inLanguage\":\"es\",\"potentialAction\":[{\"@type\":\"ReadAction\",\"target\":[\"https:\\\/\\\/interamerica.org\\\/es\\\/2005\\\/04\\\/iglesia-mundial-los-lideres-misiologos-discuten-asuntos-relacionados-con-el-trabajo-misional-de-avanzada\\\/\"]}]},{\"@type\":\"BreadcrumbList\",\"@id\":\"https:\\\/\\\/interamerica.org\\\/es\\\/2005\\\/04\\\/iglesia-mundial-los-lideres-misiologos-discuten-asuntos-relacionados-con-el-trabajo-misional-de-avanzada\\\/#breadcrumb\",\"itemListElement\":[{\"@type\":\"ListItem\",\"position\":1,\"name\":\"Home\",\"item\":\"https:\\\/\\\/interamerica.org\\\/es\\\/\"},{\"@type\":\"ListItem\",\"position\":2,\"name\":\"Iglesia Mundial: Los l\u00edderes, Misi\u00f3logos Discuten Asuntos Relacionados con el Trabajo Misional de Avanzada\"}]},{\"@type\":\"WebSite\",\"@id\":\"https:\\\/\\\/interamerica.org\\\/es\\\/#website\",\"url\":\"https:\\\/\\\/interamerica.org\\\/es\\\/\",\"name\":\"Iglesia Adventista del S\u00e9ptimo D\u00eda - Divisi\u00f3n Interamericana\",\"description\":\"\",\"potentialAction\":[{\"@type\":\"SearchAction\",\"target\":{\"@type\":\"EntryPoint\",\"urlTemplate\":\"https:\\\/\\\/interamerica.org\\\/es\\\/?s={search_term_string}\"},\"query-input\":{\"@type\":\"PropertyValueSpecification\",\"valueRequired\":true,\"valueName\":\"search_term_string\"}}],\"inLanguage\":\"es\"},{\"@type\":\"Person\",\"@id\":\"https:\\\/\\\/interamerica.org\\\/es\\\/#\\\/schema\\\/person\\\/68ede8bdc292885bb76c1e3810e73c39\",\"name\":\"Lorenzo Verduzco\",\"image\":{\"@type\":\"ImageObject\",\"inLanguage\":\"es\",\"@id\":\"https:\\\/\\\/secure.gravatar.com\\\/avatar\\\/fb81a55b6218459490a9c1dc841a34909185b81904c5337b4b27f7a6fd60c49e?s=96&d=mm&r=g\",\"url\":\"https:\\\/\\\/secure.gravatar.com\\\/avatar\\\/fb81a55b6218459490a9c1dc841a34909185b81904c5337b4b27f7a6fd60c49e?s=96&d=mm&r=g\",\"contentUrl\":\"https:\\\/\\\/secure.gravatar.com\\\/avatar\\\/fb81a55b6218459490a9c1dc841a34909185b81904c5337b4b27f7a6fd60c49e?s=96&d=mm&r=g\",\"caption\":\"Lorenzo Verduzco\"}}]}<\/script>\n<!-- \/ Yoast SEO plugin. -->","yoast_head_json":{"title":"Iglesia Mundial: Los l\u00edderes, Misi\u00f3logos Discuten Asuntos Relacionados con el Trabajo Misional de Avanzada - Iglesia Adventista del S\u00e9ptimo D\u00eda - Divisi\u00f3n Interamericana","robots":{"index":"index","follow":"follow","max-snippet":"max-snippet:-1","max-image-preview":"max-image-preview:large","max-video-preview":"max-video-preview:-1"},"canonical":"https:\/\/interamerica.org\/es\/2005\/04\/iglesia-mundial-los-lideres-misiologos-discuten-asuntos-relacionados-con-el-trabajo-misional-de-avanzada\/","og_locale":"es_ES","og_type":"article","og_title":"Iglesia Mundial: Los l\u00edderes, Misi\u00f3logos Discuten Asuntos Relacionados con el Trabajo Misional de Avanzada - Iglesia Adventista del S\u00e9ptimo D\u00eda - Divisi\u00f3n Interamericana","og_description":"En un mundo de seis billones de habitantes \u2013 incluyendo 25 millones que asisten semanalmente a los servicios de adoraci\u00f3n de la iglesia Adventista \u2013 se sabe que hay otros grupos de cristianos que observan el d\u00eda de reposo, s\u00e1bado semanal.","og_url":"https:\/\/interamerica.org\/es\/2005\/04\/iglesia-mundial-los-lideres-misiologos-discuten-asuntos-relacionados-con-el-trabajo-misional-de-avanzada\/","og_site_name":"Iglesia Adventista del S\u00e9ptimo D\u00eda - Divisi\u00f3n Interamericana","article_published_time":"2005-04-12T04:00:00+00:00","article_modified_time":"2017-06-02T13:17:34+00:00","author":"Lorenzo Verduzco","twitter_card":"summary_large_image","twitter_misc":{"Escrito por":"Lorenzo Verduzco","Tiempo de lectura":"3 minutos"},"schema":{"@context":"https:\/\/schema.org","@graph":[{"@type":"Article","@id":"https:\/\/interamerica.org\/es\/2005\/04\/iglesia-mundial-los-lideres-misiologos-discuten-asuntos-relacionados-con-el-trabajo-misional-de-avanzada\/#article","isPartOf":{"@id":"https:\/\/interamerica.org\/es\/2005\/04\/iglesia-mundial-los-lideres-misiologos-discuten-asuntos-relacionados-con-el-trabajo-misional-de-avanzada\/"},"author":{"name":"Lorenzo Verduzco","@id":"https:\/\/interamerica.org\/es\/#\/schema\/person\/68ede8bdc292885bb76c1e3810e73c39"},"headline":"Iglesia Mundial: Los l\u00edderes, Misi\u00f3logos Discuten Asuntos Relacionados con el Trabajo Misional de Avanzada","datePublished":"2005-04-12T04:00:00+00:00","dateModified":"2017-06-02T13:17:34+00:00","mainEntityOfPage":{"@id":"https:\/\/interamerica.org\/es\/2005\/04\/iglesia-mundial-los-lideres-misiologos-discuten-asuntos-relacionados-con-el-trabajo-misional-de-avanzada\/"},"wordCount":595,"articleSection":["Archivo"],"inLanguage":"es"},{"@type":"WebPage","@id":"https:\/\/interamerica.org\/es\/2005\/04\/iglesia-mundial-los-lideres-misiologos-discuten-asuntos-relacionados-con-el-trabajo-misional-de-avanzada\/","url":"https:\/\/interamerica.org\/es\/2005\/04\/iglesia-mundial-los-lideres-misiologos-discuten-asuntos-relacionados-con-el-trabajo-misional-de-avanzada\/","name":"Iglesia Mundial: Los l\u00edderes, Misi\u00f3logos Discuten Asuntos Relacionados con el Trabajo Misional de Avanzada - Iglesia Adventista del S\u00e9ptimo D\u00eda - Divisi\u00f3n Interamericana","isPartOf":{"@id":"https:\/\/interamerica.org\/es\/#website"},"datePublished":"2005-04-12T04:00:00+00:00","dateModified":"2017-06-02T13:17:34+00:00","author":{"@id":"https:\/\/interamerica.org\/es\/#\/schema\/person\/68ede8bdc292885bb76c1e3810e73c39"},"breadcrumb":{"@id":"https:\/\/interamerica.org\/es\/2005\/04\/iglesia-mundial-los-lideres-misiologos-discuten-asuntos-relacionados-con-el-trabajo-misional-de-avanzada\/#breadcrumb"},"inLanguage":"es","potentialAction":[{"@type":"ReadAction","target":["https:\/\/interamerica.org\/es\/2005\/04\/iglesia-mundial-los-lideres-misiologos-discuten-asuntos-relacionados-con-el-trabajo-misional-de-avanzada\/"]}]},{"@type":"BreadcrumbList","@id":"https:\/\/interamerica.org\/es\/2005\/04\/iglesia-mundial-los-lideres-misiologos-discuten-asuntos-relacionados-con-el-trabajo-misional-de-avanzada\/#breadcrumb","itemListElement":[{"@type":"ListItem","position":1,"name":"Home","item":"https:\/\/interamerica.org\/es\/"},{"@type":"ListItem","position":2,"name":"Iglesia Mundial: Los l\u00edderes, Misi\u00f3logos Discuten Asuntos Relacionados con el Trabajo Misional de Avanzada"}]},{"@type":"WebSite","@id":"https:\/\/interamerica.org\/es\/#website","url":"https:\/\/interamerica.org\/es\/","name":"Iglesia Adventista del S\u00e9ptimo D\u00eda - Divisi\u00f3n Interamericana","description":"","potentialAction":[{"@type":"SearchAction","target":{"@type":"EntryPoint","urlTemplate":"https:\/\/interamerica.org\/es\/?s={search_term_string}"},"query-input":{"@type":"PropertyValueSpecification","valueRequired":true,"valueName":"search_term_string"}}],"inLanguage":"es"},{"@type":"Person","@id":"https:\/\/interamerica.org\/es\/#\/schema\/person\/68ede8bdc292885bb76c1e3810e73c39","name":"Lorenzo Verduzco","image":{"@type":"ImageObject","inLanguage":"es","@id":"https:\/\/secure.gravatar.com\/avatar\/fb81a55b6218459490a9c1dc841a34909185b81904c5337b4b27f7a6fd60c49e?s=96&d=mm&r=g","url":"https:\/\/secure.gravatar.com\/avatar\/fb81a55b6218459490a9c1dc841a34909185b81904c5337b4b27f7a6fd60c49e?s=96&d=mm&r=g","contentUrl":"https:\/\/secure.gravatar.com\/avatar\/fb81a55b6218459490a9c1dc841a34909185b81904c5337b4b27f7a6fd60c49e?s=96&d=mm&r=g","caption":"Lorenzo Verduzco"}}]}},"_links":{"self":[{"href":"https:\/\/interamerica.org\/es\/wp-json\/wp\/v2\/posts\/10495","targetHints":{"allow":["GET"]}}],"collection":[{"href":"https:\/\/interamerica.org\/es\/wp-json\/wp\/v2\/posts"}],"about":[{"href":"https:\/\/interamerica.org\/es\/wp-json\/wp\/v2\/types\/post"}],"author":[{"embeddable":true,"href":"https:\/\/interamerica.org\/es\/wp-json\/wp\/v2\/users\/1"}],"replies":[{"embeddable":true,"href":"https:\/\/interamerica.org\/es\/wp-json\/wp\/v2\/comments?post=10495"}],"version-history":[{"count":0,"href":"https:\/\/interamerica.org\/es\/wp-json\/wp\/v2\/posts\/10495\/revisions"}],"wp:attachment":[{"href":"https:\/\/interamerica.org\/es\/wp-json\/wp\/v2\/media?parent=10495"}],"wp:term":[{"taxonomy":"category","embeddable":true,"href":"https:\/\/interamerica.org\/es\/wp-json\/wp\/v2\/categories?post=10495"},{"taxonomy":"post_tag","embeddable":true,"href":"https:\/\/interamerica.org\/es\/wp-json\/wp\/v2\/tags?post=10495"}],"curies":[{"name":"wp","href":"https:\/\/api.w.org\/{rel}","templated":true}]}}