{"id":10496,"date":"2005-04-14T00:00:00","date_gmt":"2005-04-14T04:00:00","guid":{"rendered":"http:\/\/192.81.217.108\/interamerica\/2005\/04\/iglesia-mundial-una-nueva-comision-examinara-los-ministerios-y-servicios-de-la-sede-mundial-de-la-iglesia\/"},"modified":"2017-06-02T09:17:33","modified_gmt":"2017-06-02T13:17:33","slug":"iglesia-mundial-una-nueva-comision-examinara-los-ministerios-y-servicios-de-la-sede-mundial-de-la-iglesia","status":"publish","type":"post","link":"https:\/\/interamerica.org\/es\/2005\/04\/iglesia-mundial-una-nueva-comision-examinara-los-ministerios-y-servicios-de-la-sede-mundial-de-la-iglesia\/","title":{"rendered":"Iglesia Mundial: Una Nueva Comisi\u00f3n Examinar\u00e1 los Ministerios y Servicios de la Sede Mundial de la Iglesia"},"content":{"rendered":"<p>Silver Spring, Maryland, Estados Unidos&#8230;[Personal de ANN]<\/p>\n<p>Los l\u00edderes mundiales de la Iglesia Adventista del S\u00e9ptimo D\u00eda recibieron un informe que buscaba la reorganizaci\u00f3n de varios departamentos de la iglesia mundial, y aprobaron pasar ese reporte a una nueva comisi\u00f3n que evaluar\u00e1 las operaciones de la iglesia durante el per\u00edodo de cinco a\u00f1os que comienza despu\u00e9s de la reuni\u00f3n de negocios de la iglesia mundial este pr\u00f3ximo verano. <\/p>\n<p>\u00abCreo que es una buena idea para la iglesia&#8230; tener una comisi\u00f3n que se encargue de los asuntos de nuestra misi\u00f3n y organizaci\u00f3n\u00bb, dijo el Pastor Jan Paulsen, presidente de la iglesia mundial, durante las sesiones. \u00abCada vez somos una comunidad m\u00e1s grande y m\u00e1s internacional\u00bb, a\u00f1adi\u00f3, destacando que el an\u00e1lisis de estos temas es \u00abalgo que deber\u00edamos hacer con regularidad, algo normal y de rutina\u00bb. <\/p>\n<p>Y a\u00f1adi\u00f3: \u00abAl fin de cuentas, nuestro prop\u00f3sito es que la iglesia debe estar bien y crezca\u00bb. <\/p>\n<p>Paulsen hizo sus declaraciones luego de entregar la direcci\u00f3n de la sesi\u00f3n en manos de Gerry Karst, uno de los vicepresidentes de la iglesia mundial. La sesi\u00f3n discuti\u00f3 el informe preparado por una \u00abComisi\u00f3n de Revisi\u00f3n de Ministerios y Servicios\u00bb que fue creada en la reuni\u00f3n del oto\u00f1o pasado, con el prop\u00f3sito de \u00abrevisar todos los ministerios y servicios [de la sede central de la iglesia] con el fin de determinar los medios m\u00e1s eficaces para ayudar a la Iglesia Mundial en el cumplimiento de su misi\u00f3n\u00bb. <\/p>\n<p>El documento destac\u00f3 las demandas crecientes de la iglesia mundial sugiri\u00f3 traspasar nueve departamentos de la sede central de la iglesia a las divisiones. La nueva comisi\u00f3n recibir\u00e1 el documento como una de las diversas fuentes a considerar en su trabajo, que se espera comenzar\u00e1 despu\u00e9s de la pr\u00f3xima reuni\u00f3n del Comit\u00e9 Ejecutivo de la iglesia, que establecer\u00e1 los t\u00e9rminos de referencia y composici\u00f3n del panel.<\/p>\n<p><strong>Derechos Reservados \u00ae 2005 por Adventist News Network.<\/strong><strong><\/strong><\/p>\n","protected":false},"excerpt":{"rendered":"<p>Los l\u00edderes mundiales de la Iglesia Adventista del S\u00e9ptimo D\u00eda recibieron un informe que buscaba la reorganizaci\u00f3n de varios departamentos de la iglesia mundial&#8230;<\/p>\n","protected":false},"author":1,"featured_media":0,"comment_status":"closed","ping_status":"closed","sticky":false,"template":"","format":"standard","meta":{"_acf_changed":false,"footnotes":""},"categories":[8],"tags":[],"class_list":["post-10496","post","type-post","status-publish","format-standard","hentry","category-archivo"],"acf":[],"yoast_head":"<!-- This site is optimized with the Yoast SEO plugin v27.3 - https:\/\/yoast.com\/product\/yoast-seo-wordpress\/ -->\n<title>Iglesia Mundial: Una Nueva Comisi\u00f3n Examinar\u00e1 los Ministerios y Servicios de la Sede Mundial de la Iglesia - Iglesia Adventista del S\u00e9ptimo D\u00eda - Divisi\u00f3n Interamericana<\/title>\n<meta name=\"robots\" content=\"index, follow, max-snippet:-1, max-image-preview:large, max-video-preview:-1\" \/>\n<link rel=\"canonical\" href=\"https:\/\/interamerica.org\/es\/2005\/04\/iglesia-mundial-una-nueva-comision-examinara-los-ministerios-y-servicios-de-la-sede-mundial-de-la-iglesia\/\" \/>\n<meta property=\"og:locale\" content=\"es_ES\" \/>\n<meta property=\"og:type\" content=\"article\" \/>\n<meta property=\"og:title\" content=\"Iglesia Mundial: Una Nueva Comisi\u00f3n Examinar\u00e1 los Ministerios y Servicios de la Sede Mundial de la Iglesia - Iglesia Adventista del S\u00e9ptimo D\u00eda - Divisi\u00f3n Interamericana\" \/>\n<meta property=\"og:description\" content=\"Los l\u00edderes mundiales de la Iglesia Adventista del S\u00e9ptimo D\u00eda recibieron un informe que buscaba la reorganizaci\u00f3n de varios departamentos de la iglesia mundial...\" \/>\n<meta property=\"og:url\" content=\"https:\/\/interamerica.org\/es\/2005\/04\/iglesia-mundial-una-nueva-comision-examinara-los-ministerios-y-servicios-de-la-sede-mundial-de-la-iglesia\/\" \/>\n<meta property=\"og:site_name\" content=\"Iglesia Adventista del S\u00e9ptimo D\u00eda - Divisi\u00f3n Interamericana\" \/>\n<meta property=\"article:published_time\" content=\"2005-04-14T04:00:00+00:00\" \/>\n<meta property=\"article:modified_time\" content=\"2017-06-02T13:17:33+00:00\" \/>\n<meta name=\"author\" content=\"Lorenzo Verduzco\" \/>\n<meta name=\"twitter:card\" content=\"summary_large_image\" \/>\n<meta name=\"twitter:label1\" content=\"Escrito por\" \/>\n\t<meta name=\"twitter:data1\" content=\"Lorenzo Verduzco\" \/>\n\t<meta name=\"twitter:label2\" content=\"Tiempo de lectura\" \/>\n\t<meta name=\"twitter:data2\" content=\"2 minutos\" \/>\n<script type=\"application\/ld+json\" class=\"yoast-schema-graph\">{\"@context\":\"https:\\\/\\\/schema.org\",\"@graph\":[{\"@type\":\"Article\",\"@id\":\"https:\\\/\\\/interamerica.org\\\/es\\\/2005\\\/04\\\/iglesia-mundial-una-nueva-comision-examinara-los-ministerios-y-servicios-de-la-sede-mundial-de-la-iglesia\\\/#article\",\"isPartOf\":{\"@id\":\"https:\\\/\\\/interamerica.org\\\/es\\\/2005\\\/04\\\/iglesia-mundial-una-nueva-comision-examinara-los-ministerios-y-servicios-de-la-sede-mundial-de-la-iglesia\\\/\"},\"author\":{\"name\":\"Lorenzo Verduzco\",\"@id\":\"https:\\\/\\\/interamerica.org\\\/es\\\/#\\\/schema\\\/person\\\/68ede8bdc292885bb76c1e3810e73c39\"},\"headline\":\"Iglesia Mundial: Una Nueva Comisi\u00f3n Examinar\u00e1 los Ministerios y Servicios de la Sede Mundial de la Iglesia\",\"datePublished\":\"2005-04-14T04:00:00+00:00\",\"dateModified\":\"2017-06-02T13:17:33+00:00\",\"mainEntityOfPage\":{\"@id\":\"https:\\\/\\\/interamerica.org\\\/es\\\/2005\\\/04\\\/iglesia-mundial-una-nueva-comision-examinara-los-ministerios-y-servicios-de-la-sede-mundial-de-la-iglesia\\\/\"},\"wordCount\":365,\"articleSection\":[\"Archivo\"],\"inLanguage\":\"es\"},{\"@type\":\"WebPage\",\"@id\":\"https:\\\/\\\/interamerica.org\\\/es\\\/2005\\\/04\\\/iglesia-mundial-una-nueva-comision-examinara-los-ministerios-y-servicios-de-la-sede-mundial-de-la-iglesia\\\/\",\"url\":\"https:\\\/\\\/interamerica.org\\\/es\\\/2005\\\/04\\\/iglesia-mundial-una-nueva-comision-examinara-los-ministerios-y-servicios-de-la-sede-mundial-de-la-iglesia\\\/\",\"name\":\"Iglesia Mundial: Una Nueva Comisi\u00f3n Examinar\u00e1 los Ministerios y Servicios de la Sede Mundial de la Iglesia - Iglesia Adventista del S\u00e9ptimo D\u00eda - Divisi\u00f3n Interamericana\",\"isPartOf\":{\"@id\":\"https:\\\/\\\/interamerica.org\\\/es\\\/#website\"},\"datePublished\":\"2005-04-14T04:00:00+00:00\",\"dateModified\":\"2017-06-02T13:17:33+00:00\",\"author\":{\"@id\":\"https:\\\/\\\/interamerica.org\\\/es\\\/#\\\/schema\\\/person\\\/68ede8bdc292885bb76c1e3810e73c39\"},\"breadcrumb\":{\"@id\":\"https:\\\/\\\/interamerica.org\\\/es\\\/2005\\\/04\\\/iglesia-mundial-una-nueva-comision-examinara-los-ministerios-y-servicios-de-la-sede-mundial-de-la-iglesia\\\/#breadcrumb\"},\"inLanguage\":\"es\",\"potentialAction\":[{\"@type\":\"ReadAction\",\"target\":[\"https:\\\/\\\/interamerica.org\\\/es\\\/2005\\\/04\\\/iglesia-mundial-una-nueva-comision-examinara-los-ministerios-y-servicios-de-la-sede-mundial-de-la-iglesia\\\/\"]}]},{\"@type\":\"BreadcrumbList\",\"@id\":\"https:\\\/\\\/interamerica.org\\\/es\\\/2005\\\/04\\\/iglesia-mundial-una-nueva-comision-examinara-los-ministerios-y-servicios-de-la-sede-mundial-de-la-iglesia\\\/#breadcrumb\",\"itemListElement\":[{\"@type\":\"ListItem\",\"position\":1,\"name\":\"Home\",\"item\":\"https:\\\/\\\/interamerica.org\\\/es\\\/\"},{\"@type\":\"ListItem\",\"position\":2,\"name\":\"Iglesia Mundial: Una Nueva Comisi\u00f3n Examinar\u00e1 los Ministerios y Servicios de la Sede Mundial de la Iglesia\"}]},{\"@type\":\"WebSite\",\"@id\":\"https:\\\/\\\/interamerica.org\\\/es\\\/#website\",\"url\":\"https:\\\/\\\/interamerica.org\\\/es\\\/\",\"name\":\"Iglesia Adventista del S\u00e9ptimo D\u00eda - Divisi\u00f3n Interamericana\",\"description\":\"\",\"potentialAction\":[{\"@type\":\"SearchAction\",\"target\":{\"@type\":\"EntryPoint\",\"urlTemplate\":\"https:\\\/\\\/interamerica.org\\\/es\\\/?s={search_term_string}\"},\"query-input\":{\"@type\":\"PropertyValueSpecification\",\"valueRequired\":true,\"valueName\":\"search_term_string\"}}],\"inLanguage\":\"es\"},{\"@type\":\"Person\",\"@id\":\"https:\\\/\\\/interamerica.org\\\/es\\\/#\\\/schema\\\/person\\\/68ede8bdc292885bb76c1e3810e73c39\",\"name\":\"Lorenzo Verduzco\",\"image\":{\"@type\":\"ImageObject\",\"inLanguage\":\"es\",\"@id\":\"https:\\\/\\\/secure.gravatar.com\\\/avatar\\\/fb81a55b6218459490a9c1dc841a34909185b81904c5337b4b27f7a6fd60c49e?s=96&d=mm&r=g\",\"url\":\"https:\\\/\\\/secure.gravatar.com\\\/avatar\\\/fb81a55b6218459490a9c1dc841a34909185b81904c5337b4b27f7a6fd60c49e?s=96&d=mm&r=g\",\"contentUrl\":\"https:\\\/\\\/secure.gravatar.com\\\/avatar\\\/fb81a55b6218459490a9c1dc841a34909185b81904c5337b4b27f7a6fd60c49e?s=96&d=mm&r=g\",\"caption\":\"Lorenzo Verduzco\"}}]}<\/script>\n<!-- \/ Yoast SEO plugin. -->","yoast_head_json":{"title":"Iglesia Mundial: Una Nueva Comisi\u00f3n Examinar\u00e1 los Ministerios y Servicios de la Sede Mundial de la Iglesia - Iglesia Adventista del S\u00e9ptimo D\u00eda - Divisi\u00f3n Interamericana","robots":{"index":"index","follow":"follow","max-snippet":"max-snippet:-1","max-image-preview":"max-image-preview:large","max-video-preview":"max-video-preview:-1"},"canonical":"https:\/\/interamerica.org\/es\/2005\/04\/iglesia-mundial-una-nueva-comision-examinara-los-ministerios-y-servicios-de-la-sede-mundial-de-la-iglesia\/","og_locale":"es_ES","og_type":"article","og_title":"Iglesia Mundial: Una Nueva Comisi\u00f3n Examinar\u00e1 los Ministerios y Servicios de la Sede Mundial de la Iglesia - Iglesia Adventista del S\u00e9ptimo D\u00eda - Divisi\u00f3n Interamericana","og_description":"Los l\u00edderes mundiales de la Iglesia Adventista del S\u00e9ptimo D\u00eda recibieron un informe que buscaba la reorganizaci\u00f3n de varios departamentos de la iglesia mundial...","og_url":"https:\/\/interamerica.org\/es\/2005\/04\/iglesia-mundial-una-nueva-comision-examinara-los-ministerios-y-servicios-de-la-sede-mundial-de-la-iglesia\/","og_site_name":"Iglesia Adventista del S\u00e9ptimo D\u00eda - Divisi\u00f3n Interamericana","article_published_time":"2005-04-14T04:00:00+00:00","article_modified_time":"2017-06-02T13:17:33+00:00","author":"Lorenzo Verduzco","twitter_card":"summary_large_image","twitter_misc":{"Escrito por":"Lorenzo Verduzco","Tiempo de lectura":"2 minutos"},"schema":{"@context":"https:\/\/schema.org","@graph":[{"@type":"Article","@id":"https:\/\/interamerica.org\/es\/2005\/04\/iglesia-mundial-una-nueva-comision-examinara-los-ministerios-y-servicios-de-la-sede-mundial-de-la-iglesia\/#article","isPartOf":{"@id":"https:\/\/interamerica.org\/es\/2005\/04\/iglesia-mundial-una-nueva-comision-examinara-los-ministerios-y-servicios-de-la-sede-mundial-de-la-iglesia\/"},"author":{"name":"Lorenzo Verduzco","@id":"https:\/\/interamerica.org\/es\/#\/schema\/person\/68ede8bdc292885bb76c1e3810e73c39"},"headline":"Iglesia Mundial: Una Nueva Comisi\u00f3n Examinar\u00e1 los Ministerios y Servicios de la Sede Mundial de la Iglesia","datePublished":"2005-04-14T04:00:00+00:00","dateModified":"2017-06-02T13:17:33+00:00","mainEntityOfPage":{"@id":"https:\/\/interamerica.org\/es\/2005\/04\/iglesia-mundial-una-nueva-comision-examinara-los-ministerios-y-servicios-de-la-sede-mundial-de-la-iglesia\/"},"wordCount":365,"articleSection":["Archivo"],"inLanguage":"es"},{"@type":"WebPage","@id":"https:\/\/interamerica.org\/es\/2005\/04\/iglesia-mundial-una-nueva-comision-examinara-los-ministerios-y-servicios-de-la-sede-mundial-de-la-iglesia\/","url":"https:\/\/interamerica.org\/es\/2005\/04\/iglesia-mundial-una-nueva-comision-examinara-los-ministerios-y-servicios-de-la-sede-mundial-de-la-iglesia\/","name":"Iglesia Mundial: Una Nueva Comisi\u00f3n Examinar\u00e1 los Ministerios y Servicios de la Sede Mundial de la Iglesia - Iglesia Adventista del S\u00e9ptimo D\u00eda - Divisi\u00f3n Interamericana","isPartOf":{"@id":"https:\/\/interamerica.org\/es\/#website"},"datePublished":"2005-04-14T04:00:00+00:00","dateModified":"2017-06-02T13:17:33+00:00","author":{"@id":"https:\/\/interamerica.org\/es\/#\/schema\/person\/68ede8bdc292885bb76c1e3810e73c39"},"breadcrumb":{"@id":"https:\/\/interamerica.org\/es\/2005\/04\/iglesia-mundial-una-nueva-comision-examinara-los-ministerios-y-servicios-de-la-sede-mundial-de-la-iglesia\/#breadcrumb"},"inLanguage":"es","potentialAction":[{"@type":"ReadAction","target":["https:\/\/interamerica.org\/es\/2005\/04\/iglesia-mundial-una-nueva-comision-examinara-los-ministerios-y-servicios-de-la-sede-mundial-de-la-iglesia\/"]}]},{"@type":"BreadcrumbList","@id":"https:\/\/interamerica.org\/es\/2005\/04\/iglesia-mundial-una-nueva-comision-examinara-los-ministerios-y-servicios-de-la-sede-mundial-de-la-iglesia\/#breadcrumb","itemListElement":[{"@type":"ListItem","position":1,"name":"Home","item":"https:\/\/interamerica.org\/es\/"},{"@type":"ListItem","position":2,"name":"Iglesia Mundial: Una Nueva Comisi\u00f3n Examinar\u00e1 los Ministerios y Servicios de la Sede Mundial de la Iglesia"}]},{"@type":"WebSite","@id":"https:\/\/interamerica.org\/es\/#website","url":"https:\/\/interamerica.org\/es\/","name":"Iglesia Adventista del S\u00e9ptimo D\u00eda - Divisi\u00f3n Interamericana","description":"","potentialAction":[{"@type":"SearchAction","target":{"@type":"EntryPoint","urlTemplate":"https:\/\/interamerica.org\/es\/?s={search_term_string}"},"query-input":{"@type":"PropertyValueSpecification","valueRequired":true,"valueName":"search_term_string"}}],"inLanguage":"es"},{"@type":"Person","@id":"https:\/\/interamerica.org\/es\/#\/schema\/person\/68ede8bdc292885bb76c1e3810e73c39","name":"Lorenzo Verduzco","image":{"@type":"ImageObject","inLanguage":"es","@id":"https:\/\/secure.gravatar.com\/avatar\/fb81a55b6218459490a9c1dc841a34909185b81904c5337b4b27f7a6fd60c49e?s=96&d=mm&r=g","url":"https:\/\/secure.gravatar.com\/avatar\/fb81a55b6218459490a9c1dc841a34909185b81904c5337b4b27f7a6fd60c49e?s=96&d=mm&r=g","contentUrl":"https:\/\/secure.gravatar.com\/avatar\/fb81a55b6218459490a9c1dc841a34909185b81904c5337b4b27f7a6fd60c49e?s=96&d=mm&r=g","caption":"Lorenzo Verduzco"}}]}},"_links":{"self":[{"href":"https:\/\/interamerica.org\/es\/wp-json\/wp\/v2\/posts\/10496","targetHints":{"allow":["GET"]}}],"collection":[{"href":"https:\/\/interamerica.org\/es\/wp-json\/wp\/v2\/posts"}],"about":[{"href":"https:\/\/interamerica.org\/es\/wp-json\/wp\/v2\/types\/post"}],"author":[{"embeddable":true,"href":"https:\/\/interamerica.org\/es\/wp-json\/wp\/v2\/users\/1"}],"replies":[{"embeddable":true,"href":"https:\/\/interamerica.org\/es\/wp-json\/wp\/v2\/comments?post=10496"}],"version-history":[{"count":0,"href":"https:\/\/interamerica.org\/es\/wp-json\/wp\/v2\/posts\/10496\/revisions"}],"wp:attachment":[{"href":"https:\/\/interamerica.org\/es\/wp-json\/wp\/v2\/media?parent=10496"}],"wp:term":[{"taxonomy":"category","embeddable":true,"href":"https:\/\/interamerica.org\/es\/wp-json\/wp\/v2\/categories?post=10496"},{"taxonomy":"post_tag","embeddable":true,"href":"https:\/\/interamerica.org\/es\/wp-json\/wp\/v2\/tags?post=10496"}],"curies":[{"name":"wp","href":"https:\/\/api.w.org\/{rel}","templated":true}]}}