{"id":104967,"date":"2023-10-20T16:32:41","date_gmt":"2023-10-20T20:32:41","guid":{"rendered":"https:\/\/interamerica.org\/?p=104967"},"modified":"2023-10-20T17:34:33","modified_gmt":"2023-10-20T21:34:33","slug":"reenfoque-en-la-mision","status":"publish","type":"post","link":"https:\/\/interamerica.org\/es\/2023\/10\/reenfoque-en-la-mision\/","title":{"rendered":"Reenfoque en la Misi\u00f3n"},"content":{"rendered":"<p>5 de octubre del\u00a0 2023 | Silver Spring, Maryland, Estados Unidos | Ted N.C. Wilson, President de la Asociaci\u00f3n General de los Adventistas del S\u00e9ptimo D\u00eda<\/p>\n<p><span style=\"font-weight: 400;\">Ahora es el momento de reenfocar la misi\u00f3n. Ahora es el momento de realizar un mayor esfuerzo misionero a nivel local y mundial. Ahora es el momento de seguir el camino evangelizador de Cristo. Welfare Ministry, p\u00e1gina 250, indica: \u201cLos \u00e1ngeles de Dios cooperar\u00e1n con aquellos que est\u00e1n ocupados en esta obra, que hacen todo lo posible para salvar almas que perecen, para darles oportunidades que muchos nunca han tenido. No hay otra manera de llegar a ellos que el camino de Cristo. Siempre trabaj\u00f3 para aliviar el sufrimiento y ense\u00f1ar la rectitud\u201d.<\/span><\/p>\n<p><span style=\"font-weight: 400;\">Aliviemos el sufrimiento y ense\u00f1emos la justicia de Cristo participando en una misi\u00f3n de alcance integral&#8230; El tiempo es esencial. Jes\u00fas viene. \u00a1Somos elegidos para la misi\u00f3n!<\/span><\/p>\n<p><span style=\"font-weight: 400;\">Leemos en Testimonios para la Iglesia, vol 6, p\u00e1ginas 32 y 33, <\/span><span style=\"font-weight: 400;\">\u201cEl pueblo de Dios tiene por delante una enorme obra que realizar, una obra que debe destacarse continuamente y alcanzar mayor prominencia. Debemos llevar a cabo una obra mucho m\u00e1s extensa en nuestro trabajo misionero. Es preciso que actuemos con mayor determinaci\u00f3n que hasta ahora, antes de la venida de nuestro Se\u00f1or Jesucristo. El pueblo de Dios no debe cesar en su trabajo hasta que haya abarcado el mundo entero&#8230; Imbuidos del poder del Esp\u00edritu Santo debemos ahora proclamar las grandes verdades para estos \u00faltimos d\u00edas. No transcurrir\u00e1 mucho tiempo antes que todos hayan escuchado la amonestaci\u00f3n y efectuado su decisi\u00f3n. Entonces vendr\u00e1 el fin. La esencia misma de toda fe genuina es hacer lo correcto en el tiempo oportuno. Dios es el Gran Art\u00edfice y en su providencia prepara el camino para que su obra concluya.\u201d<\/span><\/p>\n<p><span style=\"font-weight: 400;\">En las p\u00e1gina 37 agrega, <\/span><span style=\"font-weight: 400;\">\u201cEs necesario revivir el esp\u00edritu misionero en nuestras iglesias. Todos los miembros debieran estudiar la manera de contribuir al progreso de la obra de Dios, tanto en la misi\u00f3n local como en el exterior&#8230; La iglesia de Cristo en la tierra se organiz\u00f3 con prop\u00f3sitos misioneros, y el Se\u00f1or desea verla en su totalidad concibiendo maneras y medios para llevar el mensaje de verdad a los encumbrados y a los humildes, a los ricos y los pobres\u2026 \u00bfPor qu\u00e9 no se unen los miembros de una iglesia, o de varias iglesias peque\u00f1as, para sostener un misionero en el extranjero?\u201d<\/span><span style=\"font-weight: 400;\"> Todos en la Iglesia Adventista del S\u00e9ptimo D\u00eda somos elegidos para la misi\u00f3n&#8230; para proclamar los mensajes de los tres \u00e1ngeles en anticipaci\u00f3n del pronto regreso de Cristo. Y a los elegidos para la misi\u00f3n, Dios nos da las \u00f3rdenes de marcha, en<\/span><span style=\"font-weight: 400;\"> Judas 20-25:\u00a0 \u201cPero vosotros, amados, edific\u00e1ndoos sobre vuestra sant\u00edsima fe, orando en el Esp\u00edritu Santo, conservaos en el amor de Dios, esperando la misericordia de nuestro Se\u00f1or Jesucristo para vida eterna. A algunos que dudan, convencedlos. A otros salvad, arrebat\u00e1ndolos del fuego; y de otros tened misericordia con temor, aborreciendo aun la ropa contaminada por su carne.\u00a0 Y a aquel que es poderoso para guardaros sin ca\u00edda, y presentaros sin mancha delante de su gloria con gran alegr\u00eda, al \u00fanico y sabio Dios, nuestro Salvador, sea gloria y majestad, imperio y potencia, ahora y por todos los siglos. Am\u00e9n.\u201d<\/span><\/p>\n<p><span style=\"font-weight: 400;\">A pesar de los ataques futuros a la misi\u00f3n de la iglesia, Dios acompa\u00f1ar\u00e1 a Su iglesia remanente hasta Su segunda venida. Independientemente del deslizamiento de las creencias y pr\u00e1cticas b\u00edblicas por parte de algunos, independientemente de las sacudidas y zarandeos, Dios est\u00e1 dirigiendo Su misi\u00f3n final que no fallar\u00e1 a pesar de los ataques internos y externos.<\/span><\/p>\n<p><span style=\"font-weight: 400;\">Conect\u00e9monos con la misi\u00f3n de Dios por todos los medios posibles que se est\u00e1n llevando a cabo en toda la iglesia mundial: Distribuci\u00f3n de literatura del Proyecto El Gran Conflicto 2.0, Reenfoque de la Misi\u00f3n, Misi\u00f3n a las Ciudades, Ministerio de Salud Integral, De Vuelta al Altar, Todo Miembro Involucrado, Discipulado Global. Haciendo planes estrat\u00e9gicos de alcance, \u201cYo Ir\u00e9\u201d para terminar la obra de Dios a trav\u00e9s de Su poder, a trav\u00e9s del programa misionero regular de la iglesia mundial y muchas otras actividades de alcance&#8230; Como se indica en las Escrituras, somos elegidos para la misi\u00f3n:<\/span><\/p>\n<p><span style=\"font-weight: 400;\">2 Tesalonicenses 2:13-14 \u201c\u2026Dios os (escogi\u00f3) desde el principio para salvaci\u00f3n, mediante la santificaci\u00f3n por el Esp\u00edritu y la fe en la verdad, a lo cual os llam\u00f3 mediante nuestro evangelio, para alcanzar la gloria de nuestro Se\u00f1or Jesucristo.<\/span><\/p>\n<p><span style=\"font-weight: 400;\">Efesios 1:3-4 \u201cBendito sea el Dios y Padre de nuestro Se\u00f1or Jesucristo, que nos bendijo con toda bendici\u00f3n espiritual en los lugares celestiales en Cristo, seg\u00fan nos escogi\u00f3 en \u00e9l antes de la fundaci\u00f3n del mundo, para que fu\u00e9semos santos y sin mancha delante de \u00e9l,\u201d.<\/span><\/p>\n<p><span style=\"font-weight: 400;\">Podemos escuchar los pasos que se aproximan del regreso de Cristo&#8230; \u00c9l nos ha elegido para la misi\u00f3n. El profeta escuch\u00f3 a Dios pronunciar esas palabras misioneras en <\/span><span style=\"font-weight: 400;\">Isa\u00edas 6:8: \u00ab&#8230; \u00bfA qui\u00e9n enviar\u00e9, y qui\u00e9n ir\u00e1 por nosotros?\u00bb<\/span><span style=\"font-weight: 400;\"> L\u00edderes y miembros de la iglesia, \u00bfresponder\u00e1n al llamado de Dios a la misi\u00f3n? Repitamos con Isa\u00edas: \u201c\u00a1Aqu\u00ed estoy! Env\u00edame.\u201d&#8212;&#8212;-\u201cS\u00ed, Se\u00f1or, Yo ir\u00e9\u2026\u2026..y ser\u00e9 parte de tu llamado final al mundo porque he sido Elegido para la Misi\u00f3n.\u201d<\/span><\/p>\n<p><span style=\"font-weight: 400;\">Si esa es tu profunda convicci\u00f3n espiritual&#8230; \u00bfte quedar\u00edas conmigo en silencio ahora mismo?<\/span><\/p>\n<p><span style=\"font-weight: 400;\">Gracias Se\u00f1or. Antes de la fundaci\u00f3n del mundo, nos elegiste para la salvaci\u00f3n y para la misi\u00f3n. Gracias por los l\u00edderes que est\u00e1n dispuestos a defender la Biblia y tu santa Palabra, que representa la palabra viva de Cristo Jes\u00fas, aunque los cielos puedan caer. Se\u00f1or, danos pasi\u00f3n por la misi\u00f3n ahora mismo y conf\u00eda en tus manos a estos l\u00edderes y a tu iglesia. Ay\u00fadanos a permanecer fieles a tu palabra mientras proclamamos la pr\u00f3xima venida de Jes\u00fas en el nombre de Cristo, te lo pedimos. Am\u00e9n.<\/span><\/p>\n","protected":false},"excerpt":{"rendered":"<p>5 de octubre del\u00a0 2023 | Silver Spring, Maryland, Estados Unidos | Ted N.C. Wilson, President de la Asociaci\u00f3n General de los Adventistas del S\u00e9ptimo D\u00eda Ahora es el momento&#8230;<\/p>\n","protected":false},"author":3,"featured_media":105020,"comment_status":"closed","ping_status":"closed","sticky":false,"template":"","format":"standard","meta":{"_acf_changed":false,"footnotes":""},"categories":[14,15],"tags":[],"class_list":["post-104967","post","type-post","status-publish","format-standard","has-post-thumbnail","hentry","category-de-la-iglesia-mundial","category-rss-espanol"],"acf":[],"yoast_head":"<!-- This site is optimized with the Yoast SEO plugin v27.3 - https:\/\/yoast.com\/product\/yoast-seo-wordpress\/ -->\n<title>Reenfoque en la Misi\u00f3n - Iglesia Adventista del S\u00e9ptimo D\u00eda - Divisi\u00f3n Interamericana<\/title>\n<meta name=\"robots\" content=\"index, follow, max-snippet:-1, max-image-preview:large, max-video-preview:-1\" \/>\n<link rel=\"canonical\" href=\"https:\/\/interamerica.org\/es\/2023\/10\/reenfoque-en-la-mision\/\" \/>\n<meta property=\"og:locale\" content=\"es_ES\" \/>\n<meta property=\"og:type\" content=\"article\" \/>\n<meta property=\"og:title\" content=\"Reenfoque en la Misi\u00f3n - Iglesia Adventista del S\u00e9ptimo D\u00eda - Divisi\u00f3n Interamericana\" \/>\n<meta property=\"og:description\" content=\"5 de octubre del\u00a0 2023 | Silver Spring, Maryland, Estados Unidos | Ted N.C. Wilson, President de la Asociaci\u00f3n General de los Adventistas del S\u00e9ptimo D\u00eda Ahora es el momento...\" \/>\n<meta property=\"og:url\" content=\"https:\/\/interamerica.org\/es\/2023\/10\/reenfoque-en-la-mision\/\" \/>\n<meta property=\"og:site_name\" content=\"Iglesia Adventista del S\u00e9ptimo D\u00eda - Divisi\u00f3n Interamericana\" \/>\n<meta property=\"article:published_time\" content=\"2023-10-20T20:32:41+00:00\" \/>\n<meta property=\"article:modified_time\" content=\"2023-10-20T21:34:33+00:00\" \/>\n<meta property=\"og:image\" content=\"https:\/\/interamerica.org\/wp-content\/uploads\/2023\/10\/mission-refocus-1280.jpg\" \/>\n\t<meta property=\"og:image:width\" content=\"1280\" \/>\n\t<meta property=\"og:image:height\" content=\"800\" \/>\n\t<meta property=\"og:image:type\" content=\"image\/jpeg\" \/>\n<meta name=\"author\" content=\"libna\" \/>\n<meta name=\"twitter:card\" content=\"summary_large_image\" \/>\n<meta name=\"twitter:label1\" content=\"Escrito por\" \/>\n\t<meta name=\"twitter:data1\" content=\"libna\" \/>\n\t<meta name=\"twitter:label2\" content=\"Tiempo de lectura\" \/>\n\t<meta name=\"twitter:data2\" content=\"5 minutos\" \/>\n<script type=\"application\/ld+json\" class=\"yoast-schema-graph\">{\"@context\":\"https:\\\/\\\/schema.org\",\"@graph\":[{\"@type\":\"Article\",\"@id\":\"https:\\\/\\\/interamerica.org\\\/es\\\/2023\\\/10\\\/reenfoque-en-la-mision\\\/#article\",\"isPartOf\":{\"@id\":\"https:\\\/\\\/interamerica.org\\\/es\\\/2023\\\/10\\\/reenfoque-en-la-mision\\\/\"},\"author\":{\"name\":\"libna\",\"@id\":\"https:\\\/\\\/interamerica.org\\\/es\\\/#\\\/schema\\\/person\\\/29998f2bc2d8bd0d38662909289b54f1\"},\"headline\":\"Reenfoque en la Misi\u00f3n\",\"datePublished\":\"2023-10-20T20:32:41+00:00\",\"dateModified\":\"2023-10-20T21:34:33+00:00\",\"mainEntityOfPage\":{\"@id\":\"https:\\\/\\\/interamerica.org\\\/es\\\/2023\\\/10\\\/reenfoque-en-la-mision\\\/\"},\"wordCount\":1049,\"image\":{\"@id\":\"https:\\\/\\\/interamerica.org\\\/es\\\/2023\\\/10\\\/reenfoque-en-la-mision\\\/#primaryimage\"},\"thumbnailUrl\":\"https:\\\/\\\/interamerica.org\\\/wp-content\\\/uploads\\\/2023\\\/10\\\/mission-refocus-1280.jpg\",\"articleSection\":[\"Desde la iglesia mundial\",\"RSS Espa\u00f1ol\"],\"inLanguage\":\"es\"},{\"@type\":\"WebPage\",\"@id\":\"https:\\\/\\\/interamerica.org\\\/es\\\/2023\\\/10\\\/reenfoque-en-la-mision\\\/\",\"url\":\"https:\\\/\\\/interamerica.org\\\/es\\\/2023\\\/10\\\/reenfoque-en-la-mision\\\/\",\"name\":\"Reenfoque en la Misi\u00f3n - Iglesia Adventista del S\u00e9ptimo D\u00eda - Divisi\u00f3n Interamericana\",\"isPartOf\":{\"@id\":\"https:\\\/\\\/interamerica.org\\\/es\\\/#website\"},\"primaryImageOfPage\":{\"@id\":\"https:\\\/\\\/interamerica.org\\\/es\\\/2023\\\/10\\\/reenfoque-en-la-mision\\\/#primaryimage\"},\"image\":{\"@id\":\"https:\\\/\\\/interamerica.org\\\/es\\\/2023\\\/10\\\/reenfoque-en-la-mision\\\/#primaryimage\"},\"thumbnailUrl\":\"https:\\\/\\\/interamerica.org\\\/wp-content\\\/uploads\\\/2023\\\/10\\\/mission-refocus-1280.jpg\",\"datePublished\":\"2023-10-20T20:32:41+00:00\",\"dateModified\":\"2023-10-20T21:34:33+00:00\",\"author\":{\"@id\":\"https:\\\/\\\/interamerica.org\\\/es\\\/#\\\/schema\\\/person\\\/29998f2bc2d8bd0d38662909289b54f1\"},\"breadcrumb\":{\"@id\":\"https:\\\/\\\/interamerica.org\\\/es\\\/2023\\\/10\\\/reenfoque-en-la-mision\\\/#breadcrumb\"},\"inLanguage\":\"es\",\"potentialAction\":[{\"@type\":\"ReadAction\",\"target\":[\"https:\\\/\\\/interamerica.org\\\/es\\\/2023\\\/10\\\/reenfoque-en-la-mision\\\/\"]}]},{\"@type\":\"ImageObject\",\"inLanguage\":\"es\",\"@id\":\"https:\\\/\\\/interamerica.org\\\/es\\\/2023\\\/10\\\/reenfoque-en-la-mision\\\/#primaryimage\",\"url\":\"https:\\\/\\\/interamerica.org\\\/wp-content\\\/uploads\\\/2023\\\/10\\\/mission-refocus-1280.jpg\",\"contentUrl\":\"https:\\\/\\\/interamerica.org\\\/wp-content\\\/uploads\\\/2023\\\/10\\\/mission-refocus-1280.jpg\",\"width\":1280,\"height\":800},{\"@type\":\"BreadcrumbList\",\"@id\":\"https:\\\/\\\/interamerica.org\\\/es\\\/2023\\\/10\\\/reenfoque-en-la-mision\\\/#breadcrumb\",\"itemListElement\":[{\"@type\":\"ListItem\",\"position\":1,\"name\":\"Home\",\"item\":\"https:\\\/\\\/interamerica.org\\\/es\\\/\"},{\"@type\":\"ListItem\",\"position\":2,\"name\":\"Reenfoque en la Misi\u00f3n\"}]},{\"@type\":\"WebSite\",\"@id\":\"https:\\\/\\\/interamerica.org\\\/es\\\/#website\",\"url\":\"https:\\\/\\\/interamerica.org\\\/es\\\/\",\"name\":\"Iglesia Adventista del S\u00e9ptimo D\u00eda - Divisi\u00f3n Interamericana\",\"description\":\"\",\"potentialAction\":[{\"@type\":\"SearchAction\",\"target\":{\"@type\":\"EntryPoint\",\"urlTemplate\":\"https:\\\/\\\/interamerica.org\\\/es\\\/?s={search_term_string}\"},\"query-input\":{\"@type\":\"PropertyValueSpecification\",\"valueRequired\":true,\"valueName\":\"search_term_string\"}}],\"inLanguage\":\"es\"},{\"@type\":\"Person\",\"@id\":\"https:\\\/\\\/interamerica.org\\\/es\\\/#\\\/schema\\\/person\\\/29998f2bc2d8bd0d38662909289b54f1\",\"name\":\"libna\",\"image\":{\"@type\":\"ImageObject\",\"inLanguage\":\"es\",\"@id\":\"https:\\\/\\\/secure.gravatar.com\\\/avatar\\\/7c5bd30ae4b47a9ba3c856590957fd1d96dc588bf3ac05719d247e126840331f?s=96&d=mm&r=g\",\"url\":\"https:\\\/\\\/secure.gravatar.com\\\/avatar\\\/7c5bd30ae4b47a9ba3c856590957fd1d96dc588bf3ac05719d247e126840331f?s=96&d=mm&r=g\",\"contentUrl\":\"https:\\\/\\\/secure.gravatar.com\\\/avatar\\\/7c5bd30ae4b47a9ba3c856590957fd1d96dc588bf3ac05719d247e126840331f?s=96&d=mm&r=g\",\"caption\":\"libna\"}}]}<\/script>\n<!-- \/ Yoast SEO plugin. -->","yoast_head_json":{"title":"Reenfoque en la Misi\u00f3n - Iglesia Adventista del S\u00e9ptimo D\u00eda - Divisi\u00f3n Interamericana","robots":{"index":"index","follow":"follow","max-snippet":"max-snippet:-1","max-image-preview":"max-image-preview:large","max-video-preview":"max-video-preview:-1"},"canonical":"https:\/\/interamerica.org\/es\/2023\/10\/reenfoque-en-la-mision\/","og_locale":"es_ES","og_type":"article","og_title":"Reenfoque en la Misi\u00f3n - Iglesia Adventista del S\u00e9ptimo D\u00eda - Divisi\u00f3n Interamericana","og_description":"5 de octubre del\u00a0 2023 | Silver Spring, Maryland, Estados Unidos | Ted N.C. Wilson, President de la Asociaci\u00f3n General de los Adventistas del S\u00e9ptimo D\u00eda Ahora es el momento...","og_url":"https:\/\/interamerica.org\/es\/2023\/10\/reenfoque-en-la-mision\/","og_site_name":"Iglesia Adventista del S\u00e9ptimo D\u00eda - Divisi\u00f3n Interamericana","article_published_time":"2023-10-20T20:32:41+00:00","article_modified_time":"2023-10-20T21:34:33+00:00","og_image":[{"width":1280,"height":800,"url":"https:\/\/interamerica.org\/wp-content\/uploads\/2023\/10\/mission-refocus-1280.jpg","type":"image\/jpeg"}],"author":"libna","twitter_card":"summary_large_image","twitter_misc":{"Escrito por":"libna","Tiempo de lectura":"5 minutos"},"schema":{"@context":"https:\/\/schema.org","@graph":[{"@type":"Article","@id":"https:\/\/interamerica.org\/es\/2023\/10\/reenfoque-en-la-mision\/#article","isPartOf":{"@id":"https:\/\/interamerica.org\/es\/2023\/10\/reenfoque-en-la-mision\/"},"author":{"name":"libna","@id":"https:\/\/interamerica.org\/es\/#\/schema\/person\/29998f2bc2d8bd0d38662909289b54f1"},"headline":"Reenfoque en la Misi\u00f3n","datePublished":"2023-10-20T20:32:41+00:00","dateModified":"2023-10-20T21:34:33+00:00","mainEntityOfPage":{"@id":"https:\/\/interamerica.org\/es\/2023\/10\/reenfoque-en-la-mision\/"},"wordCount":1049,"image":{"@id":"https:\/\/interamerica.org\/es\/2023\/10\/reenfoque-en-la-mision\/#primaryimage"},"thumbnailUrl":"https:\/\/interamerica.org\/wp-content\/uploads\/2023\/10\/mission-refocus-1280.jpg","articleSection":["Desde la iglesia mundial","RSS Espa\u00f1ol"],"inLanguage":"es"},{"@type":"WebPage","@id":"https:\/\/interamerica.org\/es\/2023\/10\/reenfoque-en-la-mision\/","url":"https:\/\/interamerica.org\/es\/2023\/10\/reenfoque-en-la-mision\/","name":"Reenfoque en la Misi\u00f3n - Iglesia Adventista del S\u00e9ptimo D\u00eda - Divisi\u00f3n Interamericana","isPartOf":{"@id":"https:\/\/interamerica.org\/es\/#website"},"primaryImageOfPage":{"@id":"https:\/\/interamerica.org\/es\/2023\/10\/reenfoque-en-la-mision\/#primaryimage"},"image":{"@id":"https:\/\/interamerica.org\/es\/2023\/10\/reenfoque-en-la-mision\/#primaryimage"},"thumbnailUrl":"https:\/\/interamerica.org\/wp-content\/uploads\/2023\/10\/mission-refocus-1280.jpg","datePublished":"2023-10-20T20:32:41+00:00","dateModified":"2023-10-20T21:34:33+00:00","author":{"@id":"https:\/\/interamerica.org\/es\/#\/schema\/person\/29998f2bc2d8bd0d38662909289b54f1"},"breadcrumb":{"@id":"https:\/\/interamerica.org\/es\/2023\/10\/reenfoque-en-la-mision\/#breadcrumb"},"inLanguage":"es","potentialAction":[{"@type":"ReadAction","target":["https:\/\/interamerica.org\/es\/2023\/10\/reenfoque-en-la-mision\/"]}]},{"@type":"ImageObject","inLanguage":"es","@id":"https:\/\/interamerica.org\/es\/2023\/10\/reenfoque-en-la-mision\/#primaryimage","url":"https:\/\/interamerica.org\/wp-content\/uploads\/2023\/10\/mission-refocus-1280.jpg","contentUrl":"https:\/\/interamerica.org\/wp-content\/uploads\/2023\/10\/mission-refocus-1280.jpg","width":1280,"height":800},{"@type":"BreadcrumbList","@id":"https:\/\/interamerica.org\/es\/2023\/10\/reenfoque-en-la-mision\/#breadcrumb","itemListElement":[{"@type":"ListItem","position":1,"name":"Home","item":"https:\/\/interamerica.org\/es\/"},{"@type":"ListItem","position":2,"name":"Reenfoque en la Misi\u00f3n"}]},{"@type":"WebSite","@id":"https:\/\/interamerica.org\/es\/#website","url":"https:\/\/interamerica.org\/es\/","name":"Iglesia Adventista del S\u00e9ptimo D\u00eda - Divisi\u00f3n Interamericana","description":"","potentialAction":[{"@type":"SearchAction","target":{"@type":"EntryPoint","urlTemplate":"https:\/\/interamerica.org\/es\/?s={search_term_string}"},"query-input":{"@type":"PropertyValueSpecification","valueRequired":true,"valueName":"search_term_string"}}],"inLanguage":"es"},{"@type":"Person","@id":"https:\/\/interamerica.org\/es\/#\/schema\/person\/29998f2bc2d8bd0d38662909289b54f1","name":"libna","image":{"@type":"ImageObject","inLanguage":"es","@id":"https:\/\/secure.gravatar.com\/avatar\/7c5bd30ae4b47a9ba3c856590957fd1d96dc588bf3ac05719d247e126840331f?s=96&d=mm&r=g","url":"https:\/\/secure.gravatar.com\/avatar\/7c5bd30ae4b47a9ba3c856590957fd1d96dc588bf3ac05719d247e126840331f?s=96&d=mm&r=g","contentUrl":"https:\/\/secure.gravatar.com\/avatar\/7c5bd30ae4b47a9ba3c856590957fd1d96dc588bf3ac05719d247e126840331f?s=96&d=mm&r=g","caption":"libna"}}]}},"_links":{"self":[{"href":"https:\/\/interamerica.org\/es\/wp-json\/wp\/v2\/posts\/104967","targetHints":{"allow":["GET"]}}],"collection":[{"href":"https:\/\/interamerica.org\/es\/wp-json\/wp\/v2\/posts"}],"about":[{"href":"https:\/\/interamerica.org\/es\/wp-json\/wp\/v2\/types\/post"}],"author":[{"embeddable":true,"href":"https:\/\/interamerica.org\/es\/wp-json\/wp\/v2\/users\/3"}],"replies":[{"embeddable":true,"href":"https:\/\/interamerica.org\/es\/wp-json\/wp\/v2\/comments?post=104967"}],"version-history":[{"count":0,"href":"https:\/\/interamerica.org\/es\/wp-json\/wp\/v2\/posts\/104967\/revisions"}],"wp:featuredmedia":[{"embeddable":true,"href":"https:\/\/interamerica.org\/es\/wp-json\/wp\/v2\/media\/105020"}],"wp:attachment":[{"href":"https:\/\/interamerica.org\/es\/wp-json\/wp\/v2\/media?parent=104967"}],"wp:term":[{"taxonomy":"category","embeddable":true,"href":"https:\/\/interamerica.org\/es\/wp-json\/wp\/v2\/categories?post=104967"},{"taxonomy":"post_tag","embeddable":true,"href":"https:\/\/interamerica.org\/es\/wp-json\/wp\/v2\/tags?post=104967"}],"curies":[{"name":"wp","href":"https:\/\/api.w.org\/{rel}","templated":true}]}}