{"id":10498,"date":"2005-04-19T00:00:00","date_gmt":"2005-04-19T04:00:00","guid":{"rendered":"http:\/\/192.81.217.108\/interamerica\/2005\/04\/iglesia-mundial-proyecto-elias-involucra-a-miles-de-jovenes-en-ministerio\/"},"modified":"2017-06-02T09:17:32","modified_gmt":"2017-06-02T13:17:32","slug":"iglesia-mundial-proyecto-elias-involucra-a-miles-de-jovenes-en-ministerio","status":"publish","type":"post","link":"https:\/\/interamerica.org\/es\/2005\/04\/iglesia-mundial-proyecto-elias-involucra-a-miles-de-jovenes-en-ministerio\/","title":{"rendered":"Iglesia Mundial: Proyecto El\u00edas Involucra a Miles de J\u00f3venes en Ministerio\u00a0"},"content":{"rendered":"<\/p>\n<p>Silver Spring, Maryland, Estados Unidos &#8230;. [Wendi Rogers\/ANN] <\/p>\n<p>Elevando el reto de implicar m\u00e1s j\u00f3venes en la misi\u00f3n de la iglesia Adventista del S\u00e9ptimo D\u00eda, la sede mundial de la iglesia adventista, Servicios Laicos e Industrias Adventistas &#8211; ASI &#8211; se han asociado en una iniciativa global para testificar, hasta ahora, ha captado la atenci\u00f3n de m\u00e1s de 600,000 j\u00f3venes entre las edades de 15 a 30 a\u00f1os.<\/p>\n<p>Durante el pr\u00f3ximo a\u00f1o y medio, cerca de 19,900 campa\u00f1as \u00abVoz de la Juventud\u00bb, o series de evangelismo, son programadas para ser realizadas por j\u00f3venes en las 13 regiones mundiales de la iglesia como parte del Proyecto El\u00edas.<\/p>\n<p>La idea del proyecto surgi\u00f3 al saberse los resultados de una encuesta en Estados Unidos llevada a cabo por un per\u00edodo de 10 a\u00f1os, la cual revel\u00f3 que una de las razones por las que los j\u00f3venes abandonan la iglesia es por falta de participaci\u00f3n en funciones de la iglesia, dice Alfredo Garc\u00eda Marenko, director asociado juvenil para la iglesia mundial. Aunque esto no es el caso en todo el mundo, hay muchas regiones de la iglesia que se enfrentan a este problema. <\/p>\n<p>\u00abLa encuesta fue suficiente para mostrar que la juventud desea involucrarse. &#8230;Nuestro reto es involucrarlos\u00bb, dice Garc\u00eda Marenko. \u00abHe descubierto que los j\u00f3venes se gozan en ser parte de un plan de considerable significado. <\/p>\n<p>Tambi\u00e9n de conformar un equipo ganador con grandes resultados para Dios. Pienso que estamos en la direcci\u00f3n correcta, y conf\u00edo que obtendremos grandes resultados\u00bb. \u00abCuando los j\u00f3venes predican el mensaje adventista, ellos permanecen en la Iglesia Adventista del S\u00e9ptimo D\u00eda &#8212; cuando les responsabilizamos con el mensaje\u00bb, dijo Mark Finley, a los l\u00edderes de la iglesia el 13 de abril en la Reuni\u00f3n de Primavera, una de las dos reuniones anuales de negocio de la iglesia. Mark Finly es director del Centro Para Evangelismo Global de la Iglesia Adventista del S\u00e9ptimo D\u00eda mundial. <\/p>\n<p>Garc\u00eda Marenko dice adem\u00e1s, \u00abEl Proyecto El\u00edas es precisamente el plan de acci\u00f3n para enlistar a los j\u00f3venes de la iglesia para que participen en la misi\u00f3n de la iglesia. [Y], ellos est\u00e1n respondiendo. El mejor cuadro que observo es que todas [las regiones mundiales de la iglesia], han reaccionado organizando campa\u00f1as dirigidas por los j\u00f3venes en sus territorios\u00bb. <\/p>\n<p>Hay varias razones para implicar a la juventud, dice Denzil McNeilus, ex-presidente de ASI y colaborador conjunto del proyecto. \u00abLa raz\u00f3n primordial, de hecho, es propagar el mensaje. La segunda raz\u00f3n es evidente cuando los j\u00f3venes presentan el mensaje; jam\u00e1s son los mismos de all\u00ed en adelante. El mensaje llega a ser real para ellos\u00bb. <\/p>\n<p>McNeilus ha visto a los j\u00f3venes trabajando para la iglesia: \u00abHemos estado envueltos en el programa &#8216;Juventud para Cristo&#8217; con ASI durante los seis veranos pasados\u00bb, explica \u00e9l, hablando del esfuerzo llevado a cabo en conjunto con la convenci\u00f3n anual de ASI en EE.UU. Cada verano, los j\u00f3venes concentran su labor evangel\u00edstica en el \u00e1rea metropolitana donde se realizar\u00e1 la convenci\u00f3n, yendo de puerta en puerta y teniendo reuniones vespertinas por varias semanas. \u00abHa sido una experiencia sobresaliente&#8211;no s\u00f3lo para los j\u00f3venes, sino tambi\u00e9n para las personas que han contactado\u00bb. <\/p>\n<p>Garc\u00eda Marenko dice que originalmente, la idea fue tener 7,000 campa\u00f1as en todo el mundo, sin embargo, esa cantidad se ha m\u00e1s que duplicado. Recursos, los cuales incluyen un DVD y un libro que los j\u00f3venes usar\u00e1n para ayudarles en sus presentaciones en p\u00fablico, han sido traducidos a 33 idiomas. <\/p>\n<p>Aunque el blanco primordial del proyecto es propagar la palabra de Dios, la Comisi\u00f3n del Proyecto El\u00edas afirma que ellos est\u00e1n \u00abconvencidos de que si los j\u00f3venes est\u00e1n activamente involucrados en el servicio, sus propias mentes ser\u00e1n colmadas con la verdad de la palabra de Dios\u00bb. <\/p>\n<p>El Proyecto El\u00edas es un esfuerzo de cooperaci\u00f3n conjunta de ASI, el Centro Para Evangelismo Global, Ministerios Personales\/Escuela Sab\u00e1tica y el Departamento de J\u00f3venes, tres oficinas y departamentos mundiales de la iglesia. <\/p>\n<p>Las iglesias locales de las regiones, interesadas en participar en el Proyecto El\u00edas, pueden comunicarse con sus directores juveniles locales, dice Alfredo Garc\u00eda Marenko.<\/p>\n<p><p><strong>Copyright \u00a9 2005 por Adventist News Network <\/strong><\/p><\/p>\n","protected":false},"excerpt":{"rendered":"<p>Elevando el reto de implicar m\u00e1s j\u00f3venes en la misi\u00f3n de la iglesia Adventista del S\u00e9ptimo D\u00eda, la sede mundial, Servicios Laicos e Industrias Adventistas(ASI)se asocian en iniciativa global&#8230;<\/p>\n","protected":false},"author":1,"featured_media":0,"comment_status":"closed","ping_status":"closed","sticky":false,"template":"","format":"standard","meta":{"_acf_changed":false,"footnotes":""},"categories":[8],"tags":[],"class_list":["post-10498","post","type-post","status-publish","format-standard","hentry","category-archivo"],"acf":[],"yoast_head":"<!-- This site is optimized with the Yoast SEO plugin v27.3 - https:\/\/yoast.com\/product\/yoast-seo-wordpress\/ -->\n<title>Iglesia Mundial: Proyecto El\u00edas Involucra a Miles de J\u00f3venes en Ministerio\u00a0 - Iglesia Adventista del S\u00e9ptimo D\u00eda - Divisi\u00f3n Interamericana<\/title>\n<meta name=\"robots\" content=\"index, follow, max-snippet:-1, max-image-preview:large, max-video-preview:-1\" \/>\n<link rel=\"canonical\" href=\"https:\/\/interamerica.org\/es\/2005\/04\/iglesia-mundial-proyecto-elias-involucra-a-miles-de-jovenes-en-ministerio\/\" \/>\n<meta property=\"og:locale\" content=\"es_ES\" \/>\n<meta property=\"og:type\" content=\"article\" \/>\n<meta property=\"og:title\" content=\"Iglesia Mundial: Proyecto El\u00edas Involucra a Miles de J\u00f3venes en Ministerio\u00a0 - Iglesia Adventista del S\u00e9ptimo D\u00eda - Divisi\u00f3n Interamericana\" \/>\n<meta property=\"og:description\" content=\"Elevando el reto de implicar m\u00e1s j\u00f3venes en la misi\u00f3n de la iglesia Adventista del S\u00e9ptimo D\u00eda, la sede mundial, Servicios Laicos e Industrias Adventistas(ASI)se asocian en iniciativa global...\" \/>\n<meta property=\"og:url\" content=\"https:\/\/interamerica.org\/es\/2005\/04\/iglesia-mundial-proyecto-elias-involucra-a-miles-de-jovenes-en-ministerio\/\" \/>\n<meta property=\"og:site_name\" content=\"Iglesia Adventista del S\u00e9ptimo D\u00eda - Divisi\u00f3n Interamericana\" \/>\n<meta property=\"article:published_time\" content=\"2005-04-19T04:00:00+00:00\" \/>\n<meta property=\"article:modified_time\" content=\"2017-06-02T13:17:32+00:00\" \/>\n<meta name=\"author\" content=\"Lorenzo Verduzco\" \/>\n<meta name=\"twitter:card\" content=\"summary_large_image\" \/>\n<meta name=\"twitter:label1\" content=\"Escrito por\" \/>\n\t<meta name=\"twitter:data1\" content=\"Lorenzo Verduzco\" \/>\n\t<meta name=\"twitter:label2\" content=\"Tiempo de lectura\" \/>\n\t<meta name=\"twitter:data2\" content=\"4 minutos\" \/>\n<script type=\"application\/ld+json\" class=\"yoast-schema-graph\">{\"@context\":\"https:\\\/\\\/schema.org\",\"@graph\":[{\"@type\":\"Article\",\"@id\":\"https:\\\/\\\/interamerica.org\\\/es\\\/2005\\\/04\\\/iglesia-mundial-proyecto-elias-involucra-a-miles-de-jovenes-en-ministerio\\\/#article\",\"isPartOf\":{\"@id\":\"https:\\\/\\\/interamerica.org\\\/es\\\/2005\\\/04\\\/iglesia-mundial-proyecto-elias-involucra-a-miles-de-jovenes-en-ministerio\\\/\"},\"author\":{\"name\":\"Lorenzo Verduzco\",\"@id\":\"https:\\\/\\\/interamerica.org\\\/es\\\/#\\\/schema\\\/person\\\/68ede8bdc292885bb76c1e3810e73c39\"},\"headline\":\"Iglesia Mundial: Proyecto El\u00edas Involucra a Miles de J\u00f3venes en Ministerio\u00a0\",\"datePublished\":\"2005-04-19T04:00:00+00:00\",\"dateModified\":\"2017-06-02T13:17:32+00:00\",\"mainEntityOfPage\":{\"@id\":\"https:\\\/\\\/interamerica.org\\\/es\\\/2005\\\/04\\\/iglesia-mundial-proyecto-elias-involucra-a-miles-de-jovenes-en-ministerio\\\/\"},\"wordCount\":753,\"articleSection\":[\"Archivo\"],\"inLanguage\":\"es\"},{\"@type\":\"WebPage\",\"@id\":\"https:\\\/\\\/interamerica.org\\\/es\\\/2005\\\/04\\\/iglesia-mundial-proyecto-elias-involucra-a-miles-de-jovenes-en-ministerio\\\/\",\"url\":\"https:\\\/\\\/interamerica.org\\\/es\\\/2005\\\/04\\\/iglesia-mundial-proyecto-elias-involucra-a-miles-de-jovenes-en-ministerio\\\/\",\"name\":\"Iglesia Mundial: Proyecto El\u00edas Involucra a Miles de J\u00f3venes en Ministerio\u00a0 - Iglesia Adventista del S\u00e9ptimo D\u00eda - Divisi\u00f3n Interamericana\",\"isPartOf\":{\"@id\":\"https:\\\/\\\/interamerica.org\\\/es\\\/#website\"},\"datePublished\":\"2005-04-19T04:00:00+00:00\",\"dateModified\":\"2017-06-02T13:17:32+00:00\",\"author\":{\"@id\":\"https:\\\/\\\/interamerica.org\\\/es\\\/#\\\/schema\\\/person\\\/68ede8bdc292885bb76c1e3810e73c39\"},\"breadcrumb\":{\"@id\":\"https:\\\/\\\/interamerica.org\\\/es\\\/2005\\\/04\\\/iglesia-mundial-proyecto-elias-involucra-a-miles-de-jovenes-en-ministerio\\\/#breadcrumb\"},\"inLanguage\":\"es\",\"potentialAction\":[{\"@type\":\"ReadAction\",\"target\":[\"https:\\\/\\\/interamerica.org\\\/es\\\/2005\\\/04\\\/iglesia-mundial-proyecto-elias-involucra-a-miles-de-jovenes-en-ministerio\\\/\"]}]},{\"@type\":\"BreadcrumbList\",\"@id\":\"https:\\\/\\\/interamerica.org\\\/es\\\/2005\\\/04\\\/iglesia-mundial-proyecto-elias-involucra-a-miles-de-jovenes-en-ministerio\\\/#breadcrumb\",\"itemListElement\":[{\"@type\":\"ListItem\",\"position\":1,\"name\":\"Home\",\"item\":\"https:\\\/\\\/interamerica.org\\\/es\\\/\"},{\"@type\":\"ListItem\",\"position\":2,\"name\":\"Iglesia Mundial: Proyecto El\u00edas Involucra a Miles de J\u00f3venes en Ministerio\u00a0\"}]},{\"@type\":\"WebSite\",\"@id\":\"https:\\\/\\\/interamerica.org\\\/es\\\/#website\",\"url\":\"https:\\\/\\\/interamerica.org\\\/es\\\/\",\"name\":\"Iglesia Adventista del S\u00e9ptimo D\u00eda - Divisi\u00f3n Interamericana\",\"description\":\"\",\"potentialAction\":[{\"@type\":\"SearchAction\",\"target\":{\"@type\":\"EntryPoint\",\"urlTemplate\":\"https:\\\/\\\/interamerica.org\\\/es\\\/?s={search_term_string}\"},\"query-input\":{\"@type\":\"PropertyValueSpecification\",\"valueRequired\":true,\"valueName\":\"search_term_string\"}}],\"inLanguage\":\"es\"},{\"@type\":\"Person\",\"@id\":\"https:\\\/\\\/interamerica.org\\\/es\\\/#\\\/schema\\\/person\\\/68ede8bdc292885bb76c1e3810e73c39\",\"name\":\"Lorenzo Verduzco\",\"image\":{\"@type\":\"ImageObject\",\"inLanguage\":\"es\",\"@id\":\"https:\\\/\\\/secure.gravatar.com\\\/avatar\\\/fb81a55b6218459490a9c1dc841a34909185b81904c5337b4b27f7a6fd60c49e?s=96&d=mm&r=g\",\"url\":\"https:\\\/\\\/secure.gravatar.com\\\/avatar\\\/fb81a55b6218459490a9c1dc841a34909185b81904c5337b4b27f7a6fd60c49e?s=96&d=mm&r=g\",\"contentUrl\":\"https:\\\/\\\/secure.gravatar.com\\\/avatar\\\/fb81a55b6218459490a9c1dc841a34909185b81904c5337b4b27f7a6fd60c49e?s=96&d=mm&r=g\",\"caption\":\"Lorenzo Verduzco\"}}]}<\/script>\n<!-- \/ Yoast SEO plugin. -->","yoast_head_json":{"title":"Iglesia Mundial: Proyecto El\u00edas Involucra a Miles de J\u00f3venes en Ministerio\u00a0 - Iglesia Adventista del S\u00e9ptimo D\u00eda - Divisi\u00f3n Interamericana","robots":{"index":"index","follow":"follow","max-snippet":"max-snippet:-1","max-image-preview":"max-image-preview:large","max-video-preview":"max-video-preview:-1"},"canonical":"https:\/\/interamerica.org\/es\/2005\/04\/iglesia-mundial-proyecto-elias-involucra-a-miles-de-jovenes-en-ministerio\/","og_locale":"es_ES","og_type":"article","og_title":"Iglesia Mundial: Proyecto El\u00edas Involucra a Miles de J\u00f3venes en Ministerio\u00a0 - Iglesia Adventista del S\u00e9ptimo D\u00eda - Divisi\u00f3n Interamericana","og_description":"Elevando el reto de implicar m\u00e1s j\u00f3venes en la misi\u00f3n de la iglesia Adventista del S\u00e9ptimo D\u00eda, la sede mundial, Servicios Laicos e Industrias Adventistas(ASI)se asocian en iniciativa global...","og_url":"https:\/\/interamerica.org\/es\/2005\/04\/iglesia-mundial-proyecto-elias-involucra-a-miles-de-jovenes-en-ministerio\/","og_site_name":"Iglesia Adventista del S\u00e9ptimo D\u00eda - Divisi\u00f3n Interamericana","article_published_time":"2005-04-19T04:00:00+00:00","article_modified_time":"2017-06-02T13:17:32+00:00","author":"Lorenzo Verduzco","twitter_card":"summary_large_image","twitter_misc":{"Escrito por":"Lorenzo Verduzco","Tiempo de lectura":"4 minutos"},"schema":{"@context":"https:\/\/schema.org","@graph":[{"@type":"Article","@id":"https:\/\/interamerica.org\/es\/2005\/04\/iglesia-mundial-proyecto-elias-involucra-a-miles-de-jovenes-en-ministerio\/#article","isPartOf":{"@id":"https:\/\/interamerica.org\/es\/2005\/04\/iglesia-mundial-proyecto-elias-involucra-a-miles-de-jovenes-en-ministerio\/"},"author":{"name":"Lorenzo Verduzco","@id":"https:\/\/interamerica.org\/es\/#\/schema\/person\/68ede8bdc292885bb76c1e3810e73c39"},"headline":"Iglesia Mundial: Proyecto El\u00edas Involucra a Miles de J\u00f3venes en Ministerio\u00a0","datePublished":"2005-04-19T04:00:00+00:00","dateModified":"2017-06-02T13:17:32+00:00","mainEntityOfPage":{"@id":"https:\/\/interamerica.org\/es\/2005\/04\/iglesia-mundial-proyecto-elias-involucra-a-miles-de-jovenes-en-ministerio\/"},"wordCount":753,"articleSection":["Archivo"],"inLanguage":"es"},{"@type":"WebPage","@id":"https:\/\/interamerica.org\/es\/2005\/04\/iglesia-mundial-proyecto-elias-involucra-a-miles-de-jovenes-en-ministerio\/","url":"https:\/\/interamerica.org\/es\/2005\/04\/iglesia-mundial-proyecto-elias-involucra-a-miles-de-jovenes-en-ministerio\/","name":"Iglesia Mundial: Proyecto El\u00edas Involucra a Miles de J\u00f3venes en Ministerio\u00a0 - Iglesia Adventista del S\u00e9ptimo D\u00eda - Divisi\u00f3n Interamericana","isPartOf":{"@id":"https:\/\/interamerica.org\/es\/#website"},"datePublished":"2005-04-19T04:00:00+00:00","dateModified":"2017-06-02T13:17:32+00:00","author":{"@id":"https:\/\/interamerica.org\/es\/#\/schema\/person\/68ede8bdc292885bb76c1e3810e73c39"},"breadcrumb":{"@id":"https:\/\/interamerica.org\/es\/2005\/04\/iglesia-mundial-proyecto-elias-involucra-a-miles-de-jovenes-en-ministerio\/#breadcrumb"},"inLanguage":"es","potentialAction":[{"@type":"ReadAction","target":["https:\/\/interamerica.org\/es\/2005\/04\/iglesia-mundial-proyecto-elias-involucra-a-miles-de-jovenes-en-ministerio\/"]}]},{"@type":"BreadcrumbList","@id":"https:\/\/interamerica.org\/es\/2005\/04\/iglesia-mundial-proyecto-elias-involucra-a-miles-de-jovenes-en-ministerio\/#breadcrumb","itemListElement":[{"@type":"ListItem","position":1,"name":"Home","item":"https:\/\/interamerica.org\/es\/"},{"@type":"ListItem","position":2,"name":"Iglesia Mundial: Proyecto El\u00edas Involucra a Miles de J\u00f3venes en Ministerio\u00a0"}]},{"@type":"WebSite","@id":"https:\/\/interamerica.org\/es\/#website","url":"https:\/\/interamerica.org\/es\/","name":"Iglesia Adventista del S\u00e9ptimo D\u00eda - Divisi\u00f3n Interamericana","description":"","potentialAction":[{"@type":"SearchAction","target":{"@type":"EntryPoint","urlTemplate":"https:\/\/interamerica.org\/es\/?s={search_term_string}"},"query-input":{"@type":"PropertyValueSpecification","valueRequired":true,"valueName":"search_term_string"}}],"inLanguage":"es"},{"@type":"Person","@id":"https:\/\/interamerica.org\/es\/#\/schema\/person\/68ede8bdc292885bb76c1e3810e73c39","name":"Lorenzo Verduzco","image":{"@type":"ImageObject","inLanguage":"es","@id":"https:\/\/secure.gravatar.com\/avatar\/fb81a55b6218459490a9c1dc841a34909185b81904c5337b4b27f7a6fd60c49e?s=96&d=mm&r=g","url":"https:\/\/secure.gravatar.com\/avatar\/fb81a55b6218459490a9c1dc841a34909185b81904c5337b4b27f7a6fd60c49e?s=96&d=mm&r=g","contentUrl":"https:\/\/secure.gravatar.com\/avatar\/fb81a55b6218459490a9c1dc841a34909185b81904c5337b4b27f7a6fd60c49e?s=96&d=mm&r=g","caption":"Lorenzo Verduzco"}}]}},"_links":{"self":[{"href":"https:\/\/interamerica.org\/es\/wp-json\/wp\/v2\/posts\/10498","targetHints":{"allow":["GET"]}}],"collection":[{"href":"https:\/\/interamerica.org\/es\/wp-json\/wp\/v2\/posts"}],"about":[{"href":"https:\/\/interamerica.org\/es\/wp-json\/wp\/v2\/types\/post"}],"author":[{"embeddable":true,"href":"https:\/\/interamerica.org\/es\/wp-json\/wp\/v2\/users\/1"}],"replies":[{"embeddable":true,"href":"https:\/\/interamerica.org\/es\/wp-json\/wp\/v2\/comments?post=10498"}],"version-history":[{"count":0,"href":"https:\/\/interamerica.org\/es\/wp-json\/wp\/v2\/posts\/10498\/revisions"}],"wp:attachment":[{"href":"https:\/\/interamerica.org\/es\/wp-json\/wp\/v2\/media?parent=10498"}],"wp:term":[{"taxonomy":"category","embeddable":true,"href":"https:\/\/interamerica.org\/es\/wp-json\/wp\/v2\/categories?post=10498"},{"taxonomy":"post_tag","embeddable":true,"href":"https:\/\/interamerica.org\/es\/wp-json\/wp\/v2\/tags?post=10498"}],"curies":[{"name":"wp","href":"https:\/\/api.w.org\/{rel}","templated":true}]}}