{"id":10499,"date":"2005-04-24T00:00:00","date_gmt":"2005-04-24T04:00:00","guid":{"rendered":"http:\/\/192.81.217.108\/interamerica\/2005\/04\/el-papado-en-transicion\/"},"modified":"2017-06-02T09:17:31","modified_gmt":"2017-06-02T13:17:31","slug":"el-papado-en-transicion","status":"publish","type":"post","link":"https:\/\/interamerica.org\/es\/2005\/04\/el-papado-en-transicion\/","title":{"rendered":"El Papado en Transici\u00f3n"},"content":{"rendered":"<p>Por William G. Johnsson<\/p>\n<p>Tanto se ha escrito sobre el finado papa Juan Pablo II que, es superfluo a\u00f1adir m\u00e1s comentarios. Su vida, trabajo e influencia han sido analizados extensamente; no hay nada que alguien podr\u00eda agregar. En los puntos que expongo a continuaci\u00f3n intento expresar una perspectiva personal, no oficial sobre el Papado al pasar de uno de sus m\u00e1s poderosos dirigentes a un nuevo pont\u00edfice. <\/p>\n<p>Primero, una palabra a aquellos cat\u00f3licos romanos que leer\u00e1n este editorial. Algunos adventistas del s\u00e9ptimo d\u00eda, con m\u00e1s celo que amor, se han apoyado en la muerte del papa para lanzar ataques virulentos contra los cat\u00f3licos. Estas personas representan un grupo min\u00fasculo de la iglesia adventista, pero vociferador, que ve su misi\u00f3n como publicar anuncios period\u00edsticos y erigir carteles denunciando a los cat\u00f3licos. Al hacer esto, consternan y lastiman a los adherentes de la fe a la cual se oponen. <\/p>\n<p>Los adventistas del s\u00e9ptimo d\u00eda tienen un mensaje positivo para el mundo. Creemos que el se\u00f1or nos levant\u00f3 para proclamar el \u00abevangelio eterno\u00bb a todos los que moran en la tierra, a toda tribu, lengua y pueblo &#8212; decir a todas las naciones que ha llegado la hora del juicio de Dios y de adorar, al Creador y Se\u00f1or de todo\u00bb (Apoc. 14:6, 7). No estamos, principalmente, contra ninguna persona o cosa- estamos por Jesucristo y la salvaci\u00f3n gratuita que \u00e9l ofrece. <\/p>\n<p>Los adventistas que siguen un curso negativo, deben aprender de sus hermanos y hermanas en Sudam\u00e9rica. En esa regi\u00f3n, donde nuestra iglesia mundial tiene su mayor fuerza y contin\u00faa creciendo a brincos y saltos, los adventistas adoptan un acercamiento positivo hacia sus vecinos quienes, en su mayor\u00eda, son cat\u00f3licos romanos. Al actuar as\u00ed, siguen los consejos de Elena White, quien escribi\u00f3 sobre la sinceridad individual de los cat\u00f3licos y de c\u00f3mo compartir, lo mejor posible, nuestro mensaje con ellos.* <\/p>\n<p>Ahora, una palabra a los adventistas en general. \u00bfEst\u00e1n abiertos nuestros ojos para ver y entender los asombrosos acontecimientos de las \u00faltimas semanas? En toda la historia del papado no se ha dominado tanto la atenci\u00f3n universal como en estos d\u00edas. La cobertura sin precedente por los medios noticiosos de los \u00faltimos d\u00edas y los servicios funerales de Juan Pablo II, y la elecci\u00f3n de su sucesor; la reacci\u00f3n mundial a la muerte del papa, con las banderas izadas a media asta, y aun la Cuba comunista declarando tres d\u00edas de luto; el cuadro de tres presidentes de los Estados Unidos arrodill\u00e1ndose frente al f\u00e9retro; el funeral en una escala de poderoso monarca (y muy por encima de la del Fundador del Cristianismo)&#8211;si todo esto no nos despierta, \u00bfqu\u00e9 lo har\u00e1? <\/p>\n<p>Los adventistas, basados en las profec\u00edas de Daniel y Apocalipsis, por mucho tiempo han predicho que el Papado jugar\u00e1 un gran papel en los eventos del tiempo del fin. En el transcurso de los a\u00f1os, algunos de nosotros hemos arrojado dudas sobre esa interpretaci\u00f3n: argu\u00edan que el Papado estaba perdiendo su influencia, que alg\u00fan otro poder &#8211;primero, el comunismo; m\u00e1s recientemente, el islamismo se ajusta al escenario b\u00edblico.<\/p>\n<p>Estaban equivocados, absolutamente equivocados.    <\/p>\n<p>En estos d\u00edas de cortes\u00edas ecum\u00e9nicas pareciera ingrato se\u00f1alar en qu\u00e9 difieren los adventistas del Papado. Pero la verdad exige que lo digamos con amor, pero sin ambig\u00fcedades. <\/p>\n<p>Los adventistas del s\u00e9ptimo d\u00eda, a\u00fan somos protestantes. <\/p>\n<p>Protestamos, como protestaron Mart\u00edn Lutero y otros reformadores, porque cuanto m\u00e1s Roma cambia, m\u00e1s permanece igual. <\/p>\n<p>Protestamos la instituci\u00f3n de un sacerdocio humano, cuando las Escrituras ense\u00f1an que Uno s\u00f3lo est\u00e1 calificado para ser nuestro Sacerdote &#8212; \u00e9l que es Hijo de Dios e Hijo del Hombre, Jesucristo. <\/p>\n<p>Protestamos el sacrificio de la misa, que contradice la ense\u00f1anza b\u00edblica de que Jes\u00fas muri\u00f3 una vez y por todas, un sacrificio simple por el pecado que nunca debe ser repetido (Heb. 9:26). <\/p>\n<p>Protestamos la exaltaci\u00f3n de Maria la madre de Jes\u00fas, mujer bendecida, pero un ser humano como todos nosotros, que en ninguna parte en la Escritura se selecciona para ser adorada. <\/p>\n<p>Protestamos la ambig\u00fcedad en el evangelio fundamental &#8212; por gracia solamente, s\u00f3lo por la fe (Eph. 2:8-10) &#8212; que el papado perpet\u00faa con su doctrina de m\u00e9ritos. <\/p>\n<p>Protestamos la uni\u00f3n del poder pol\u00edtico y el espiriual que ha caracterizado el papado por m\u00e1s de 1,500 a\u00f1os, y que es a\u00fan m\u00e1s evidente hoy. La historia demuestra que \u00e9sta es una mezcla maligna que crea opresi\u00f3n religiosa. <\/p>\n<p>Los adventistas del septimo d\u00eda somos a\u00fan protestantes. Mientras que el papado conserve estas creencias y pr\u00e1cticas, no podemos tener ninguna parte en ella. Respetamos y amamos a los cat\u00f3licos romanos individualmente; debemos protestar estas ideas por motivos de conciencia. <\/p>\n<p><strong><em>*Mensajes Selectos, tomo 3, p\u00e1g. 436, 443; Testimonios, tomo 9, p\u00e1g. 240, 241, 243.<\/em><\/strong><\/p>\n<p><strong><em>William G. Johnsson es el editor de Adventist Review (Revista Adventista en ingl\u00e9s).<\/em><\/strong> <\/p>\n","protected":false},"excerpt":{"rendered":"<p>Se ha escrito tanto sobre el finado papa Juan Pablo II que, es superfluo a\u00f1adir m\u00e1s comentarios. Su vida, trabajo e influencia han sido analizados extensamente.<\/p>\n","protected":false},"author":1,"featured_media":0,"comment_status":"closed","ping_status":"closed","sticky":false,"template":"","format":"standard","meta":{"_acf_changed":false,"footnotes":""},"categories":[8],"tags":[],"class_list":["post-10499","post","type-post","status-publish","format-standard","hentry","category-archivo"],"acf":[],"yoast_head":"<!-- This site is optimized with the Yoast SEO plugin v27.3 - https:\/\/yoast.com\/product\/yoast-seo-wordpress\/ -->\n<title>El Papado en Transici\u00f3n - Iglesia Adventista del S\u00e9ptimo D\u00eda - Divisi\u00f3n Interamericana<\/title>\n<meta name=\"robots\" content=\"index, follow, max-snippet:-1, max-image-preview:large, max-video-preview:-1\" \/>\n<link rel=\"canonical\" href=\"https:\/\/interamerica.org\/es\/2005\/04\/el-papado-en-transicion\/\" \/>\n<meta property=\"og:locale\" content=\"es_ES\" \/>\n<meta property=\"og:type\" content=\"article\" \/>\n<meta property=\"og:title\" content=\"El Papado en Transici\u00f3n - Iglesia Adventista del S\u00e9ptimo D\u00eda - Divisi\u00f3n Interamericana\" \/>\n<meta property=\"og:description\" content=\"Se ha escrito tanto sobre el finado papa Juan Pablo II que, es superfluo a\u00f1adir m\u00e1s comentarios. Su vida, trabajo e influencia han sido analizados extensamente.\" \/>\n<meta property=\"og:url\" content=\"https:\/\/interamerica.org\/es\/2005\/04\/el-papado-en-transicion\/\" \/>\n<meta property=\"og:site_name\" content=\"Iglesia Adventista del S\u00e9ptimo D\u00eda - Divisi\u00f3n Interamericana\" \/>\n<meta property=\"article:published_time\" content=\"2005-04-24T04:00:00+00:00\" \/>\n<meta property=\"article:modified_time\" content=\"2017-06-02T13:17:31+00:00\" \/>\n<meta name=\"author\" content=\"Lorenzo Verduzco\" \/>\n<meta name=\"twitter:card\" content=\"summary_large_image\" \/>\n<meta name=\"twitter:label1\" content=\"Escrito por\" \/>\n\t<meta name=\"twitter:data1\" content=\"Lorenzo Verduzco\" \/>\n\t<meta name=\"twitter:label2\" content=\"Tiempo de lectura\" \/>\n\t<meta name=\"twitter:data2\" content=\"4 minutos\" \/>\n<script type=\"application\/ld+json\" class=\"yoast-schema-graph\">{\"@context\":\"https:\\\/\\\/schema.org\",\"@graph\":[{\"@type\":\"Article\",\"@id\":\"https:\\\/\\\/interamerica.org\\\/es\\\/2005\\\/04\\\/el-papado-en-transicion\\\/#article\",\"isPartOf\":{\"@id\":\"https:\\\/\\\/interamerica.org\\\/es\\\/2005\\\/04\\\/el-papado-en-transicion\\\/\"},\"author\":{\"name\":\"Lorenzo Verduzco\",\"@id\":\"https:\\\/\\\/interamerica.org\\\/es\\\/#\\\/schema\\\/person\\\/68ede8bdc292885bb76c1e3810e73c39\"},\"headline\":\"El Papado en Transici\u00f3n\",\"datePublished\":\"2005-04-24T04:00:00+00:00\",\"dateModified\":\"2017-06-02T13:17:31+00:00\",\"mainEntityOfPage\":{\"@id\":\"https:\\\/\\\/interamerica.org\\\/es\\\/2005\\\/04\\\/el-papado-en-transicion\\\/\"},\"wordCount\":867,\"articleSection\":[\"Archivo\"],\"inLanguage\":\"es\"},{\"@type\":\"WebPage\",\"@id\":\"https:\\\/\\\/interamerica.org\\\/es\\\/2005\\\/04\\\/el-papado-en-transicion\\\/\",\"url\":\"https:\\\/\\\/interamerica.org\\\/es\\\/2005\\\/04\\\/el-papado-en-transicion\\\/\",\"name\":\"El Papado en Transici\u00f3n - Iglesia Adventista del S\u00e9ptimo D\u00eda - Divisi\u00f3n Interamericana\",\"isPartOf\":{\"@id\":\"https:\\\/\\\/interamerica.org\\\/es\\\/#website\"},\"datePublished\":\"2005-04-24T04:00:00+00:00\",\"dateModified\":\"2017-06-02T13:17:31+00:00\",\"author\":{\"@id\":\"https:\\\/\\\/interamerica.org\\\/es\\\/#\\\/schema\\\/person\\\/68ede8bdc292885bb76c1e3810e73c39\"},\"breadcrumb\":{\"@id\":\"https:\\\/\\\/interamerica.org\\\/es\\\/2005\\\/04\\\/el-papado-en-transicion\\\/#breadcrumb\"},\"inLanguage\":\"es\",\"potentialAction\":[{\"@type\":\"ReadAction\",\"target\":[\"https:\\\/\\\/interamerica.org\\\/es\\\/2005\\\/04\\\/el-papado-en-transicion\\\/\"]}]},{\"@type\":\"BreadcrumbList\",\"@id\":\"https:\\\/\\\/interamerica.org\\\/es\\\/2005\\\/04\\\/el-papado-en-transicion\\\/#breadcrumb\",\"itemListElement\":[{\"@type\":\"ListItem\",\"position\":1,\"name\":\"Home\",\"item\":\"https:\\\/\\\/interamerica.org\\\/es\\\/\"},{\"@type\":\"ListItem\",\"position\":2,\"name\":\"El Papado en Transici\u00f3n\"}]},{\"@type\":\"WebSite\",\"@id\":\"https:\\\/\\\/interamerica.org\\\/es\\\/#website\",\"url\":\"https:\\\/\\\/interamerica.org\\\/es\\\/\",\"name\":\"Iglesia Adventista del S\u00e9ptimo D\u00eda - Divisi\u00f3n Interamericana\",\"description\":\"\",\"potentialAction\":[{\"@type\":\"SearchAction\",\"target\":{\"@type\":\"EntryPoint\",\"urlTemplate\":\"https:\\\/\\\/interamerica.org\\\/es\\\/?s={search_term_string}\"},\"query-input\":{\"@type\":\"PropertyValueSpecification\",\"valueRequired\":true,\"valueName\":\"search_term_string\"}}],\"inLanguage\":\"es\"},{\"@type\":\"Person\",\"@id\":\"https:\\\/\\\/interamerica.org\\\/es\\\/#\\\/schema\\\/person\\\/68ede8bdc292885bb76c1e3810e73c39\",\"name\":\"Lorenzo Verduzco\",\"image\":{\"@type\":\"ImageObject\",\"inLanguage\":\"es\",\"@id\":\"https:\\\/\\\/secure.gravatar.com\\\/avatar\\\/fb81a55b6218459490a9c1dc841a34909185b81904c5337b4b27f7a6fd60c49e?s=96&d=mm&r=g\",\"url\":\"https:\\\/\\\/secure.gravatar.com\\\/avatar\\\/fb81a55b6218459490a9c1dc841a34909185b81904c5337b4b27f7a6fd60c49e?s=96&d=mm&r=g\",\"contentUrl\":\"https:\\\/\\\/secure.gravatar.com\\\/avatar\\\/fb81a55b6218459490a9c1dc841a34909185b81904c5337b4b27f7a6fd60c49e?s=96&d=mm&r=g\",\"caption\":\"Lorenzo Verduzco\"}}]}<\/script>\n<!-- \/ Yoast SEO plugin. -->","yoast_head_json":{"title":"El Papado en Transici\u00f3n - Iglesia Adventista del S\u00e9ptimo D\u00eda - Divisi\u00f3n Interamericana","robots":{"index":"index","follow":"follow","max-snippet":"max-snippet:-1","max-image-preview":"max-image-preview:large","max-video-preview":"max-video-preview:-1"},"canonical":"https:\/\/interamerica.org\/es\/2005\/04\/el-papado-en-transicion\/","og_locale":"es_ES","og_type":"article","og_title":"El Papado en Transici\u00f3n - Iglesia Adventista del S\u00e9ptimo D\u00eda - Divisi\u00f3n Interamericana","og_description":"Se ha escrito tanto sobre el finado papa Juan Pablo II que, es superfluo a\u00f1adir m\u00e1s comentarios. Su vida, trabajo e influencia han sido analizados extensamente.","og_url":"https:\/\/interamerica.org\/es\/2005\/04\/el-papado-en-transicion\/","og_site_name":"Iglesia Adventista del S\u00e9ptimo D\u00eda - Divisi\u00f3n Interamericana","article_published_time":"2005-04-24T04:00:00+00:00","article_modified_time":"2017-06-02T13:17:31+00:00","author":"Lorenzo Verduzco","twitter_card":"summary_large_image","twitter_misc":{"Escrito por":"Lorenzo Verduzco","Tiempo de lectura":"4 minutos"},"schema":{"@context":"https:\/\/schema.org","@graph":[{"@type":"Article","@id":"https:\/\/interamerica.org\/es\/2005\/04\/el-papado-en-transicion\/#article","isPartOf":{"@id":"https:\/\/interamerica.org\/es\/2005\/04\/el-papado-en-transicion\/"},"author":{"name":"Lorenzo Verduzco","@id":"https:\/\/interamerica.org\/es\/#\/schema\/person\/68ede8bdc292885bb76c1e3810e73c39"},"headline":"El Papado en Transici\u00f3n","datePublished":"2005-04-24T04:00:00+00:00","dateModified":"2017-06-02T13:17:31+00:00","mainEntityOfPage":{"@id":"https:\/\/interamerica.org\/es\/2005\/04\/el-papado-en-transicion\/"},"wordCount":867,"articleSection":["Archivo"],"inLanguage":"es"},{"@type":"WebPage","@id":"https:\/\/interamerica.org\/es\/2005\/04\/el-papado-en-transicion\/","url":"https:\/\/interamerica.org\/es\/2005\/04\/el-papado-en-transicion\/","name":"El Papado en Transici\u00f3n - Iglesia Adventista del S\u00e9ptimo D\u00eda - Divisi\u00f3n Interamericana","isPartOf":{"@id":"https:\/\/interamerica.org\/es\/#website"},"datePublished":"2005-04-24T04:00:00+00:00","dateModified":"2017-06-02T13:17:31+00:00","author":{"@id":"https:\/\/interamerica.org\/es\/#\/schema\/person\/68ede8bdc292885bb76c1e3810e73c39"},"breadcrumb":{"@id":"https:\/\/interamerica.org\/es\/2005\/04\/el-papado-en-transicion\/#breadcrumb"},"inLanguage":"es","potentialAction":[{"@type":"ReadAction","target":["https:\/\/interamerica.org\/es\/2005\/04\/el-papado-en-transicion\/"]}]},{"@type":"BreadcrumbList","@id":"https:\/\/interamerica.org\/es\/2005\/04\/el-papado-en-transicion\/#breadcrumb","itemListElement":[{"@type":"ListItem","position":1,"name":"Home","item":"https:\/\/interamerica.org\/es\/"},{"@type":"ListItem","position":2,"name":"El Papado en Transici\u00f3n"}]},{"@type":"WebSite","@id":"https:\/\/interamerica.org\/es\/#website","url":"https:\/\/interamerica.org\/es\/","name":"Iglesia Adventista del S\u00e9ptimo D\u00eda - Divisi\u00f3n Interamericana","description":"","potentialAction":[{"@type":"SearchAction","target":{"@type":"EntryPoint","urlTemplate":"https:\/\/interamerica.org\/es\/?s={search_term_string}"},"query-input":{"@type":"PropertyValueSpecification","valueRequired":true,"valueName":"search_term_string"}}],"inLanguage":"es"},{"@type":"Person","@id":"https:\/\/interamerica.org\/es\/#\/schema\/person\/68ede8bdc292885bb76c1e3810e73c39","name":"Lorenzo Verduzco","image":{"@type":"ImageObject","inLanguage":"es","@id":"https:\/\/secure.gravatar.com\/avatar\/fb81a55b6218459490a9c1dc841a34909185b81904c5337b4b27f7a6fd60c49e?s=96&d=mm&r=g","url":"https:\/\/secure.gravatar.com\/avatar\/fb81a55b6218459490a9c1dc841a34909185b81904c5337b4b27f7a6fd60c49e?s=96&d=mm&r=g","contentUrl":"https:\/\/secure.gravatar.com\/avatar\/fb81a55b6218459490a9c1dc841a34909185b81904c5337b4b27f7a6fd60c49e?s=96&d=mm&r=g","caption":"Lorenzo Verduzco"}}]}},"_links":{"self":[{"href":"https:\/\/interamerica.org\/es\/wp-json\/wp\/v2\/posts\/10499","targetHints":{"allow":["GET"]}}],"collection":[{"href":"https:\/\/interamerica.org\/es\/wp-json\/wp\/v2\/posts"}],"about":[{"href":"https:\/\/interamerica.org\/es\/wp-json\/wp\/v2\/types\/post"}],"author":[{"embeddable":true,"href":"https:\/\/interamerica.org\/es\/wp-json\/wp\/v2\/users\/1"}],"replies":[{"embeddable":true,"href":"https:\/\/interamerica.org\/es\/wp-json\/wp\/v2\/comments?post=10499"}],"version-history":[{"count":0,"href":"https:\/\/interamerica.org\/es\/wp-json\/wp\/v2\/posts\/10499\/revisions"}],"wp:attachment":[{"href":"https:\/\/interamerica.org\/es\/wp-json\/wp\/v2\/media?parent=10499"}],"wp:term":[{"taxonomy":"category","embeddable":true,"href":"https:\/\/interamerica.org\/es\/wp-json\/wp\/v2\/categories?post=10499"},{"taxonomy":"post_tag","embeddable":true,"href":"https:\/\/interamerica.org\/es\/wp-json\/wp\/v2\/tags?post=10499"}],"curies":[{"name":"wp","href":"https:\/\/api.w.org\/{rel}","templated":true}]}}