{"id":10500,"date":"2005-04-25T00:00:00","date_gmt":"2005-04-25T04:00:00","guid":{"rendered":"http:\/\/192.81.217.108\/interamerica\/2005\/04\/guyana-francesa-miembros-se-reunen-para-la-convencion-regional-asi\/"},"modified":"2017-06-02T09:17:30","modified_gmt":"2017-06-02T13:17:30","slug":"guyana-francesa-miembros-se-reunen-para-la-convencion-regional-asi","status":"publish","type":"post","link":"https:\/\/interamerica.org\/es\/2005\/04\/guyana-francesa-miembros-se-reunen-para-la-convencion-regional-asi\/","title":{"rendered":"Guyana Francesa: Miembros se Re\u00fanen para la Convenci\u00f3n Regional ASI"},"content":{"rendered":"<p>Cayenne, Guyana Francesa&#8230;[Libna Stevens\/Personal DIA] <\/p>\n<p>La primera Convenci\u00f3n regional de Servicios Laicos e Industrias Adventistas para el territorio franc\u00e9s de la Divisi\u00f3n Interamericana se celebr\u00f3 en la Iglesia Central de Cayenne, Guyana Francesa, del 8-10 de abril, 2005. <\/p>\n<p>Los miembros de ASI-DIA del cap\u00edtulo de Martinique viajaron a la Guyana Francesa para discutir nuevas estrategias de como dar a conocer a Jesucristo en sus negocios a trav\u00e9s de seminarios y reuniones de grupo.<\/p>\n<p>Con el tema, \u00abLos Hombres de Negocio y el D\u00eca de Reposo\u00bb (s\u00e1bado semanal), inici\u00f2 la convenci\u00f3n su sesi\u00f3n con Robert Maycock, presidente de ASI-DIA.  Maycock present\u00f3 el mensaje de apertura a m\u00e1s de 30 miembros.<\/p>\n<p>Maycock recalc\u00f3 a los asistentes la importancia del s\u00e1bado para cada persona de negocios.<\/p>\n<p>\u00abEl s\u00e1bado es un regalo de Dios\u00bb, dijo.  \u00abNecesitamos ser competidores e innovadores.  Dios expres\u00f3 que deber\u00edamos pausar y reflexionar en lo que hemos logrado durante la semana y gozar una relaci\u00f3n con Dios\u00bb.<\/p>\n<p>\u00abEl S\u00e1bado est\u00e1 arraigado en la Palabra de Dios\u00bb, continu\u00f3.<\/p>\n<p>Los miembros ASI asistieron a seminarios sobre manejo del tiempo, finanzas, legislaci\u00f3n comercial y otros.<\/p>\n<p>Esta es la primera convenci\u00f3n regional realizada en \u00ccnter Am\u00e9rica desde que ASI-DIA fue organizada en 1998, dice el pastor Le\u00f3n B. Wellington, vice presidente de la Divisi\u00f3n Interamericana y secretario de ASI para la iglesia en \u00cdnter Am\u00e9rica.<\/p>\n<p>\u00abEste a\u00f1o, en vez de realizar nuestra convenci\u00f3n anual, se decidi\u00f3 por las convenciones regionales a trav\u00e9s de todo el territorio debido a que la sesi\u00f3n de negocios de la iglesia mundial se realizar\u00e1 este verano,\u00bb dijo Wellington.<\/p>\n<p>Servicios Laicos e Industriales Adventistas de la Divisi\u00f3n Interamericana (ASI-DIA) es un cap\u00edtulo de Laicos Adventistas del S\u00e9ptimo D\u00eda, cuya membres\u00eda se compone de hombres y mujeres, y que provee recursos y educaci\u00f3n para los programas de la iglesia provenientes de sus empresas, oficinas profesionales y ministerios orientados a llegar a la comunidad &#8211; dentro y fuera de la iglesia.<\/p>\n<p>Para informaci\u00f3n sobre fechas de convenciones regionales de ASI, visite <a  href=\"https:\/\/recursing-golick.147-182-135-0.plesk.page\/\"><u>www.interamerica.org<\/u><\/a>, la secci\u00f3n de ASI.<\/p>\n","protected":false},"excerpt":{"rendered":"<p>La primera Convenci\u00f3n regional de Servicios Laicos e Industrias Adventistas para el territorio franc\u00e9s de la Divisi\u00f3n Interamericana.<\/p>\n","protected":false},"author":1,"featured_media":0,"comment_status":"closed","ping_status":"closed","sticky":false,"template":"","format":"standard","meta":{"_acf_changed":false,"footnotes":""},"categories":[8],"tags":[],"class_list":["post-10500","post","type-post","status-publish","format-standard","hentry","category-archivo"],"acf":[],"yoast_head":"<!-- This site is optimized with the Yoast SEO plugin v27.3 - https:\/\/yoast.com\/product\/yoast-seo-wordpress\/ -->\n<title>Guyana Francesa: Miembros se Re\u00fanen para la Convenci\u00f3n Regional ASI - Iglesia Adventista del S\u00e9ptimo D\u00eda - Divisi\u00f3n Interamericana<\/title>\n<meta name=\"robots\" content=\"index, follow, max-snippet:-1, max-image-preview:large, max-video-preview:-1\" \/>\n<link rel=\"canonical\" href=\"https:\/\/interamerica.org\/es\/2005\/04\/guyana-francesa-miembros-se-reunen-para-la-convencion-regional-asi\/\" \/>\n<meta property=\"og:locale\" content=\"es_ES\" \/>\n<meta property=\"og:type\" content=\"article\" \/>\n<meta property=\"og:title\" content=\"Guyana Francesa: Miembros se Re\u00fanen para la Convenci\u00f3n Regional ASI - Iglesia Adventista del S\u00e9ptimo D\u00eda - Divisi\u00f3n Interamericana\" \/>\n<meta property=\"og:description\" content=\"La primera Convenci\u00f3n regional de Servicios Laicos e Industrias Adventistas para el territorio franc\u00e9s de la Divisi\u00f3n Interamericana.\" \/>\n<meta property=\"og:url\" content=\"https:\/\/interamerica.org\/es\/2005\/04\/guyana-francesa-miembros-se-reunen-para-la-convencion-regional-asi\/\" \/>\n<meta property=\"og:site_name\" content=\"Iglesia Adventista del S\u00e9ptimo D\u00eda - Divisi\u00f3n Interamericana\" \/>\n<meta property=\"article:published_time\" content=\"2005-04-25T04:00:00+00:00\" \/>\n<meta property=\"article:modified_time\" content=\"2017-06-02T13:17:30+00:00\" \/>\n<meta name=\"author\" content=\"Lorenzo Verduzco\" \/>\n<meta name=\"twitter:card\" content=\"summary_large_image\" \/>\n<meta name=\"twitter:label1\" content=\"Escrito por\" \/>\n\t<meta name=\"twitter:data1\" content=\"Lorenzo Verduzco\" \/>\n\t<meta name=\"twitter:label2\" content=\"Tiempo de lectura\" \/>\n\t<meta name=\"twitter:data2\" content=\"2 minutos\" \/>\n<script type=\"application\/ld+json\" class=\"yoast-schema-graph\">{\"@context\":\"https:\\\/\\\/schema.org\",\"@graph\":[{\"@type\":\"Article\",\"@id\":\"https:\\\/\\\/interamerica.org\\\/es\\\/2005\\\/04\\\/guyana-francesa-miembros-se-reunen-para-la-convencion-regional-asi\\\/#article\",\"isPartOf\":{\"@id\":\"https:\\\/\\\/interamerica.org\\\/es\\\/2005\\\/04\\\/guyana-francesa-miembros-se-reunen-para-la-convencion-regional-asi\\\/\"},\"author\":{\"name\":\"Lorenzo Verduzco\",\"@id\":\"https:\\\/\\\/interamerica.org\\\/es\\\/#\\\/schema\\\/person\\\/68ede8bdc292885bb76c1e3810e73c39\"},\"headline\":\"Guyana Francesa: Miembros se Re\u00fanen para la Convenci\u00f3n Regional ASI\",\"datePublished\":\"2005-04-25T04:00:00+00:00\",\"dateModified\":\"2017-06-02T13:17:30+00:00\",\"mainEntityOfPage\":{\"@id\":\"https:\\\/\\\/interamerica.org\\\/es\\\/2005\\\/04\\\/guyana-francesa-miembros-se-reunen-para-la-convencion-regional-asi\\\/\"},\"wordCount\":380,\"articleSection\":[\"Archivo\"],\"inLanguage\":\"es\"},{\"@type\":\"WebPage\",\"@id\":\"https:\\\/\\\/interamerica.org\\\/es\\\/2005\\\/04\\\/guyana-francesa-miembros-se-reunen-para-la-convencion-regional-asi\\\/\",\"url\":\"https:\\\/\\\/interamerica.org\\\/es\\\/2005\\\/04\\\/guyana-francesa-miembros-se-reunen-para-la-convencion-regional-asi\\\/\",\"name\":\"Guyana Francesa: Miembros se Re\u00fanen para la Convenci\u00f3n Regional ASI - Iglesia Adventista del S\u00e9ptimo D\u00eda - Divisi\u00f3n Interamericana\",\"isPartOf\":{\"@id\":\"https:\\\/\\\/interamerica.org\\\/es\\\/#website\"},\"datePublished\":\"2005-04-25T04:00:00+00:00\",\"dateModified\":\"2017-06-02T13:17:30+00:00\",\"author\":{\"@id\":\"https:\\\/\\\/interamerica.org\\\/es\\\/#\\\/schema\\\/person\\\/68ede8bdc292885bb76c1e3810e73c39\"},\"breadcrumb\":{\"@id\":\"https:\\\/\\\/interamerica.org\\\/es\\\/2005\\\/04\\\/guyana-francesa-miembros-se-reunen-para-la-convencion-regional-asi\\\/#breadcrumb\"},\"inLanguage\":\"es\",\"potentialAction\":[{\"@type\":\"ReadAction\",\"target\":[\"https:\\\/\\\/interamerica.org\\\/es\\\/2005\\\/04\\\/guyana-francesa-miembros-se-reunen-para-la-convencion-regional-asi\\\/\"]}]},{\"@type\":\"BreadcrumbList\",\"@id\":\"https:\\\/\\\/interamerica.org\\\/es\\\/2005\\\/04\\\/guyana-francesa-miembros-se-reunen-para-la-convencion-regional-asi\\\/#breadcrumb\",\"itemListElement\":[{\"@type\":\"ListItem\",\"position\":1,\"name\":\"Home\",\"item\":\"https:\\\/\\\/interamerica.org\\\/es\\\/\"},{\"@type\":\"ListItem\",\"position\":2,\"name\":\"Guyana Francesa: Miembros se Re\u00fanen para la Convenci\u00f3n Regional ASI\"}]},{\"@type\":\"WebSite\",\"@id\":\"https:\\\/\\\/interamerica.org\\\/es\\\/#website\",\"url\":\"https:\\\/\\\/interamerica.org\\\/es\\\/\",\"name\":\"Iglesia Adventista del S\u00e9ptimo D\u00eda - Divisi\u00f3n Interamericana\",\"description\":\"\",\"potentialAction\":[{\"@type\":\"SearchAction\",\"target\":{\"@type\":\"EntryPoint\",\"urlTemplate\":\"https:\\\/\\\/interamerica.org\\\/es\\\/?s={search_term_string}\"},\"query-input\":{\"@type\":\"PropertyValueSpecification\",\"valueRequired\":true,\"valueName\":\"search_term_string\"}}],\"inLanguage\":\"es\"},{\"@type\":\"Person\",\"@id\":\"https:\\\/\\\/interamerica.org\\\/es\\\/#\\\/schema\\\/person\\\/68ede8bdc292885bb76c1e3810e73c39\",\"name\":\"Lorenzo Verduzco\",\"image\":{\"@type\":\"ImageObject\",\"inLanguage\":\"es\",\"@id\":\"https:\\\/\\\/secure.gravatar.com\\\/avatar\\\/fb81a55b6218459490a9c1dc841a34909185b81904c5337b4b27f7a6fd60c49e?s=96&d=mm&r=g\",\"url\":\"https:\\\/\\\/secure.gravatar.com\\\/avatar\\\/fb81a55b6218459490a9c1dc841a34909185b81904c5337b4b27f7a6fd60c49e?s=96&d=mm&r=g\",\"contentUrl\":\"https:\\\/\\\/secure.gravatar.com\\\/avatar\\\/fb81a55b6218459490a9c1dc841a34909185b81904c5337b4b27f7a6fd60c49e?s=96&d=mm&r=g\",\"caption\":\"Lorenzo Verduzco\"}}]}<\/script>\n<!-- \/ Yoast SEO plugin. -->","yoast_head_json":{"title":"Guyana Francesa: Miembros se Re\u00fanen para la Convenci\u00f3n Regional ASI - Iglesia Adventista del S\u00e9ptimo D\u00eda - Divisi\u00f3n Interamericana","robots":{"index":"index","follow":"follow","max-snippet":"max-snippet:-1","max-image-preview":"max-image-preview:large","max-video-preview":"max-video-preview:-1"},"canonical":"https:\/\/interamerica.org\/es\/2005\/04\/guyana-francesa-miembros-se-reunen-para-la-convencion-regional-asi\/","og_locale":"es_ES","og_type":"article","og_title":"Guyana Francesa: Miembros se Re\u00fanen para la Convenci\u00f3n Regional ASI - Iglesia Adventista del S\u00e9ptimo D\u00eda - Divisi\u00f3n Interamericana","og_description":"La primera Convenci\u00f3n regional de Servicios Laicos e Industrias Adventistas para el territorio franc\u00e9s de la Divisi\u00f3n Interamericana.","og_url":"https:\/\/interamerica.org\/es\/2005\/04\/guyana-francesa-miembros-se-reunen-para-la-convencion-regional-asi\/","og_site_name":"Iglesia Adventista del S\u00e9ptimo D\u00eda - Divisi\u00f3n Interamericana","article_published_time":"2005-04-25T04:00:00+00:00","article_modified_time":"2017-06-02T13:17:30+00:00","author":"Lorenzo Verduzco","twitter_card":"summary_large_image","twitter_misc":{"Escrito por":"Lorenzo Verduzco","Tiempo de lectura":"2 minutos"},"schema":{"@context":"https:\/\/schema.org","@graph":[{"@type":"Article","@id":"https:\/\/interamerica.org\/es\/2005\/04\/guyana-francesa-miembros-se-reunen-para-la-convencion-regional-asi\/#article","isPartOf":{"@id":"https:\/\/interamerica.org\/es\/2005\/04\/guyana-francesa-miembros-se-reunen-para-la-convencion-regional-asi\/"},"author":{"name":"Lorenzo Verduzco","@id":"https:\/\/interamerica.org\/es\/#\/schema\/person\/68ede8bdc292885bb76c1e3810e73c39"},"headline":"Guyana Francesa: Miembros se Re\u00fanen para la Convenci\u00f3n Regional ASI","datePublished":"2005-04-25T04:00:00+00:00","dateModified":"2017-06-02T13:17:30+00:00","mainEntityOfPage":{"@id":"https:\/\/interamerica.org\/es\/2005\/04\/guyana-francesa-miembros-se-reunen-para-la-convencion-regional-asi\/"},"wordCount":380,"articleSection":["Archivo"],"inLanguage":"es"},{"@type":"WebPage","@id":"https:\/\/interamerica.org\/es\/2005\/04\/guyana-francesa-miembros-se-reunen-para-la-convencion-regional-asi\/","url":"https:\/\/interamerica.org\/es\/2005\/04\/guyana-francesa-miembros-se-reunen-para-la-convencion-regional-asi\/","name":"Guyana Francesa: Miembros se Re\u00fanen para la Convenci\u00f3n Regional ASI - Iglesia Adventista del S\u00e9ptimo D\u00eda - Divisi\u00f3n Interamericana","isPartOf":{"@id":"https:\/\/interamerica.org\/es\/#website"},"datePublished":"2005-04-25T04:00:00+00:00","dateModified":"2017-06-02T13:17:30+00:00","author":{"@id":"https:\/\/interamerica.org\/es\/#\/schema\/person\/68ede8bdc292885bb76c1e3810e73c39"},"breadcrumb":{"@id":"https:\/\/interamerica.org\/es\/2005\/04\/guyana-francesa-miembros-se-reunen-para-la-convencion-regional-asi\/#breadcrumb"},"inLanguage":"es","potentialAction":[{"@type":"ReadAction","target":["https:\/\/interamerica.org\/es\/2005\/04\/guyana-francesa-miembros-se-reunen-para-la-convencion-regional-asi\/"]}]},{"@type":"BreadcrumbList","@id":"https:\/\/interamerica.org\/es\/2005\/04\/guyana-francesa-miembros-se-reunen-para-la-convencion-regional-asi\/#breadcrumb","itemListElement":[{"@type":"ListItem","position":1,"name":"Home","item":"https:\/\/interamerica.org\/es\/"},{"@type":"ListItem","position":2,"name":"Guyana Francesa: Miembros se Re\u00fanen para la Convenci\u00f3n Regional ASI"}]},{"@type":"WebSite","@id":"https:\/\/interamerica.org\/es\/#website","url":"https:\/\/interamerica.org\/es\/","name":"Iglesia Adventista del S\u00e9ptimo D\u00eda - Divisi\u00f3n Interamericana","description":"","potentialAction":[{"@type":"SearchAction","target":{"@type":"EntryPoint","urlTemplate":"https:\/\/interamerica.org\/es\/?s={search_term_string}"},"query-input":{"@type":"PropertyValueSpecification","valueRequired":true,"valueName":"search_term_string"}}],"inLanguage":"es"},{"@type":"Person","@id":"https:\/\/interamerica.org\/es\/#\/schema\/person\/68ede8bdc292885bb76c1e3810e73c39","name":"Lorenzo Verduzco","image":{"@type":"ImageObject","inLanguage":"es","@id":"https:\/\/secure.gravatar.com\/avatar\/fb81a55b6218459490a9c1dc841a34909185b81904c5337b4b27f7a6fd60c49e?s=96&d=mm&r=g","url":"https:\/\/secure.gravatar.com\/avatar\/fb81a55b6218459490a9c1dc841a34909185b81904c5337b4b27f7a6fd60c49e?s=96&d=mm&r=g","contentUrl":"https:\/\/secure.gravatar.com\/avatar\/fb81a55b6218459490a9c1dc841a34909185b81904c5337b4b27f7a6fd60c49e?s=96&d=mm&r=g","caption":"Lorenzo Verduzco"}}]}},"_links":{"self":[{"href":"https:\/\/interamerica.org\/es\/wp-json\/wp\/v2\/posts\/10500","targetHints":{"allow":["GET"]}}],"collection":[{"href":"https:\/\/interamerica.org\/es\/wp-json\/wp\/v2\/posts"}],"about":[{"href":"https:\/\/interamerica.org\/es\/wp-json\/wp\/v2\/types\/post"}],"author":[{"embeddable":true,"href":"https:\/\/interamerica.org\/es\/wp-json\/wp\/v2\/users\/1"}],"replies":[{"embeddable":true,"href":"https:\/\/interamerica.org\/es\/wp-json\/wp\/v2\/comments?post=10500"}],"version-history":[{"count":0,"href":"https:\/\/interamerica.org\/es\/wp-json\/wp\/v2\/posts\/10500\/revisions"}],"wp:attachment":[{"href":"https:\/\/interamerica.org\/es\/wp-json\/wp\/v2\/media?parent=10500"}],"wp:term":[{"taxonomy":"category","embeddable":true,"href":"https:\/\/interamerica.org\/es\/wp-json\/wp\/v2\/categories?post=10500"},{"taxonomy":"post_tag","embeddable":true,"href":"https:\/\/interamerica.org\/es\/wp-json\/wp\/v2\/tags?post=10500"}],"curies":[{"name":"wp","href":"https:\/\/api.w.org\/{rel}","templated":true}]}}