{"id":10502,"date":"2005-04-26T00:00:00","date_gmt":"2005-04-26T04:00:00","guid":{"rendered":"http:\/\/192.81.217.108\/interamerica\/2005\/04\/europa-presidente-de-la-iglesia-anima-a-los-jovenes-adventistas-a-convertirse-en-propietarios-tomar-responsabilidad-en-la-iglesia\/"},"modified":"2017-06-02T09:17:29","modified_gmt":"2017-06-02T13:17:29","slug":"europa-presidente-de-la-iglesia-anima-a-los-jovenes-adventistas-a-convertirse-en-propietarios-tomar-responsabilidad-en-la-iglesia","status":"publish","type":"post","link":"https:\/\/interamerica.org\/es\/2005\/04\/europa-presidente-de-la-iglesia-anima-a-los-jovenes-adventistas-a-convertirse-en-propietarios-tomar-responsabilidad-en-la-iglesia\/","title":{"rendered":"Europa: Presidente de la Iglesia Anima a los J\u00f3venes Adventistas a \u201cConvertirse en Propietarios\u201d, Tomar Responsabilidad\u201d en la Iglesia."},"content":{"rendered":"<p>Darmstadt, Alemania&#8230;. [Mark A. Kellner\/ANN]<\/p>\n<p>Los adultos j\u00f3venes en la Iglesia Adventista del S\u00e9ptimo D\u00eda deben \u201cconvertirse en propietarios, tomar responsabilidad\u2026 en su iglesia, en su congregaci\u00f3n\u201d, dijo el pastor Jan Paulsen, presidente de la iglesia mundial, a una audiencia internacional de estudiantes adventistas europeos durante una transmisi\u00f3n en vivo el 26 de abril. El programa fue transmitido desde la Iglesia Adventista de Marienhoehe, en el campus de la Universidad de Marienhoehe, en Darmstadt, Alemania.<\/p>\n<\/p>\n<p>Con el nombre de \u201cLet\u2019s Talk\u2014Europe\u201d (Hablemos, Europa), la transmisi\u00f3n, presentada  por Gabi Ziegler, periodista adventista, incluy\u00f3 la presentaci\u00f3n de j\u00f3venes de la iglesia provenientes de 12 naciones europeas, y fue transmitida por medio de Hope Channel, servicio televisivo de la Iglesia. Ser\u00e1 retransmitida a nivel global en las pr\u00f3ximas 24 horas y est\u00e1 disponible  en la p\u00e1gina Web de Let\u2019s Talk, la cual est\u00e1 dise\u00f1ada para conectar a los j\u00f3venes con el liderazgo de la iglesia.<\/p>\n<\/p>\n<p>\u201cMe preocupo mucho por la iglesia \u2013y no me refiero a los edificios, cuando digo iglesia. No me refiero a los dirigentes elegidos, como yo. Me refiero a las personas en general\u201d.<\/p>\n<\/p>\n<p>\u201cDos tercios de nuestra familia global son personas menores de 32 a\u00f1os de edad\u201d, dijo el pastor Paulsen al principio de la transmisi\u00f3n. \u201cNo nos ha ido muy bien en el proceso de enlazarnos con ellos. No puedo hacerlo todo, pero\u2026 Quiero escuchar lo que los j\u00f3venes tienen para decirnos\u201d.<\/p>\n<\/p>\n<p>Durante la subsiguiente hora, el pastor Paulsen trat\u00f3 una amplia gama de asuntos que fueron tra\u00eddos a la conversaci\u00f3n por la audiencia del sal\u00f3n, e invit\u00f3 a que se hicieran m\u00e1s preguntas a trav\u00e9s de la p\u00e1gina Web de Let\u2019s Talk.<\/p>\n<\/p>\n<p>Una de las primeras preguntas fue acerca de la composici\u00f3n de los delegados a la Sesi\u00f3n 2005 de la Asociaci\u00f3n General (la reuni\u00f3n quinquenal de negocios de la iglesia), en San Luis, Missouri, Estados Unidos. \u00bfCu\u00e1ntos ser\u00ecan j\u00f3venes?<\/p>\n<\/p>\n<p>\u201cLa elecci\u00f3n de los delegados es hecha por la iglesia globalmente. Les hemos pedido que no s\u00f3lo escojan personas elegidas para puestos; que seleccionen algunos que sean j\u00f3venes, y tambi\u00e9n algunas mujeres\u201d, dijo el pastor Paulsen, a\u00f1adiendo que \u201chicimos una lista corta de 25 o 30 puestos vacantes que fueron escogidos por la sede mundial de la iglesia. Yo dije que quer\u00eda que, al menos, ocho de ellos fuesen menores de 30 a\u00f1os de edad\u2026 Y as\u00ed se hizo\u201d.<\/p>\n<\/p>\n<p>Alentar la participaci\u00f3n juvenil en la vida de la iglesia fue un tema sobresaliente en la transmisi\u00f3n. Cuando se le pregunt\u00f3 acerca de las tensiones creadas entre nuevas iglesias y congregaciones m\u00e1s antiguas, el pastor Paulsen reconoci\u00f3 que esta es una situaci\u00f3n, algunas veces, palpable en todo el mundo.<\/p>\n<\/p>\n<p>Sin embargo, a\u00f1adi\u00f3: \u201cEstoy tan complacido de que muchos j\u00f3venes tomen la iniciativa para establecer una comunidad en nombre de la Iglesia Adventista del S\u00e9ptimo D\u00eda para atraer a los desonocidos. Tal vez haya tensiones que causen dificultades, pero me agrada que esto se est\u00e9 haciendo\u201d.<\/p>\n<\/p>\n<p>\u201cSi oramos los unos por los otros m\u00e1s seriamente, nos juzgaremos unos a otros, cada vez m\u00e1s, con menos frecuencia\u201d, a\u00f1adi\u00f3.<\/p>\n<\/p>\n<p>Un buen n\u00famero de miembros de la audiencia trajo a la discusi\u00f3n el asunto de las relaciones entre iglesias.<\/p>\n<\/p>\n<p>El pastor Paulsen enfatiz\u00f3 la necesidad de la mutua comprensi\u00f3n: \u201cNo debe haber una batalla entre m\u00ed y los cristianos de otras iglesias. Yo soy, como cada uno de nosotros debe ser, un portavoz de Cristo. Debemos aceptar la honestidad y sinceridad de otras personas, aun cuando tal vez estemos en desacuerdo con ellos\u201d.<\/p>\n<\/p>\n<p>Cuando se le pregunt\u00f3 acerca de los recientes eventos en la Iglesia Cat\u00f3lica Romana, el pastor Paulsen dijo que \u201cno hay duda de que el nuevo papa tendr\u00e1 un enorme impacto en la sociedad. Esperar\u00e9 y ver\u00e9 qu\u00e9 nos depara el futuro\u201d.<\/p>\n<\/p>\n<p>Al pregunt\u00e1rsele c\u00f3mo puede la iglesia hablar acerca de la homosexualidad sin lucir antihomosexual, el pastor Paulsen enfatiz\u00f3 las ense\u00f1anzas de la Biblia en contra de las pr\u00e1cticas homosexuales, pero tambi\u00e9n subray\u00f3 la necesidad de la gracia.<\/p>\n<\/p>\n<p>\u201cSi el Se\u00f1or comenzara por amar s\u00f3lo a los perfectos, yo ser\u00eca el primero que estar\u00eca en dificultades\u201d, dijo \u00e9l. \u201cSi servimos a todos a ellos\u2026. aquellos que tienen esta tendencia, podr\u00e1n ver una mejor forma, pero mientras ellos hacen eso, nosotros los vemos como seres humanos que son de gran valor para Dios\u201d.<\/p>\n<\/p>\n<p>Antes de finalizar el programa con una oraci\u00f3n para que Dios fortaleciera a los j\u00f3venes, el pastor Paulsen aconsej\u00f3 a su audiencia a que llegue a ser activa en la vida de la iglesia.<\/p>\n<\/p>\n<p>\u201cAl ustedes crecer, desarrollarse y madurar en ello, tambi\u00e9n crecer\u00e1 la dependencia de la iglesia de usted. Lo peor que ustedes pueden hacer es recostarse y ser espectadores en la iglesia\u201d, dijo. \u201cMant\u00e9nganse firmes, cuando est\u00e8n en el hogar, sencillamente sean fuertes\u201d.<\/p>\n<\/p>\n<p>\u201cEl Dr. Paulsen fue muy abierto y honesto con nosotros. Puede decirse que fue uno de nosotros. Fue aut\u00e9ntico en sus respuestas a nuestras preguntas\u201d, dijo Sara Gehler, una estudiante universitaria de 24 a\u00f1os, proveniente de Berl\u00edn.<\/p>\n<\/p>\n<p>Julian Muller, un estudiante de m\u00fasica de 25 a\u00f1os, estuvo de acuerdo: \u201cEl Dr. Paulsen ofreci\u00f3 buenas respuestas para las dif\u00edciles preguntas, pero necesit\u00e1bamos m\u00e1s tiempo\u201d.<\/p>\n<\/p>\n<p>\u201cLet\u2019s Talk \u2013Europe\u201d es la tercera de una serie de conversaciones sin guiones y sin editar, entre joven y su dirigente de la iglesia. Las dos anteriores fueron hechas en los Estados Unidos.<\/p>\n<\/p>\n<p>Para ver la transmisi\u00f3n en l\u00ednea vaya a <a  href=\"http:\/\/www.letstalk.adventist.org\/\">http:\/\/www.letstalk.adventist.org<\/a>. <\/p>\n","protected":false},"excerpt":{"rendered":"<p>Los adultos j\u00f3venes en la Iglesia Adventista del S\u00e9ptimo D\u00eda deben \u201cconvertirse en propietarios, tomar responsabilidad\u2026 en su iglesia, en su congregaci\u00f3n\u201d, dijo el pastor Jan Paulsen, presidente de la iglesia mundial&#8230;<\/p>\n","protected":false},"author":1,"featured_media":0,"comment_status":"closed","ping_status":"closed","sticky":false,"template":"","format":"standard","meta":{"_acf_changed":false,"footnotes":""},"categories":[8],"tags":[],"class_list":["post-10502","post","type-post","status-publish","format-standard","hentry","category-archivo"],"acf":[],"yoast_head":"<!-- This site is optimized with the Yoast SEO plugin v27.3 - https:\/\/yoast.com\/product\/yoast-seo-wordpress\/ -->\n<title>Europa: Presidente de la Iglesia Anima a los J\u00f3venes Adventistas a \u201cConvertirse en Propietarios\u201d, Tomar Responsabilidad\u201d en la Iglesia. - Iglesia Adventista del S\u00e9ptimo D\u00eda - Divisi\u00f3n Interamericana<\/title>\n<meta name=\"robots\" content=\"index, follow, max-snippet:-1, max-image-preview:large, max-video-preview:-1\" \/>\n<link rel=\"canonical\" href=\"https:\/\/interamerica.org\/es\/2005\/04\/europa-presidente-de-la-iglesia-anima-a-los-jovenes-adventistas-a-convertirse-en-propietarios-tomar-responsabilidad-en-la-iglesia\/\" \/>\n<meta property=\"og:locale\" content=\"es_ES\" \/>\n<meta property=\"og:type\" content=\"article\" \/>\n<meta property=\"og:title\" content=\"Europa: Presidente de la Iglesia Anima a los J\u00f3venes Adventistas a \u201cConvertirse en Propietarios\u201d, Tomar Responsabilidad\u201d en la Iglesia. - Iglesia Adventista del S\u00e9ptimo D\u00eda - Divisi\u00f3n Interamericana\" \/>\n<meta property=\"og:description\" content=\"Los adultos j\u00f3venes en la Iglesia Adventista del S\u00e9ptimo D\u00eda deben \u201cconvertirse en propietarios, tomar responsabilidad\u2026 en su iglesia, en su congregaci\u00f3n\u201d, dijo el pastor Jan Paulsen, presidente de la iglesia mundial...\" \/>\n<meta property=\"og:url\" content=\"https:\/\/interamerica.org\/es\/2005\/04\/europa-presidente-de-la-iglesia-anima-a-los-jovenes-adventistas-a-convertirse-en-propietarios-tomar-responsabilidad-en-la-iglesia\/\" \/>\n<meta property=\"og:site_name\" content=\"Iglesia Adventista del S\u00e9ptimo D\u00eda - Divisi\u00f3n Interamericana\" \/>\n<meta property=\"article:published_time\" content=\"2005-04-26T04:00:00+00:00\" \/>\n<meta property=\"article:modified_time\" content=\"2017-06-02T13:17:29+00:00\" \/>\n<meta name=\"author\" content=\"Lorenzo Verduzco\" \/>\n<meta name=\"twitter:card\" content=\"summary_large_image\" \/>\n<meta name=\"twitter:label1\" content=\"Escrito por\" \/>\n\t<meta name=\"twitter:data1\" content=\"Lorenzo Verduzco\" \/>\n\t<meta name=\"twitter:label2\" content=\"Tiempo de lectura\" \/>\n\t<meta name=\"twitter:data2\" content=\"5 minutos\" \/>\n<script type=\"application\/ld+json\" class=\"yoast-schema-graph\">{\"@context\":\"https:\\\/\\\/schema.org\",\"@graph\":[{\"@type\":\"Article\",\"@id\":\"https:\\\/\\\/interamerica.org\\\/es\\\/2005\\\/04\\\/europa-presidente-de-la-iglesia-anima-a-los-jovenes-adventistas-a-convertirse-en-propietarios-tomar-responsabilidad-en-la-iglesia\\\/#article\",\"isPartOf\":{\"@id\":\"https:\\\/\\\/interamerica.org\\\/es\\\/2005\\\/04\\\/europa-presidente-de-la-iglesia-anima-a-los-jovenes-adventistas-a-convertirse-en-propietarios-tomar-responsabilidad-en-la-iglesia\\\/\"},\"author\":{\"name\":\"Lorenzo Verduzco\",\"@id\":\"https:\\\/\\\/interamerica.org\\\/es\\\/#\\\/schema\\\/person\\\/68ede8bdc292885bb76c1e3810e73c39\"},\"headline\":\"Europa: Presidente de la Iglesia Anima a los J\u00f3venes Adventistas a \u201cConvertirse en Propietarios\u201d, Tomar Responsabilidad\u201d en la Iglesia.\",\"datePublished\":\"2005-04-26T04:00:00+00:00\",\"dateModified\":\"2017-06-02T13:17:29+00:00\",\"mainEntityOfPage\":{\"@id\":\"https:\\\/\\\/interamerica.org\\\/es\\\/2005\\\/04\\\/europa-presidente-de-la-iglesia-anima-a-los-jovenes-adventistas-a-convertirse-en-propietarios-tomar-responsabilidad-en-la-iglesia\\\/\"},\"wordCount\":990,\"articleSection\":[\"Archivo\"],\"inLanguage\":\"es\"},{\"@type\":\"WebPage\",\"@id\":\"https:\\\/\\\/interamerica.org\\\/es\\\/2005\\\/04\\\/europa-presidente-de-la-iglesia-anima-a-los-jovenes-adventistas-a-convertirse-en-propietarios-tomar-responsabilidad-en-la-iglesia\\\/\",\"url\":\"https:\\\/\\\/interamerica.org\\\/es\\\/2005\\\/04\\\/europa-presidente-de-la-iglesia-anima-a-los-jovenes-adventistas-a-convertirse-en-propietarios-tomar-responsabilidad-en-la-iglesia\\\/\",\"name\":\"Europa: Presidente de la Iglesia Anima a los J\u00f3venes Adventistas a \u201cConvertirse en Propietarios\u201d, Tomar Responsabilidad\u201d en la Iglesia. - Iglesia Adventista del S\u00e9ptimo D\u00eda - Divisi\u00f3n Interamericana\",\"isPartOf\":{\"@id\":\"https:\\\/\\\/interamerica.org\\\/es\\\/#website\"},\"datePublished\":\"2005-04-26T04:00:00+00:00\",\"dateModified\":\"2017-06-02T13:17:29+00:00\",\"author\":{\"@id\":\"https:\\\/\\\/interamerica.org\\\/es\\\/#\\\/schema\\\/person\\\/68ede8bdc292885bb76c1e3810e73c39\"},\"breadcrumb\":{\"@id\":\"https:\\\/\\\/interamerica.org\\\/es\\\/2005\\\/04\\\/europa-presidente-de-la-iglesia-anima-a-los-jovenes-adventistas-a-convertirse-en-propietarios-tomar-responsabilidad-en-la-iglesia\\\/#breadcrumb\"},\"inLanguage\":\"es\",\"potentialAction\":[{\"@type\":\"ReadAction\",\"target\":[\"https:\\\/\\\/interamerica.org\\\/es\\\/2005\\\/04\\\/europa-presidente-de-la-iglesia-anima-a-los-jovenes-adventistas-a-convertirse-en-propietarios-tomar-responsabilidad-en-la-iglesia\\\/\"]}]},{\"@type\":\"BreadcrumbList\",\"@id\":\"https:\\\/\\\/interamerica.org\\\/es\\\/2005\\\/04\\\/europa-presidente-de-la-iglesia-anima-a-los-jovenes-adventistas-a-convertirse-en-propietarios-tomar-responsabilidad-en-la-iglesia\\\/#breadcrumb\",\"itemListElement\":[{\"@type\":\"ListItem\",\"position\":1,\"name\":\"Home\",\"item\":\"https:\\\/\\\/interamerica.org\\\/es\\\/\"},{\"@type\":\"ListItem\",\"position\":2,\"name\":\"Europa: Presidente de la Iglesia Anima a los J\u00f3venes Adventistas a \u201cConvertirse en Propietarios\u201d, Tomar Responsabilidad\u201d en la Iglesia.\"}]},{\"@type\":\"WebSite\",\"@id\":\"https:\\\/\\\/interamerica.org\\\/es\\\/#website\",\"url\":\"https:\\\/\\\/interamerica.org\\\/es\\\/\",\"name\":\"Iglesia Adventista del S\u00e9ptimo D\u00eda - Divisi\u00f3n Interamericana\",\"description\":\"\",\"potentialAction\":[{\"@type\":\"SearchAction\",\"target\":{\"@type\":\"EntryPoint\",\"urlTemplate\":\"https:\\\/\\\/interamerica.org\\\/es\\\/?s={search_term_string}\"},\"query-input\":{\"@type\":\"PropertyValueSpecification\",\"valueRequired\":true,\"valueName\":\"search_term_string\"}}],\"inLanguage\":\"es\"},{\"@type\":\"Person\",\"@id\":\"https:\\\/\\\/interamerica.org\\\/es\\\/#\\\/schema\\\/person\\\/68ede8bdc292885bb76c1e3810e73c39\",\"name\":\"Lorenzo Verduzco\",\"image\":{\"@type\":\"ImageObject\",\"inLanguage\":\"es\",\"@id\":\"https:\\\/\\\/secure.gravatar.com\\\/avatar\\\/fb81a55b6218459490a9c1dc841a34909185b81904c5337b4b27f7a6fd60c49e?s=96&d=mm&r=g\",\"url\":\"https:\\\/\\\/secure.gravatar.com\\\/avatar\\\/fb81a55b6218459490a9c1dc841a34909185b81904c5337b4b27f7a6fd60c49e?s=96&d=mm&r=g\",\"contentUrl\":\"https:\\\/\\\/secure.gravatar.com\\\/avatar\\\/fb81a55b6218459490a9c1dc841a34909185b81904c5337b4b27f7a6fd60c49e?s=96&d=mm&r=g\",\"caption\":\"Lorenzo Verduzco\"}}]}<\/script>\n<!-- \/ Yoast SEO plugin. -->","yoast_head_json":{"title":"Europa: Presidente de la Iglesia Anima a los J\u00f3venes Adventistas a \u201cConvertirse en Propietarios\u201d, Tomar Responsabilidad\u201d en la Iglesia. - Iglesia Adventista del S\u00e9ptimo D\u00eda - Divisi\u00f3n Interamericana","robots":{"index":"index","follow":"follow","max-snippet":"max-snippet:-1","max-image-preview":"max-image-preview:large","max-video-preview":"max-video-preview:-1"},"canonical":"https:\/\/interamerica.org\/es\/2005\/04\/europa-presidente-de-la-iglesia-anima-a-los-jovenes-adventistas-a-convertirse-en-propietarios-tomar-responsabilidad-en-la-iglesia\/","og_locale":"es_ES","og_type":"article","og_title":"Europa: Presidente de la Iglesia Anima a los J\u00f3venes Adventistas a \u201cConvertirse en Propietarios\u201d, Tomar Responsabilidad\u201d en la Iglesia. - Iglesia Adventista del S\u00e9ptimo D\u00eda - Divisi\u00f3n Interamericana","og_description":"Los adultos j\u00f3venes en la Iglesia Adventista del S\u00e9ptimo D\u00eda deben \u201cconvertirse en propietarios, tomar responsabilidad\u2026 en su iglesia, en su congregaci\u00f3n\u201d, dijo el pastor Jan Paulsen, presidente de la iglesia mundial...","og_url":"https:\/\/interamerica.org\/es\/2005\/04\/europa-presidente-de-la-iglesia-anima-a-los-jovenes-adventistas-a-convertirse-en-propietarios-tomar-responsabilidad-en-la-iglesia\/","og_site_name":"Iglesia Adventista del S\u00e9ptimo D\u00eda - Divisi\u00f3n Interamericana","article_published_time":"2005-04-26T04:00:00+00:00","article_modified_time":"2017-06-02T13:17:29+00:00","author":"Lorenzo Verduzco","twitter_card":"summary_large_image","twitter_misc":{"Escrito por":"Lorenzo Verduzco","Tiempo de lectura":"5 minutos"},"schema":{"@context":"https:\/\/schema.org","@graph":[{"@type":"Article","@id":"https:\/\/interamerica.org\/es\/2005\/04\/europa-presidente-de-la-iglesia-anima-a-los-jovenes-adventistas-a-convertirse-en-propietarios-tomar-responsabilidad-en-la-iglesia\/#article","isPartOf":{"@id":"https:\/\/interamerica.org\/es\/2005\/04\/europa-presidente-de-la-iglesia-anima-a-los-jovenes-adventistas-a-convertirse-en-propietarios-tomar-responsabilidad-en-la-iglesia\/"},"author":{"name":"Lorenzo Verduzco","@id":"https:\/\/interamerica.org\/es\/#\/schema\/person\/68ede8bdc292885bb76c1e3810e73c39"},"headline":"Europa: Presidente de la Iglesia Anima a los J\u00f3venes Adventistas a \u201cConvertirse en Propietarios\u201d, Tomar Responsabilidad\u201d en la Iglesia.","datePublished":"2005-04-26T04:00:00+00:00","dateModified":"2017-06-02T13:17:29+00:00","mainEntityOfPage":{"@id":"https:\/\/interamerica.org\/es\/2005\/04\/europa-presidente-de-la-iglesia-anima-a-los-jovenes-adventistas-a-convertirse-en-propietarios-tomar-responsabilidad-en-la-iglesia\/"},"wordCount":990,"articleSection":["Archivo"],"inLanguage":"es"},{"@type":"WebPage","@id":"https:\/\/interamerica.org\/es\/2005\/04\/europa-presidente-de-la-iglesia-anima-a-los-jovenes-adventistas-a-convertirse-en-propietarios-tomar-responsabilidad-en-la-iglesia\/","url":"https:\/\/interamerica.org\/es\/2005\/04\/europa-presidente-de-la-iglesia-anima-a-los-jovenes-adventistas-a-convertirse-en-propietarios-tomar-responsabilidad-en-la-iglesia\/","name":"Europa: Presidente de la Iglesia Anima a los J\u00f3venes Adventistas a \u201cConvertirse en Propietarios\u201d, Tomar Responsabilidad\u201d en la Iglesia. - Iglesia Adventista del S\u00e9ptimo D\u00eda - Divisi\u00f3n Interamericana","isPartOf":{"@id":"https:\/\/interamerica.org\/es\/#website"},"datePublished":"2005-04-26T04:00:00+00:00","dateModified":"2017-06-02T13:17:29+00:00","author":{"@id":"https:\/\/interamerica.org\/es\/#\/schema\/person\/68ede8bdc292885bb76c1e3810e73c39"},"breadcrumb":{"@id":"https:\/\/interamerica.org\/es\/2005\/04\/europa-presidente-de-la-iglesia-anima-a-los-jovenes-adventistas-a-convertirse-en-propietarios-tomar-responsabilidad-en-la-iglesia\/#breadcrumb"},"inLanguage":"es","potentialAction":[{"@type":"ReadAction","target":["https:\/\/interamerica.org\/es\/2005\/04\/europa-presidente-de-la-iglesia-anima-a-los-jovenes-adventistas-a-convertirse-en-propietarios-tomar-responsabilidad-en-la-iglesia\/"]}]},{"@type":"BreadcrumbList","@id":"https:\/\/interamerica.org\/es\/2005\/04\/europa-presidente-de-la-iglesia-anima-a-los-jovenes-adventistas-a-convertirse-en-propietarios-tomar-responsabilidad-en-la-iglesia\/#breadcrumb","itemListElement":[{"@type":"ListItem","position":1,"name":"Home","item":"https:\/\/interamerica.org\/es\/"},{"@type":"ListItem","position":2,"name":"Europa: Presidente de la Iglesia Anima a los J\u00f3venes Adventistas a \u201cConvertirse en Propietarios\u201d, Tomar Responsabilidad\u201d en la Iglesia."}]},{"@type":"WebSite","@id":"https:\/\/interamerica.org\/es\/#website","url":"https:\/\/interamerica.org\/es\/","name":"Iglesia Adventista del S\u00e9ptimo D\u00eda - Divisi\u00f3n Interamericana","description":"","potentialAction":[{"@type":"SearchAction","target":{"@type":"EntryPoint","urlTemplate":"https:\/\/interamerica.org\/es\/?s={search_term_string}"},"query-input":{"@type":"PropertyValueSpecification","valueRequired":true,"valueName":"search_term_string"}}],"inLanguage":"es"},{"@type":"Person","@id":"https:\/\/interamerica.org\/es\/#\/schema\/person\/68ede8bdc292885bb76c1e3810e73c39","name":"Lorenzo Verduzco","image":{"@type":"ImageObject","inLanguage":"es","@id":"https:\/\/secure.gravatar.com\/avatar\/fb81a55b6218459490a9c1dc841a34909185b81904c5337b4b27f7a6fd60c49e?s=96&d=mm&r=g","url":"https:\/\/secure.gravatar.com\/avatar\/fb81a55b6218459490a9c1dc841a34909185b81904c5337b4b27f7a6fd60c49e?s=96&d=mm&r=g","contentUrl":"https:\/\/secure.gravatar.com\/avatar\/fb81a55b6218459490a9c1dc841a34909185b81904c5337b4b27f7a6fd60c49e?s=96&d=mm&r=g","caption":"Lorenzo Verduzco"}}]}},"_links":{"self":[{"href":"https:\/\/interamerica.org\/es\/wp-json\/wp\/v2\/posts\/10502","targetHints":{"allow":["GET"]}}],"collection":[{"href":"https:\/\/interamerica.org\/es\/wp-json\/wp\/v2\/posts"}],"about":[{"href":"https:\/\/interamerica.org\/es\/wp-json\/wp\/v2\/types\/post"}],"author":[{"embeddable":true,"href":"https:\/\/interamerica.org\/es\/wp-json\/wp\/v2\/users\/1"}],"replies":[{"embeddable":true,"href":"https:\/\/interamerica.org\/es\/wp-json\/wp\/v2\/comments?post=10502"}],"version-history":[{"count":0,"href":"https:\/\/interamerica.org\/es\/wp-json\/wp\/v2\/posts\/10502\/revisions"}],"wp:attachment":[{"href":"https:\/\/interamerica.org\/es\/wp-json\/wp\/v2\/media?parent=10502"}],"wp:term":[{"taxonomy":"category","embeddable":true,"href":"https:\/\/interamerica.org\/es\/wp-json\/wp\/v2\/categories?post=10502"},{"taxonomy":"post_tag","embeddable":true,"href":"https:\/\/interamerica.org\/es\/wp-json\/wp\/v2\/tags?post=10502"}],"curies":[{"name":"wp","href":"https:\/\/api.w.org\/{rel}","templated":true}]}}