{"id":10503,"date":"2005-04-25T00:00:00","date_gmt":"2005-04-25T04:00:00","guid":{"rendered":"http:\/\/192.81.217.108\/interamerica\/2005\/04\/la-dia-concluye-semana-de-oracion-anual\/"},"modified":"2017-06-02T09:17:31","modified_gmt":"2017-06-02T13:17:31","slug":"la-dia-concluye-semana-de-oracion-anual","status":"publish","type":"post","link":"https:\/\/interamerica.org\/es\/2005\/04\/la-dia-concluye-semana-de-oracion-anual\/","title":{"rendered":"La DIA Concluye Semana de Oraci\u00f3n Anual"},"content":{"rendered":"<p>Miami, Florida, Estados Unidos&#8230;[Libna Stevens\/DIA] <\/p>\n<p>El personal de la Divisi\u00f3n Interamericana, en Miami, tuvo su semana de \u00e9nfasis espiritual del 18-23 de abril, en el Auditorio B. L. Archbold. <\/p>\n<p>Con el tema \u00abCreciendo en la Fe\u00bb, todos los miembros del personal escucharon mensajes del pastor H\u00e9ctor S\u00e1nchez cada ma\u00f1ana. El pastor S\u00e1nchez es el presidente de la iglesia en la Asociaci\u00f3n Guatemalteca Metropolitana. <\/p>\n<p>\u00c9l inici\u00f3 la semana animando a todos a fortalecer su fe con las promesas de Dios y su amoroso cuidado en medio de las tribulaciones. <\/p>\n<p>En medio de este mundo atribulado y cambiante, el pastor S\u00e1nchez dijo, \u00abExiste una esperanza maravillosa\u00bb. <\/p>\n<p>La semana concluy\u00f3 con un servicio el s\u00e1bado por la ma\u00f1ana en el cual participaron el personal y sus familiares en la Escuela Sab\u00e1tica y el servicio de adoraci\u00f3n. <\/p>\n","protected":false},"excerpt":{"rendered":"<p>El personal de la sede de la Divisi\u00f3n Interamericana en Miami, tuvo su semana de \u00e9nfasis espiritual anual, del 18 al 23 en el Auditorio B.L. Archbold.<\/p>\n","protected":false},"author":1,"featured_media":0,"comment_status":"closed","ping_status":"closed","sticky":false,"template":"","format":"standard","meta":{"_acf_changed":false,"footnotes":""},"categories":[8],"tags":[],"class_list":["post-10503","post","type-post","status-publish","format-standard","hentry","category-archivo"],"acf":[],"yoast_head":"<!-- This site is optimized with the Yoast SEO plugin v27.3 - https:\/\/yoast.com\/product\/yoast-seo-wordpress\/ -->\n<title>La DIA Concluye Semana de Oraci\u00f3n Anual - Iglesia Adventista del S\u00e9ptimo D\u00eda - Divisi\u00f3n Interamericana<\/title>\n<meta name=\"robots\" content=\"index, follow, max-snippet:-1, max-image-preview:large, max-video-preview:-1\" \/>\n<link rel=\"canonical\" href=\"https:\/\/interamerica.org\/es\/2005\/04\/la-dia-concluye-semana-de-oracion-anual\/\" \/>\n<meta property=\"og:locale\" content=\"es_ES\" \/>\n<meta property=\"og:type\" content=\"article\" \/>\n<meta property=\"og:title\" content=\"La DIA Concluye Semana de Oraci\u00f3n Anual - Iglesia Adventista del S\u00e9ptimo D\u00eda - Divisi\u00f3n Interamericana\" \/>\n<meta property=\"og:description\" content=\"El personal de la sede de la Divisi\u00f3n Interamericana en Miami, tuvo su semana de \u00e9nfasis espiritual anual, del 18 al 23 en el Auditorio B.L. Archbold.\" \/>\n<meta property=\"og:url\" content=\"https:\/\/interamerica.org\/es\/2005\/04\/la-dia-concluye-semana-de-oracion-anual\/\" \/>\n<meta property=\"og:site_name\" content=\"Iglesia Adventista del S\u00e9ptimo D\u00eda - Divisi\u00f3n Interamericana\" \/>\n<meta property=\"article:published_time\" content=\"2005-04-25T04:00:00+00:00\" \/>\n<meta property=\"article:modified_time\" content=\"2017-06-02T13:17:31+00:00\" \/>\n<meta name=\"author\" content=\"Lorenzo Verduzco\" \/>\n<meta name=\"twitter:card\" content=\"summary_large_image\" \/>\n<meta name=\"twitter:label1\" content=\"Escrito por\" \/>\n\t<meta name=\"twitter:data1\" content=\"Lorenzo Verduzco\" \/>\n\t<meta name=\"twitter:label2\" content=\"Tiempo de lectura\" \/>\n\t<meta name=\"twitter:data2\" content=\"1 minuto\" \/>\n<script type=\"application\/ld+json\" class=\"yoast-schema-graph\">{\"@context\":\"https:\\\/\\\/schema.org\",\"@graph\":[{\"@type\":\"Article\",\"@id\":\"https:\\\/\\\/interamerica.org\\\/es\\\/2005\\\/04\\\/la-dia-concluye-semana-de-oracion-anual\\\/#article\",\"isPartOf\":{\"@id\":\"https:\\\/\\\/interamerica.org\\\/es\\\/2005\\\/04\\\/la-dia-concluye-semana-de-oracion-anual\\\/\"},\"author\":{\"name\":\"Lorenzo Verduzco\",\"@id\":\"https:\\\/\\\/interamerica.org\\\/es\\\/#\\\/schema\\\/person\\\/68ede8bdc292885bb76c1e3810e73c39\"},\"headline\":\"La DIA Concluye Semana de Oraci\u00f3n Anual\",\"datePublished\":\"2005-04-25T04:00:00+00:00\",\"dateModified\":\"2017-06-02T13:17:31+00:00\",\"mainEntityOfPage\":{\"@id\":\"https:\\\/\\\/interamerica.org\\\/es\\\/2005\\\/04\\\/la-dia-concluye-semana-de-oracion-anual\\\/\"},\"wordCount\":154,\"articleSection\":[\"Archivo\"],\"inLanguage\":\"es\"},{\"@type\":\"WebPage\",\"@id\":\"https:\\\/\\\/interamerica.org\\\/es\\\/2005\\\/04\\\/la-dia-concluye-semana-de-oracion-anual\\\/\",\"url\":\"https:\\\/\\\/interamerica.org\\\/es\\\/2005\\\/04\\\/la-dia-concluye-semana-de-oracion-anual\\\/\",\"name\":\"La DIA Concluye Semana de Oraci\u00f3n Anual - Iglesia Adventista del S\u00e9ptimo D\u00eda - Divisi\u00f3n Interamericana\",\"isPartOf\":{\"@id\":\"https:\\\/\\\/interamerica.org\\\/es\\\/#website\"},\"datePublished\":\"2005-04-25T04:00:00+00:00\",\"dateModified\":\"2017-06-02T13:17:31+00:00\",\"author\":{\"@id\":\"https:\\\/\\\/interamerica.org\\\/es\\\/#\\\/schema\\\/person\\\/68ede8bdc292885bb76c1e3810e73c39\"},\"breadcrumb\":{\"@id\":\"https:\\\/\\\/interamerica.org\\\/es\\\/2005\\\/04\\\/la-dia-concluye-semana-de-oracion-anual\\\/#breadcrumb\"},\"inLanguage\":\"es\",\"potentialAction\":[{\"@type\":\"ReadAction\",\"target\":[\"https:\\\/\\\/interamerica.org\\\/es\\\/2005\\\/04\\\/la-dia-concluye-semana-de-oracion-anual\\\/\"]}]},{\"@type\":\"BreadcrumbList\",\"@id\":\"https:\\\/\\\/interamerica.org\\\/es\\\/2005\\\/04\\\/la-dia-concluye-semana-de-oracion-anual\\\/#breadcrumb\",\"itemListElement\":[{\"@type\":\"ListItem\",\"position\":1,\"name\":\"Home\",\"item\":\"https:\\\/\\\/interamerica.org\\\/es\\\/\"},{\"@type\":\"ListItem\",\"position\":2,\"name\":\"La DIA Concluye Semana de Oraci\u00f3n Anual\"}]},{\"@type\":\"WebSite\",\"@id\":\"https:\\\/\\\/interamerica.org\\\/es\\\/#website\",\"url\":\"https:\\\/\\\/interamerica.org\\\/es\\\/\",\"name\":\"Iglesia Adventista del S\u00e9ptimo D\u00eda - Divisi\u00f3n Interamericana\",\"description\":\"\",\"potentialAction\":[{\"@type\":\"SearchAction\",\"target\":{\"@type\":\"EntryPoint\",\"urlTemplate\":\"https:\\\/\\\/interamerica.org\\\/es\\\/?s={search_term_string}\"},\"query-input\":{\"@type\":\"PropertyValueSpecification\",\"valueRequired\":true,\"valueName\":\"search_term_string\"}}],\"inLanguage\":\"es\"},{\"@type\":\"Person\",\"@id\":\"https:\\\/\\\/interamerica.org\\\/es\\\/#\\\/schema\\\/person\\\/68ede8bdc292885bb76c1e3810e73c39\",\"name\":\"Lorenzo Verduzco\",\"image\":{\"@type\":\"ImageObject\",\"inLanguage\":\"es\",\"@id\":\"https:\\\/\\\/secure.gravatar.com\\\/avatar\\\/fb81a55b6218459490a9c1dc841a34909185b81904c5337b4b27f7a6fd60c49e?s=96&d=mm&r=g\",\"url\":\"https:\\\/\\\/secure.gravatar.com\\\/avatar\\\/fb81a55b6218459490a9c1dc841a34909185b81904c5337b4b27f7a6fd60c49e?s=96&d=mm&r=g\",\"contentUrl\":\"https:\\\/\\\/secure.gravatar.com\\\/avatar\\\/fb81a55b6218459490a9c1dc841a34909185b81904c5337b4b27f7a6fd60c49e?s=96&d=mm&r=g\",\"caption\":\"Lorenzo Verduzco\"}}]}<\/script>\n<!-- \/ Yoast SEO plugin. -->","yoast_head_json":{"title":"La DIA Concluye Semana de Oraci\u00f3n Anual - Iglesia Adventista del S\u00e9ptimo D\u00eda - Divisi\u00f3n Interamericana","robots":{"index":"index","follow":"follow","max-snippet":"max-snippet:-1","max-image-preview":"max-image-preview:large","max-video-preview":"max-video-preview:-1"},"canonical":"https:\/\/interamerica.org\/es\/2005\/04\/la-dia-concluye-semana-de-oracion-anual\/","og_locale":"es_ES","og_type":"article","og_title":"La DIA Concluye Semana de Oraci\u00f3n Anual - Iglesia Adventista del S\u00e9ptimo D\u00eda - Divisi\u00f3n Interamericana","og_description":"El personal de la sede de la Divisi\u00f3n Interamericana en Miami, tuvo su semana de \u00e9nfasis espiritual anual, del 18 al 23 en el Auditorio B.L. Archbold.","og_url":"https:\/\/interamerica.org\/es\/2005\/04\/la-dia-concluye-semana-de-oracion-anual\/","og_site_name":"Iglesia Adventista del S\u00e9ptimo D\u00eda - Divisi\u00f3n Interamericana","article_published_time":"2005-04-25T04:00:00+00:00","article_modified_time":"2017-06-02T13:17:31+00:00","author":"Lorenzo Verduzco","twitter_card":"summary_large_image","twitter_misc":{"Escrito por":"Lorenzo Verduzco","Tiempo de lectura":"1 minuto"},"schema":{"@context":"https:\/\/schema.org","@graph":[{"@type":"Article","@id":"https:\/\/interamerica.org\/es\/2005\/04\/la-dia-concluye-semana-de-oracion-anual\/#article","isPartOf":{"@id":"https:\/\/interamerica.org\/es\/2005\/04\/la-dia-concluye-semana-de-oracion-anual\/"},"author":{"name":"Lorenzo Verduzco","@id":"https:\/\/interamerica.org\/es\/#\/schema\/person\/68ede8bdc292885bb76c1e3810e73c39"},"headline":"La DIA Concluye Semana de Oraci\u00f3n Anual","datePublished":"2005-04-25T04:00:00+00:00","dateModified":"2017-06-02T13:17:31+00:00","mainEntityOfPage":{"@id":"https:\/\/interamerica.org\/es\/2005\/04\/la-dia-concluye-semana-de-oracion-anual\/"},"wordCount":154,"articleSection":["Archivo"],"inLanguage":"es"},{"@type":"WebPage","@id":"https:\/\/interamerica.org\/es\/2005\/04\/la-dia-concluye-semana-de-oracion-anual\/","url":"https:\/\/interamerica.org\/es\/2005\/04\/la-dia-concluye-semana-de-oracion-anual\/","name":"La DIA Concluye Semana de Oraci\u00f3n Anual - Iglesia Adventista del S\u00e9ptimo D\u00eda - Divisi\u00f3n Interamericana","isPartOf":{"@id":"https:\/\/interamerica.org\/es\/#website"},"datePublished":"2005-04-25T04:00:00+00:00","dateModified":"2017-06-02T13:17:31+00:00","author":{"@id":"https:\/\/interamerica.org\/es\/#\/schema\/person\/68ede8bdc292885bb76c1e3810e73c39"},"breadcrumb":{"@id":"https:\/\/interamerica.org\/es\/2005\/04\/la-dia-concluye-semana-de-oracion-anual\/#breadcrumb"},"inLanguage":"es","potentialAction":[{"@type":"ReadAction","target":["https:\/\/interamerica.org\/es\/2005\/04\/la-dia-concluye-semana-de-oracion-anual\/"]}]},{"@type":"BreadcrumbList","@id":"https:\/\/interamerica.org\/es\/2005\/04\/la-dia-concluye-semana-de-oracion-anual\/#breadcrumb","itemListElement":[{"@type":"ListItem","position":1,"name":"Home","item":"https:\/\/interamerica.org\/es\/"},{"@type":"ListItem","position":2,"name":"La DIA Concluye Semana de Oraci\u00f3n Anual"}]},{"@type":"WebSite","@id":"https:\/\/interamerica.org\/es\/#website","url":"https:\/\/interamerica.org\/es\/","name":"Iglesia Adventista del S\u00e9ptimo D\u00eda - Divisi\u00f3n Interamericana","description":"","potentialAction":[{"@type":"SearchAction","target":{"@type":"EntryPoint","urlTemplate":"https:\/\/interamerica.org\/es\/?s={search_term_string}"},"query-input":{"@type":"PropertyValueSpecification","valueRequired":true,"valueName":"search_term_string"}}],"inLanguage":"es"},{"@type":"Person","@id":"https:\/\/interamerica.org\/es\/#\/schema\/person\/68ede8bdc292885bb76c1e3810e73c39","name":"Lorenzo Verduzco","image":{"@type":"ImageObject","inLanguage":"es","@id":"https:\/\/secure.gravatar.com\/avatar\/fb81a55b6218459490a9c1dc841a34909185b81904c5337b4b27f7a6fd60c49e?s=96&d=mm&r=g","url":"https:\/\/secure.gravatar.com\/avatar\/fb81a55b6218459490a9c1dc841a34909185b81904c5337b4b27f7a6fd60c49e?s=96&d=mm&r=g","contentUrl":"https:\/\/secure.gravatar.com\/avatar\/fb81a55b6218459490a9c1dc841a34909185b81904c5337b4b27f7a6fd60c49e?s=96&d=mm&r=g","caption":"Lorenzo Verduzco"}}]}},"_links":{"self":[{"href":"https:\/\/interamerica.org\/es\/wp-json\/wp\/v2\/posts\/10503","targetHints":{"allow":["GET"]}}],"collection":[{"href":"https:\/\/interamerica.org\/es\/wp-json\/wp\/v2\/posts"}],"about":[{"href":"https:\/\/interamerica.org\/es\/wp-json\/wp\/v2\/types\/post"}],"author":[{"embeddable":true,"href":"https:\/\/interamerica.org\/es\/wp-json\/wp\/v2\/users\/1"}],"replies":[{"embeddable":true,"href":"https:\/\/interamerica.org\/es\/wp-json\/wp\/v2\/comments?post=10503"}],"version-history":[{"count":0,"href":"https:\/\/interamerica.org\/es\/wp-json\/wp\/v2\/posts\/10503\/revisions"}],"wp:attachment":[{"href":"https:\/\/interamerica.org\/es\/wp-json\/wp\/v2\/media?parent=10503"}],"wp:term":[{"taxonomy":"category","embeddable":true,"href":"https:\/\/interamerica.org\/es\/wp-json\/wp\/v2\/categories?post=10503"},{"taxonomy":"post_tag","embeddable":true,"href":"https:\/\/interamerica.org\/es\/wp-json\/wp\/v2\/tags?post=10503"}],"curies":[{"name":"wp","href":"https:\/\/api.w.org\/{rel}","templated":true}]}}