{"id":10504,"date":"2005-04-28T00:00:00","date_gmt":"2005-04-28T04:00:00","guid":{"rendered":"http:\/\/192.81.217.108\/interamerica\/2005\/04\/dia-celebra-dia-de-profesionales-en-administracion\/"},"modified":"2017-06-02T09:17:28","modified_gmt":"2017-06-02T13:17:28","slug":"dia-celebra-dia-de-profesionales-en-administracion","status":"publish","type":"post","link":"https:\/\/interamerica.org\/es\/2005\/04\/dia-celebra-dia-de-profesionales-en-administracion\/","title":{"rendered":"DIA Celebra D\u00eda de Profesionales en Administraci\u00f3n"},"content":{"rendered":"<p>Miami, Florida, Estados Unidos&#8230;[Libna Stevens\/IAD]<\/p>\n<p>Los asistentes administrativos de la sede de la Divisi\u00f3n Interamericana en Miami fueron homenajeados en el D\u00eda Nacional de los Profesionales en Administraci\u00f3n, el 25 de abril. \u00c9stos recibieron reconocimiento por su aportaci\u00f3n en el cumplimiento de la misi\u00f3n de la Iglesia Adventista del S\u00e9ptimo D\u00eda.<\/p>\n<p>El programa incluy\u00f3 un servicio de devoci\u00f3n matinal, m\u00fasica especial y reconocimiento especial a todos los asistentes.<\/p>\n<p>La doctora Judith Rey McCalla, profesora auxiliar de investigaci\u00f3n del Departamento de Psicolog\u00eda de la Universidad de Miami, present\u00f3 un breve seminario sobre el manejo del estr\u00e9s, en el cual enfatiz\u00f3 la necesidad de prepararse para\u00a0\u00e9ste y para lidiar con el mismo\u00a0en el sitio de trabajo, en este estilo de vida que requiere cadencia diligente.<\/p>\n<p>\u00abHagan elecciones saludables, proyecten para el futuro, trabajen tenazmente y conf\u00eden el resto a Dios\u00bb, dijo McCalla.<\/p>\n<p>Temprano ese d\u00eda, el personal de la DIA fue consultado para determinar cu\u00e1l de los asistentes administrativos hizo ostensible los aportes m\u00e1s destacados para la iglesia el a\u00f1o pasado. Cuando se dieron los resultados, tres fueron homenajeados: Janie Baltodano como la persona de m\u00e1s ayuda; Dinorah River como la m\u00e1s ingeniosa, y Herlinda Rodr\u00edguez como la que mejor puso en alto los valores estrat\u00e9gicos de la iglesia.<\/p>\n","protected":false},"excerpt":{"rendered":"<p>Los asistentes administrativos de la sede de la Divisi\u00f3n Interamericana en Miami fueron homenajeados en el D\u00eda Nacional de los Profesionales en la Administraci\u00f3n, el 25 de abril.<\/p>\n","protected":false},"author":1,"featured_media":0,"comment_status":"closed","ping_status":"closed","sticky":false,"template":"","format":"standard","meta":{"_acf_changed":false,"footnotes":""},"categories":[8],"tags":[],"class_list":["post-10504","post","type-post","status-publish","format-standard","hentry","category-archivo"],"acf":[],"yoast_head":"<!-- This site is optimized with the Yoast SEO plugin v27.3 - https:\/\/yoast.com\/product\/yoast-seo-wordpress\/ -->\n<title>DIA Celebra D\u00eda de Profesionales en Administraci\u00f3n - Iglesia Adventista del S\u00e9ptimo D\u00eda - Divisi\u00f3n Interamericana<\/title>\n<meta name=\"robots\" content=\"index, follow, max-snippet:-1, max-image-preview:large, max-video-preview:-1\" \/>\n<link rel=\"canonical\" href=\"https:\/\/interamerica.org\/es\/2005\/04\/dia-celebra-dia-de-profesionales-en-administracion\/\" \/>\n<meta property=\"og:locale\" content=\"es_ES\" \/>\n<meta property=\"og:type\" content=\"article\" \/>\n<meta property=\"og:title\" content=\"DIA Celebra D\u00eda de Profesionales en Administraci\u00f3n - Iglesia Adventista del S\u00e9ptimo D\u00eda - Divisi\u00f3n Interamericana\" \/>\n<meta property=\"og:description\" content=\"Los asistentes administrativos de la sede de la Divisi\u00f3n Interamericana en Miami fueron homenajeados en el D\u00eda Nacional de los Profesionales en la Administraci\u00f3n, el 25 de abril.\" \/>\n<meta property=\"og:url\" content=\"https:\/\/interamerica.org\/es\/2005\/04\/dia-celebra-dia-de-profesionales-en-administracion\/\" \/>\n<meta property=\"og:site_name\" content=\"Iglesia Adventista del S\u00e9ptimo D\u00eda - Divisi\u00f3n Interamericana\" \/>\n<meta property=\"article:published_time\" content=\"2005-04-28T04:00:00+00:00\" \/>\n<meta property=\"article:modified_time\" content=\"2017-06-02T13:17:28+00:00\" \/>\n<meta name=\"author\" content=\"Lorenzo Verduzco\" \/>\n<meta name=\"twitter:card\" content=\"summary_large_image\" \/>\n<meta name=\"twitter:label1\" content=\"Escrito por\" \/>\n\t<meta name=\"twitter:data1\" content=\"Lorenzo Verduzco\" \/>\n\t<meta name=\"twitter:label2\" content=\"Tiempo de lectura\" \/>\n\t<meta name=\"twitter:data2\" content=\"1 minuto\" \/>\n<script type=\"application\/ld+json\" class=\"yoast-schema-graph\">{\"@context\":\"https:\\\/\\\/schema.org\",\"@graph\":[{\"@type\":\"Article\",\"@id\":\"https:\\\/\\\/interamerica.org\\\/es\\\/2005\\\/04\\\/dia-celebra-dia-de-profesionales-en-administracion\\\/#article\",\"isPartOf\":{\"@id\":\"https:\\\/\\\/interamerica.org\\\/es\\\/2005\\\/04\\\/dia-celebra-dia-de-profesionales-en-administracion\\\/\"},\"author\":{\"name\":\"Lorenzo Verduzco\",\"@id\":\"https:\\\/\\\/interamerica.org\\\/es\\\/#\\\/schema\\\/person\\\/68ede8bdc292885bb76c1e3810e73c39\"},\"headline\":\"DIA Celebra D\u00eda de Profesionales en Administraci\u00f3n\",\"datePublished\":\"2005-04-28T04:00:00+00:00\",\"dateModified\":\"2017-06-02T13:17:28+00:00\",\"mainEntityOfPage\":{\"@id\":\"https:\\\/\\\/interamerica.org\\\/es\\\/2005\\\/04\\\/dia-celebra-dia-de-profesionales-en-administracion\\\/\"},\"wordCount\":240,\"articleSection\":[\"Archivo\"],\"inLanguage\":\"es\"},{\"@type\":\"WebPage\",\"@id\":\"https:\\\/\\\/interamerica.org\\\/es\\\/2005\\\/04\\\/dia-celebra-dia-de-profesionales-en-administracion\\\/\",\"url\":\"https:\\\/\\\/interamerica.org\\\/es\\\/2005\\\/04\\\/dia-celebra-dia-de-profesionales-en-administracion\\\/\",\"name\":\"DIA Celebra D\u00eda de Profesionales en Administraci\u00f3n - Iglesia Adventista del S\u00e9ptimo D\u00eda - Divisi\u00f3n Interamericana\",\"isPartOf\":{\"@id\":\"https:\\\/\\\/interamerica.org\\\/es\\\/#website\"},\"datePublished\":\"2005-04-28T04:00:00+00:00\",\"dateModified\":\"2017-06-02T13:17:28+00:00\",\"author\":{\"@id\":\"https:\\\/\\\/interamerica.org\\\/es\\\/#\\\/schema\\\/person\\\/68ede8bdc292885bb76c1e3810e73c39\"},\"breadcrumb\":{\"@id\":\"https:\\\/\\\/interamerica.org\\\/es\\\/2005\\\/04\\\/dia-celebra-dia-de-profesionales-en-administracion\\\/#breadcrumb\"},\"inLanguage\":\"es\",\"potentialAction\":[{\"@type\":\"ReadAction\",\"target\":[\"https:\\\/\\\/interamerica.org\\\/es\\\/2005\\\/04\\\/dia-celebra-dia-de-profesionales-en-administracion\\\/\"]}]},{\"@type\":\"BreadcrumbList\",\"@id\":\"https:\\\/\\\/interamerica.org\\\/es\\\/2005\\\/04\\\/dia-celebra-dia-de-profesionales-en-administracion\\\/#breadcrumb\",\"itemListElement\":[{\"@type\":\"ListItem\",\"position\":1,\"name\":\"Home\",\"item\":\"https:\\\/\\\/interamerica.org\\\/es\\\/\"},{\"@type\":\"ListItem\",\"position\":2,\"name\":\"DIA Celebra D\u00eda de Profesionales en Administraci\u00f3n\"}]},{\"@type\":\"WebSite\",\"@id\":\"https:\\\/\\\/interamerica.org\\\/es\\\/#website\",\"url\":\"https:\\\/\\\/interamerica.org\\\/es\\\/\",\"name\":\"Iglesia Adventista del S\u00e9ptimo D\u00eda - Divisi\u00f3n Interamericana\",\"description\":\"\",\"potentialAction\":[{\"@type\":\"SearchAction\",\"target\":{\"@type\":\"EntryPoint\",\"urlTemplate\":\"https:\\\/\\\/interamerica.org\\\/es\\\/?s={search_term_string}\"},\"query-input\":{\"@type\":\"PropertyValueSpecification\",\"valueRequired\":true,\"valueName\":\"search_term_string\"}}],\"inLanguage\":\"es\"},{\"@type\":\"Person\",\"@id\":\"https:\\\/\\\/interamerica.org\\\/es\\\/#\\\/schema\\\/person\\\/68ede8bdc292885bb76c1e3810e73c39\",\"name\":\"Lorenzo Verduzco\",\"image\":{\"@type\":\"ImageObject\",\"inLanguage\":\"es\",\"@id\":\"https:\\\/\\\/secure.gravatar.com\\\/avatar\\\/fb81a55b6218459490a9c1dc841a34909185b81904c5337b4b27f7a6fd60c49e?s=96&d=mm&r=g\",\"url\":\"https:\\\/\\\/secure.gravatar.com\\\/avatar\\\/fb81a55b6218459490a9c1dc841a34909185b81904c5337b4b27f7a6fd60c49e?s=96&d=mm&r=g\",\"contentUrl\":\"https:\\\/\\\/secure.gravatar.com\\\/avatar\\\/fb81a55b6218459490a9c1dc841a34909185b81904c5337b4b27f7a6fd60c49e?s=96&d=mm&r=g\",\"caption\":\"Lorenzo Verduzco\"}}]}<\/script>\n<!-- \/ Yoast SEO plugin. -->","yoast_head_json":{"title":"DIA Celebra D\u00eda de Profesionales en Administraci\u00f3n - Iglesia Adventista del S\u00e9ptimo D\u00eda - Divisi\u00f3n Interamericana","robots":{"index":"index","follow":"follow","max-snippet":"max-snippet:-1","max-image-preview":"max-image-preview:large","max-video-preview":"max-video-preview:-1"},"canonical":"https:\/\/interamerica.org\/es\/2005\/04\/dia-celebra-dia-de-profesionales-en-administracion\/","og_locale":"es_ES","og_type":"article","og_title":"DIA Celebra D\u00eda de Profesionales en Administraci\u00f3n - Iglesia Adventista del S\u00e9ptimo D\u00eda - Divisi\u00f3n Interamericana","og_description":"Los asistentes administrativos de la sede de la Divisi\u00f3n Interamericana en Miami fueron homenajeados en el D\u00eda Nacional de los Profesionales en la Administraci\u00f3n, el 25 de abril.","og_url":"https:\/\/interamerica.org\/es\/2005\/04\/dia-celebra-dia-de-profesionales-en-administracion\/","og_site_name":"Iglesia Adventista del S\u00e9ptimo D\u00eda - Divisi\u00f3n Interamericana","article_published_time":"2005-04-28T04:00:00+00:00","article_modified_time":"2017-06-02T13:17:28+00:00","author":"Lorenzo Verduzco","twitter_card":"summary_large_image","twitter_misc":{"Escrito por":"Lorenzo Verduzco","Tiempo de lectura":"1 minuto"},"schema":{"@context":"https:\/\/schema.org","@graph":[{"@type":"Article","@id":"https:\/\/interamerica.org\/es\/2005\/04\/dia-celebra-dia-de-profesionales-en-administracion\/#article","isPartOf":{"@id":"https:\/\/interamerica.org\/es\/2005\/04\/dia-celebra-dia-de-profesionales-en-administracion\/"},"author":{"name":"Lorenzo Verduzco","@id":"https:\/\/interamerica.org\/es\/#\/schema\/person\/68ede8bdc292885bb76c1e3810e73c39"},"headline":"DIA Celebra D\u00eda de Profesionales en Administraci\u00f3n","datePublished":"2005-04-28T04:00:00+00:00","dateModified":"2017-06-02T13:17:28+00:00","mainEntityOfPage":{"@id":"https:\/\/interamerica.org\/es\/2005\/04\/dia-celebra-dia-de-profesionales-en-administracion\/"},"wordCount":240,"articleSection":["Archivo"],"inLanguage":"es"},{"@type":"WebPage","@id":"https:\/\/interamerica.org\/es\/2005\/04\/dia-celebra-dia-de-profesionales-en-administracion\/","url":"https:\/\/interamerica.org\/es\/2005\/04\/dia-celebra-dia-de-profesionales-en-administracion\/","name":"DIA Celebra D\u00eda de Profesionales en Administraci\u00f3n - Iglesia Adventista del S\u00e9ptimo D\u00eda - Divisi\u00f3n Interamericana","isPartOf":{"@id":"https:\/\/interamerica.org\/es\/#website"},"datePublished":"2005-04-28T04:00:00+00:00","dateModified":"2017-06-02T13:17:28+00:00","author":{"@id":"https:\/\/interamerica.org\/es\/#\/schema\/person\/68ede8bdc292885bb76c1e3810e73c39"},"breadcrumb":{"@id":"https:\/\/interamerica.org\/es\/2005\/04\/dia-celebra-dia-de-profesionales-en-administracion\/#breadcrumb"},"inLanguage":"es","potentialAction":[{"@type":"ReadAction","target":["https:\/\/interamerica.org\/es\/2005\/04\/dia-celebra-dia-de-profesionales-en-administracion\/"]}]},{"@type":"BreadcrumbList","@id":"https:\/\/interamerica.org\/es\/2005\/04\/dia-celebra-dia-de-profesionales-en-administracion\/#breadcrumb","itemListElement":[{"@type":"ListItem","position":1,"name":"Home","item":"https:\/\/interamerica.org\/es\/"},{"@type":"ListItem","position":2,"name":"DIA Celebra D\u00eda de Profesionales en Administraci\u00f3n"}]},{"@type":"WebSite","@id":"https:\/\/interamerica.org\/es\/#website","url":"https:\/\/interamerica.org\/es\/","name":"Iglesia Adventista del S\u00e9ptimo D\u00eda - Divisi\u00f3n Interamericana","description":"","potentialAction":[{"@type":"SearchAction","target":{"@type":"EntryPoint","urlTemplate":"https:\/\/interamerica.org\/es\/?s={search_term_string}"},"query-input":{"@type":"PropertyValueSpecification","valueRequired":true,"valueName":"search_term_string"}}],"inLanguage":"es"},{"@type":"Person","@id":"https:\/\/interamerica.org\/es\/#\/schema\/person\/68ede8bdc292885bb76c1e3810e73c39","name":"Lorenzo Verduzco","image":{"@type":"ImageObject","inLanguage":"es","@id":"https:\/\/secure.gravatar.com\/avatar\/fb81a55b6218459490a9c1dc841a34909185b81904c5337b4b27f7a6fd60c49e?s=96&d=mm&r=g","url":"https:\/\/secure.gravatar.com\/avatar\/fb81a55b6218459490a9c1dc841a34909185b81904c5337b4b27f7a6fd60c49e?s=96&d=mm&r=g","contentUrl":"https:\/\/secure.gravatar.com\/avatar\/fb81a55b6218459490a9c1dc841a34909185b81904c5337b4b27f7a6fd60c49e?s=96&d=mm&r=g","caption":"Lorenzo Verduzco"}}]}},"_links":{"self":[{"href":"https:\/\/interamerica.org\/es\/wp-json\/wp\/v2\/posts\/10504","targetHints":{"allow":["GET"]}}],"collection":[{"href":"https:\/\/interamerica.org\/es\/wp-json\/wp\/v2\/posts"}],"about":[{"href":"https:\/\/interamerica.org\/es\/wp-json\/wp\/v2\/types\/post"}],"author":[{"embeddable":true,"href":"https:\/\/interamerica.org\/es\/wp-json\/wp\/v2\/users\/1"}],"replies":[{"embeddable":true,"href":"https:\/\/interamerica.org\/es\/wp-json\/wp\/v2\/comments?post=10504"}],"version-history":[{"count":0,"href":"https:\/\/interamerica.org\/es\/wp-json\/wp\/v2\/posts\/10504\/revisions"}],"wp:attachment":[{"href":"https:\/\/interamerica.org\/es\/wp-json\/wp\/v2\/media?parent=10504"}],"wp:term":[{"taxonomy":"category","embeddable":true,"href":"https:\/\/interamerica.org\/es\/wp-json\/wp\/v2\/categories?post=10504"},{"taxonomy":"post_tag","embeddable":true,"href":"https:\/\/interamerica.org\/es\/wp-json\/wp\/v2\/tags?post=10504"}],"curies":[{"name":"wp","href":"https:\/\/api.w.org\/{rel}","templated":true}]}}