{"id":10510,"date":"2005-05-10T00:00:00","date_gmt":"2005-05-10T04:00:00","guid":{"rendered":"http:\/\/192.81.217.108\/interamerica\/2005\/05\/cameroon-accidente-cobra-la-vida-de-un-presidente-de-iglesia-local\/"},"modified":"2017-06-02T09:17:25","modified_gmt":"2017-06-02T13:17:25","slug":"cameroon-accidente-cobra-la-vida-de-un-presidente-de-iglesia-local","status":"publish","type":"post","link":"https:\/\/interamerica.org\/es\/2005\/05\/cameroon-accidente-cobra-la-vida-de-un-presidente-de-iglesia-local\/","title":{"rendered":"Cameroon: Accidente Cobra la Vida de un Presidente de Iglesia Local"},"content":{"rendered":"<p>Douala, Cameroon &#8230;. [Jean Emmanuel Nlo Nlo\/Personal ANN] <\/p>\n<p>Celestin Rakotoarisoa Herimanana pastor de la Iglesia Adventista del S\u00e9ptimo D\u00eda, de 44 a\u00f1os de edad, falleci\u00f3 el 4 de mayo en un accidente de autob\u00fas mientras regresaba de Douala para Yaounde, capital de la naci\u00f3n. Le sobreviven su esposa y dos hijos. <\/p>\n<p>El Pastor Herimanana, nativo de Madagascar y misionero en Cameroon, fue presidente de la iglesia en  Cameroon Oriental. Fue uno de los primeros graduados de la Universidad Adventista de \u00c1frica Central en Rwanda y despu\u00e9s de pastorear iglesias en Madagascar y servir como presidente de la iglesia local all\u00e1, vino a la regi\u00f3n oriental de Cameroon en 2001. Durante los \u00faltimos cuatro a\u00f1os, su labor logr\u00f3 llevar la regi\u00f3n a calificar para un estatus de \u00abasociaci\u00f3n\u00bb dentro de la iglesia adventista. Sus colegas dicen que fue un ministro muy querido en el area. <\/p>\n<p>Los administradores de la iglesia en \u00c1frica Occidental hab\u00edan planeado elegir a Herimanana como presidente de iglesia en Chad el 6 de mayo, lo que significaba una nueva posici\u00f3n para el veterano obrero. <\/p>\n<p>Herimanana hab\u00eda ido el 4 de mayo a Yaounde, a unas tres horas, 155 millas (250 km) de viaje en autob\u00fas,  para recoger una visa que hab\u00eda esperado por largo tiempo para viajar a St. Louis, Missouri, Estados Unidos, para asistir a la sesi\u00f3n mundial de negocios n\u00famero 58 de la Iglesia Adventista en junio. De acuerdo a los informes, el autob\u00fas se accident\u00f3 cuando trat\u00f3 de evadir un cami\u00f3n que se aproximaba. <\/p>\n<p>En el 2003, hab\u00edan 33,173 miembros de la iglesia adventista adorando semanalmente en apr\u00f3ximadamente  1,000 congregaciones en Cameroon. La iglesia adventista ha estado activa en la naci\u00f3n desde 1926. <\/p>\n<p><strong>Copyright \u00a9 2005 by Adventist News Network<\/strong>. <\/p>\n","protected":false},"excerpt":{"rendered":"<p>Fallece Pastor Celestin Rakotoarisoa Herimanana de la Iglesia Adventista del S\u00e9ptimo D\u00eda,Cameroon &#8230;<\/p>\n","protected":false},"author":1,"featured_media":0,"comment_status":"closed","ping_status":"closed","sticky":false,"template":"","format":"standard","meta":{"_acf_changed":false,"footnotes":""},"categories":[8],"tags":[],"class_list":["post-10510","post","type-post","status-publish","format-standard","hentry","category-archivo"],"acf":[],"yoast_head":"<!-- This site is optimized with the Yoast SEO plugin v27.3 - https:\/\/yoast.com\/product\/yoast-seo-wordpress\/ -->\n<title>Cameroon: Accidente Cobra la Vida de un Presidente de Iglesia Local - Iglesia Adventista del S\u00e9ptimo D\u00eda - Divisi\u00f3n Interamericana<\/title>\n<meta name=\"robots\" content=\"index, follow, max-snippet:-1, max-image-preview:large, max-video-preview:-1\" \/>\n<link rel=\"canonical\" href=\"https:\/\/interamerica.org\/es\/2005\/05\/cameroon-accidente-cobra-la-vida-de-un-presidente-de-iglesia-local\/\" \/>\n<meta property=\"og:locale\" content=\"es_ES\" \/>\n<meta property=\"og:type\" content=\"article\" \/>\n<meta property=\"og:title\" content=\"Cameroon: Accidente Cobra la Vida de un Presidente de Iglesia Local - Iglesia Adventista del S\u00e9ptimo D\u00eda - Divisi\u00f3n Interamericana\" \/>\n<meta property=\"og:description\" content=\"Fallece Pastor Celestin Rakotoarisoa Herimanana de la Iglesia Adventista del S\u00e9ptimo D\u00eda,Cameroon ...\" \/>\n<meta property=\"og:url\" content=\"https:\/\/interamerica.org\/es\/2005\/05\/cameroon-accidente-cobra-la-vida-de-un-presidente-de-iglesia-local\/\" \/>\n<meta property=\"og:site_name\" content=\"Iglesia Adventista del S\u00e9ptimo D\u00eda - Divisi\u00f3n Interamericana\" \/>\n<meta property=\"article:published_time\" content=\"2005-05-10T04:00:00+00:00\" \/>\n<meta property=\"article:modified_time\" content=\"2017-06-02T13:17:25+00:00\" \/>\n<meta name=\"author\" content=\"Lorenzo Verduzco\" \/>\n<meta name=\"twitter:card\" content=\"summary_large_image\" \/>\n<meta name=\"twitter:label1\" content=\"Escrito por\" \/>\n\t<meta name=\"twitter:data1\" content=\"Lorenzo Verduzco\" \/>\n\t<meta name=\"twitter:label2\" content=\"Tiempo de lectura\" \/>\n\t<meta name=\"twitter:data2\" content=\"1 minuto\" \/>\n<script type=\"application\/ld+json\" class=\"yoast-schema-graph\">{\"@context\":\"https:\\\/\\\/schema.org\",\"@graph\":[{\"@type\":\"Article\",\"@id\":\"https:\\\/\\\/interamerica.org\\\/es\\\/2005\\\/05\\\/cameroon-accidente-cobra-la-vida-de-un-presidente-de-iglesia-local\\\/#article\",\"isPartOf\":{\"@id\":\"https:\\\/\\\/interamerica.org\\\/es\\\/2005\\\/05\\\/cameroon-accidente-cobra-la-vida-de-un-presidente-de-iglesia-local\\\/\"},\"author\":{\"name\":\"Lorenzo Verduzco\",\"@id\":\"https:\\\/\\\/interamerica.org\\\/es\\\/#\\\/schema\\\/person\\\/68ede8bdc292885bb76c1e3810e73c39\"},\"headline\":\"Cameroon: Accidente Cobra la Vida de un Presidente de Iglesia Local\",\"datePublished\":\"2005-05-10T04:00:00+00:00\",\"dateModified\":\"2017-06-02T13:17:25+00:00\",\"mainEntityOfPage\":{\"@id\":\"https:\\\/\\\/interamerica.org\\\/es\\\/2005\\\/05\\\/cameroon-accidente-cobra-la-vida-de-un-presidente-de-iglesia-local\\\/\"},\"wordCount\":305,\"articleSection\":[\"Archivo\"],\"inLanguage\":\"es\"},{\"@type\":\"WebPage\",\"@id\":\"https:\\\/\\\/interamerica.org\\\/es\\\/2005\\\/05\\\/cameroon-accidente-cobra-la-vida-de-un-presidente-de-iglesia-local\\\/\",\"url\":\"https:\\\/\\\/interamerica.org\\\/es\\\/2005\\\/05\\\/cameroon-accidente-cobra-la-vida-de-un-presidente-de-iglesia-local\\\/\",\"name\":\"Cameroon: Accidente Cobra la Vida de un Presidente de Iglesia Local - Iglesia Adventista del S\u00e9ptimo D\u00eda - Divisi\u00f3n Interamericana\",\"isPartOf\":{\"@id\":\"https:\\\/\\\/interamerica.org\\\/es\\\/#website\"},\"datePublished\":\"2005-05-10T04:00:00+00:00\",\"dateModified\":\"2017-06-02T13:17:25+00:00\",\"author\":{\"@id\":\"https:\\\/\\\/interamerica.org\\\/es\\\/#\\\/schema\\\/person\\\/68ede8bdc292885bb76c1e3810e73c39\"},\"breadcrumb\":{\"@id\":\"https:\\\/\\\/interamerica.org\\\/es\\\/2005\\\/05\\\/cameroon-accidente-cobra-la-vida-de-un-presidente-de-iglesia-local\\\/#breadcrumb\"},\"inLanguage\":\"es\",\"potentialAction\":[{\"@type\":\"ReadAction\",\"target\":[\"https:\\\/\\\/interamerica.org\\\/es\\\/2005\\\/05\\\/cameroon-accidente-cobra-la-vida-de-un-presidente-de-iglesia-local\\\/\"]}]},{\"@type\":\"BreadcrumbList\",\"@id\":\"https:\\\/\\\/interamerica.org\\\/es\\\/2005\\\/05\\\/cameroon-accidente-cobra-la-vida-de-un-presidente-de-iglesia-local\\\/#breadcrumb\",\"itemListElement\":[{\"@type\":\"ListItem\",\"position\":1,\"name\":\"Home\",\"item\":\"https:\\\/\\\/interamerica.org\\\/es\\\/\"},{\"@type\":\"ListItem\",\"position\":2,\"name\":\"Cameroon: Accidente Cobra la Vida de un Presidente de Iglesia Local\"}]},{\"@type\":\"WebSite\",\"@id\":\"https:\\\/\\\/interamerica.org\\\/es\\\/#website\",\"url\":\"https:\\\/\\\/interamerica.org\\\/es\\\/\",\"name\":\"Iglesia Adventista del S\u00e9ptimo D\u00eda - Divisi\u00f3n Interamericana\",\"description\":\"\",\"potentialAction\":[{\"@type\":\"SearchAction\",\"target\":{\"@type\":\"EntryPoint\",\"urlTemplate\":\"https:\\\/\\\/interamerica.org\\\/es\\\/?s={search_term_string}\"},\"query-input\":{\"@type\":\"PropertyValueSpecification\",\"valueRequired\":true,\"valueName\":\"search_term_string\"}}],\"inLanguage\":\"es\"},{\"@type\":\"Person\",\"@id\":\"https:\\\/\\\/interamerica.org\\\/es\\\/#\\\/schema\\\/person\\\/68ede8bdc292885bb76c1e3810e73c39\",\"name\":\"Lorenzo Verduzco\",\"image\":{\"@type\":\"ImageObject\",\"inLanguage\":\"es\",\"@id\":\"https:\\\/\\\/secure.gravatar.com\\\/avatar\\\/fb81a55b6218459490a9c1dc841a34909185b81904c5337b4b27f7a6fd60c49e?s=96&d=mm&r=g\",\"url\":\"https:\\\/\\\/secure.gravatar.com\\\/avatar\\\/fb81a55b6218459490a9c1dc841a34909185b81904c5337b4b27f7a6fd60c49e?s=96&d=mm&r=g\",\"contentUrl\":\"https:\\\/\\\/secure.gravatar.com\\\/avatar\\\/fb81a55b6218459490a9c1dc841a34909185b81904c5337b4b27f7a6fd60c49e?s=96&d=mm&r=g\",\"caption\":\"Lorenzo Verduzco\"}}]}<\/script>\n<!-- \/ Yoast SEO plugin. -->","yoast_head_json":{"title":"Cameroon: Accidente Cobra la Vida de un Presidente de Iglesia Local - Iglesia Adventista del S\u00e9ptimo D\u00eda - Divisi\u00f3n Interamericana","robots":{"index":"index","follow":"follow","max-snippet":"max-snippet:-1","max-image-preview":"max-image-preview:large","max-video-preview":"max-video-preview:-1"},"canonical":"https:\/\/interamerica.org\/es\/2005\/05\/cameroon-accidente-cobra-la-vida-de-un-presidente-de-iglesia-local\/","og_locale":"es_ES","og_type":"article","og_title":"Cameroon: Accidente Cobra la Vida de un Presidente de Iglesia Local - Iglesia Adventista del S\u00e9ptimo D\u00eda - Divisi\u00f3n Interamericana","og_description":"Fallece Pastor Celestin Rakotoarisoa Herimanana de la Iglesia Adventista del S\u00e9ptimo D\u00eda,Cameroon ...","og_url":"https:\/\/interamerica.org\/es\/2005\/05\/cameroon-accidente-cobra-la-vida-de-un-presidente-de-iglesia-local\/","og_site_name":"Iglesia Adventista del S\u00e9ptimo D\u00eda - Divisi\u00f3n Interamericana","article_published_time":"2005-05-10T04:00:00+00:00","article_modified_time":"2017-06-02T13:17:25+00:00","author":"Lorenzo Verduzco","twitter_card":"summary_large_image","twitter_misc":{"Escrito por":"Lorenzo Verduzco","Tiempo de lectura":"1 minuto"},"schema":{"@context":"https:\/\/schema.org","@graph":[{"@type":"Article","@id":"https:\/\/interamerica.org\/es\/2005\/05\/cameroon-accidente-cobra-la-vida-de-un-presidente-de-iglesia-local\/#article","isPartOf":{"@id":"https:\/\/interamerica.org\/es\/2005\/05\/cameroon-accidente-cobra-la-vida-de-un-presidente-de-iglesia-local\/"},"author":{"name":"Lorenzo Verduzco","@id":"https:\/\/interamerica.org\/es\/#\/schema\/person\/68ede8bdc292885bb76c1e3810e73c39"},"headline":"Cameroon: Accidente Cobra la Vida de un Presidente de Iglesia Local","datePublished":"2005-05-10T04:00:00+00:00","dateModified":"2017-06-02T13:17:25+00:00","mainEntityOfPage":{"@id":"https:\/\/interamerica.org\/es\/2005\/05\/cameroon-accidente-cobra-la-vida-de-un-presidente-de-iglesia-local\/"},"wordCount":305,"articleSection":["Archivo"],"inLanguage":"es"},{"@type":"WebPage","@id":"https:\/\/interamerica.org\/es\/2005\/05\/cameroon-accidente-cobra-la-vida-de-un-presidente-de-iglesia-local\/","url":"https:\/\/interamerica.org\/es\/2005\/05\/cameroon-accidente-cobra-la-vida-de-un-presidente-de-iglesia-local\/","name":"Cameroon: Accidente Cobra la Vida de un Presidente de Iglesia Local - Iglesia Adventista del S\u00e9ptimo D\u00eda - Divisi\u00f3n Interamericana","isPartOf":{"@id":"https:\/\/interamerica.org\/es\/#website"},"datePublished":"2005-05-10T04:00:00+00:00","dateModified":"2017-06-02T13:17:25+00:00","author":{"@id":"https:\/\/interamerica.org\/es\/#\/schema\/person\/68ede8bdc292885bb76c1e3810e73c39"},"breadcrumb":{"@id":"https:\/\/interamerica.org\/es\/2005\/05\/cameroon-accidente-cobra-la-vida-de-un-presidente-de-iglesia-local\/#breadcrumb"},"inLanguage":"es","potentialAction":[{"@type":"ReadAction","target":["https:\/\/interamerica.org\/es\/2005\/05\/cameroon-accidente-cobra-la-vida-de-un-presidente-de-iglesia-local\/"]}]},{"@type":"BreadcrumbList","@id":"https:\/\/interamerica.org\/es\/2005\/05\/cameroon-accidente-cobra-la-vida-de-un-presidente-de-iglesia-local\/#breadcrumb","itemListElement":[{"@type":"ListItem","position":1,"name":"Home","item":"https:\/\/interamerica.org\/es\/"},{"@type":"ListItem","position":2,"name":"Cameroon: Accidente Cobra la Vida de un Presidente de Iglesia Local"}]},{"@type":"WebSite","@id":"https:\/\/interamerica.org\/es\/#website","url":"https:\/\/interamerica.org\/es\/","name":"Iglesia Adventista del S\u00e9ptimo D\u00eda - Divisi\u00f3n Interamericana","description":"","potentialAction":[{"@type":"SearchAction","target":{"@type":"EntryPoint","urlTemplate":"https:\/\/interamerica.org\/es\/?s={search_term_string}"},"query-input":{"@type":"PropertyValueSpecification","valueRequired":true,"valueName":"search_term_string"}}],"inLanguage":"es"},{"@type":"Person","@id":"https:\/\/interamerica.org\/es\/#\/schema\/person\/68ede8bdc292885bb76c1e3810e73c39","name":"Lorenzo Verduzco","image":{"@type":"ImageObject","inLanguage":"es","@id":"https:\/\/secure.gravatar.com\/avatar\/fb81a55b6218459490a9c1dc841a34909185b81904c5337b4b27f7a6fd60c49e?s=96&d=mm&r=g","url":"https:\/\/secure.gravatar.com\/avatar\/fb81a55b6218459490a9c1dc841a34909185b81904c5337b4b27f7a6fd60c49e?s=96&d=mm&r=g","contentUrl":"https:\/\/secure.gravatar.com\/avatar\/fb81a55b6218459490a9c1dc841a34909185b81904c5337b4b27f7a6fd60c49e?s=96&d=mm&r=g","caption":"Lorenzo Verduzco"}}]}},"_links":{"self":[{"href":"https:\/\/interamerica.org\/es\/wp-json\/wp\/v2\/posts\/10510","targetHints":{"allow":["GET"]}}],"collection":[{"href":"https:\/\/interamerica.org\/es\/wp-json\/wp\/v2\/posts"}],"about":[{"href":"https:\/\/interamerica.org\/es\/wp-json\/wp\/v2\/types\/post"}],"author":[{"embeddable":true,"href":"https:\/\/interamerica.org\/es\/wp-json\/wp\/v2\/users\/1"}],"replies":[{"embeddable":true,"href":"https:\/\/interamerica.org\/es\/wp-json\/wp\/v2\/comments?post=10510"}],"version-history":[{"count":0,"href":"https:\/\/interamerica.org\/es\/wp-json\/wp\/v2\/posts\/10510\/revisions"}],"wp:attachment":[{"href":"https:\/\/interamerica.org\/es\/wp-json\/wp\/v2\/media?parent=10510"}],"wp:term":[{"taxonomy":"category","embeddable":true,"href":"https:\/\/interamerica.org\/es\/wp-json\/wp\/v2\/categories?post=10510"},{"taxonomy":"post_tag","embeddable":true,"href":"https:\/\/interamerica.org\/es\/wp-json\/wp\/v2\/tags?post=10510"}],"curies":[{"name":"wp","href":"https:\/\/api.w.org\/{rel}","templated":true}]}}