{"id":10512,"date":"2005-05-05T00:00:00","date_gmt":"2005-05-05T04:00:00","guid":{"rendered":"http:\/\/192.81.217.108\/interamerica\/2005\/05\/trinidad-primera-serie-evangelistica-transmitida\/"},"modified":"2017-06-02T09:17:26","modified_gmt":"2017-06-02T13:17:26","slug":"trinidad-primera-serie-evangelistica-transmitida","status":"publish","type":"post","link":"https:\/\/interamerica.org\/es\/2005\/05\/trinidad-primera-serie-evangelistica-transmitida\/","title":{"rendered":"Trinidad: Primera Serie Evangel\u00edstica Transmitida"},"content":{"rendered":"<p>Port Fortin, Trinidad&#8230; [Libna Stevens\/DIA]<\/p>\n<p>M\u00e1s de 1,500 personas empezaron a reunirse bajo una espaciosa carpa en Puerto Espa\u00f1a, Trinidad, para reuniones evangel\u00edsticas desde el 10 de abril. Organizada por la Iglesia Adventista del S\u00e9ptimo D\u00eda, la serie, que estar\u00e1 en el aire por siete semanas, empez\u00f3 su transmisi\u00f3n dilatada el 24 de abril a las 7:00 p.m., a trav\u00e9s del Canal Esperanza (Hope Channel) red de televisi\u00f3n perteneciente a la iglesia.<\/p>\n<p>Los organizadores dicen que la serie es la primera en su clase.<\/p>\n<p>\u00abLo que hace la serie diferente es el equipo profesional disponible para grabar las reuniones para su transmisi\u00f3n\u00bb, dice el pastor Keith Cato, administrador de la serie y pastor distrital en Port Fortin.<\/p>\n<p>\u00abEstamos entusiasmados porque por este medio, estamos propagando el evangelio a\u00fan m\u00e1s distante y tendr\u00e1 un impacto mayor\u00bb, dice el pastor Cato de la serie que se transmite mundialmente.<\/p>\n<p>Equipada con un personal t\u00e9cnico de 10 j\u00f3venes adventistas, la mayor\u00eda de los cuales jam\u00e1s hab\u00edan tenido contacto con una c\u00e1mara, la serie en la carpa se desarrolla con facilidad cada noche, dice Jos\u00e9 E. Romero, director asociado de comunicaciones para la iglesia en \u00cdnter Am\u00e9rica.<\/p>\n<p>Jos\u00e9 E. Romero, quien, con Edwin Rivera, capacit\u00f3 a los j\u00f3venes en el manejo del equipo de video, dice que, \u00abal final de un lapso de 10 d\u00edas, los participantes ya eran competentes en seleccionar lo que se requiere para televisi\u00f3n de calidad. Fueron capacitados para montar y operar en 30 minutos diariamente\u00bb.<\/p>\n<p>El pastor Le\u00f3n B. Wellington, director de comunicaciones de la iglesia en \u00cdnter Am\u00e9rica estuvo presente para la primera reuni\u00f3n de la campa\u00f1a. Agrega \u00e9l que, \u00abesta es la primera vez en \u00cdnter Am\u00e9rica en la que este equipo de producci\u00f3n es manejado por personas no profesionales para sacar una transmisi\u00f3n de \u00f3ptima calidad\u00bb. <\/p>\n<p>\u00abAbrir\u00e1 el territorio local de la DIA y el mundo, y ayudar\u00e1 a los evangelistas locales a pensar globalmente y llegar a la iglesia con una perspectiva global\u00bb, dice el pastor Wellington.<\/p>\n<p>El pastor Wellington dice que el nuevo equipo, propiedad de la DIA, est\u00e1 disponible a todo el territorio para la programaci\u00f3n de proyectos.<\/p>\n<p>\u00abAnimamos a las uniones a usar este tipo de tecnolog\u00eda para maximizar el impacto en su esfuerzo de llegar y convertir corazones para el reino de Dios\u00bb, agreg\u00f3 \u00e9l.<\/p>\n<p>La serie, titulada \u00abMaranata\u00bb, es dirigida por el pastor Roosvelt Daniel, evangelista de la iglesia en la Uni\u00f3n del Caribe, cuyo estilo de ense\u00f1anza es el del sal\u00f3n de clase donde la lectura y estudio de la Biblia est\u00e1 dando evidencia de ser muy efectivo, seg\u00fan Cato.<\/p>\n<p>El se\u00f1or Sheldon Moore, director t\u00e9cnico de los medios para la iglesia en la Asociaci\u00f3n del Sur del Caribe, dice que est\u00e1 entusiasmado por los avances en la tecnolog\u00eda y c\u00f3mo \u00e9sta impactar\u00e1 la isla y el mundo. Dice que los planes futuros incluyen la retransmisi\u00f3n de la serie por los canales de cable locales en la isla.<\/p>\n<p>La serie se desarrolla localmente toda la semana, excepto los martes y s\u00e1bados por la noche. Para informaci\u00f3n adicional sobre la programaci\u00f3n de la\u00a0 <\/p>\n<p>Serie para Trinidad, visite <a  href=\"http:\/\/www.hopetv.org\">www.hopetv.org<\/a>.\u00a0<\/p>\n","protected":false},"excerpt":{"rendered":"<p>M\u00e1s de 1,500 personas empezaron a reunirse bajo una espaciosa carpa en Port Fortin, Trinidad, para reuniones evangel\u00edsticas desde el 10 de abril.<\/p>\n","protected":false},"author":1,"featured_media":0,"comment_status":"closed","ping_status":"closed","sticky":false,"template":"","format":"standard","meta":{"_acf_changed":false,"footnotes":""},"categories":[8],"tags":[],"class_list":["post-10512","post","type-post","status-publish","format-standard","hentry","category-archivo"],"acf":[],"yoast_head":"<!-- This site is optimized with the Yoast SEO plugin v27.3 - https:\/\/yoast.com\/product\/yoast-seo-wordpress\/ -->\n<title>Trinidad: Primera Serie Evangel\u00edstica Transmitida - Iglesia Adventista del S\u00e9ptimo D\u00eda - Divisi\u00f3n Interamericana<\/title>\n<meta name=\"robots\" content=\"index, follow, max-snippet:-1, max-image-preview:large, max-video-preview:-1\" \/>\n<link rel=\"canonical\" href=\"https:\/\/interamerica.org\/es\/2005\/05\/trinidad-primera-serie-evangelistica-transmitida\/\" \/>\n<meta property=\"og:locale\" content=\"es_ES\" \/>\n<meta property=\"og:type\" content=\"article\" \/>\n<meta property=\"og:title\" content=\"Trinidad: Primera Serie Evangel\u00edstica Transmitida - Iglesia Adventista del S\u00e9ptimo D\u00eda - Divisi\u00f3n Interamericana\" \/>\n<meta property=\"og:description\" content=\"M\u00e1s de 1,500 personas empezaron a reunirse bajo una espaciosa carpa en Port Fortin, Trinidad, para reuniones evangel\u00edsticas desde el 10 de abril.\" \/>\n<meta property=\"og:url\" content=\"https:\/\/interamerica.org\/es\/2005\/05\/trinidad-primera-serie-evangelistica-transmitida\/\" \/>\n<meta property=\"og:site_name\" content=\"Iglesia Adventista del S\u00e9ptimo D\u00eda - Divisi\u00f3n Interamericana\" \/>\n<meta property=\"article:published_time\" content=\"2005-05-05T04:00:00+00:00\" \/>\n<meta property=\"article:modified_time\" content=\"2017-06-02T13:17:26+00:00\" \/>\n<meta name=\"author\" content=\"Lorenzo Verduzco\" \/>\n<meta name=\"twitter:card\" content=\"summary_large_image\" \/>\n<meta name=\"twitter:label1\" content=\"Escrito por\" \/>\n\t<meta name=\"twitter:data1\" content=\"Lorenzo Verduzco\" \/>\n\t<meta name=\"twitter:label2\" content=\"Tiempo de lectura\" \/>\n\t<meta name=\"twitter:data2\" content=\"3 minutos\" \/>\n<script type=\"application\/ld+json\" class=\"yoast-schema-graph\">{\"@context\":\"https:\\\/\\\/schema.org\",\"@graph\":[{\"@type\":\"Article\",\"@id\":\"https:\\\/\\\/interamerica.org\\\/es\\\/2005\\\/05\\\/trinidad-primera-serie-evangelistica-transmitida\\\/#article\",\"isPartOf\":{\"@id\":\"https:\\\/\\\/interamerica.org\\\/es\\\/2005\\\/05\\\/trinidad-primera-serie-evangelistica-transmitida\\\/\"},\"author\":{\"name\":\"Lorenzo Verduzco\",\"@id\":\"https:\\\/\\\/interamerica.org\\\/es\\\/#\\\/schema\\\/person\\\/68ede8bdc292885bb76c1e3810e73c39\"},\"headline\":\"Trinidad: Primera Serie Evangel\u00edstica Transmitida\",\"datePublished\":\"2005-05-05T04:00:00+00:00\",\"dateModified\":\"2017-06-02T13:17:26+00:00\",\"mainEntityOfPage\":{\"@id\":\"https:\\\/\\\/interamerica.org\\\/es\\\/2005\\\/05\\\/trinidad-primera-serie-evangelistica-transmitida\\\/\"},\"wordCount\":563,\"articleSection\":[\"Archivo\"],\"inLanguage\":\"es\"},{\"@type\":\"WebPage\",\"@id\":\"https:\\\/\\\/interamerica.org\\\/es\\\/2005\\\/05\\\/trinidad-primera-serie-evangelistica-transmitida\\\/\",\"url\":\"https:\\\/\\\/interamerica.org\\\/es\\\/2005\\\/05\\\/trinidad-primera-serie-evangelistica-transmitida\\\/\",\"name\":\"Trinidad: Primera Serie Evangel\u00edstica Transmitida - Iglesia Adventista del S\u00e9ptimo D\u00eda - Divisi\u00f3n Interamericana\",\"isPartOf\":{\"@id\":\"https:\\\/\\\/interamerica.org\\\/es\\\/#website\"},\"datePublished\":\"2005-05-05T04:00:00+00:00\",\"dateModified\":\"2017-06-02T13:17:26+00:00\",\"author\":{\"@id\":\"https:\\\/\\\/interamerica.org\\\/es\\\/#\\\/schema\\\/person\\\/68ede8bdc292885bb76c1e3810e73c39\"},\"breadcrumb\":{\"@id\":\"https:\\\/\\\/interamerica.org\\\/es\\\/2005\\\/05\\\/trinidad-primera-serie-evangelistica-transmitida\\\/#breadcrumb\"},\"inLanguage\":\"es\",\"potentialAction\":[{\"@type\":\"ReadAction\",\"target\":[\"https:\\\/\\\/interamerica.org\\\/es\\\/2005\\\/05\\\/trinidad-primera-serie-evangelistica-transmitida\\\/\"]}]},{\"@type\":\"BreadcrumbList\",\"@id\":\"https:\\\/\\\/interamerica.org\\\/es\\\/2005\\\/05\\\/trinidad-primera-serie-evangelistica-transmitida\\\/#breadcrumb\",\"itemListElement\":[{\"@type\":\"ListItem\",\"position\":1,\"name\":\"Home\",\"item\":\"https:\\\/\\\/interamerica.org\\\/es\\\/\"},{\"@type\":\"ListItem\",\"position\":2,\"name\":\"Trinidad: Primera Serie Evangel\u00edstica Transmitida\"}]},{\"@type\":\"WebSite\",\"@id\":\"https:\\\/\\\/interamerica.org\\\/es\\\/#website\",\"url\":\"https:\\\/\\\/interamerica.org\\\/es\\\/\",\"name\":\"Iglesia Adventista del S\u00e9ptimo D\u00eda - Divisi\u00f3n Interamericana\",\"description\":\"\",\"potentialAction\":[{\"@type\":\"SearchAction\",\"target\":{\"@type\":\"EntryPoint\",\"urlTemplate\":\"https:\\\/\\\/interamerica.org\\\/es\\\/?s={search_term_string}\"},\"query-input\":{\"@type\":\"PropertyValueSpecification\",\"valueRequired\":true,\"valueName\":\"search_term_string\"}}],\"inLanguage\":\"es\"},{\"@type\":\"Person\",\"@id\":\"https:\\\/\\\/interamerica.org\\\/es\\\/#\\\/schema\\\/person\\\/68ede8bdc292885bb76c1e3810e73c39\",\"name\":\"Lorenzo Verduzco\",\"image\":{\"@type\":\"ImageObject\",\"inLanguage\":\"es\",\"@id\":\"https:\\\/\\\/secure.gravatar.com\\\/avatar\\\/fb81a55b6218459490a9c1dc841a34909185b81904c5337b4b27f7a6fd60c49e?s=96&d=mm&r=g\",\"url\":\"https:\\\/\\\/secure.gravatar.com\\\/avatar\\\/fb81a55b6218459490a9c1dc841a34909185b81904c5337b4b27f7a6fd60c49e?s=96&d=mm&r=g\",\"contentUrl\":\"https:\\\/\\\/secure.gravatar.com\\\/avatar\\\/fb81a55b6218459490a9c1dc841a34909185b81904c5337b4b27f7a6fd60c49e?s=96&d=mm&r=g\",\"caption\":\"Lorenzo Verduzco\"}}]}<\/script>\n<!-- \/ Yoast SEO plugin. -->","yoast_head_json":{"title":"Trinidad: Primera Serie Evangel\u00edstica Transmitida - Iglesia Adventista del S\u00e9ptimo D\u00eda - Divisi\u00f3n Interamericana","robots":{"index":"index","follow":"follow","max-snippet":"max-snippet:-1","max-image-preview":"max-image-preview:large","max-video-preview":"max-video-preview:-1"},"canonical":"https:\/\/interamerica.org\/es\/2005\/05\/trinidad-primera-serie-evangelistica-transmitida\/","og_locale":"es_ES","og_type":"article","og_title":"Trinidad: Primera Serie Evangel\u00edstica Transmitida - Iglesia Adventista del S\u00e9ptimo D\u00eda - Divisi\u00f3n Interamericana","og_description":"M\u00e1s de 1,500 personas empezaron a reunirse bajo una espaciosa carpa en Port Fortin, Trinidad, para reuniones evangel\u00edsticas desde el 10 de abril.","og_url":"https:\/\/interamerica.org\/es\/2005\/05\/trinidad-primera-serie-evangelistica-transmitida\/","og_site_name":"Iglesia Adventista del S\u00e9ptimo D\u00eda - Divisi\u00f3n Interamericana","article_published_time":"2005-05-05T04:00:00+00:00","article_modified_time":"2017-06-02T13:17:26+00:00","author":"Lorenzo Verduzco","twitter_card":"summary_large_image","twitter_misc":{"Escrito por":"Lorenzo Verduzco","Tiempo de lectura":"3 minutos"},"schema":{"@context":"https:\/\/schema.org","@graph":[{"@type":"Article","@id":"https:\/\/interamerica.org\/es\/2005\/05\/trinidad-primera-serie-evangelistica-transmitida\/#article","isPartOf":{"@id":"https:\/\/interamerica.org\/es\/2005\/05\/trinidad-primera-serie-evangelistica-transmitida\/"},"author":{"name":"Lorenzo Verduzco","@id":"https:\/\/interamerica.org\/es\/#\/schema\/person\/68ede8bdc292885bb76c1e3810e73c39"},"headline":"Trinidad: Primera Serie Evangel\u00edstica Transmitida","datePublished":"2005-05-05T04:00:00+00:00","dateModified":"2017-06-02T13:17:26+00:00","mainEntityOfPage":{"@id":"https:\/\/interamerica.org\/es\/2005\/05\/trinidad-primera-serie-evangelistica-transmitida\/"},"wordCount":563,"articleSection":["Archivo"],"inLanguage":"es"},{"@type":"WebPage","@id":"https:\/\/interamerica.org\/es\/2005\/05\/trinidad-primera-serie-evangelistica-transmitida\/","url":"https:\/\/interamerica.org\/es\/2005\/05\/trinidad-primera-serie-evangelistica-transmitida\/","name":"Trinidad: Primera Serie Evangel\u00edstica Transmitida - Iglesia Adventista del S\u00e9ptimo D\u00eda - Divisi\u00f3n Interamericana","isPartOf":{"@id":"https:\/\/interamerica.org\/es\/#website"},"datePublished":"2005-05-05T04:00:00+00:00","dateModified":"2017-06-02T13:17:26+00:00","author":{"@id":"https:\/\/interamerica.org\/es\/#\/schema\/person\/68ede8bdc292885bb76c1e3810e73c39"},"breadcrumb":{"@id":"https:\/\/interamerica.org\/es\/2005\/05\/trinidad-primera-serie-evangelistica-transmitida\/#breadcrumb"},"inLanguage":"es","potentialAction":[{"@type":"ReadAction","target":["https:\/\/interamerica.org\/es\/2005\/05\/trinidad-primera-serie-evangelistica-transmitida\/"]}]},{"@type":"BreadcrumbList","@id":"https:\/\/interamerica.org\/es\/2005\/05\/trinidad-primera-serie-evangelistica-transmitida\/#breadcrumb","itemListElement":[{"@type":"ListItem","position":1,"name":"Home","item":"https:\/\/interamerica.org\/es\/"},{"@type":"ListItem","position":2,"name":"Trinidad: Primera Serie Evangel\u00edstica Transmitida"}]},{"@type":"WebSite","@id":"https:\/\/interamerica.org\/es\/#website","url":"https:\/\/interamerica.org\/es\/","name":"Iglesia Adventista del S\u00e9ptimo D\u00eda - Divisi\u00f3n Interamericana","description":"","potentialAction":[{"@type":"SearchAction","target":{"@type":"EntryPoint","urlTemplate":"https:\/\/interamerica.org\/es\/?s={search_term_string}"},"query-input":{"@type":"PropertyValueSpecification","valueRequired":true,"valueName":"search_term_string"}}],"inLanguage":"es"},{"@type":"Person","@id":"https:\/\/interamerica.org\/es\/#\/schema\/person\/68ede8bdc292885bb76c1e3810e73c39","name":"Lorenzo Verduzco","image":{"@type":"ImageObject","inLanguage":"es","@id":"https:\/\/secure.gravatar.com\/avatar\/fb81a55b6218459490a9c1dc841a34909185b81904c5337b4b27f7a6fd60c49e?s=96&d=mm&r=g","url":"https:\/\/secure.gravatar.com\/avatar\/fb81a55b6218459490a9c1dc841a34909185b81904c5337b4b27f7a6fd60c49e?s=96&d=mm&r=g","contentUrl":"https:\/\/secure.gravatar.com\/avatar\/fb81a55b6218459490a9c1dc841a34909185b81904c5337b4b27f7a6fd60c49e?s=96&d=mm&r=g","caption":"Lorenzo Verduzco"}}]}},"_links":{"self":[{"href":"https:\/\/interamerica.org\/es\/wp-json\/wp\/v2\/posts\/10512","targetHints":{"allow":["GET"]}}],"collection":[{"href":"https:\/\/interamerica.org\/es\/wp-json\/wp\/v2\/posts"}],"about":[{"href":"https:\/\/interamerica.org\/es\/wp-json\/wp\/v2\/types\/post"}],"author":[{"embeddable":true,"href":"https:\/\/interamerica.org\/es\/wp-json\/wp\/v2\/users\/1"}],"replies":[{"embeddable":true,"href":"https:\/\/interamerica.org\/es\/wp-json\/wp\/v2\/comments?post=10512"}],"version-history":[{"count":0,"href":"https:\/\/interamerica.org\/es\/wp-json\/wp\/v2\/posts\/10512\/revisions"}],"wp:attachment":[{"href":"https:\/\/interamerica.org\/es\/wp-json\/wp\/v2\/media?parent=10512"}],"wp:term":[{"taxonomy":"category","embeddable":true,"href":"https:\/\/interamerica.org\/es\/wp-json\/wp\/v2\/categories?post=10512"},{"taxonomy":"post_tag","embeddable":true,"href":"https:\/\/interamerica.org\/es\/wp-json\/wp\/v2\/tags?post=10512"}],"curies":[{"name":"wp","href":"https:\/\/api.w.org\/{rel}","templated":true}]}}